{"id":73806,"date":"2026-01-27T08:33:59","date_gmt":"2026-01-27T08:33:59","guid":{"rendered":"https:\/\/loginfo24.com\/2026\/01\/27\/dsv-alquila-inmueble-logistico-en-garching\/"},"modified":"2026-01-27T08:33:59","modified_gmt":"2026-01-27T08:33:59","slug":"dsv-alquila-inmueble-logistico-en-garching","status":"publish","type":"post","link":"https:\/\/loginfo24.com\/es\/2026\/01\/27\/dsv-alquila-inmueble-logistico-en-garching\/","title":{"rendered":"DSV alquila inmueble log\u00edstico en Garching"},"content":{"rendered":"<p>En Garching, cerca de M\u00fanich, el asesor de inmuebles log\u00edsticos Logivest ha intermediado una propiedad con una superficie total de casi 9.000 metros cuadrados para la empresa danesa de transporte y log\u00edstica DSV. Esta propiedad incluye tanto espacios de almacenamiento como de oficinas y ha sido alquilada a largo plazo.<\/p>\n<p>DSV buscaba para un cliente una ubicaci\u00f3n adecuada en el norte de M\u00fanich. Logivest pudo ofrecer una soluci\u00f3n adecuada en la zona industrial de Garching-Hochbr\u00fcck. El inmueble existente se caracteriza por su proximidad a las carreteras federales B471 y B13, lo que permite el acceso a las autopistas A9 y A92, as\u00ed como al anillo de autopistas de M\u00fanich A99, seg\u00fan informa Logivest.<\/p>\n<h3>Aumento de la demanda de espacios log\u00edsticos<\/h3>\n<p>Alexander Dempfle, consultor de alquiler industrial y log\u00edstico en Logivest en M\u00fanich, se expres\u00f3 de la siguiente manera sobre el desarrollo actual del mercado: \u201cEn general, observamos que la demanda de inmuebles existentes sigue aumentando. Garching-Hochbr\u00fcck no solo ofrece espacios de alta calidad, sino que tambi\u00e9n se beneficia de su ubicaci\u00f3n estrat\u00e9gica en el cintur\u00f3n verde de M\u00fanich, con acceso directo tanto al centro de la ciudad como a los municipios circundantes y al aeropuerto de M\u00fanich.\u201d<\/p>\n<p><a href=\"https:\/\/www.logivest.de\/\" target=\"_blank\" rel=\"noopener noreferrer\">www.logivest.de<\/a><\/p>\n<p><a href=\"https:\/\/www.dsv.com\/\" target=\"_blank\" rel=\"noopener noreferrer\">www.dsv.com<\/a><\/p>\n","protected":false},"excerpt":{"rendered":"<p>En Garching cerca de M\u00fanich, Logivest ha intermediado una propiedad de casi 9.000 metros cuadrados a DSV, que se utilizar\u00e1 a largo plazo para espacios de almacenamiento y oficinas.<\/p>\n","protected":false},"author":10,"featured_media":73803,"comment_status":"open","ping_status":"open","sticky":false,"template":"","format":"standard","meta":{"_acf_changed":false,"footnotes":""},"categories":[6679,1605],"tags":[6903,6904,6905,6906,6907,6908,6909,6910,6911,6912,6913,3353,6914,6915,6916,6917,2122,6918,6919,6920,3328,3994,2373,6921,6922,6923,3872,4000,6924,2525,2526,6925,2622,6926,6927,6928,6929,6930,6931,6932,6933,3379,6934,2145,6935,6936,6937,6938,6939,6940,6941,6942,6943],"class_list":["post-73806","post","type-post","status-publish","format-standard","has-post-thumbnail","hentry","category-europa","category-expedicion-y-logistica","tag-anbindung-a9-a92","tag-bundesstrasse-b471","tag-bueroflaechen-logistik","tag-commercial-area-garching","tag-connection-a9-a92","tag-connexion-a9-a92","tag-contrats-de-location-a-long-terme","tag-couronne-de-munich","tag-demand-for-logistics-space","tag-demande-despaces-logistiques","tag-deutsch-logistikimmobilie","tag-digitalisierung-logistik","tag-dsv-garching","tag-emplacement-strategique-logistique","tag-entreprise-de-transport-et-logistique","tag-espaces-de-bureaux-logistique","tag-fachkraeftemangel-logistik","tag-federal-highway-b471","tag-garching-hochbrueck","tag-gewerbegebiet-garching","tag-infrastructure-logistique","tag-infrastruktur-logistik","tag-labor-shortage-logistics","tag-lagerflaechen-mieten","tag-langfristige-mietvertraege","tag-location-dentrepots","tag-logistics-digitalization","tag-logistics-infrastructure","tag-logistics-market-munich","tag-logistics-service-providers-germany","tag-logistikdienstleister-deutschland","tag-logistikmarkt-muenchen","tag-logistique-durable","tag-logivest-muenchen","tag-logivest-munich","tag-long-term-lease-agreements","tag-marche-logistique-munich","tag-muenchner-speckguertel","tag-munich-metropolitan-area","tag-nachfrage-logistikflaechen","tag-nachhaltige-logistik-english-logistics-property","tag-numerisation-logistique","tag-office-space-logistics","tag-penurie-de-main-doeuvre-logistique","tag-prestataires-logistiques-allemagne","tag-route-federale-b471","tag-strategic-logistics-location","tag-strategische-lage-logistik","tag-sustainable-logistics-francais-propriete-logistique","tag-transport-and-logistics-company","tag-transport-und-logistikunternehmen","tag-warehouse-space-rental","tag-zone-commerciale-garching"],"acf":[],"yoast_head":"<!-- This site is optimized with the Yoast SEO plugin v27.3 - https:\/\/yoast.com\/product\/yoast-seo-wordpress\/ -->\n<title>DSV alquila inmueble log\u00edstico en Garching - Loginfo24<\/title>\n<meta name=\"robots\" content=\"index, follow, max-snippet:-1, max-image-preview:large, max-video-preview:-1\" \/>\n<link rel=\"canonical\" href=\"https:\/\/loginfo24.com\/es\/2026\/01\/27\/dsv-alquila-inmueble-logistico-en-garching\/\" \/>\n<meta property=\"og:locale\" content=\"es_ES\" \/>\n<meta property=\"og:type\" content=\"article\" \/>\n<meta property=\"og:title\" content=\"DSV alquila inmueble log\u00edstico en Garching - Loginfo24\" \/>\n<meta property=\"og:description\" content=\"En Garching cerca de M\u00fanich, Logivest ha intermediado una propiedad de casi 9.000 metros cuadrados a DSV, que se utilizar\u00e1 a largo plazo para espacios de almacenamiento y oficinas.\" \/>\n<meta property=\"og:url\" content=\"https:\/\/loginfo24.com\/es\/2026\/01\/27\/dsv-alquila-inmueble-logistico-en-garching\/\" \/>\n<meta property=\"og:site_name\" content=\"Loginfo24\" \/>\n<meta property=\"article:publisher\" content=\"https:\/\/www.facebook.com\/people\/Loginfo24\/100057360583332\/\" \/>\n<meta property=\"article:published_time\" content=\"2026-01-27T08:33:59+00:00\" \/>\n<meta property=\"og:image\" content=\"https:\/\/loginfo24.com\/wp-content\/uploads\/sites\/7\/2026\/01\/Screenshot-2026-01-27-094301-aspect-ratio-1400-788.jpg\" \/>\n\t<meta property=\"og:image:width\" content=\"1052\" \/>\n\t<meta property=\"og:image:height\" content=\"592\" \/>\n\t<meta property=\"og:image:type\" content=\"image\/jpeg\" \/>\n<meta name=\"author\" content=\"Jeremy Soland\" \/>\n<meta name=\"twitter:card\" content=\"summary_large_image\" \/>\n<meta name=\"twitter:label1\" content=\"Escrito por\" \/>\n\t<meta name=\"twitter:data1\" content=\"Jeremy Soland\" \/>\n\t<meta name=\"twitter:label2\" content=\"Tiempo de lectura\" \/>\n\t<meta name=\"twitter:data2\" content=\"1 minuto\" \/>\n<script type=\"application\/ld+json\" class=\"yoast-schema-graph\">{\"@context\":\"https:\\\/\\\/schema.org\",\"@graph\":[{\"@type\":\"Article\",\"@id\":\"https:\\\/\\\/loginfo24.com\\\/es\\\/2026\\\/01\\\/27\\\/dsv-alquila-inmueble-logistico-en-garching\\\/#article\",\"isPartOf\":{\"@id\":\"https:\\\/\\\/loginfo24.com\\\/es\\\/2026\\\/01\\\/27\\\/dsv-alquila-inmueble-logistico-en-garching\\\/\"},\"author\":{\"name\":\"Jeremy Soland\",\"@id\":\"https:\\\/\\\/loginfo24.com\\\/es\\\/#\\\/schema\\\/person\\\/41d36b5474b623392fa613e97e2363fa\"},\"headline\":\"DSV alquila inmueble log\u00edstico en Garching\",\"datePublished\":\"2026-01-27T08:33:59+00:00\",\"mainEntityOfPage\":{\"@id\":\"https:\\\/\\\/loginfo24.com\\\/es\\\/2026\\\/01\\\/27\\\/dsv-alquila-inmueble-logistico-en-garching\\\/\"},\"wordCount\":228,\"commentCount\":0,\"publisher\":{\"@id\":\"https:\\\/\\\/loginfo24.com\\\/es\\\/#organization\"},\"image\":{\"@id\":\"https:\\\/\\\/loginfo24.com\\\/es\\\/2026\\\/01\\\/27\\\/dsv-alquila-inmueble-logistico-en-garching\\\/#primaryimage\"},\"thumbnailUrl\":\"https:\\\/\\\/loginfo24.com\\\/wp-content\\\/uploads\\\/sites\\\/7\\\/2026\\\/01\\\/Screenshot-2026-01-27-094301-aspect-ratio-1400-788.jpg\",\"keywords\":[\"Anbindung A9 A92\",\"Bundesstra\u00dfe B471\",\"B\u00fcrofl\u00e4chen Logistik\",\"commercial area Garching\",\"connection A9 A92\",\"connexion A9 A92\",\"contrats de location \u00e0 long terme\",\"couronne de Munich\",\"demand for logistics space\",\"demande d'espaces logistiques\",\"Deutsch Logistikimmobilie\",\"Digitalisierung Logistik\",\"DSV Garching\",\"emplacement strat\u00e9gique logistique\",\"entreprise de transport et logistique\",\"espaces de bureaux logistique\",\"Fachkr\u00e4ftemangel Logistik\",\"federal highway B471\",\"Garching-Hochbr\u00fcck\",\"Gewerbegebiet Garching\",\"infrastructure logistique\",\"Infrastruktur Logistik\",\"labor shortage logistics\",\"Lagerfl\u00e4chen mieten\",\"langfristige Mietvertr\u00e4ge\",\"location d'entrep\u00f4ts\",\"logistics digitalization\",\"logistics infrastructure\",\"logistics market Munich\",\"logistics service providers Germany\",\"Logistikdienstleister Deutschland\",\"Logistikmarkt M\u00fcnchen\",\"logistique durable\",\"Logivest M\u00fcnchen\",\"Logivest Munich\",\"long-term lease agreements\",\"march\u00e9 logistique Munich\",\"M\u00fcnchner Speckg\u00fcrtel\",\"Munich metropolitan area\",\"Nachfrage Logistikfl\u00e4chen\",\"nachhaltige Logistik English logistics property\",\"num\u00e9risation logistique\",\"office space logistics\",\"p\u00e9nurie de main-d'\u0153uvre logistique\",\"prestataires logistiques Allemagne\",\"route f\u00e9d\u00e9rale B471\",\"strategic logistics location\",\"strategische Lage Logistik\",\"sustainable logistics Fran\u00e7ais propri\u00e9t\u00e9 logistique\",\"transport and logistics company\",\"Transport- und Logistikunternehmen\",\"warehouse space rental\",\"zone commerciale Garching\"],\"articleSection\":[\"Europa\",\"Transporte de mercanc\u00edas y log\u00edstica\"],\"inLanguage\":\"es\",\"potentialAction\":[{\"@type\":\"CommentAction\",\"name\":\"Comment\",\"target\":[\"https:\\\/\\\/loginfo24.com\\\/es\\\/2026\\\/01\\\/27\\\/dsv-alquila-inmueble-logistico-en-garching\\\/#respond\"]}]},{\"@type\":\"WebPage\",\"@id\":\"https:\\\/\\\/loginfo24.com\\\/es\\\/2026\\\/01\\\/27\\\/dsv-alquila-inmueble-logistico-en-garching\\\/\",\"url\":\"https:\\\/\\\/loginfo24.com\\\/es\\\/2026\\\/01\\\/27\\\/dsv-alquila-inmueble-logistico-en-garching\\\/\",\"name\":\"DSV alquila inmueble log\u00edstico en Garching - Loginfo24\",\"isPartOf\":{\"@id\":\"https:\\\/\\\/loginfo24.com\\\/es\\\/#website\"},\"primaryImageOfPage\":{\"@id\":\"https:\\\/\\\/loginfo24.com\\\/es\\\/2026\\\/01\\\/27\\\/dsv-alquila-inmueble-logistico-en-garching\\\/#primaryimage\"},\"image\":{\"@id\":\"https:\\\/\\\/loginfo24.com\\\/es\\\/2026\\\/01\\\/27\\\/dsv-alquila-inmueble-logistico-en-garching\\\/#primaryimage\"},\"thumbnailUrl\":\"https:\\\/\\\/loginfo24.com\\\/wp-content\\\/uploads\\\/sites\\\/7\\\/2026\\\/01\\\/Screenshot-2026-01-27-094301-aspect-ratio-1400-788.jpg\",\"datePublished\":\"2026-01-27T08:33:59+00:00\",\"breadcrumb\":{\"@id\":\"https:\\\/\\\/loginfo24.com\\\/es\\\/2026\\\/01\\\/27\\\/dsv-alquila-inmueble-logistico-en-garching\\\/#breadcrumb\"},\"inLanguage\":\"es\",\"potentialAction\":[{\"@type\":\"ReadAction\",\"target\":[\"https:\\\/\\\/loginfo24.com\\\/es\\\/2026\\\/01\\\/27\\\/dsv-alquila-inmueble-logistico-en-garching\\\/\"]}]},{\"@type\":\"ImageObject\",\"inLanguage\":\"es\",\"@id\":\"https:\\\/\\\/loginfo24.com\\\/es\\\/2026\\\/01\\\/27\\\/dsv-alquila-inmueble-logistico-en-garching\\\/#primaryimage\",\"url\":\"https:\\\/\\\/loginfo24.com\\\/wp-content\\\/uploads\\\/sites\\\/7\\\/2026\\\/01\\\/Screenshot-2026-01-27-094301-aspect-ratio-1400-788.jpg\",\"contentUrl\":\"https:\\\/\\\/loginfo24.com\\\/wp-content\\\/uploads\\\/sites\\\/7\\\/2026\\\/01\\\/Screenshot-2026-01-27-094301-aspect-ratio-1400-788.jpg\",\"width\":1052,\"height\":592},{\"@type\":\"BreadcrumbList\",\"@id\":\"https:\\\/\\\/loginfo24.com\\\/es\\\/2026\\\/01\\\/27\\\/dsv-alquila-inmueble-logistico-en-garching\\\/#breadcrumb\",\"itemListElement\":[{\"@type\":\"ListItem\",\"position\":1,\"name\":\"Startseite\",\"item\":\"https:\\\/\\\/loginfo24.com\\\/es\\\/\"},{\"@type\":\"ListItem\",\"position\":2,\"name\":\"DSV alquila inmueble log\u00edstico en Garching\"}]},{\"@type\":\"WebSite\",\"@id\":\"https:\\\/\\\/loginfo24.com\\\/es\\\/#website\",\"url\":\"https:\\\/\\\/loginfo24.com\\\/es\\\/\",\"name\":\"Loginfo24\",\"description\":\"Loginfo24 es la plataforma dedicada a la log\u00edstica y las cadenas de suministro con informaci\u00f3n las 24 horas del d\u00eda.\",\"publisher\":{\"@id\":\"https:\\\/\\\/loginfo24.com\\\/es\\\/#organization\"},\"potentialAction\":[{\"@type\":\"SearchAction\",\"target\":{\"@type\":\"EntryPoint\",\"urlTemplate\":\"https:\\\/\\\/loginfo24.com\\\/es\\\/?s={search_term_string}\"},\"query-input\":{\"@type\":\"PropertyValueSpecification\",\"valueRequired\":true,\"valueName\":\"search_term_string\"}}],\"inLanguage\":\"es\"},{\"@type\":\"Organization\",\"@id\":\"https:\\\/\\\/loginfo24.com\\\/es\\\/#organization\",\"name\":\"Grupo Logismedia AG\",\"url\":\"https:\\\/\\\/loginfo24.com\\\/es\\\/\",\"logo\":{\"@type\":\"ImageObject\",\"inLanguage\":\"es\",\"@id\":\"https:\\\/\\\/loginfo24.com\\\/es\\\/#\\\/schema\\\/logo\\\/image\\\/\",\"url\":\"https:\\\/\\\/loginfo24.com\\\/wp-content\\\/uploads\\\/sites\\\/7\\\/2026\\\/01\\\/Logo_LogInfo24.png\",\"contentUrl\":\"https:\\\/\\\/loginfo24.com\\\/wp-content\\\/uploads\\\/sites\\\/7\\\/2026\\\/01\\\/Logo_LogInfo24.png\",\"width\":938,\"height\":351,\"caption\":\"Grupo Logismedia AG\"},\"image\":{\"@id\":\"https:\\\/\\\/loginfo24.com\\\/es\\\/#\\\/schema\\\/logo\\\/image\\\/\"},\"sameAs\":[\"https:\\\/\\\/www.facebook.com\\\/people\\\/Loginfo24\\\/100057360583332\\\/\",\"https:\\\/\\\/www.linkedin.com\\\/company\\\/lofinfo24\\\/\"]},{\"@type\":\"Person\",\"@id\":\"https:\\\/\\\/loginfo24.com\\\/es\\\/#\\\/schema\\\/person\\\/41d36b5474b623392fa613e97e2363fa\",\"name\":\"Jeremy Soland\",\"url\":\"https:\\\/\\\/loginfo24.com\\\/es\\\/author\\\/jeremy\\\/\"}]}<\/script>\n<!-- \/ Yoast SEO plugin. -->","yoast_head_json":{"title":"DSV alquila inmueble log\u00edstico en Garching - Loginfo24","robots":{"index":"index","follow":"follow","max-snippet":"max-snippet:-1","max-image-preview":"max-image-preview:large","max-video-preview":"max-video-preview:-1"},"canonical":"https:\/\/loginfo24.com\/es\/2026\/01\/27\/dsv-alquila-inmueble-logistico-en-garching\/","og_locale":"es_ES","og_type":"article","og_title":"DSV alquila inmueble log\u00edstico en Garching - Loginfo24","og_description":"En Garching cerca de M\u00fanich, Logivest ha intermediado una propiedad de casi 9.000 metros cuadrados a DSV, que se utilizar\u00e1 a largo plazo para espacios de almacenamiento y oficinas.","og_url":"https:\/\/loginfo24.com\/es\/2026\/01\/27\/dsv-alquila-inmueble-logistico-en-garching\/","og_site_name":"Loginfo24","article_publisher":"https:\/\/www.facebook.com\/people\/Loginfo24\/100057360583332\/","article_published_time":"2026-01-27T08:33:59+00:00","og_image":[{"width":1052,"height":592,"url":"https:\/\/loginfo24.com\/wp-content\/uploads\/sites\/7\/2026\/01\/Screenshot-2026-01-27-094301-aspect-ratio-1400-788.jpg","type":"image\/jpeg"}],"author":"Jeremy Soland","twitter_card":"summary_large_image","twitter_misc":{"Escrito por":"Jeremy Soland","Tiempo de lectura":"1 minuto"},"schema":{"@context":"https:\/\/schema.org","@graph":[{"@type":"Article","@id":"https:\/\/loginfo24.com\/es\/2026\/01\/27\/dsv-alquila-inmueble-logistico-en-garching\/#article","isPartOf":{"@id":"https:\/\/loginfo24.com\/es\/2026\/01\/27\/dsv-alquila-inmueble-logistico-en-garching\/"},"author":{"name":"Jeremy Soland","@id":"https:\/\/loginfo24.com\/es\/#\/schema\/person\/41d36b5474b623392fa613e97e2363fa"},"headline":"DSV alquila inmueble log\u00edstico en Garching","datePublished":"2026-01-27T08:33:59+00:00","mainEntityOfPage":{"@id":"https:\/\/loginfo24.com\/es\/2026\/01\/27\/dsv-alquila-inmueble-logistico-en-garching\/"},"wordCount":228,"commentCount":0,"publisher":{"@id":"https:\/\/loginfo24.com\/es\/#organization"},"image":{"@id":"https:\/\/loginfo24.com\/es\/2026\/01\/27\/dsv-alquila-inmueble-logistico-en-garching\/#primaryimage"},"thumbnailUrl":"https:\/\/loginfo24.com\/wp-content\/uploads\/sites\/7\/2026\/01\/Screenshot-2026-01-27-094301-aspect-ratio-1400-788.jpg","keywords":["Anbindung A9 A92","Bundesstra\u00dfe B471","B\u00fcrofl\u00e4chen Logistik","commercial area Garching","connection A9 A92","connexion A9 A92","contrats de location \u00e0 long terme","couronne de Munich","demand for logistics space","demande d'espaces logistiques","Deutsch Logistikimmobilie","Digitalisierung Logistik","DSV Garching","emplacement strat\u00e9gique logistique","entreprise de transport et logistique","espaces de bureaux logistique","Fachkr\u00e4ftemangel Logistik","federal highway B471","Garching-Hochbr\u00fcck","Gewerbegebiet Garching","infrastructure logistique","Infrastruktur Logistik","labor shortage logistics","Lagerfl\u00e4chen mieten","langfristige Mietvertr\u00e4ge","location d'entrep\u00f4ts","logistics digitalization","logistics infrastructure","logistics market Munich","logistics service providers Germany","Logistikdienstleister Deutschland","Logistikmarkt M\u00fcnchen","logistique durable","Logivest M\u00fcnchen","Logivest Munich","long-term lease agreements","march\u00e9 logistique Munich","M\u00fcnchner Speckg\u00fcrtel","Munich metropolitan area","Nachfrage Logistikfl\u00e4chen","nachhaltige Logistik English logistics property","num\u00e9risation logistique","office space logistics","p\u00e9nurie de main-d'\u0153uvre logistique","prestataires logistiques Allemagne","route f\u00e9d\u00e9rale B471","strategic logistics location","strategische Lage Logistik","sustainable logistics Fran\u00e7ais propri\u00e9t\u00e9 logistique","transport and logistics company","Transport- und Logistikunternehmen","warehouse space rental","zone commerciale Garching"],"articleSection":["Europa","Transporte de mercanc\u00edas y log\u00edstica"],"inLanguage":"es","potentialAction":[{"@type":"CommentAction","name":"Comment","target":["https:\/\/loginfo24.com\/es\/2026\/01\/27\/dsv-alquila-inmueble-logistico-en-garching\/#respond"]}]},{"@type":"WebPage","@id":"https:\/\/loginfo24.com\/es\/2026\/01\/27\/dsv-alquila-inmueble-logistico-en-garching\/","url":"https:\/\/loginfo24.com\/es\/2026\/01\/27\/dsv-alquila-inmueble-logistico-en-garching\/","name":"DSV alquila inmueble log\u00edstico en Garching - Loginfo24","isPartOf":{"@id":"https:\/\/loginfo24.com\/es\/#website"},"primaryImageOfPage":{"@id":"https:\/\/loginfo24.com\/es\/2026\/01\/27\/dsv-alquila-inmueble-logistico-en-garching\/#primaryimage"},"image":{"@id":"https:\/\/loginfo24.com\/es\/2026\/01\/27\/dsv-alquila-inmueble-logistico-en-garching\/#primaryimage"},"thumbnailUrl":"https:\/\/loginfo24.com\/wp-content\/uploads\/sites\/7\/2026\/01\/Screenshot-2026-01-27-094301-aspect-ratio-1400-788.jpg","datePublished":"2026-01-27T08:33:59+00:00","breadcrumb":{"@id":"https:\/\/loginfo24.com\/es\/2026\/01\/27\/dsv-alquila-inmueble-logistico-en-garching\/#breadcrumb"},"inLanguage":"es","potentialAction":[{"@type":"ReadAction","target":["https:\/\/loginfo24.com\/es\/2026\/01\/27\/dsv-alquila-inmueble-logistico-en-garching\/"]}]},{"@type":"ImageObject","inLanguage":"es","@id":"https:\/\/loginfo24.com\/es\/2026\/01\/27\/dsv-alquila-inmueble-logistico-en-garching\/#primaryimage","url":"https:\/\/loginfo24.com\/wp-content\/uploads\/sites\/7\/2026\/01\/Screenshot-2026-01-27-094301-aspect-ratio-1400-788.jpg","contentUrl":"https:\/\/loginfo24.com\/wp-content\/uploads\/sites\/7\/2026\/01\/Screenshot-2026-01-27-094301-aspect-ratio-1400-788.jpg","width":1052,"height":592},{"@type":"BreadcrumbList","@id":"https:\/\/loginfo24.com\/es\/2026\/01\/27\/dsv-alquila-inmueble-logistico-en-garching\/#breadcrumb","itemListElement":[{"@type":"ListItem","position":1,"name":"Startseite","item":"https:\/\/loginfo24.com\/es\/"},{"@type":"ListItem","position":2,"name":"DSV alquila inmueble log\u00edstico en Garching"}]},{"@type":"WebSite","@id":"https:\/\/loginfo24.com\/es\/#website","url":"https:\/\/loginfo24.com\/es\/","name":"Loginfo24","description":"Loginfo24 es la plataforma dedicada a la log\u00edstica y las cadenas de suministro con informaci\u00f3n las 24 horas del d\u00eda.","publisher":{"@id":"https:\/\/loginfo24.com\/es\/#organization"},"potentialAction":[{"@type":"SearchAction","target":{"@type":"EntryPoint","urlTemplate":"https:\/\/loginfo24.com\/es\/?s={search_term_string}"},"query-input":{"@type":"PropertyValueSpecification","valueRequired":true,"valueName":"search_term_string"}}],"inLanguage":"es"},{"@type":"Organization","@id":"https:\/\/loginfo24.com\/es\/#organization","name":"Grupo Logismedia AG","url":"https:\/\/loginfo24.com\/es\/","logo":{"@type":"ImageObject","inLanguage":"es","@id":"https:\/\/loginfo24.com\/es\/#\/schema\/logo\/image\/","url":"https:\/\/loginfo24.com\/wp-content\/uploads\/sites\/7\/2026\/01\/Logo_LogInfo24.png","contentUrl":"https:\/\/loginfo24.com\/wp-content\/uploads\/sites\/7\/2026\/01\/Logo_LogInfo24.png","width":938,"height":351,"caption":"Grupo Logismedia AG"},"image":{"@id":"https:\/\/loginfo24.com\/es\/#\/schema\/logo\/image\/"},"sameAs":["https:\/\/www.facebook.com\/people\/Loginfo24\/100057360583332\/","https:\/\/www.linkedin.com\/company\/lofinfo24\/"]},{"@type":"Person","@id":"https:\/\/loginfo24.com\/es\/#\/schema\/person\/41d36b5474b623392fa613e97e2363fa","name":"Jeremy Soland","url":"https:\/\/loginfo24.com\/es\/author\/jeremy\/"}]}},"_links":{"self":[{"href":"https:\/\/loginfo24.com\/es\/wp-json\/wp\/v2\/posts\/73806","targetHints":{"allow":["GET"]}}],"collection":[{"href":"https:\/\/loginfo24.com\/es\/wp-json\/wp\/v2\/posts"}],"about":[{"href":"https:\/\/loginfo24.com\/es\/wp-json\/wp\/v2\/types\/post"}],"author":[{"embeddable":true,"href":"https:\/\/loginfo24.com\/es\/wp-json\/wp\/v2\/users\/10"}],"replies":[{"embeddable":true,"href":"https:\/\/loginfo24.com\/es\/wp-json\/wp\/v2\/comments?post=73806"}],"version-history":[{"count":0,"href":"https:\/\/loginfo24.com\/es\/wp-json\/wp\/v2\/posts\/73806\/revisions"}],"wp:featuredmedia":[{"embeddable":true,"href":"https:\/\/loginfo24.com\/es\/wp-json\/wp\/v2\/media\/73803"}],"wp:attachment":[{"href":"https:\/\/loginfo24.com\/es\/wp-json\/wp\/v2\/media?parent=73806"}],"wp:term":[{"taxonomy":"category","embeddable":true,"href":"https:\/\/loginfo24.com\/es\/wp-json\/wp\/v2\/categories?post=73806"},{"taxonomy":"post_tag","embeddable":true,"href":"https:\/\/loginfo24.com\/es\/wp-json\/wp\/v2\/tags?post=73806"}],"curies":[{"name":"wp","href":"https:\/\/api.w.org\/{rel}","templated":true}]}}