{"id":73699,"date":"2026-01-23T16:19:16","date_gmt":"2026-01-23T16:19:16","guid":{"rendered":"https:\/\/loginfo24.brand-architecture.at\/2026\/01\/23\/las-asociaciones-de-camiones-exigen-mejoras-en-el-brennero\/"},"modified":"2026-01-26T21:22:56","modified_gmt":"2026-01-26T20:22:56","slug":"las-asociaciones-de-camiones-exigen-mejoras-en-el-brennero","status":"publish","type":"post","link":"https:\/\/loginfo24.com\/es\/2026\/01\/23\/las-asociaciones-de-camiones-exigen-mejoras-en-el-brennero\/","title":{"rendered":"Las asociaciones de camiones exigen mejoras en el Brennero"},"content":{"rendered":"<p>Los sindicatos de transporte y log\u00edstica organizados en el grupo de trabajo Alpentransit han instado a la Comisi\u00f3n Europea a iniciar de inmediato negociaciones con Austria y los estados vecinos para mejorar la situaci\u00f3n del tr\u00e1fico en el Brenner a corto plazo. Esta demanda se formul\u00f3 en el marco de un intercambio con la Direcci\u00f3n General de Movilidad y Transporte (DG MOVE) de la Comisi\u00f3n Europea, en el que tambi\u00e9n particip\u00f3 Jens Gieseke, miembro del Parlamento Europeo.<\/p>\n<h3>Problemas de tr\u00e1fico en el Brenner en el centro de atenci\u00f3n<\/h3>\n<p>El foco de la conversaci\u00f3n fueron las dificultades persistentes en la ruta del Brenner, especialmente la circulaci\u00f3n de un solo carril en el puente de Lueg. Esta situaci\u00f3n se ve agravada por las medidas anti-tr\u00e1nsito de Tirol, lo que tiene un impacto significativo en el transporte por carretera y en el mercado interior europeo. El grupo de trabajo Alpentransit subray\u00f3 la necesidad de iniciar negociaciones trilaterales para encontrar soluciones a corto plazo. Una posible medida podr\u00eda ser la flexibilizaci\u00f3n de la prohibici\u00f3n de circulaci\u00f3n nocturna, as\u00ed como de otras prohibiciones de circulaci\u00f3n para veh\u00edculos ecol\u00f3gicos y silenciosos, con el fin de descongestionar el tr\u00e1fico.<\/p>\n<p>Los desaf\u00edos actuales en el tr\u00e1nsito por el Brenner est\u00e1n provocando una p\u00e9rdida de productividad significativa para las empresas de transporte afectadas, que en promedio asciende al 30%. En d\u00edas con control de flujo, esta p\u00e9rdida puede superar incluso el 50%. Ante estos problemas masivos y la duraci\u00f3n incierta del procedimiento en curso ante el Tribunal de Justicia de la Uni\u00f3n Europea (TJUE) respecto a la demanda de Italia contra las medidas de Tirol, el grupo de trabajo Alpentransit exige una mejora r\u00e1pida de la situaci\u00f3n del tr\u00e1fico a trav\u00e9s de negociaciones.<\/p>\n<p>La DG MOVE y Jens Gieseke han asegurado al grupo de trabajo Alpentransit su apoyo para abordar los problemas de tr\u00e1nsito en Tirol. El grupo de trabajo incluye, adem\u00e1s de la Asociaci\u00f3n Federal de Transporte por Carretera y Log\u00edstica (BGL), las asociaciones de transporte por carretera AIS\u00d6 (Austria), FNTR (Francia), ITD (Dinamarca), NLA (Dinamarca, Suecia, Noruega), TLN (Pa\u00edses Bajos) y la Asociaci\u00f3n Mundial IRU.<\/p>\n<p><a href=\"https:\/\/www.bgl-ev.de\/\" target=\"_blank\" rel=\"noopener noreferrer\">www.bgl-ev.de\/<\/a><\/p>\n","protected":false},"excerpt":{"rendered":"<p>El grupo de trabajo Alpentransit exige a la Comisi\u00f3n Europea que inicie negociaciones con Austria y los pa\u00edses vecinos para mejorar la situaci\u00f3n del tr\u00e1fico en el Brennero.<\/p>\n","protected":false},"author":7,"featured_media":73696,"comment_status":"open","ping_status":"open","sticky":false,"template":"","format":"standard","meta":{"_acf_changed":false,"footnotes":""},"categories":[6655,6657,6679,1604],"tags":[],"class_list":["post-73699","post","type-post","status-publish","format-standard","has-post-thumbnail","hentry","category-alemania","category-austria","category-europa","category-intermodal-carretera"],"acf":[],"yoast_head":"<!-- This site is optimized with the Yoast SEO plugin v27.3 - https:\/\/yoast.com\/product\/yoast-seo-wordpress\/ -->\n<title>Las asociaciones de camiones exigen mejoras en el Brennero - Loginfo24<\/title>\n<meta name=\"robots\" content=\"index, follow, max-snippet:-1, max-image-preview:large, max-video-preview:-1\" \/>\n<link rel=\"canonical\" href=\"https:\/\/loginfo24.com\/es\/2026\/01\/23\/las-asociaciones-de-camiones-exigen-mejoras-en-el-brennero\/\" \/>\n<meta property=\"og:locale\" content=\"es_ES\" \/>\n<meta property=\"og:type\" content=\"article\" \/>\n<meta property=\"og:title\" content=\"Las asociaciones de camiones exigen mejoras en el Brennero - Loginfo24\" \/>\n<meta property=\"og:description\" content=\"El grupo de trabajo Alpentransit exige a la Comisi\u00f3n Europea que inicie negociaciones con Austria y los pa\u00edses vecinos para mejorar la situaci\u00f3n del tr\u00e1fico en el Brennero.\" \/>\n<meta property=\"og:url\" content=\"https:\/\/loginfo24.com\/es\/2026\/01\/23\/las-asociaciones-de-camiones-exigen-mejoras-en-el-brennero\/\" \/>\n<meta property=\"og:site_name\" content=\"Loginfo24\" \/>\n<meta property=\"article:publisher\" content=\"https:\/\/www.facebook.com\/people\/Loginfo24\/100057360583332\/\" \/>\n<meta property=\"article:published_time\" content=\"2026-01-23T16:19:16+00:00\" \/>\n<meta property=\"article:modified_time\" content=\"2026-01-26T20:22:56+00:00\" \/>\n<meta property=\"og:image\" content=\"https:\/\/loginfo24.com\/wp-content\/uploads\/sites\/7\/2026\/01\/Brenner_Autobahn-scaled-1.jpeg\" \/>\n\t<meta property=\"og:image:width\" content=\"2560\" \/>\n\t<meta property=\"og:image:height\" content=\"1437\" \/>\n\t<meta property=\"og:image:type\" content=\"image\/jpeg\" \/>\n<meta name=\"author\" content=\"Andreas M\u00fcller\" \/>\n<meta name=\"twitter:card\" content=\"summary_large_image\" \/>\n<meta name=\"twitter:label1\" content=\"Escrito por\" \/>\n\t<meta name=\"twitter:data1\" content=\"Andreas M\u00fcller\" \/>\n\t<meta name=\"twitter:label2\" content=\"Tiempo de lectura\" \/>\n\t<meta name=\"twitter:data2\" content=\"2 minuto\" \/>\n<script type=\"application\/ld+json\" class=\"yoast-schema-graph\">{\"@context\":\"https:\\\/\\\/schema.org\",\"@graph\":[{\"@type\":\"Article\",\"@id\":\"https:\\\/\\\/loginfo24.com\\\/es\\\/2026\\\/01\\\/23\\\/las-asociaciones-de-camiones-exigen-mejoras-en-el-brennero\\\/#article\",\"isPartOf\":{\"@id\":\"https:\\\/\\\/loginfo24.com\\\/es\\\/2026\\\/01\\\/23\\\/las-asociaciones-de-camiones-exigen-mejoras-en-el-brennero\\\/\"},\"author\":{\"name\":\"Andreas M\u00fcller\",\"@id\":\"https:\\\/\\\/loginfo24.com\\\/es\\\/#\\\/schema\\\/person\\\/7b1593b33567ba798d300c8a1b0b85b1\"},\"headline\":\"Las asociaciones de camiones exigen mejoras en el Brennero\",\"datePublished\":\"2026-01-23T16:19:16+00:00\",\"dateModified\":\"2026-01-26T20:22:56+00:00\",\"mainEntityOfPage\":{\"@id\":\"https:\\\/\\\/loginfo24.com\\\/es\\\/2026\\\/01\\\/23\\\/las-asociaciones-de-camiones-exigen-mejoras-en-el-brennero\\\/\"},\"wordCount\":397,\"commentCount\":0,\"publisher\":{\"@id\":\"https:\\\/\\\/loginfo24.com\\\/es\\\/#organization\"},\"image\":{\"@id\":\"https:\\\/\\\/loginfo24.com\\\/es\\\/2026\\\/01\\\/23\\\/las-asociaciones-de-camiones-exigen-mejoras-en-el-brennero\\\/#primaryimage\"},\"thumbnailUrl\":\"https:\\\/\\\/loginfo24.com\\\/wp-content\\\/uploads\\\/sites\\\/7\\\/2026\\\/01\\\/Brenner_Autobahn-scaled-1.jpeg\",\"articleSection\":[\"Alemania\",\"Austria\",\"Europa\",\"Intermodal \\\/ Carretera\"],\"inLanguage\":\"es\",\"potentialAction\":[{\"@type\":\"CommentAction\",\"name\":\"Comment\",\"target\":[\"https:\\\/\\\/loginfo24.com\\\/es\\\/2026\\\/01\\\/23\\\/las-asociaciones-de-camiones-exigen-mejoras-en-el-brennero\\\/#respond\"]}]},{\"@type\":\"WebPage\",\"@id\":\"https:\\\/\\\/loginfo24.com\\\/es\\\/2026\\\/01\\\/23\\\/las-asociaciones-de-camiones-exigen-mejoras-en-el-brennero\\\/\",\"url\":\"https:\\\/\\\/loginfo24.com\\\/es\\\/2026\\\/01\\\/23\\\/las-asociaciones-de-camiones-exigen-mejoras-en-el-brennero\\\/\",\"name\":\"Las asociaciones de camiones exigen mejoras en el Brennero - Loginfo24\",\"isPartOf\":{\"@id\":\"https:\\\/\\\/loginfo24.com\\\/es\\\/#website\"},\"primaryImageOfPage\":{\"@id\":\"https:\\\/\\\/loginfo24.com\\\/es\\\/2026\\\/01\\\/23\\\/las-asociaciones-de-camiones-exigen-mejoras-en-el-brennero\\\/#primaryimage\"},\"image\":{\"@id\":\"https:\\\/\\\/loginfo24.com\\\/es\\\/2026\\\/01\\\/23\\\/las-asociaciones-de-camiones-exigen-mejoras-en-el-brennero\\\/#primaryimage\"},\"thumbnailUrl\":\"https:\\\/\\\/loginfo24.com\\\/wp-content\\\/uploads\\\/sites\\\/7\\\/2026\\\/01\\\/Brenner_Autobahn-scaled-1.jpeg\",\"datePublished\":\"2026-01-23T16:19:16+00:00\",\"dateModified\":\"2026-01-26T20:22:56+00:00\",\"breadcrumb\":{\"@id\":\"https:\\\/\\\/loginfo24.com\\\/es\\\/2026\\\/01\\\/23\\\/las-asociaciones-de-camiones-exigen-mejoras-en-el-brennero\\\/#breadcrumb\"},\"inLanguage\":\"es\",\"potentialAction\":[{\"@type\":\"ReadAction\",\"target\":[\"https:\\\/\\\/loginfo24.com\\\/es\\\/2026\\\/01\\\/23\\\/las-asociaciones-de-camiones-exigen-mejoras-en-el-brennero\\\/\"]}]},{\"@type\":\"ImageObject\",\"inLanguage\":\"es\",\"@id\":\"https:\\\/\\\/loginfo24.com\\\/es\\\/2026\\\/01\\\/23\\\/las-asociaciones-de-camiones-exigen-mejoras-en-el-brennero\\\/#primaryimage\",\"url\":\"https:\\\/\\\/loginfo24.com\\\/wp-content\\\/uploads\\\/sites\\\/7\\\/2026\\\/01\\\/Brenner_Autobahn-scaled-1.jpeg\",\"contentUrl\":\"https:\\\/\\\/loginfo24.com\\\/wp-content\\\/uploads\\\/sites\\\/7\\\/2026\\\/01\\\/Brenner_Autobahn-scaled-1.jpeg\",\"width\":2560,\"height\":1437,\"caption\":\"Transit traffic over the Brenner\"},{\"@type\":\"BreadcrumbList\",\"@id\":\"https:\\\/\\\/loginfo24.com\\\/es\\\/2026\\\/01\\\/23\\\/las-asociaciones-de-camiones-exigen-mejoras-en-el-brennero\\\/#breadcrumb\",\"itemListElement\":[{\"@type\":\"ListItem\",\"position\":1,\"name\":\"Startseite\",\"item\":\"https:\\\/\\\/loginfo24.com\\\/es\\\/\"},{\"@type\":\"ListItem\",\"position\":2,\"name\":\"Las asociaciones de camiones exigen mejoras en el Brennero\"}]},{\"@type\":\"WebSite\",\"@id\":\"https:\\\/\\\/loginfo24.com\\\/es\\\/#website\",\"url\":\"https:\\\/\\\/loginfo24.com\\\/es\\\/\",\"name\":\"Loginfo24\",\"description\":\"Loginfo24 es la plataforma dedicada a la log\u00edstica y las cadenas de suministro con informaci\u00f3n las 24 horas del d\u00eda.\",\"publisher\":{\"@id\":\"https:\\\/\\\/loginfo24.com\\\/es\\\/#organization\"},\"potentialAction\":[{\"@type\":\"SearchAction\",\"target\":{\"@type\":\"EntryPoint\",\"urlTemplate\":\"https:\\\/\\\/loginfo24.com\\\/es\\\/?s={search_term_string}\"},\"query-input\":{\"@type\":\"PropertyValueSpecification\",\"valueRequired\":true,\"valueName\":\"search_term_string\"}}],\"inLanguage\":\"es\"},{\"@type\":\"Organization\",\"@id\":\"https:\\\/\\\/loginfo24.com\\\/es\\\/#organization\",\"name\":\"Grupo Logismedia AG\",\"url\":\"https:\\\/\\\/loginfo24.com\\\/es\\\/\",\"logo\":{\"@type\":\"ImageObject\",\"inLanguage\":\"es\",\"@id\":\"https:\\\/\\\/loginfo24.com\\\/es\\\/#\\\/schema\\\/logo\\\/image\\\/\",\"url\":\"https:\\\/\\\/loginfo24.com\\\/wp-content\\\/uploads\\\/sites\\\/7\\\/2026\\\/01\\\/Logo_LogInfo24.png\",\"contentUrl\":\"https:\\\/\\\/loginfo24.com\\\/wp-content\\\/uploads\\\/sites\\\/7\\\/2026\\\/01\\\/Logo_LogInfo24.png\",\"width\":938,\"height\":351,\"caption\":\"Grupo Logismedia AG\"},\"image\":{\"@id\":\"https:\\\/\\\/loginfo24.com\\\/es\\\/#\\\/schema\\\/logo\\\/image\\\/\"},\"sameAs\":[\"https:\\\/\\\/www.facebook.com\\\/people\\\/Loginfo24\\\/100057360583332\\\/\",\"https:\\\/\\\/www.linkedin.com\\\/company\\\/lofinfo24\\\/\"]},{\"@type\":\"Person\",\"@id\":\"https:\\\/\\\/loginfo24.com\\\/es\\\/#\\\/schema\\\/person\\\/7b1593b33567ba798d300c8a1b0b85b1\",\"name\":\"Andreas M\u00fcller\",\"url\":\"https:\\\/\\\/loginfo24.com\\\/es\\\/author\\\/logismedia\\\/\"}]}<\/script>\n<!-- \/ Yoast SEO plugin. -->","yoast_head_json":{"title":"Las asociaciones de camiones exigen mejoras en el Brennero - Loginfo24","robots":{"index":"index","follow":"follow","max-snippet":"max-snippet:-1","max-image-preview":"max-image-preview:large","max-video-preview":"max-video-preview:-1"},"canonical":"https:\/\/loginfo24.com\/es\/2026\/01\/23\/las-asociaciones-de-camiones-exigen-mejoras-en-el-brennero\/","og_locale":"es_ES","og_type":"article","og_title":"Las asociaciones de camiones exigen mejoras en el Brennero - Loginfo24","og_description":"El grupo de trabajo Alpentransit exige a la Comisi\u00f3n Europea que inicie negociaciones con Austria y los pa\u00edses vecinos para mejorar la situaci\u00f3n del tr\u00e1fico en el Brennero.","og_url":"https:\/\/loginfo24.com\/es\/2026\/01\/23\/las-asociaciones-de-camiones-exigen-mejoras-en-el-brennero\/","og_site_name":"Loginfo24","article_publisher":"https:\/\/www.facebook.com\/people\/Loginfo24\/100057360583332\/","article_published_time":"2026-01-23T16:19:16+00:00","article_modified_time":"2026-01-26T20:22:56+00:00","og_image":[{"width":2560,"height":1437,"url":"https:\/\/loginfo24.com\/wp-content\/uploads\/sites\/7\/2026\/01\/Brenner_Autobahn-scaled-1.jpeg","type":"image\/jpeg"}],"author":"Andreas M\u00fcller","twitter_card":"summary_large_image","twitter_misc":{"Escrito por":"Andreas M\u00fcller","Tiempo de lectura":"2 minuto"},"schema":{"@context":"https:\/\/schema.org","@graph":[{"@type":"Article","@id":"https:\/\/loginfo24.com\/es\/2026\/01\/23\/las-asociaciones-de-camiones-exigen-mejoras-en-el-brennero\/#article","isPartOf":{"@id":"https:\/\/loginfo24.com\/es\/2026\/01\/23\/las-asociaciones-de-camiones-exigen-mejoras-en-el-brennero\/"},"author":{"name":"Andreas M\u00fcller","@id":"https:\/\/loginfo24.com\/es\/#\/schema\/person\/7b1593b33567ba798d300c8a1b0b85b1"},"headline":"Las asociaciones de camiones exigen mejoras en el Brennero","datePublished":"2026-01-23T16:19:16+00:00","dateModified":"2026-01-26T20:22:56+00:00","mainEntityOfPage":{"@id":"https:\/\/loginfo24.com\/es\/2026\/01\/23\/las-asociaciones-de-camiones-exigen-mejoras-en-el-brennero\/"},"wordCount":397,"commentCount":0,"publisher":{"@id":"https:\/\/loginfo24.com\/es\/#organization"},"image":{"@id":"https:\/\/loginfo24.com\/es\/2026\/01\/23\/las-asociaciones-de-camiones-exigen-mejoras-en-el-brennero\/#primaryimage"},"thumbnailUrl":"https:\/\/loginfo24.com\/wp-content\/uploads\/sites\/7\/2026\/01\/Brenner_Autobahn-scaled-1.jpeg","articleSection":["Alemania","Austria","Europa","Intermodal \/ Carretera"],"inLanguage":"es","potentialAction":[{"@type":"CommentAction","name":"Comment","target":["https:\/\/loginfo24.com\/es\/2026\/01\/23\/las-asociaciones-de-camiones-exigen-mejoras-en-el-brennero\/#respond"]}]},{"@type":"WebPage","@id":"https:\/\/loginfo24.com\/es\/2026\/01\/23\/las-asociaciones-de-camiones-exigen-mejoras-en-el-brennero\/","url":"https:\/\/loginfo24.com\/es\/2026\/01\/23\/las-asociaciones-de-camiones-exigen-mejoras-en-el-brennero\/","name":"Las asociaciones de camiones exigen mejoras en el Brennero - Loginfo24","isPartOf":{"@id":"https:\/\/loginfo24.com\/es\/#website"},"primaryImageOfPage":{"@id":"https:\/\/loginfo24.com\/es\/2026\/01\/23\/las-asociaciones-de-camiones-exigen-mejoras-en-el-brennero\/#primaryimage"},"image":{"@id":"https:\/\/loginfo24.com\/es\/2026\/01\/23\/las-asociaciones-de-camiones-exigen-mejoras-en-el-brennero\/#primaryimage"},"thumbnailUrl":"https:\/\/loginfo24.com\/wp-content\/uploads\/sites\/7\/2026\/01\/Brenner_Autobahn-scaled-1.jpeg","datePublished":"2026-01-23T16:19:16+00:00","dateModified":"2026-01-26T20:22:56+00:00","breadcrumb":{"@id":"https:\/\/loginfo24.com\/es\/2026\/01\/23\/las-asociaciones-de-camiones-exigen-mejoras-en-el-brennero\/#breadcrumb"},"inLanguage":"es","potentialAction":[{"@type":"ReadAction","target":["https:\/\/loginfo24.com\/es\/2026\/01\/23\/las-asociaciones-de-camiones-exigen-mejoras-en-el-brennero\/"]}]},{"@type":"ImageObject","inLanguage":"es","@id":"https:\/\/loginfo24.com\/es\/2026\/01\/23\/las-asociaciones-de-camiones-exigen-mejoras-en-el-brennero\/#primaryimage","url":"https:\/\/loginfo24.com\/wp-content\/uploads\/sites\/7\/2026\/01\/Brenner_Autobahn-scaled-1.jpeg","contentUrl":"https:\/\/loginfo24.com\/wp-content\/uploads\/sites\/7\/2026\/01\/Brenner_Autobahn-scaled-1.jpeg","width":2560,"height":1437,"caption":"Transit traffic over the Brenner"},{"@type":"BreadcrumbList","@id":"https:\/\/loginfo24.com\/es\/2026\/01\/23\/las-asociaciones-de-camiones-exigen-mejoras-en-el-brennero\/#breadcrumb","itemListElement":[{"@type":"ListItem","position":1,"name":"Startseite","item":"https:\/\/loginfo24.com\/es\/"},{"@type":"ListItem","position":2,"name":"Las asociaciones de camiones exigen mejoras en el Brennero"}]},{"@type":"WebSite","@id":"https:\/\/loginfo24.com\/es\/#website","url":"https:\/\/loginfo24.com\/es\/","name":"Loginfo24","description":"Loginfo24 es la plataforma dedicada a la log\u00edstica y las cadenas de suministro con informaci\u00f3n las 24 horas del d\u00eda.","publisher":{"@id":"https:\/\/loginfo24.com\/es\/#organization"},"potentialAction":[{"@type":"SearchAction","target":{"@type":"EntryPoint","urlTemplate":"https:\/\/loginfo24.com\/es\/?s={search_term_string}"},"query-input":{"@type":"PropertyValueSpecification","valueRequired":true,"valueName":"search_term_string"}}],"inLanguage":"es"},{"@type":"Organization","@id":"https:\/\/loginfo24.com\/es\/#organization","name":"Grupo Logismedia AG","url":"https:\/\/loginfo24.com\/es\/","logo":{"@type":"ImageObject","inLanguage":"es","@id":"https:\/\/loginfo24.com\/es\/#\/schema\/logo\/image\/","url":"https:\/\/loginfo24.com\/wp-content\/uploads\/sites\/7\/2026\/01\/Logo_LogInfo24.png","contentUrl":"https:\/\/loginfo24.com\/wp-content\/uploads\/sites\/7\/2026\/01\/Logo_LogInfo24.png","width":938,"height":351,"caption":"Grupo Logismedia AG"},"image":{"@id":"https:\/\/loginfo24.com\/es\/#\/schema\/logo\/image\/"},"sameAs":["https:\/\/www.facebook.com\/people\/Loginfo24\/100057360583332\/","https:\/\/www.linkedin.com\/company\/lofinfo24\/"]},{"@type":"Person","@id":"https:\/\/loginfo24.com\/es\/#\/schema\/person\/7b1593b33567ba798d300c8a1b0b85b1","name":"Andreas M\u00fcller","url":"https:\/\/loginfo24.com\/es\/author\/logismedia\/"}]}},"_links":{"self":[{"href":"https:\/\/loginfo24.com\/es\/wp-json\/wp\/v2\/posts\/73699","targetHints":{"allow":["GET"]}}],"collection":[{"href":"https:\/\/loginfo24.com\/es\/wp-json\/wp\/v2\/posts"}],"about":[{"href":"https:\/\/loginfo24.com\/es\/wp-json\/wp\/v2\/types\/post"}],"author":[{"embeddable":true,"href":"https:\/\/loginfo24.com\/es\/wp-json\/wp\/v2\/users\/7"}],"replies":[{"embeddable":true,"href":"https:\/\/loginfo24.com\/es\/wp-json\/wp\/v2\/comments?post=73699"}],"version-history":[{"count":1,"href":"https:\/\/loginfo24.com\/es\/wp-json\/wp\/v2\/posts\/73699\/revisions"}],"predecessor-version":[{"id":73790,"href":"https:\/\/loginfo24.com\/es\/wp-json\/wp\/v2\/posts\/73699\/revisions\/73790"}],"wp:featuredmedia":[{"embeddable":true,"href":"https:\/\/loginfo24.com\/es\/wp-json\/wp\/v2\/media\/73696"}],"wp:attachment":[{"href":"https:\/\/loginfo24.com\/es\/wp-json\/wp\/v2\/media?parent=73699"}],"wp:term":[{"taxonomy":"category","embeddable":true,"href":"https:\/\/loginfo24.com\/es\/wp-json\/wp\/v2\/categories?post=73699"},{"taxonomy":"post_tag","embeddable":true,"href":"https:\/\/loginfo24.com\/es\/wp-json\/wp\/v2\/tags?post=73699"}],"curies":[{"name":"wp","href":"https:\/\/api.w.org\/{rel}","templated":true}]}}