{"id":73527,"date":"2026-01-23T11:00:01","date_gmt":"2026-01-23T11:00:01","guid":{"rendered":"https:\/\/loginfo24.brand-architecture.at\/2026\/01\/23\/roland-weil-nuevo-vice-president-en-wfs\/"},"modified":"2026-01-23T11:00:01","modified_gmt":"2026-01-23T11:00:01","slug":"roland-weil-nuevo-vice-president-en-wfs","status":"publish","type":"post","link":"https:\/\/loginfo24.com\/es\/2026\/01\/23\/roland-weil-nuevo-vice-president-en-wfs\/","title":{"rendered":"Roland Weil nuevo Vice President en WFS"},"content":{"rendered":"<p>Roland Weil ha asumido su nuevo cargo como Vicepresidente de Desarrollo de Negocios EFFH Alemania en Worldwide Flight Services (WFS). En esta funci\u00f3n, apoyar\u00e1 la expansi\u00f3n de la ubicaci\u00f3n de Frankfurt de la empresa, que desempe\u00f1a un papel l\u00edder en el manejo de carga a\u00e9rea. Anteriormente, Weil trabaj\u00f3 como Vicepresidente de Ventas de Carga en el Aeropuerto de Frankfurt y fue miembro fundador y primer director general de la Air Cargo Community Frankfurt. Ahora aportar\u00e1 su amplia experiencia al desarrollo de la empresa.<\/p>\n<h3>Expansi\u00f3n en la ubicaci\u00f3n de Frankfurt<\/h3>\n<p>WFS planea expandir significativamente sus actividades en el hub de carga a\u00e9rea m\u00e1s importante de Alemania, especialmente en el \u00e1rea de expedici\u00f3n y comercio electr\u00f3nico. Para alcanzar estos objetivos, la empresa ocupar\u00e1 un gran centro log\u00edstico en Cargo City S\u00fcd, que anteriormente fue utilizado por DHL. Esta medida tiene como objetivo fortalecer la competitividad de WFS en el sector de carga a\u00e9rea.<\/p>\n<p>Roland Weil aporta 40 a\u00f1os de experiencia en la industria de la aviaci\u00f3n. Comenz\u00f3 su carrera en el departamento de ventas de Air Canada en Frankfurt am Main. Posteriormente, trabaj\u00f3 durante muchos a\u00f1os en Delta Air Lines, donde ocup\u00f3 diversas posiciones de ventas, siendo la \u00faltima como Director Regional de Ventas para el Sur de Europa y el Sudeste Asi\u00e1tico. En marzo de 2005, se uni\u00f3 a Fraport como Vicepresidente de Ventas, donde actu\u00f3 como contacto central para los planificadores de rutas y redes de las aerol\u00edneas, asegurando el desarrollo de los vuelos regulares hacia y desde Frankfurt. En febrero de 2013, asumi\u00f3 el reci\u00e9n creado cargo de Vicepresidente de Ventas de Carga en Fraport y fue fundamental en la expansi\u00f3n del negocio de carga a\u00e9rea en el Aeropuerto de Frankfurt.<\/p>\n<p>Claus Wagner, director general de FCS, la filial de Frankfurt de WFS, se expres\u00f3 positivamente sobre la nueva incorporaci\u00f3n: \u201cEstamos encantados de dar la bienvenida a Roland Weil a la familia WFS. En su nueva funci\u00f3n, apoyar\u00e1 el desarrollo de nuevos productos y la expansi\u00f3n de nuestras actividades de manejo de carga a\u00e9rea. Esperamos con gran inter\u00e9s colaborar con \u00e9l en el marco del desarrollo continuo de nuestras actividades en Frankfurt.\u201d<\/p>\n<p>Worldwide Flight Services fue fundada en 1984 y es, como miembro del grupo SATS, el mayor proveedor de servicios de log\u00edstica de carga a\u00e9rea en el mundo. La empresa tambi\u00e9n es uno de los principales proveedores de servicios de manejo en tierra y logr\u00f3 una facturaci\u00f3n anual de 2 mil millones de EUR. Con una red de m\u00e1s de 225 estaciones de carga y manejo en tierra en 27 pa\u00edses, WFS cubre rutas comerciales responsables de m\u00e1s del 50% del volumen de carga a\u00e9rea mundial.<\/p>\n<p>&nbsp;<\/p>\n<p><a href=\"https:\/\/www.wfs.aero\/\" target=\"_blank\" rel=\"noopener noreferrer\">www.wfs.aero<\/a><\/p>\n<p>&nbsp;<\/p>\n","protected":false},"excerpt":{"rendered":"<p>Roland Weil ha asumido su nuevo cargo como Vice President Business Development EFFH Germany en Worldwide Flight Services para expandir la ubicaci\u00f3n de Frankfurt<\/p>\n","protected":false},"author":12,"featured_media":73524,"comment_status":"open","ping_status":"open","sticky":false,"template":"","format":"standard","meta":{"_acf_changed":false,"footnotes":""},"categories":[1606,1603],"tags":[6505,2648,2600,6580,6581,6582,6583,6584,6585,6586,2207,6587,6588,6589,6590,1996,2115,2266,6591,6592,6528,6593,6594,2655,6595,6596,2125,3520,3521,3872,2469,1831,6597,1962,6598,6599,6600,6601,5867,5531,4031,6602,6603,1857,2837,2155,1837,6604,6605,6606],"class_list":["post-73527","post","type-post","status-publish","format-standard","has-post-thumbnail","hentry","category-carga-aerea","category-personas-y-empresas","tag-aeroport-de-francfort","tag-air-freight","tag-air-freight-infrastructure","tag-air-freight-sector","tag-air-cargo-handling","tag-aviation-labor-shortage","tag-business-development-francais-roland-weil","tag-cargo-city-south-logistics-center","tag-cargo-handling","tag-centre-logistique-cargo-city-sud","tag-chaine-dapprovisionnement","tag-competitiveness","tag-competitivite","tag-deutsch-roland-weil","tag-developpement-commercial","tag-dhl","tag-digitalisierung-in-der-logistik","tag-e-commerce","tag-fachkraeftemangel-luftfahrt","tag-frachtabfertigung","tag-frankfurt-airport","tag-frankfurter-flughafen","tag-freight-forwarding","tag-fret-aerien","tag-germany-air-freight-hub","tag-hub-de-fret-aerien-en-allemagne","tag-industrie-du-transport","tag-infrastructure-de-fret-aerien","tag-infrastruktur-luftfracht","tag-logistics-digitalization","tag-logistics-service-provider","tag-logistikdienstleister","tag-logistikzentrum-cargo-city-sued","tag-luftfracht","tag-luftfracht-hub-deutschland","tag-luftfrachtsektor","tag-manutention-de-cargaison","tag-manutention-de-fret-aerien","tag-numerisation-de-la-logistique","tag-penurie-de-main-doeuvre-dans-laviation","tag-prestataire-de-services-logistiques","tag-secteur-du-fret-aerien","tag-spedition","tag-supply-chain","tag-transport-de-marchandises","tag-transport-industry","tag-transportwirtschaft","tag-wettbewerbsfaehigkeit-english-roland-weil","tag-wfs","tag-worldwide-flight-services"],"acf":[],"yoast_head":"<!-- This site is optimized with the Yoast SEO plugin v27.3 - https:\/\/yoast.com\/product\/yoast-seo-wordpress\/ -->\n<title>Roland Weil nuevo Vice President en WFS - Loginfo24<\/title>\n<meta name=\"robots\" content=\"index, follow, max-snippet:-1, max-image-preview:large, max-video-preview:-1\" \/>\n<link rel=\"canonical\" href=\"https:\/\/loginfo24.com\/es\/2026\/01\/23\/roland-weil-nuevo-vice-president-en-wfs\/\" \/>\n<meta property=\"og:locale\" content=\"es_ES\" \/>\n<meta property=\"og:type\" content=\"article\" \/>\n<meta property=\"og:title\" content=\"Roland Weil nuevo Vice President en WFS - Loginfo24\" \/>\n<meta property=\"og:description\" content=\"Roland Weil ha asumido su nuevo cargo como Vice President Business Development EFFH Germany en Worldwide Flight Services para expandir la ubicaci\u00f3n de Frankfurt\" \/>\n<meta property=\"og:url\" content=\"https:\/\/loginfo24.com\/es\/2026\/01\/23\/roland-weil-nuevo-vice-president-en-wfs\/\" \/>\n<meta property=\"og:site_name\" content=\"Loginfo24\" \/>\n<meta property=\"article:publisher\" content=\"https:\/\/www.facebook.com\/people\/Loginfo24\/100057360583332\/\" \/>\n<meta property=\"article:published_time\" content=\"2026-01-23T11:00:01+00:00\" \/>\n<meta property=\"og:image\" content=\"https:\/\/loginfo24.com\/wp-content\/uploads\/sites\/7\/2026\/01\/Bild_Roland_Weil-aspect-ratio-1400-788.jpg\" \/>\n\t<meta property=\"og:image:width\" content=\"750\" \/>\n\t<meta property=\"og:image:height\" content=\"422\" \/>\n\t<meta property=\"og:image:type\" content=\"image\/jpeg\" \/>\n<meta name=\"author\" content=\"Andreas Haug\" \/>\n<meta name=\"twitter:card\" content=\"summary_large_image\" \/>\n<meta name=\"twitter:label1\" content=\"Escrito por\" \/>\n\t<meta name=\"twitter:data1\" content=\"Andreas Haug\" \/>\n\t<meta name=\"twitter:label2\" content=\"Tiempo de lectura\" \/>\n\t<meta name=\"twitter:data2\" content=\"2 minuto\" \/>\n<script type=\"application\/ld+json\" class=\"yoast-schema-graph\">{\"@context\":\"https:\\\/\\\/schema.org\",\"@graph\":[{\"@type\":\"Article\",\"@id\":\"https:\\\/\\\/loginfo24.com\\\/es\\\/2026\\\/01\\\/23\\\/roland-weil-nuevo-vice-president-en-wfs\\\/#article\",\"isPartOf\":{\"@id\":\"https:\\\/\\\/loginfo24.com\\\/es\\\/2026\\\/01\\\/23\\\/roland-weil-nuevo-vice-president-en-wfs\\\/\"},\"author\":{\"name\":\"Andreas Haug\",\"@id\":\"https:\\\/\\\/loginfo24.com\\\/es\\\/#\\\/schema\\\/person\\\/cf538b3157f15afd7589245a4b3dbd25\"},\"headline\":\"Roland Weil nuevo Vice President en WFS\",\"datePublished\":\"2026-01-23T11:00:01+00:00\",\"mainEntityOfPage\":{\"@id\":\"https:\\\/\\\/loginfo24.com\\\/es\\\/2026\\\/01\\\/23\\\/roland-weil-nuevo-vice-president-en-wfs\\\/\"},\"wordCount\":478,\"commentCount\":0,\"publisher\":{\"@id\":\"https:\\\/\\\/loginfo24.com\\\/es\\\/#organization\"},\"image\":{\"@id\":\"https:\\\/\\\/loginfo24.com\\\/es\\\/2026\\\/01\\\/23\\\/roland-weil-nuevo-vice-president-en-wfs\\\/#primaryimage\"},\"thumbnailUrl\":\"https:\\\/\\\/loginfo24.com\\\/wp-content\\\/uploads\\\/sites\\\/7\\\/2026\\\/01\\\/Bild_Roland_Weil-aspect-ratio-1400-788.jpg\",\"keywords\":[\"a\u00e9roport de Francfort\",\"air freight\",\"air freight infrastructure\",\"air freight sector\",\"Air-Cargo-Handling\",\"aviation labor shortage\",\"business development Fran\u00e7ais Roland Weil\",\"Cargo City South logistics center\",\"cargo handling\",\"centre logistique Cargo City Sud\",\"cha\u00eene d'approvisionnement\",\"competitiveness\",\"comp\u00e9titivit\u00e9\",\"Deutsch Roland Weil\",\"d\u00e9veloppement commercial\",\"DHL\",\"Digitalisierung in der Logistik\",\"E-Commerce\",\"Fachkr\u00e4ftemangel Luftfahrt\",\"Frachtabfertigung\",\"Frankfurt Airport\",\"Frankfurter Flughafen\",\"freight forwarding\",\"fret a\u00e9rien\",\"Germany air freight hub\",\"hub de fret a\u00e9rien en Allemagne\",\"industrie du transport\",\"infrastructure de fret a\u00e9rien\",\"Infrastruktur Luftfracht\",\"logistics digitalization\",\"logistics service provider\",\"Logistikdienstleister\",\"Logistikzentrum Cargo City S\u00fcd\",\"Luftfracht\",\"Luftfracht-Hub Deutschland\",\"Luftfrachtsektor\",\"manutention de cargaison\",\"manutention de fret a\u00e9rien\",\"num\u00e9risation de la logistique\",\"p\u00e9nurie de main-d'\u0153uvre dans l'aviation\",\"prestataire de services logistiques\",\"secteur du fret a\u00e9rien\",\"Spedition\",\"Supply Chain\",\"transport de marchandises\",\"transport industry\",\"Transportwirtschaft\",\"Wettbewerbsf\u00e4higkeit English Roland Weil\",\"WFS\",\"Worldwide Flight Services\"],\"articleSection\":[\"Carga a\u00e9rea\",\"Personas y empresas\"],\"inLanguage\":\"es\",\"potentialAction\":[{\"@type\":\"CommentAction\",\"name\":\"Comment\",\"target\":[\"https:\\\/\\\/loginfo24.com\\\/es\\\/2026\\\/01\\\/23\\\/roland-weil-nuevo-vice-president-en-wfs\\\/#respond\"]}]},{\"@type\":\"WebPage\",\"@id\":\"https:\\\/\\\/loginfo24.com\\\/es\\\/2026\\\/01\\\/23\\\/roland-weil-nuevo-vice-president-en-wfs\\\/\",\"url\":\"https:\\\/\\\/loginfo24.com\\\/es\\\/2026\\\/01\\\/23\\\/roland-weil-nuevo-vice-president-en-wfs\\\/\",\"name\":\"Roland Weil nuevo Vice President en WFS - Loginfo24\",\"isPartOf\":{\"@id\":\"https:\\\/\\\/loginfo24.com\\\/es\\\/#website\"},\"primaryImageOfPage\":{\"@id\":\"https:\\\/\\\/loginfo24.com\\\/es\\\/2026\\\/01\\\/23\\\/roland-weil-nuevo-vice-president-en-wfs\\\/#primaryimage\"},\"image\":{\"@id\":\"https:\\\/\\\/loginfo24.com\\\/es\\\/2026\\\/01\\\/23\\\/roland-weil-nuevo-vice-president-en-wfs\\\/#primaryimage\"},\"thumbnailUrl\":\"https:\\\/\\\/loginfo24.com\\\/wp-content\\\/uploads\\\/sites\\\/7\\\/2026\\\/01\\\/Bild_Roland_Weil-aspect-ratio-1400-788.jpg\",\"datePublished\":\"2026-01-23T11:00:01+00:00\",\"breadcrumb\":{\"@id\":\"https:\\\/\\\/loginfo24.com\\\/es\\\/2026\\\/01\\\/23\\\/roland-weil-nuevo-vice-president-en-wfs\\\/#breadcrumb\"},\"inLanguage\":\"es\",\"potentialAction\":[{\"@type\":\"ReadAction\",\"target\":[\"https:\\\/\\\/loginfo24.com\\\/es\\\/2026\\\/01\\\/23\\\/roland-weil-nuevo-vice-president-en-wfs\\\/\"]}]},{\"@type\":\"ImageObject\",\"inLanguage\":\"es\",\"@id\":\"https:\\\/\\\/loginfo24.com\\\/es\\\/2026\\\/01\\\/23\\\/roland-weil-nuevo-vice-president-en-wfs\\\/#primaryimage\",\"url\":\"https:\\\/\\\/loginfo24.com\\\/wp-content\\\/uploads\\\/sites\\\/7\\\/2026\\\/01\\\/Bild_Roland_Weil-aspect-ratio-1400-788.jpg\",\"contentUrl\":\"https:\\\/\\\/loginfo24.com\\\/wp-content\\\/uploads\\\/sites\\\/7\\\/2026\\\/01\\\/Bild_Roland_Weil-aspect-ratio-1400-788.jpg\",\"width\":750,\"height\":422},{\"@type\":\"BreadcrumbList\",\"@id\":\"https:\\\/\\\/loginfo24.com\\\/es\\\/2026\\\/01\\\/23\\\/roland-weil-nuevo-vice-president-en-wfs\\\/#breadcrumb\",\"itemListElement\":[{\"@type\":\"ListItem\",\"position\":1,\"name\":\"Startseite\",\"item\":\"https:\\\/\\\/loginfo24.com\\\/es\\\/\"},{\"@type\":\"ListItem\",\"position\":2,\"name\":\"Roland Weil nuevo Vice President en WFS\"}]},{\"@type\":\"WebSite\",\"@id\":\"https:\\\/\\\/loginfo24.com\\\/es\\\/#website\",\"url\":\"https:\\\/\\\/loginfo24.com\\\/es\\\/\",\"name\":\"Loginfo24\",\"description\":\"Loginfo24 es la plataforma dedicada a la log\u00edstica y las cadenas de suministro con informaci\u00f3n las 24 horas del d\u00eda.\",\"publisher\":{\"@id\":\"https:\\\/\\\/loginfo24.com\\\/es\\\/#organization\"},\"potentialAction\":[{\"@type\":\"SearchAction\",\"target\":{\"@type\":\"EntryPoint\",\"urlTemplate\":\"https:\\\/\\\/loginfo24.com\\\/es\\\/?s={search_term_string}\"},\"query-input\":{\"@type\":\"PropertyValueSpecification\",\"valueRequired\":true,\"valueName\":\"search_term_string\"}}],\"inLanguage\":\"es\"},{\"@type\":\"Organization\",\"@id\":\"https:\\\/\\\/loginfo24.com\\\/es\\\/#organization\",\"name\":\"Grupo Logismedia AG\",\"url\":\"https:\\\/\\\/loginfo24.com\\\/es\\\/\",\"logo\":{\"@type\":\"ImageObject\",\"inLanguage\":\"es\",\"@id\":\"https:\\\/\\\/loginfo24.com\\\/es\\\/#\\\/schema\\\/logo\\\/image\\\/\",\"url\":\"https:\\\/\\\/loginfo24.com\\\/wp-content\\\/uploads\\\/sites\\\/7\\\/2026\\\/01\\\/Logo_LogInfo24.png\",\"contentUrl\":\"https:\\\/\\\/loginfo24.com\\\/wp-content\\\/uploads\\\/sites\\\/7\\\/2026\\\/01\\\/Logo_LogInfo24.png\",\"width\":938,\"height\":351,\"caption\":\"Grupo Logismedia AG\"},\"image\":{\"@id\":\"https:\\\/\\\/loginfo24.com\\\/es\\\/#\\\/schema\\\/logo\\\/image\\\/\"},\"sameAs\":[\"https:\\\/\\\/www.facebook.com\\\/people\\\/Loginfo24\\\/100057360583332\\\/\",\"https:\\\/\\\/www.linkedin.com\\\/company\\\/lofinfo24\\\/\"]},{\"@type\":\"Person\",\"@id\":\"https:\\\/\\\/loginfo24.com\\\/es\\\/#\\\/schema\\\/person\\\/cf538b3157f15afd7589245a4b3dbd25\",\"name\":\"Andreas Haug\",\"url\":\"https:\\\/\\\/loginfo24.com\\\/es\\\/author\\\/andreas\\\/\"}]}<\/script>\n<!-- \/ Yoast SEO plugin. -->","yoast_head_json":{"title":"Roland Weil nuevo Vice President en WFS - Loginfo24","robots":{"index":"index","follow":"follow","max-snippet":"max-snippet:-1","max-image-preview":"max-image-preview:large","max-video-preview":"max-video-preview:-1"},"canonical":"https:\/\/loginfo24.com\/es\/2026\/01\/23\/roland-weil-nuevo-vice-president-en-wfs\/","og_locale":"es_ES","og_type":"article","og_title":"Roland Weil nuevo Vice President en WFS - Loginfo24","og_description":"Roland Weil ha asumido su nuevo cargo como Vice President Business Development EFFH Germany en Worldwide Flight Services para expandir la ubicaci\u00f3n de Frankfurt","og_url":"https:\/\/loginfo24.com\/es\/2026\/01\/23\/roland-weil-nuevo-vice-president-en-wfs\/","og_site_name":"Loginfo24","article_publisher":"https:\/\/www.facebook.com\/people\/Loginfo24\/100057360583332\/","article_published_time":"2026-01-23T11:00:01+00:00","og_image":[{"width":750,"height":422,"url":"https:\/\/loginfo24.com\/wp-content\/uploads\/sites\/7\/2026\/01\/Bild_Roland_Weil-aspect-ratio-1400-788.jpg","type":"image\/jpeg"}],"author":"Andreas Haug","twitter_card":"summary_large_image","twitter_misc":{"Escrito por":"Andreas Haug","Tiempo de lectura":"2 minuto"},"schema":{"@context":"https:\/\/schema.org","@graph":[{"@type":"Article","@id":"https:\/\/loginfo24.com\/es\/2026\/01\/23\/roland-weil-nuevo-vice-president-en-wfs\/#article","isPartOf":{"@id":"https:\/\/loginfo24.com\/es\/2026\/01\/23\/roland-weil-nuevo-vice-president-en-wfs\/"},"author":{"name":"Andreas Haug","@id":"https:\/\/loginfo24.com\/es\/#\/schema\/person\/cf538b3157f15afd7589245a4b3dbd25"},"headline":"Roland Weil nuevo Vice President en WFS","datePublished":"2026-01-23T11:00:01+00:00","mainEntityOfPage":{"@id":"https:\/\/loginfo24.com\/es\/2026\/01\/23\/roland-weil-nuevo-vice-president-en-wfs\/"},"wordCount":478,"commentCount":0,"publisher":{"@id":"https:\/\/loginfo24.com\/es\/#organization"},"image":{"@id":"https:\/\/loginfo24.com\/es\/2026\/01\/23\/roland-weil-nuevo-vice-president-en-wfs\/#primaryimage"},"thumbnailUrl":"https:\/\/loginfo24.com\/wp-content\/uploads\/sites\/7\/2026\/01\/Bild_Roland_Weil-aspect-ratio-1400-788.jpg","keywords":["a\u00e9roport de Francfort","air freight","air freight infrastructure","air freight sector","Air-Cargo-Handling","aviation labor shortage","business development Fran\u00e7ais Roland Weil","Cargo City South logistics center","cargo handling","centre logistique Cargo City Sud","cha\u00eene d'approvisionnement","competitiveness","comp\u00e9titivit\u00e9","Deutsch Roland Weil","d\u00e9veloppement commercial","DHL","Digitalisierung in der Logistik","E-Commerce","Fachkr\u00e4ftemangel Luftfahrt","Frachtabfertigung","Frankfurt Airport","Frankfurter Flughafen","freight forwarding","fret a\u00e9rien","Germany air freight hub","hub de fret a\u00e9rien en Allemagne","industrie du transport","infrastructure de fret a\u00e9rien","Infrastruktur Luftfracht","logistics digitalization","logistics service provider","Logistikdienstleister","Logistikzentrum Cargo City S\u00fcd","Luftfracht","Luftfracht-Hub Deutschland","Luftfrachtsektor","manutention de cargaison","manutention de fret a\u00e9rien","num\u00e9risation de la logistique","p\u00e9nurie de main-d'\u0153uvre dans l'aviation","prestataire de services logistiques","secteur du fret a\u00e9rien","Spedition","Supply Chain","transport de marchandises","transport industry","Transportwirtschaft","Wettbewerbsf\u00e4higkeit English Roland Weil","WFS","Worldwide Flight Services"],"articleSection":["Carga a\u00e9rea","Personas y empresas"],"inLanguage":"es","potentialAction":[{"@type":"CommentAction","name":"Comment","target":["https:\/\/loginfo24.com\/es\/2026\/01\/23\/roland-weil-nuevo-vice-president-en-wfs\/#respond"]}]},{"@type":"WebPage","@id":"https:\/\/loginfo24.com\/es\/2026\/01\/23\/roland-weil-nuevo-vice-president-en-wfs\/","url":"https:\/\/loginfo24.com\/es\/2026\/01\/23\/roland-weil-nuevo-vice-president-en-wfs\/","name":"Roland Weil nuevo Vice President en WFS - Loginfo24","isPartOf":{"@id":"https:\/\/loginfo24.com\/es\/#website"},"primaryImageOfPage":{"@id":"https:\/\/loginfo24.com\/es\/2026\/01\/23\/roland-weil-nuevo-vice-president-en-wfs\/#primaryimage"},"image":{"@id":"https:\/\/loginfo24.com\/es\/2026\/01\/23\/roland-weil-nuevo-vice-president-en-wfs\/#primaryimage"},"thumbnailUrl":"https:\/\/loginfo24.com\/wp-content\/uploads\/sites\/7\/2026\/01\/Bild_Roland_Weil-aspect-ratio-1400-788.jpg","datePublished":"2026-01-23T11:00:01+00:00","breadcrumb":{"@id":"https:\/\/loginfo24.com\/es\/2026\/01\/23\/roland-weil-nuevo-vice-president-en-wfs\/#breadcrumb"},"inLanguage":"es","potentialAction":[{"@type":"ReadAction","target":["https:\/\/loginfo24.com\/es\/2026\/01\/23\/roland-weil-nuevo-vice-president-en-wfs\/"]}]},{"@type":"ImageObject","inLanguage":"es","@id":"https:\/\/loginfo24.com\/es\/2026\/01\/23\/roland-weil-nuevo-vice-president-en-wfs\/#primaryimage","url":"https:\/\/loginfo24.com\/wp-content\/uploads\/sites\/7\/2026\/01\/Bild_Roland_Weil-aspect-ratio-1400-788.jpg","contentUrl":"https:\/\/loginfo24.com\/wp-content\/uploads\/sites\/7\/2026\/01\/Bild_Roland_Weil-aspect-ratio-1400-788.jpg","width":750,"height":422},{"@type":"BreadcrumbList","@id":"https:\/\/loginfo24.com\/es\/2026\/01\/23\/roland-weil-nuevo-vice-president-en-wfs\/#breadcrumb","itemListElement":[{"@type":"ListItem","position":1,"name":"Startseite","item":"https:\/\/loginfo24.com\/es\/"},{"@type":"ListItem","position":2,"name":"Roland Weil nuevo Vice President en WFS"}]},{"@type":"WebSite","@id":"https:\/\/loginfo24.com\/es\/#website","url":"https:\/\/loginfo24.com\/es\/","name":"Loginfo24","description":"Loginfo24 es la plataforma dedicada a la log\u00edstica y las cadenas de suministro con informaci\u00f3n las 24 horas del d\u00eda.","publisher":{"@id":"https:\/\/loginfo24.com\/es\/#organization"},"potentialAction":[{"@type":"SearchAction","target":{"@type":"EntryPoint","urlTemplate":"https:\/\/loginfo24.com\/es\/?s={search_term_string}"},"query-input":{"@type":"PropertyValueSpecification","valueRequired":true,"valueName":"search_term_string"}}],"inLanguage":"es"},{"@type":"Organization","@id":"https:\/\/loginfo24.com\/es\/#organization","name":"Grupo Logismedia AG","url":"https:\/\/loginfo24.com\/es\/","logo":{"@type":"ImageObject","inLanguage":"es","@id":"https:\/\/loginfo24.com\/es\/#\/schema\/logo\/image\/","url":"https:\/\/loginfo24.com\/wp-content\/uploads\/sites\/7\/2026\/01\/Logo_LogInfo24.png","contentUrl":"https:\/\/loginfo24.com\/wp-content\/uploads\/sites\/7\/2026\/01\/Logo_LogInfo24.png","width":938,"height":351,"caption":"Grupo Logismedia AG"},"image":{"@id":"https:\/\/loginfo24.com\/es\/#\/schema\/logo\/image\/"},"sameAs":["https:\/\/www.facebook.com\/people\/Loginfo24\/100057360583332\/","https:\/\/www.linkedin.com\/company\/lofinfo24\/"]},{"@type":"Person","@id":"https:\/\/loginfo24.com\/es\/#\/schema\/person\/cf538b3157f15afd7589245a4b3dbd25","name":"Andreas Haug","url":"https:\/\/loginfo24.com\/es\/author\/andreas\/"}]}},"_links":{"self":[{"href":"https:\/\/loginfo24.com\/es\/wp-json\/wp\/v2\/posts\/73527","targetHints":{"allow":["GET"]}}],"collection":[{"href":"https:\/\/loginfo24.com\/es\/wp-json\/wp\/v2\/posts"}],"about":[{"href":"https:\/\/loginfo24.com\/es\/wp-json\/wp\/v2\/types\/post"}],"author":[{"embeddable":true,"href":"https:\/\/loginfo24.com\/es\/wp-json\/wp\/v2\/users\/12"}],"replies":[{"embeddable":true,"href":"https:\/\/loginfo24.com\/es\/wp-json\/wp\/v2\/comments?post=73527"}],"version-history":[{"count":0,"href":"https:\/\/loginfo24.com\/es\/wp-json\/wp\/v2\/posts\/73527\/revisions"}],"wp:featuredmedia":[{"embeddable":true,"href":"https:\/\/loginfo24.com\/es\/wp-json\/wp\/v2\/media\/73524"}],"wp:attachment":[{"href":"https:\/\/loginfo24.com\/es\/wp-json\/wp\/v2\/media?parent=73527"}],"wp:term":[{"taxonomy":"category","embeddable":true,"href":"https:\/\/loginfo24.com\/es\/wp-json\/wp\/v2\/categories?post=73527"},{"taxonomy":"post_tag","embeddable":true,"href":"https:\/\/loginfo24.com\/es\/wp-json\/wp\/v2\/tags?post=73527"}],"curies":[{"name":"wp","href":"https:\/\/api.w.org\/{rel}","templated":true}]}}