{"id":73516,"date":"2026-01-23T08:49:40","date_gmt":"2026-01-23T08:49:40","guid":{"rendered":"https:\/\/loginfo24.brand-architecture.at\/2026\/01\/23\/contargo-amplia-su-flota-con-33-camiones-electricos\/"},"modified":"2026-01-23T08:49:40","modified_gmt":"2026-01-23T08:49:40","slug":"contargo-amplia-su-flota-con-33-camiones-electricos","status":"publish","type":"post","link":"https:\/\/loginfo24.com\/es\/2026\/01\/23\/contargo-amplia-su-flota-con-33-camiones-electricos\/","title":{"rendered":"Contargo ampl\u00eda su flota con 33 camiones el\u00e9ctricos"},"content":{"rendered":"<p>Contargo ha ampliado su flota de camiones el\u00e9ctricos de bater\u00eda con 33 nuevas tractores del tipo &#8222;DAF XD Electric&#8220;. Los veh\u00edculos fueron fabricados en Eindhoven y est\u00e1n en operaci\u00f3n desde ahora en 15 ubicaciones en Alemania. Con esta expansi\u00f3n, la empresa alcanza un objetivo significativo en su camino hacia la descarbonizaci\u00f3n de su flota de transporte. En total, Contargo opera ahora 90 camiones el\u00e9ctricos, despu\u00e9s de que todos los proyectos prometidos en el marco de la &#8222;Iniciativa de Protecci\u00f3n Clim\u00e1tica&#8220; (KsNI) se implementaran con \u00e9xito, seg\u00fan informa la empresa.<\/p>\n<h3>Detalles t\u00e9cnicos de los nuevos camiones<\/h3>\n<p>Los nuevos camiones DAF XD Electric est\u00e1n equipados con motores el\u00e9ctricos que ofrecen una potencia de 350 kW. El suministro de energ\u00eda se realiza a trav\u00e9s de cinco paquetes de bater\u00edas de fosfato de hierro y litio. Esta tecnolog\u00eda se eligi\u00f3 deliberadamente para prescindir del uso de cobalto y n\u00edquel, lo que contribuye a una mayor vida \u00fatil y capacidad de carga completa de las bater\u00edas, informa Kristin Kahl, directora general de Contargo Truck Fleet GmbH &amp; Co. KG.<br \/>\n<a href=\"https:\/\/www.contargo.net\/de\/\" target=\"_blank\" rel=\"noopener noreferrer\">www.contargo.net<\/a><\/p>\n","protected":false},"excerpt":{"rendered":"<p>Contargo ha ampliado su flota con 33 camiones DAF XD Electric, que ahora se utilizan en 15 ubicaciones en Alemania.<\/p>\n","protected":false},"author":10,"featured_media":73513,"comment_status":"open","ping_status":"open","sticky":false,"template":"","format":"standard","meta":{"_acf_changed":false,"footnotes":""},"categories":[1604],"tags":[6549,6550,6551,6552,6553,6554,6555,6556,6557,5248,3353,6558,4911,6559,6560,6561,6562,6563,2999,6564,2122,4598,4601,6565,4604,2125,6566,6567,3193,6568,6569,6570,6571,2373,6572,6573,6574,3872,2525,2526,2622,1800,3379,2145,2869,6575,4929,6576,2641,6577,2155,3033,1837,4934,6578,6579],"class_list":["post-73516","post","type-post","status-publish","format-standard","has-post-thumbnail","hentry","category-intermodal-carretera","tag-batterieelektrische-lkw","tag-batteries-lithium-fer-phosphate","tag-battery-electric-vehicles","tag-camions-electriques","tag-climate-protection-initiative","tag-daf-xd-electric","tag-decarbonisation-flotte-de-transport","tag-decarbonization-transport-fleet","tag-dekarbonisierung-transportflotte","tag-deutsch-contargo","tag-digitalisierung-logistik","tag-e-lkw","tag-eco-friendly-transport-solutions","tag-electric-motor-power","tag-electric-tractor-units","tag-electric-trucks","tag-elektrische-sattelzugmaschinen","tag-elektromotoren-leistung","tag-emission-free-transport","tag-emissionsfreie-transporte","tag-fachkraeftemangel-logistik","tag-fleet-management","tag-flottenmanagement","tag-germany-location","tag-gestion-de-flotte","tag-industrie-du-transport","tag-infrastructure-electromobilite","tag-infrastructure-electromobility","tag-infrastruktur-elektromobilitaet","tag-initiative-de-protection-du-climat","tag-innovative-transport-technologies-francais-contargo","tag-innovative-transporttechnologien-english-contargo","tag-klimaschutzinitiative","tag-labor-shortage-logistics","tag-lithium-iron-phosphate-batteries","tag-lithium-eisenphosphat-batterien","tag-localisation-allemagne","tag-logistics-digitalization","tag-logistics-service-providers-germany","tag-logistikdienstleister-deutschland","tag-logistique-durable","tag-nachhaltige-logistik","tag-numerisation-logistique","tag-penurie-de-main-doeuvre-logistique","tag-prestataires-de-services-logistiques-allemagne","tag-puissance-moteur-electrique","tag-solutions-de-transport-ecologiques","tag-standort-deutschland","tag-sustainable-logistics","tag-technologies-de-transport-innovantes","tag-transport-industry","tag-transport-sans-emissions","tag-transportwirtschaft","tag-umweltfreundliche-transportloesungen","tag-unites-de-tracteur-electriques","tag-vehicules-electriques-a-batterie"],"acf":[],"yoast_head":"<!-- This site is optimized with the Yoast SEO plugin v27.3 - https:\/\/yoast.com\/product\/yoast-seo-wordpress\/ -->\n<title>Contargo ampl\u00eda su flota con 33 camiones el\u00e9ctricos - Loginfo24<\/title>\n<meta name=\"robots\" content=\"index, follow, max-snippet:-1, max-image-preview:large, max-video-preview:-1\" \/>\n<link rel=\"canonical\" href=\"https:\/\/loginfo24.com\/es\/2026\/01\/23\/contargo-amplia-su-flota-con-33-camiones-electricos\/\" \/>\n<meta property=\"og:locale\" content=\"es_ES\" \/>\n<meta property=\"og:type\" content=\"article\" \/>\n<meta property=\"og:title\" content=\"Contargo ampl\u00eda su flota con 33 camiones el\u00e9ctricos - Loginfo24\" \/>\n<meta property=\"og:description\" content=\"Contargo ha ampliado su flota con 33 camiones DAF XD Electric, que ahora se utilizan en 15 ubicaciones en Alemania.\" \/>\n<meta property=\"og:url\" content=\"https:\/\/loginfo24.com\/es\/2026\/01\/23\/contargo-amplia-su-flota-con-33-camiones-electricos\/\" \/>\n<meta property=\"og:site_name\" content=\"Loginfo24\" \/>\n<meta property=\"article:publisher\" content=\"https:\/\/www.facebook.com\/people\/Loginfo24\/100057360583332\/\" \/>\n<meta property=\"article:published_time\" content=\"2026-01-23T08:49:40+00:00\" \/>\n<meta property=\"og:image\" content=\"https:\/\/loginfo24.com\/wp-content\/uploads\/sites\/7\/2026\/01\/Contargo_DAF_2-scaled-aspect-ratio-1400-788-scaled-1.jpg\" \/>\n\t<meta property=\"og:image:width\" content=\"2560\" \/>\n\t<meta property=\"og:image:height\" content=\"1441\" \/>\n\t<meta property=\"og:image:type\" content=\"image\/jpeg\" \/>\n<meta name=\"author\" content=\"Jeremy Soland\" \/>\n<meta name=\"twitter:card\" content=\"summary_large_image\" \/>\n<meta name=\"twitter:label1\" content=\"Escrito por\" \/>\n\t<meta name=\"twitter:data1\" content=\"Jeremy Soland\" \/>\n\t<meta name=\"twitter:label2\" content=\"Tiempo de lectura\" \/>\n\t<meta name=\"twitter:data2\" content=\"1 minuto\" \/>\n<script type=\"application\/ld+json\" class=\"yoast-schema-graph\">{\"@context\":\"https:\\\/\\\/schema.org\",\"@graph\":[{\"@type\":\"Article\",\"@id\":\"https:\\\/\\\/loginfo24.com\\\/es\\\/2026\\\/01\\\/23\\\/contargo-amplia-su-flota-con-33-camiones-electricos\\\/#article\",\"isPartOf\":{\"@id\":\"https:\\\/\\\/loginfo24.com\\\/es\\\/2026\\\/01\\\/23\\\/contargo-amplia-su-flota-con-33-camiones-electricos\\\/\"},\"author\":{\"name\":\"Jeremy Soland\",\"@id\":\"https:\\\/\\\/loginfo24.com\\\/es\\\/#\\\/schema\\\/person\\\/41d36b5474b623392fa613e97e2363fa\"},\"headline\":\"Contargo ampl\u00eda su flota con 33 camiones el\u00e9ctricos\",\"datePublished\":\"2026-01-23T08:49:40+00:00\",\"mainEntityOfPage\":{\"@id\":\"https:\\\/\\\/loginfo24.com\\\/es\\\/2026\\\/01\\\/23\\\/contargo-amplia-su-flota-con-33-camiones-electricos\\\/\"},\"wordCount\":203,\"commentCount\":0,\"publisher\":{\"@id\":\"https:\\\/\\\/loginfo24.com\\\/es\\\/#organization\"},\"image\":{\"@id\":\"https:\\\/\\\/loginfo24.com\\\/es\\\/2026\\\/01\\\/23\\\/contargo-amplia-su-flota-con-33-camiones-electricos\\\/#primaryimage\"},\"thumbnailUrl\":\"https:\\\/\\\/loginfo24.com\\\/wp-content\\\/uploads\\\/sites\\\/7\\\/2026\\\/01\\\/Contargo_DAF_2-scaled-aspect-ratio-1400-788-scaled-1.jpg\",\"keywords\":[\"batterieelektrische Lkw\",\"batteries lithium fer phosphate\",\"battery electric vehicles\",\"camions \u00e9lectriques\",\"climate protection initiative\",\"DAF XD Electric\",\"d\u00e9carbonisation flotte de transport\",\"decarbonization transport fleet\",\"Dekarbonisierung Transportflotte\",\"Deutsch Contargo\",\"Digitalisierung Logistik\",\"E-Lkw\",\"eco-friendly transport solutions\",\"electric motor power\",\"electric tractor units\",\"electric trucks\",\"elektrische Sattelzugmaschinen\",\"Elektromotoren Leistung\",\"emission-free transport\",\"emissionsfreie Transporte\",\"Fachkr\u00e4ftemangel Logistik\",\"fleet management\",\"Flottenmanagement\",\"Germany location\",\"gestion de flotte\",\"industrie du transport\",\"infrastructure \u00e9lectromobilit\u00e9\",\"infrastructure electromobility\",\"Infrastruktur Elektromobilit\u00e4t\",\"initiative de protection du climat\",\"innovative transport technologies Fran\u00e7ais Contargo\",\"innovative Transporttechnologien English Contargo\",\"Klimaschutzinitiative\",\"labor shortage logistics\",\"lithium iron phosphate batteries\",\"Lithium-Eisenphosphat-Batterien\",\"localisation Allemagne\",\"logistics digitalization\",\"logistics service providers Germany\",\"Logistikdienstleister Deutschland\",\"logistique durable\",\"nachhaltige Logistik\",\"num\u00e9risation logistique\",\"p\u00e9nurie de main-d'\u0153uvre logistique\",\"prestataires de services logistiques Allemagne\",\"puissance moteur \u00e9lectrique\",\"solutions de transport \u00e9cologiques\",\"Standort Deutschland\",\"sustainable logistics\",\"technologies de transport innovantes\",\"transport industry\",\"transport sans \u00e9missions\",\"Transportwirtschaft\",\"Umweltfreundliche Transportl\u00f6sungen\",\"unit\u00e9s de tracteur \u00e9lectriques\",\"v\u00e9hicules \u00e9lectriques \u00e0 batterie\"],\"articleSection\":[\"Intermodal \\\/ Carretera\"],\"inLanguage\":\"es\",\"potentialAction\":[{\"@type\":\"CommentAction\",\"name\":\"Comment\",\"target\":[\"https:\\\/\\\/loginfo24.com\\\/es\\\/2026\\\/01\\\/23\\\/contargo-amplia-su-flota-con-33-camiones-electricos\\\/#respond\"]}]},{\"@type\":\"WebPage\",\"@id\":\"https:\\\/\\\/loginfo24.com\\\/es\\\/2026\\\/01\\\/23\\\/contargo-amplia-su-flota-con-33-camiones-electricos\\\/\",\"url\":\"https:\\\/\\\/loginfo24.com\\\/es\\\/2026\\\/01\\\/23\\\/contargo-amplia-su-flota-con-33-camiones-electricos\\\/\",\"name\":\"Contargo ampl\u00eda su flota con 33 camiones el\u00e9ctricos - Loginfo24\",\"isPartOf\":{\"@id\":\"https:\\\/\\\/loginfo24.com\\\/es\\\/#website\"},\"primaryImageOfPage\":{\"@id\":\"https:\\\/\\\/loginfo24.com\\\/es\\\/2026\\\/01\\\/23\\\/contargo-amplia-su-flota-con-33-camiones-electricos\\\/#primaryimage\"},\"image\":{\"@id\":\"https:\\\/\\\/loginfo24.com\\\/es\\\/2026\\\/01\\\/23\\\/contargo-amplia-su-flota-con-33-camiones-electricos\\\/#primaryimage\"},\"thumbnailUrl\":\"https:\\\/\\\/loginfo24.com\\\/wp-content\\\/uploads\\\/sites\\\/7\\\/2026\\\/01\\\/Contargo_DAF_2-scaled-aspect-ratio-1400-788-scaled-1.jpg\",\"datePublished\":\"2026-01-23T08:49:40+00:00\",\"breadcrumb\":{\"@id\":\"https:\\\/\\\/loginfo24.com\\\/es\\\/2026\\\/01\\\/23\\\/contargo-amplia-su-flota-con-33-camiones-electricos\\\/#breadcrumb\"},\"inLanguage\":\"es\",\"potentialAction\":[{\"@type\":\"ReadAction\",\"target\":[\"https:\\\/\\\/loginfo24.com\\\/es\\\/2026\\\/01\\\/23\\\/contargo-amplia-su-flota-con-33-camiones-electricos\\\/\"]}]},{\"@type\":\"ImageObject\",\"inLanguage\":\"es\",\"@id\":\"https:\\\/\\\/loginfo24.com\\\/es\\\/2026\\\/01\\\/23\\\/contargo-amplia-su-flota-con-33-camiones-electricos\\\/#primaryimage\",\"url\":\"https:\\\/\\\/loginfo24.com\\\/wp-content\\\/uploads\\\/sites\\\/7\\\/2026\\\/01\\\/Contargo_DAF_2-scaled-aspect-ratio-1400-788-scaled-1.jpg\",\"contentUrl\":\"https:\\\/\\\/loginfo24.com\\\/wp-content\\\/uploads\\\/sites\\\/7\\\/2026\\\/01\\\/Contargo_DAF_2-scaled-aspect-ratio-1400-788-scaled-1.jpg\",\"width\":2560,\"height\":1441},{\"@type\":\"BreadcrumbList\",\"@id\":\"https:\\\/\\\/loginfo24.com\\\/es\\\/2026\\\/01\\\/23\\\/contargo-amplia-su-flota-con-33-camiones-electricos\\\/#breadcrumb\",\"itemListElement\":[{\"@type\":\"ListItem\",\"position\":1,\"name\":\"Startseite\",\"item\":\"https:\\\/\\\/loginfo24.com\\\/es\\\/\"},{\"@type\":\"ListItem\",\"position\":2,\"name\":\"Contargo ampl\u00eda su flota con 33 camiones el\u00e9ctricos\"}]},{\"@type\":\"WebSite\",\"@id\":\"https:\\\/\\\/loginfo24.com\\\/es\\\/#website\",\"url\":\"https:\\\/\\\/loginfo24.com\\\/es\\\/\",\"name\":\"Loginfo24\",\"description\":\"Loginfo24 es la plataforma dedicada a la log\u00edstica y las cadenas de suministro con informaci\u00f3n las 24 horas del d\u00eda.\",\"publisher\":{\"@id\":\"https:\\\/\\\/loginfo24.com\\\/es\\\/#organization\"},\"potentialAction\":[{\"@type\":\"SearchAction\",\"target\":{\"@type\":\"EntryPoint\",\"urlTemplate\":\"https:\\\/\\\/loginfo24.com\\\/es\\\/?s={search_term_string}\"},\"query-input\":{\"@type\":\"PropertyValueSpecification\",\"valueRequired\":true,\"valueName\":\"search_term_string\"}}],\"inLanguage\":\"es\"},{\"@type\":\"Organization\",\"@id\":\"https:\\\/\\\/loginfo24.com\\\/es\\\/#organization\",\"name\":\"Grupo Logismedia AG\",\"url\":\"https:\\\/\\\/loginfo24.com\\\/es\\\/\",\"logo\":{\"@type\":\"ImageObject\",\"inLanguage\":\"es\",\"@id\":\"https:\\\/\\\/loginfo24.com\\\/es\\\/#\\\/schema\\\/logo\\\/image\\\/\",\"url\":\"https:\\\/\\\/loginfo24.com\\\/wp-content\\\/uploads\\\/sites\\\/7\\\/2026\\\/01\\\/Logo_LogInfo24.png\",\"contentUrl\":\"https:\\\/\\\/loginfo24.com\\\/wp-content\\\/uploads\\\/sites\\\/7\\\/2026\\\/01\\\/Logo_LogInfo24.png\",\"width\":938,\"height\":351,\"caption\":\"Grupo Logismedia AG\"},\"image\":{\"@id\":\"https:\\\/\\\/loginfo24.com\\\/es\\\/#\\\/schema\\\/logo\\\/image\\\/\"},\"sameAs\":[\"https:\\\/\\\/www.facebook.com\\\/people\\\/Loginfo24\\\/100057360583332\\\/\",\"https:\\\/\\\/www.linkedin.com\\\/company\\\/lofinfo24\\\/\"]},{\"@type\":\"Person\",\"@id\":\"https:\\\/\\\/loginfo24.com\\\/es\\\/#\\\/schema\\\/person\\\/41d36b5474b623392fa613e97e2363fa\",\"name\":\"Jeremy Soland\",\"url\":\"https:\\\/\\\/loginfo24.com\\\/es\\\/author\\\/jeremy\\\/\"}]}<\/script>\n<!-- \/ Yoast SEO plugin. -->","yoast_head_json":{"title":"Contargo ampl\u00eda su flota con 33 camiones el\u00e9ctricos - Loginfo24","robots":{"index":"index","follow":"follow","max-snippet":"max-snippet:-1","max-image-preview":"max-image-preview:large","max-video-preview":"max-video-preview:-1"},"canonical":"https:\/\/loginfo24.com\/es\/2026\/01\/23\/contargo-amplia-su-flota-con-33-camiones-electricos\/","og_locale":"es_ES","og_type":"article","og_title":"Contargo ampl\u00eda su flota con 33 camiones el\u00e9ctricos - Loginfo24","og_description":"Contargo ha ampliado su flota con 33 camiones DAF XD Electric, que ahora se utilizan en 15 ubicaciones en Alemania.","og_url":"https:\/\/loginfo24.com\/es\/2026\/01\/23\/contargo-amplia-su-flota-con-33-camiones-electricos\/","og_site_name":"Loginfo24","article_publisher":"https:\/\/www.facebook.com\/people\/Loginfo24\/100057360583332\/","article_published_time":"2026-01-23T08:49:40+00:00","og_image":[{"width":2560,"height":1441,"url":"https:\/\/loginfo24.com\/wp-content\/uploads\/sites\/7\/2026\/01\/Contargo_DAF_2-scaled-aspect-ratio-1400-788-scaled-1.jpg","type":"image\/jpeg"}],"author":"Jeremy Soland","twitter_card":"summary_large_image","twitter_misc":{"Escrito por":"Jeremy Soland","Tiempo de lectura":"1 minuto"},"schema":{"@context":"https:\/\/schema.org","@graph":[{"@type":"Article","@id":"https:\/\/loginfo24.com\/es\/2026\/01\/23\/contargo-amplia-su-flota-con-33-camiones-electricos\/#article","isPartOf":{"@id":"https:\/\/loginfo24.com\/es\/2026\/01\/23\/contargo-amplia-su-flota-con-33-camiones-electricos\/"},"author":{"name":"Jeremy Soland","@id":"https:\/\/loginfo24.com\/es\/#\/schema\/person\/41d36b5474b623392fa613e97e2363fa"},"headline":"Contargo ampl\u00eda su flota con 33 camiones el\u00e9ctricos","datePublished":"2026-01-23T08:49:40+00:00","mainEntityOfPage":{"@id":"https:\/\/loginfo24.com\/es\/2026\/01\/23\/contargo-amplia-su-flota-con-33-camiones-electricos\/"},"wordCount":203,"commentCount":0,"publisher":{"@id":"https:\/\/loginfo24.com\/es\/#organization"},"image":{"@id":"https:\/\/loginfo24.com\/es\/2026\/01\/23\/contargo-amplia-su-flota-con-33-camiones-electricos\/#primaryimage"},"thumbnailUrl":"https:\/\/loginfo24.com\/wp-content\/uploads\/sites\/7\/2026\/01\/Contargo_DAF_2-scaled-aspect-ratio-1400-788-scaled-1.jpg","keywords":["batterieelektrische Lkw","batteries lithium fer phosphate","battery electric vehicles","camions \u00e9lectriques","climate protection initiative","DAF XD Electric","d\u00e9carbonisation flotte de transport","decarbonization transport fleet","Dekarbonisierung Transportflotte","Deutsch Contargo","Digitalisierung Logistik","E-Lkw","eco-friendly transport solutions","electric motor power","electric tractor units","electric trucks","elektrische Sattelzugmaschinen","Elektromotoren Leistung","emission-free transport","emissionsfreie Transporte","Fachkr\u00e4ftemangel Logistik","fleet management","Flottenmanagement","Germany location","gestion de flotte","industrie du transport","infrastructure \u00e9lectromobilit\u00e9","infrastructure electromobility","Infrastruktur Elektromobilit\u00e4t","initiative de protection du climat","innovative transport technologies Fran\u00e7ais Contargo","innovative Transporttechnologien English Contargo","Klimaschutzinitiative","labor shortage logistics","lithium iron phosphate batteries","Lithium-Eisenphosphat-Batterien","localisation Allemagne","logistics digitalization","logistics service providers Germany","Logistikdienstleister Deutschland","logistique durable","nachhaltige Logistik","num\u00e9risation logistique","p\u00e9nurie de main-d'\u0153uvre logistique","prestataires de services logistiques Allemagne","puissance moteur \u00e9lectrique","solutions de transport \u00e9cologiques","Standort Deutschland","sustainable logistics","technologies de transport innovantes","transport industry","transport sans \u00e9missions","Transportwirtschaft","Umweltfreundliche Transportl\u00f6sungen","unit\u00e9s de tracteur \u00e9lectriques","v\u00e9hicules \u00e9lectriques \u00e0 batterie"],"articleSection":["Intermodal \/ Carretera"],"inLanguage":"es","potentialAction":[{"@type":"CommentAction","name":"Comment","target":["https:\/\/loginfo24.com\/es\/2026\/01\/23\/contargo-amplia-su-flota-con-33-camiones-electricos\/#respond"]}]},{"@type":"WebPage","@id":"https:\/\/loginfo24.com\/es\/2026\/01\/23\/contargo-amplia-su-flota-con-33-camiones-electricos\/","url":"https:\/\/loginfo24.com\/es\/2026\/01\/23\/contargo-amplia-su-flota-con-33-camiones-electricos\/","name":"Contargo ampl\u00eda su flota con 33 camiones el\u00e9ctricos - Loginfo24","isPartOf":{"@id":"https:\/\/loginfo24.com\/es\/#website"},"primaryImageOfPage":{"@id":"https:\/\/loginfo24.com\/es\/2026\/01\/23\/contargo-amplia-su-flota-con-33-camiones-electricos\/#primaryimage"},"image":{"@id":"https:\/\/loginfo24.com\/es\/2026\/01\/23\/contargo-amplia-su-flota-con-33-camiones-electricos\/#primaryimage"},"thumbnailUrl":"https:\/\/loginfo24.com\/wp-content\/uploads\/sites\/7\/2026\/01\/Contargo_DAF_2-scaled-aspect-ratio-1400-788-scaled-1.jpg","datePublished":"2026-01-23T08:49:40+00:00","breadcrumb":{"@id":"https:\/\/loginfo24.com\/es\/2026\/01\/23\/contargo-amplia-su-flota-con-33-camiones-electricos\/#breadcrumb"},"inLanguage":"es","potentialAction":[{"@type":"ReadAction","target":["https:\/\/loginfo24.com\/es\/2026\/01\/23\/contargo-amplia-su-flota-con-33-camiones-electricos\/"]}]},{"@type":"ImageObject","inLanguage":"es","@id":"https:\/\/loginfo24.com\/es\/2026\/01\/23\/contargo-amplia-su-flota-con-33-camiones-electricos\/#primaryimage","url":"https:\/\/loginfo24.com\/wp-content\/uploads\/sites\/7\/2026\/01\/Contargo_DAF_2-scaled-aspect-ratio-1400-788-scaled-1.jpg","contentUrl":"https:\/\/loginfo24.com\/wp-content\/uploads\/sites\/7\/2026\/01\/Contargo_DAF_2-scaled-aspect-ratio-1400-788-scaled-1.jpg","width":2560,"height":1441},{"@type":"BreadcrumbList","@id":"https:\/\/loginfo24.com\/es\/2026\/01\/23\/contargo-amplia-su-flota-con-33-camiones-electricos\/#breadcrumb","itemListElement":[{"@type":"ListItem","position":1,"name":"Startseite","item":"https:\/\/loginfo24.com\/es\/"},{"@type":"ListItem","position":2,"name":"Contargo ampl\u00eda su flota con 33 camiones el\u00e9ctricos"}]},{"@type":"WebSite","@id":"https:\/\/loginfo24.com\/es\/#website","url":"https:\/\/loginfo24.com\/es\/","name":"Loginfo24","description":"Loginfo24 es la plataforma dedicada a la log\u00edstica y las cadenas de suministro con informaci\u00f3n las 24 horas del d\u00eda.","publisher":{"@id":"https:\/\/loginfo24.com\/es\/#organization"},"potentialAction":[{"@type":"SearchAction","target":{"@type":"EntryPoint","urlTemplate":"https:\/\/loginfo24.com\/es\/?s={search_term_string}"},"query-input":{"@type":"PropertyValueSpecification","valueRequired":true,"valueName":"search_term_string"}}],"inLanguage":"es"},{"@type":"Organization","@id":"https:\/\/loginfo24.com\/es\/#organization","name":"Grupo Logismedia AG","url":"https:\/\/loginfo24.com\/es\/","logo":{"@type":"ImageObject","inLanguage":"es","@id":"https:\/\/loginfo24.com\/es\/#\/schema\/logo\/image\/","url":"https:\/\/loginfo24.com\/wp-content\/uploads\/sites\/7\/2026\/01\/Logo_LogInfo24.png","contentUrl":"https:\/\/loginfo24.com\/wp-content\/uploads\/sites\/7\/2026\/01\/Logo_LogInfo24.png","width":938,"height":351,"caption":"Grupo Logismedia AG"},"image":{"@id":"https:\/\/loginfo24.com\/es\/#\/schema\/logo\/image\/"},"sameAs":["https:\/\/www.facebook.com\/people\/Loginfo24\/100057360583332\/","https:\/\/www.linkedin.com\/company\/lofinfo24\/"]},{"@type":"Person","@id":"https:\/\/loginfo24.com\/es\/#\/schema\/person\/41d36b5474b623392fa613e97e2363fa","name":"Jeremy Soland","url":"https:\/\/loginfo24.com\/es\/author\/jeremy\/"}]}},"_links":{"self":[{"href":"https:\/\/loginfo24.com\/es\/wp-json\/wp\/v2\/posts\/73516","targetHints":{"allow":["GET"]}}],"collection":[{"href":"https:\/\/loginfo24.com\/es\/wp-json\/wp\/v2\/posts"}],"about":[{"href":"https:\/\/loginfo24.com\/es\/wp-json\/wp\/v2\/types\/post"}],"author":[{"embeddable":true,"href":"https:\/\/loginfo24.com\/es\/wp-json\/wp\/v2\/users\/10"}],"replies":[{"embeddable":true,"href":"https:\/\/loginfo24.com\/es\/wp-json\/wp\/v2\/comments?post=73516"}],"version-history":[{"count":0,"href":"https:\/\/loginfo24.com\/es\/wp-json\/wp\/v2\/posts\/73516\/revisions"}],"wp:featuredmedia":[{"embeddable":true,"href":"https:\/\/loginfo24.com\/es\/wp-json\/wp\/v2\/media\/73513"}],"wp:attachment":[{"href":"https:\/\/loginfo24.com\/es\/wp-json\/wp\/v2\/media?parent=73516"}],"wp:term":[{"taxonomy":"category","embeddable":true,"href":"https:\/\/loginfo24.com\/es\/wp-json\/wp\/v2\/categories?post=73516"},{"taxonomy":"post_tag","embeddable":true,"href":"https:\/\/loginfo24.com\/es\/wp-json\/wp\/v2\/tags?post=73516"}],"curies":[{"name":"wp","href":"https:\/\/api.w.org\/{rel}","templated":true}]}}