{"id":73486,"date":"2026-01-22T10:20:46","date_gmt":"2026-01-22T10:20:46","guid":{"rendered":"https:\/\/loginfo24.brand-architecture.at\/2026\/01\/22\/cambio-de-liderazgo-en-zetes\/"},"modified":"2026-01-22T10:20:46","modified_gmt":"2026-01-22T10:20:46","slug":"cambio-de-liderazgo-en-zetes","status":"publish","type":"post","link":"https:\/\/loginfo24.com\/es\/2026\/01\/22\/cambio-de-liderazgo-en-zetes\/","title":{"rendered":"Cambio de liderazgo en Zetes"},"content":{"rendered":"<p>Pierre Lambert (izquierda), el actual CEO de Zetes, ser\u00e1 reemplazado por Ronny Depoortere a partir del 1 de abril de 2026. Lambert, que ha estado en la empresa durante m\u00e1s de 20 a\u00f1os, ha contribuido significativamente al desarrollo de la empresa en su tiempo como CFO y luego como CEO. En un comunicado, expres\u00f3 que ha sido un honor desarrollar Zetes en los \u00faltimos 25 a\u00f1os y liderar los \u00faltimos cuatro a\u00f1os como CEO. Subray\u00f3 que tiene gran confianza en Depoortere y que espera apoyarlo en su nuevo papel como presidente no ejecutivo del consejo de Zetes.<\/p>\n<p>Ronny Depoortere aporta m\u00e1s de 30 a\u00f1os de experiencia en el campo de la tecnolog\u00eda de la informaci\u00f3n y la comunicaci\u00f3n (TIC), casi 25 de los cuales se han centrado en la identidad ciudadana. Se uni\u00f3 a la empresa en 2002 para fundar la divisi\u00f3n People ID y fue vicepresidente senior de esta divisi\u00f3n durante casi 20 a\u00f1os. En abril de 2022, fue nombrado presidente y miembro del consejo. Con una formaci\u00f3n acad\u00e9mica en ingenier\u00eda el\u00e9ctrica, administraci\u00f3n de empresas y derecho corporativo, ha desarrollado la divisi\u00f3n de identidad de personas de Zetes en un negocio reconocido internacionalmente. Depoortere expres\u00f3 que se siente honrado de suceder a Lambert y espera colaborar con el equipo de liderazgo y los empleados para dar forma a la pr\u00f3xima fase de la empresa.<\/p>\n<h3>Cambios en el consejo y la estructura empresarial<\/h3>\n<p>Adem\u00e1s de los cambios en la direcci\u00f3n, Satoshi Mizobata renunciar\u00e1 como presidente del consejo de Zetes en junio de 2026, tras cinco a\u00f1os en el cargo. Bart Crols asumir\u00e1 el cargo de presidente de la divisi\u00f3n People ID el 1 de abril de 2026, sucediendo a Depoortere. Tiago Concei\u00e7\u00e3o, quien fue nombrado presidente de la divisi\u00f3n Goods ID en abril de 2025, continuar\u00e1 en esta posici\u00f3n. Jo\u00ebl Criqui fue nombrado CFO del grupo en enero de 2026 y se uni\u00f3 al equipo de liderazgo de Zetes.<\/p>\n<p>Zetes es una empresa de tecnolog\u00eda con sede en Bruselas que se especializa en soluciones para optimizar cadenas de suministro y en la identificaci\u00f3n de ciudadanos. La empresa emplea a m\u00e1s de 1,300 personas en 23 pa\u00edses de la regi\u00f3n EMEA y se convirti\u00f3 en una subsidiaria de Panasonic Corporation en 2017. En 2024, Zetes adquiri\u00f3 una participaci\u00f3n del 50 por ciento en la empresa danesa Robotize, un fabricante l\u00edder de robots m\u00f3viles aut\u00f3nomos.<\/p>\n<p>&nbsp;<\/p>\n<p><a href=\"https:\/\/www.zetes.com\/\" target=\"_blank\" rel=\"noopener noreferrer\">www.zetes.com<\/a><\/p>\n<p>&nbsp;<\/p>\n","protected":false},"excerpt":{"rendered":"<p>Pierre Lambert ser\u00e1 reemplazado por Ronny Depoortere como CEO de Zetes el 1 de abril de 2026, despu\u00e9s de haber influido en la empresa durante 25 a\u00f1os.<\/p>\n","protected":false},"author":12,"featured_media":73483,"comment_status":"open","ping_status":"open","sticky":false,"template":"","format":"standard","meta":{"_acf_changed":false,"footnotes":""},"categories":[1603,1605],"tags":[6461,6462,6463,6464,6465,6466,6467,6468,6469,6470,2211,2212,6471,6472,4114,6473,6474,6475,6476,6477,6478,6479,6480,6481,6482,6483,6484,5733,6485,4784,6486,6487,6488,6489,6490,6491,4140,6492,6493,6494,5424,6495,6496,5748,5430,6497,6498,6499,2242,6500,6501],"class_list":["post-73486","post","type-post","status-publish","format-standard","has-post-thumbnail","hentry","category-personas-y-empresas","category-expedicion-y-logistica","tag-autonome-mobile-roboter","tag-autonomous-mobile-robots","tag-board-zetes","tag-buergeridentifikation","tag-ceo-zetes","tag-changement-de-direction-zetes","tag-citizen-identification","tag-conseil-zetes","tag-corporate-structure-zetes","tag-deutsch-zetes","tag-digital-transformation","tag-digitale-transformation","tag-division-goods-id","tag-division-people-id","tag-emea-region","tag-employees-zetes","tag-employes-zetes","tag-entreprise-technologique-bruxelles","tag-fachkraeftemangel-ikt","tag-filiale-de-panasonic-corporation","tag-fuehrungswechsel-zetes","tag-goods-id-division-english-zetes","tag-goods-id-division-francais-zetes","tag-identification-des-citoyens","tag-information-and-communication-technology","tag-informations-und-kommunikationstechnologie","tag-leadership-change-zetes","tag-lieferkettenoptimierung","tag-mitarbeiter-zetes","tag-optimisation-de-la-chaine-dapprovisionnement","tag-panasonic-corporation-subsidiary","tag-panasonic-corporation-tochtergesellschaft","tag-pdg-zetes","tag-penurie-de-competences-tic","tag-people-id-division","tag-pierre-lambert","tag-region-emea","tag-robots-mobiles-autonomes","tag-ronny-depoortere","tag-skills-shortage-ict","tag-solutions-de-chaine-dapprovisionnement","tag-structure-dentreprise-zetes","tag-supply-chain-loesungen","tag-supply-chain-optimization","tag-supply-chain-solutions","tag-technologies-de-linformation-et-de-la-communication","tag-technologieunternehmen-bruessel","tag-technology-company-brussels","tag-transformation-numerique","tag-unternehmensstruktur-zetes","tag-vorstand-zetes"],"acf":[],"yoast_head":"<!-- This site is optimized with the Yoast SEO plugin v27.3 - https:\/\/yoast.com\/product\/yoast-seo-wordpress\/ -->\n<title>Cambio de liderazgo en Zetes - Loginfo24<\/title>\n<meta name=\"robots\" content=\"index, follow, max-snippet:-1, max-image-preview:large, max-video-preview:-1\" \/>\n<link rel=\"canonical\" href=\"https:\/\/loginfo24.com\/es\/2026\/01\/22\/cambio-de-liderazgo-en-zetes\/\" \/>\n<meta property=\"og:locale\" content=\"es_ES\" \/>\n<meta property=\"og:type\" content=\"article\" \/>\n<meta property=\"og:title\" content=\"Cambio de liderazgo en Zetes - Loginfo24\" \/>\n<meta property=\"og:description\" content=\"Pierre Lambert ser\u00e1 reemplazado por Ronny Depoortere como CEO de Zetes el 1 de abril de 2026, despu\u00e9s de haber influido en la empresa durante 25 a\u00f1os.\" \/>\n<meta property=\"og:url\" content=\"https:\/\/loginfo24.com\/es\/2026\/01\/22\/cambio-de-liderazgo-en-zetes\/\" \/>\n<meta property=\"og:site_name\" content=\"Loginfo24\" \/>\n<meta property=\"article:publisher\" content=\"https:\/\/www.facebook.com\/people\/Loginfo24\/100057360583332\/\" \/>\n<meta property=\"article:published_time\" content=\"2026-01-22T10:20:46+00:00\" \/>\n<meta property=\"og:image\" content=\"https:\/\/loginfo24.com\/wp-content\/uploads\/sites\/7\/2026\/01\/2026_01_13-Zetes-82_low-aspect-ratio-1400-788.jpg\" \/>\n\t<meta property=\"og:image:width\" content=\"1192\" \/>\n\t<meta property=\"og:image:height\" content=\"671\" \/>\n\t<meta property=\"og:image:type\" content=\"image\/jpeg\" \/>\n<meta name=\"author\" content=\"Andreas Haug\" \/>\n<meta name=\"twitter:card\" content=\"summary_large_image\" \/>\n<meta name=\"twitter:label1\" content=\"Escrito por\" \/>\n\t<meta name=\"twitter:data1\" content=\"Andreas Haug\" \/>\n\t<meta name=\"twitter:label2\" content=\"Tiempo de lectura\" \/>\n\t<meta name=\"twitter:data2\" content=\"2 minuto\" \/>\n<script type=\"application\/ld+json\" class=\"yoast-schema-graph\">{\"@context\":\"https:\\\/\\\/schema.org\",\"@graph\":[{\"@type\":\"Article\",\"@id\":\"https:\\\/\\\/loginfo24.com\\\/es\\\/2026\\\/01\\\/22\\\/cambio-de-liderazgo-en-zetes\\\/#article\",\"isPartOf\":{\"@id\":\"https:\\\/\\\/loginfo24.com\\\/es\\\/2026\\\/01\\\/22\\\/cambio-de-liderazgo-en-zetes\\\/\"},\"author\":{\"name\":\"Andreas Haug\",\"@id\":\"https:\\\/\\\/loginfo24.com\\\/es\\\/#\\\/schema\\\/person\\\/cf538b3157f15afd7589245a4b3dbd25\"},\"headline\":\"Cambio de liderazgo en Zetes\",\"datePublished\":\"2026-01-22T10:20:46+00:00\",\"mainEntityOfPage\":{\"@id\":\"https:\\\/\\\/loginfo24.com\\\/es\\\/2026\\\/01\\\/22\\\/cambio-de-liderazgo-en-zetes\\\/\"},\"wordCount\":420,\"commentCount\":0,\"publisher\":{\"@id\":\"https:\\\/\\\/loginfo24.com\\\/es\\\/#organization\"},\"image\":{\"@id\":\"https:\\\/\\\/loginfo24.com\\\/es\\\/2026\\\/01\\\/22\\\/cambio-de-liderazgo-en-zetes\\\/#primaryimage\"},\"thumbnailUrl\":\"https:\\\/\\\/loginfo24.com\\\/wp-content\\\/uploads\\\/sites\\\/7\\\/2026\\\/01\\\/2026_01_13-Zetes-82_low-aspect-ratio-1400-788.jpg\",\"keywords\":[\"autonome mobile Roboter\",\"autonomous mobile robots\",\"board Zetes\",\"B\u00fcrgeridentifikation\",\"CEO Zetes\",\"changement de direction Zetes\",\"citizen identification\",\"conseil Zetes\",\"corporate structure Zetes\",\"Deutsch Zetes\",\"digital transformation\",\"digitale Transformation\",\"division Goods ID\",\"division People ID\",\"EMEA-Region\",\"employees Zetes\",\"employ\u00e9s Zetes\",\"entreprise technologique Bruxelles\",\"Fachkr\u00e4ftemangel IKT\",\"filiale de Panasonic Corporation\",\"F\u00fchrungswechsel Zetes\",\"Goods ID Division English Zetes\",\"Goods ID Division Fran\u00e7ais Zetes\",\"identification des citoyens\",\"information and communication technology\",\"Informations- und Kommunikationstechnologie\",\"leadership change Zetes\",\"Lieferkettenoptimierung\",\"Mitarbeiter Zetes\",\"optimisation de la cha\u00eene d'approvisionnement\",\"Panasonic Corporation subsidiary\",\"Panasonic Corporation Tochtergesellschaft\",\"PDG Zetes\",\"p\u00e9nurie de comp\u00e9tences TIC\",\"People ID Division\",\"Pierre Lambert\",\"r\u00e9gion EMEA\",\"robots mobiles autonomes\",\"Ronny Depoortere\",\"skills shortage ICT\",\"solutions de cha\u00eene d'approvisionnement\",\"structure d'entreprise Zetes\",\"Supply Chain L\u00f6sungen\",\"supply chain optimization\",\"supply chain solutions\",\"technologies de l'information et de la communication\",\"Technologieunternehmen Br\u00fcssel\",\"technology company Brussels\",\"transformation num\u00e9rique\",\"Unternehmensstruktur Zetes\",\"Vorstand Zetes\"],\"articleSection\":[\"Personas y empresas\",\"Transporte de mercanc\u00edas y log\u00edstica\"],\"inLanguage\":\"es\",\"potentialAction\":[{\"@type\":\"CommentAction\",\"name\":\"Comment\",\"target\":[\"https:\\\/\\\/loginfo24.com\\\/es\\\/2026\\\/01\\\/22\\\/cambio-de-liderazgo-en-zetes\\\/#respond\"]}]},{\"@type\":\"WebPage\",\"@id\":\"https:\\\/\\\/loginfo24.com\\\/es\\\/2026\\\/01\\\/22\\\/cambio-de-liderazgo-en-zetes\\\/\",\"url\":\"https:\\\/\\\/loginfo24.com\\\/es\\\/2026\\\/01\\\/22\\\/cambio-de-liderazgo-en-zetes\\\/\",\"name\":\"Cambio de liderazgo en Zetes - Loginfo24\",\"isPartOf\":{\"@id\":\"https:\\\/\\\/loginfo24.com\\\/es\\\/#website\"},\"primaryImageOfPage\":{\"@id\":\"https:\\\/\\\/loginfo24.com\\\/es\\\/2026\\\/01\\\/22\\\/cambio-de-liderazgo-en-zetes\\\/#primaryimage\"},\"image\":{\"@id\":\"https:\\\/\\\/loginfo24.com\\\/es\\\/2026\\\/01\\\/22\\\/cambio-de-liderazgo-en-zetes\\\/#primaryimage\"},\"thumbnailUrl\":\"https:\\\/\\\/loginfo24.com\\\/wp-content\\\/uploads\\\/sites\\\/7\\\/2026\\\/01\\\/2026_01_13-Zetes-82_low-aspect-ratio-1400-788.jpg\",\"datePublished\":\"2026-01-22T10:20:46+00:00\",\"breadcrumb\":{\"@id\":\"https:\\\/\\\/loginfo24.com\\\/es\\\/2026\\\/01\\\/22\\\/cambio-de-liderazgo-en-zetes\\\/#breadcrumb\"},\"inLanguage\":\"es\",\"potentialAction\":[{\"@type\":\"ReadAction\",\"target\":[\"https:\\\/\\\/loginfo24.com\\\/es\\\/2026\\\/01\\\/22\\\/cambio-de-liderazgo-en-zetes\\\/\"]}]},{\"@type\":\"ImageObject\",\"inLanguage\":\"es\",\"@id\":\"https:\\\/\\\/loginfo24.com\\\/es\\\/2026\\\/01\\\/22\\\/cambio-de-liderazgo-en-zetes\\\/#primaryimage\",\"url\":\"https:\\\/\\\/loginfo24.com\\\/wp-content\\\/uploads\\\/sites\\\/7\\\/2026\\\/01\\\/2026_01_13-Zetes-82_low-aspect-ratio-1400-788.jpg\",\"contentUrl\":\"https:\\\/\\\/loginfo24.com\\\/wp-content\\\/uploads\\\/sites\\\/7\\\/2026\\\/01\\\/2026_01_13-Zetes-82_low-aspect-ratio-1400-788.jpg\",\"width\":1192,\"height\":671},{\"@type\":\"BreadcrumbList\",\"@id\":\"https:\\\/\\\/loginfo24.com\\\/es\\\/2026\\\/01\\\/22\\\/cambio-de-liderazgo-en-zetes\\\/#breadcrumb\",\"itemListElement\":[{\"@type\":\"ListItem\",\"position\":1,\"name\":\"Startseite\",\"item\":\"https:\\\/\\\/loginfo24.com\\\/es\\\/\"},{\"@type\":\"ListItem\",\"position\":2,\"name\":\"Cambio de liderazgo en Zetes\"}]},{\"@type\":\"WebSite\",\"@id\":\"https:\\\/\\\/loginfo24.com\\\/es\\\/#website\",\"url\":\"https:\\\/\\\/loginfo24.com\\\/es\\\/\",\"name\":\"Loginfo24\",\"description\":\"Loginfo24 es la plataforma dedicada a la log\u00edstica y las cadenas de suministro con informaci\u00f3n las 24 horas del d\u00eda.\",\"publisher\":{\"@id\":\"https:\\\/\\\/loginfo24.com\\\/es\\\/#organization\"},\"potentialAction\":[{\"@type\":\"SearchAction\",\"target\":{\"@type\":\"EntryPoint\",\"urlTemplate\":\"https:\\\/\\\/loginfo24.com\\\/es\\\/?s={search_term_string}\"},\"query-input\":{\"@type\":\"PropertyValueSpecification\",\"valueRequired\":true,\"valueName\":\"search_term_string\"}}],\"inLanguage\":\"es\"},{\"@type\":\"Organization\",\"@id\":\"https:\\\/\\\/loginfo24.com\\\/es\\\/#organization\",\"name\":\"Grupo Logismedia AG\",\"url\":\"https:\\\/\\\/loginfo24.com\\\/es\\\/\",\"logo\":{\"@type\":\"ImageObject\",\"inLanguage\":\"es\",\"@id\":\"https:\\\/\\\/loginfo24.com\\\/es\\\/#\\\/schema\\\/logo\\\/image\\\/\",\"url\":\"https:\\\/\\\/loginfo24.com\\\/wp-content\\\/uploads\\\/sites\\\/7\\\/2026\\\/01\\\/Logo_LogInfo24.png\",\"contentUrl\":\"https:\\\/\\\/loginfo24.com\\\/wp-content\\\/uploads\\\/sites\\\/7\\\/2026\\\/01\\\/Logo_LogInfo24.png\",\"width\":938,\"height\":351,\"caption\":\"Grupo Logismedia AG\"},\"image\":{\"@id\":\"https:\\\/\\\/loginfo24.com\\\/es\\\/#\\\/schema\\\/logo\\\/image\\\/\"},\"sameAs\":[\"https:\\\/\\\/www.facebook.com\\\/people\\\/Loginfo24\\\/100057360583332\\\/\",\"https:\\\/\\\/www.linkedin.com\\\/company\\\/lofinfo24\\\/\"]},{\"@type\":\"Person\",\"@id\":\"https:\\\/\\\/loginfo24.com\\\/es\\\/#\\\/schema\\\/person\\\/cf538b3157f15afd7589245a4b3dbd25\",\"name\":\"Andreas Haug\",\"url\":\"https:\\\/\\\/loginfo24.com\\\/es\\\/author\\\/andreas\\\/\"}]}<\/script>\n<!-- \/ Yoast SEO plugin. -->","yoast_head_json":{"title":"Cambio de liderazgo en Zetes - Loginfo24","robots":{"index":"index","follow":"follow","max-snippet":"max-snippet:-1","max-image-preview":"max-image-preview:large","max-video-preview":"max-video-preview:-1"},"canonical":"https:\/\/loginfo24.com\/es\/2026\/01\/22\/cambio-de-liderazgo-en-zetes\/","og_locale":"es_ES","og_type":"article","og_title":"Cambio de liderazgo en Zetes - Loginfo24","og_description":"Pierre Lambert ser\u00e1 reemplazado por Ronny Depoortere como CEO de Zetes el 1 de abril de 2026, despu\u00e9s de haber influido en la empresa durante 25 a\u00f1os.","og_url":"https:\/\/loginfo24.com\/es\/2026\/01\/22\/cambio-de-liderazgo-en-zetes\/","og_site_name":"Loginfo24","article_publisher":"https:\/\/www.facebook.com\/people\/Loginfo24\/100057360583332\/","article_published_time":"2026-01-22T10:20:46+00:00","og_image":[{"width":1192,"height":671,"url":"https:\/\/loginfo24.com\/wp-content\/uploads\/sites\/7\/2026\/01\/2026_01_13-Zetes-82_low-aspect-ratio-1400-788.jpg","type":"image\/jpeg"}],"author":"Andreas Haug","twitter_card":"summary_large_image","twitter_misc":{"Escrito por":"Andreas Haug","Tiempo de lectura":"2 minuto"},"schema":{"@context":"https:\/\/schema.org","@graph":[{"@type":"Article","@id":"https:\/\/loginfo24.com\/es\/2026\/01\/22\/cambio-de-liderazgo-en-zetes\/#article","isPartOf":{"@id":"https:\/\/loginfo24.com\/es\/2026\/01\/22\/cambio-de-liderazgo-en-zetes\/"},"author":{"name":"Andreas Haug","@id":"https:\/\/loginfo24.com\/es\/#\/schema\/person\/cf538b3157f15afd7589245a4b3dbd25"},"headline":"Cambio de liderazgo en Zetes","datePublished":"2026-01-22T10:20:46+00:00","mainEntityOfPage":{"@id":"https:\/\/loginfo24.com\/es\/2026\/01\/22\/cambio-de-liderazgo-en-zetes\/"},"wordCount":420,"commentCount":0,"publisher":{"@id":"https:\/\/loginfo24.com\/es\/#organization"},"image":{"@id":"https:\/\/loginfo24.com\/es\/2026\/01\/22\/cambio-de-liderazgo-en-zetes\/#primaryimage"},"thumbnailUrl":"https:\/\/loginfo24.com\/wp-content\/uploads\/sites\/7\/2026\/01\/2026_01_13-Zetes-82_low-aspect-ratio-1400-788.jpg","keywords":["autonome mobile Roboter","autonomous mobile robots","board Zetes","B\u00fcrgeridentifikation","CEO Zetes","changement de direction Zetes","citizen identification","conseil Zetes","corporate structure Zetes","Deutsch Zetes","digital transformation","digitale Transformation","division Goods ID","division People ID","EMEA-Region","employees Zetes","employ\u00e9s Zetes","entreprise technologique Bruxelles","Fachkr\u00e4ftemangel IKT","filiale de Panasonic Corporation","F\u00fchrungswechsel Zetes","Goods ID Division English Zetes","Goods ID Division Fran\u00e7ais Zetes","identification des citoyens","information and communication technology","Informations- und Kommunikationstechnologie","leadership change Zetes","Lieferkettenoptimierung","Mitarbeiter Zetes","optimisation de la cha\u00eene d'approvisionnement","Panasonic Corporation subsidiary","Panasonic Corporation Tochtergesellschaft","PDG Zetes","p\u00e9nurie de comp\u00e9tences TIC","People ID Division","Pierre Lambert","r\u00e9gion EMEA","robots mobiles autonomes","Ronny Depoortere","skills shortage ICT","solutions de cha\u00eene d'approvisionnement","structure d'entreprise Zetes","Supply Chain L\u00f6sungen","supply chain optimization","supply chain solutions","technologies de l'information et de la communication","Technologieunternehmen Br\u00fcssel","technology company Brussels","transformation num\u00e9rique","Unternehmensstruktur Zetes","Vorstand Zetes"],"articleSection":["Personas y empresas","Transporte de mercanc\u00edas y log\u00edstica"],"inLanguage":"es","potentialAction":[{"@type":"CommentAction","name":"Comment","target":["https:\/\/loginfo24.com\/es\/2026\/01\/22\/cambio-de-liderazgo-en-zetes\/#respond"]}]},{"@type":"WebPage","@id":"https:\/\/loginfo24.com\/es\/2026\/01\/22\/cambio-de-liderazgo-en-zetes\/","url":"https:\/\/loginfo24.com\/es\/2026\/01\/22\/cambio-de-liderazgo-en-zetes\/","name":"Cambio de liderazgo en Zetes - Loginfo24","isPartOf":{"@id":"https:\/\/loginfo24.com\/es\/#website"},"primaryImageOfPage":{"@id":"https:\/\/loginfo24.com\/es\/2026\/01\/22\/cambio-de-liderazgo-en-zetes\/#primaryimage"},"image":{"@id":"https:\/\/loginfo24.com\/es\/2026\/01\/22\/cambio-de-liderazgo-en-zetes\/#primaryimage"},"thumbnailUrl":"https:\/\/loginfo24.com\/wp-content\/uploads\/sites\/7\/2026\/01\/2026_01_13-Zetes-82_low-aspect-ratio-1400-788.jpg","datePublished":"2026-01-22T10:20:46+00:00","breadcrumb":{"@id":"https:\/\/loginfo24.com\/es\/2026\/01\/22\/cambio-de-liderazgo-en-zetes\/#breadcrumb"},"inLanguage":"es","potentialAction":[{"@type":"ReadAction","target":["https:\/\/loginfo24.com\/es\/2026\/01\/22\/cambio-de-liderazgo-en-zetes\/"]}]},{"@type":"ImageObject","inLanguage":"es","@id":"https:\/\/loginfo24.com\/es\/2026\/01\/22\/cambio-de-liderazgo-en-zetes\/#primaryimage","url":"https:\/\/loginfo24.com\/wp-content\/uploads\/sites\/7\/2026\/01\/2026_01_13-Zetes-82_low-aspect-ratio-1400-788.jpg","contentUrl":"https:\/\/loginfo24.com\/wp-content\/uploads\/sites\/7\/2026\/01\/2026_01_13-Zetes-82_low-aspect-ratio-1400-788.jpg","width":1192,"height":671},{"@type":"BreadcrumbList","@id":"https:\/\/loginfo24.com\/es\/2026\/01\/22\/cambio-de-liderazgo-en-zetes\/#breadcrumb","itemListElement":[{"@type":"ListItem","position":1,"name":"Startseite","item":"https:\/\/loginfo24.com\/es\/"},{"@type":"ListItem","position":2,"name":"Cambio de liderazgo en Zetes"}]},{"@type":"WebSite","@id":"https:\/\/loginfo24.com\/es\/#website","url":"https:\/\/loginfo24.com\/es\/","name":"Loginfo24","description":"Loginfo24 es la plataforma dedicada a la log\u00edstica y las cadenas de suministro con informaci\u00f3n las 24 horas del d\u00eda.","publisher":{"@id":"https:\/\/loginfo24.com\/es\/#organization"},"potentialAction":[{"@type":"SearchAction","target":{"@type":"EntryPoint","urlTemplate":"https:\/\/loginfo24.com\/es\/?s={search_term_string}"},"query-input":{"@type":"PropertyValueSpecification","valueRequired":true,"valueName":"search_term_string"}}],"inLanguage":"es"},{"@type":"Organization","@id":"https:\/\/loginfo24.com\/es\/#organization","name":"Grupo Logismedia AG","url":"https:\/\/loginfo24.com\/es\/","logo":{"@type":"ImageObject","inLanguage":"es","@id":"https:\/\/loginfo24.com\/es\/#\/schema\/logo\/image\/","url":"https:\/\/loginfo24.com\/wp-content\/uploads\/sites\/7\/2026\/01\/Logo_LogInfo24.png","contentUrl":"https:\/\/loginfo24.com\/wp-content\/uploads\/sites\/7\/2026\/01\/Logo_LogInfo24.png","width":938,"height":351,"caption":"Grupo Logismedia AG"},"image":{"@id":"https:\/\/loginfo24.com\/es\/#\/schema\/logo\/image\/"},"sameAs":["https:\/\/www.facebook.com\/people\/Loginfo24\/100057360583332\/","https:\/\/www.linkedin.com\/company\/lofinfo24\/"]},{"@type":"Person","@id":"https:\/\/loginfo24.com\/es\/#\/schema\/person\/cf538b3157f15afd7589245a4b3dbd25","name":"Andreas Haug","url":"https:\/\/loginfo24.com\/es\/author\/andreas\/"}]}},"_links":{"self":[{"href":"https:\/\/loginfo24.com\/es\/wp-json\/wp\/v2\/posts\/73486","targetHints":{"allow":["GET"]}}],"collection":[{"href":"https:\/\/loginfo24.com\/es\/wp-json\/wp\/v2\/posts"}],"about":[{"href":"https:\/\/loginfo24.com\/es\/wp-json\/wp\/v2\/types\/post"}],"author":[{"embeddable":true,"href":"https:\/\/loginfo24.com\/es\/wp-json\/wp\/v2\/users\/12"}],"replies":[{"embeddable":true,"href":"https:\/\/loginfo24.com\/es\/wp-json\/wp\/v2\/comments?post=73486"}],"version-history":[{"count":0,"href":"https:\/\/loginfo24.com\/es\/wp-json\/wp\/v2\/posts\/73486\/revisions"}],"wp:featuredmedia":[{"embeddable":true,"href":"https:\/\/loginfo24.com\/es\/wp-json\/wp\/v2\/media\/73483"}],"wp:attachment":[{"href":"https:\/\/loginfo24.com\/es\/wp-json\/wp\/v2\/media?parent=73486"}],"wp:term":[{"taxonomy":"category","embeddable":true,"href":"https:\/\/loginfo24.com\/es\/wp-json\/wp\/v2\/categories?post=73486"},{"taxonomy":"post_tag","embeddable":true,"href":"https:\/\/loginfo24.com\/es\/wp-json\/wp\/v2\/tags?post=73486"}],"curies":[{"name":"wp","href":"https:\/\/api.w.org\/{rel}","templated":true}]}}