{"id":73471,"date":"2026-01-22T09:58:05","date_gmt":"2026-01-22T09:58:05","guid":{"rendered":"https:\/\/loginfo24.brand-architecture.at\/2026\/01\/22\/cambio-en-la-direccion-de-ctd\/"},"modified":"2026-01-22T11:06:06","modified_gmt":"2026-01-22T10:06:06","slug":"cambio-en-la-direccion-de-ctd","status":"publish","type":"post","link":"https:\/\/loginfo24.com\/es\/2026\/01\/22\/cambio-en-la-direccion-de-ctd\/","title":{"rendered":"Cambio en la direcci\u00f3n de CTD"},"content":{"rendered":"<p>Torsten Sch\u00fctte se ha jubilado a finales de 2025 tras dos d\u00e9cadas como director general de Container Terminal Dortmund GmbH. Durante este tiempo, ha influido decisivamente en la empresa y la ha desarrollado estrat\u00e9gicamente. Bajo su direcci\u00f3n, la terminal de contenedores ha podido ampliar su papel como un importante punto log\u00edstico en Dortmund.<\/p>\n<h3>Michael Kirschner asume la direcci\u00f3n general<\/h3>\n<p>A partir del 1 de enero de 2026, Michael Kirschner asumir\u00e1 la direcci\u00f3n general de Container Terminal Dortmund GmbH. Kirschner aporta 30 a\u00f1os de experiencia en el \u00e1mbito de terminales de contenedores y en el transporte combinado. Su amplio conocimiento del sector y su experiencia en liderazgo contribuir\u00e1n al desarrollo continuo de la empresa. \u201cEstoy muy emocionado por esta nueva tarea y por poder posicionar a Container Terminal Dortmund GmbH junto con los excelentes y experimentados empleados para los desaf\u00edos del futuro\u201d, expres\u00f3 Kirschner.<\/p>\n<p>Bettina Brennenstuhl, miembro del consejo de Dortmund Hafen AG y presidenta del consejo de Container Terminal Dortmund GmbH, elogi\u00f3 el compromiso de Sch\u00fctte y las decisiones tomadas en los \u00faltimos a\u00f1os. Subray\u00f3 la importancia de Kirschner como experto del sector y los pasos planeados para el desarrollo de las terminales. \u201cCon \u00e9l, impulsaremos el desarrollo de nuestras terminales, las haremos m\u00e1s digitales y competitivas, y as\u00ed fortaleceremos a\u00fan m\u00e1s el punto log\u00edstico de Dortmund\u201d, afirm\u00f3 Brennenstuhl.<\/p>\n<p>Container Terminal Dortmund GmbH opera en el puerto de Dortmund dos terminales en una superficie total de 145,000 m\u00b2 y emplea a alrededor de 70 personas.<\/p>\n<p>&nbsp;<\/p>\n<p><a href=\"https:\/\/www.ctddortmund.de\/\" target=\"_blank\" rel=\"noopener noreferrer\">www.ctddortmund.de<\/a><\/p>\n<p>&nbsp;<\/p>\n","protected":false},"excerpt":{"rendered":"<p>Torsten Sch\u00fctte se retira tras 20 a\u00f1os como director general de Container Terminal Dortmund GmbH, mientras que Michael Kirschner asumir\u00e1 la direcci\u00f3n a partir de 2026.<\/p>\n","protected":false},"author":12,"featured_media":73468,"comment_status":"open","ping_status":"open","sticky":false,"template":"","format":"standard","meta":{"_acf_changed":false,"footnotes":""},"categories":[1604,1607,1603],"tags":[6430,6431,6432,6433,6434,6435,6436,6437,6438,2115,2116,6439,6440,2213,2700,6441,2123,6442,2910,6443,6444,2913,6445,6446,6447,2918,2133,2135,1831,6448,6449,2622,6450,1800,3157,6451,2720,6452,6453,2148,6454,6455,2106,2641,6456,6457,6458,6459,2297,2930,1837,6460],"class_list":["post-73471","post","type-post","status-publish","format-standard","has-post-thumbnail","hentry","category-intermodal-carretera","category-navegacion-y-puertos","category-personas-y-empresas","tag-ag-port-de-dortmund","tag-business-management-logistics-francais-terminal-a-conteneurs-dortmund","tag-container-logistics","tag-container-terminals-germany","tag-containerlogistik","tag-containerterminals-deutschland","tag-deutsch-container-terminal-dortmund","tag-developpement-des-terminaux","tag-developpement-strategique-des-entreprises","tag-digitalisierung-in-der-logistik","tag-digitalization-in-logistics","tag-dortmund-port-ag","tag-dortmunder-hafen-ag","tag-economie-du-transport","tag-fachkraeftemangel-in-der-logistik","tag-gestion-dentreprise-logistique","tag-gestion-de-la-chaine-dapprovisionnement","tag-hafenbetrieb-dortmund","tag-industrie-logistique","tag-infrastructure-dortmund","tag-infrastruktur-dortmund","tag-intermodal-transport","tag-kombinierter-verkehr","tag-labor-shortage-in-logistics","tag-logistics-hub-dortmund","tag-logistics-industry","tag-logistics-service-providers","tag-logistikbranche","tag-logistikdienstleister","tag-logistikstandort-dortmund","tag-logistique-de-conteneurs","tag-logistique-durable","tag-michael-kirschner","tag-nachhaltige-logistik","tag-numerisation-dans-la-logistique","tag-operations-portuaires-dortmund","tag-penurie-de-main-doeuvre-dans-la-logistique","tag-pole-logistique-dortmund","tag-port-operations-dortmund","tag-prestataires-de-services-logistiques","tag-strategic-business-development","tag-strategische-unternehmensentwicklung","tag-supply-chain-management","tag-sustainable-logistics","tag-terminal-development","tag-terminalweiterentwicklung","tag-terminaux-a-conteneurs-allemagne","tag-torsten-schuette","tag-transport-economy","tag-transport-intermodal","tag-transportwirtschaft","tag-unternehmensfuehrung-logistik-english-container-terminal-dortmund"],"acf":[],"yoast_head":"<!-- This site is optimized with the Yoast SEO plugin v27.3 - https:\/\/yoast.com\/product\/yoast-seo-wordpress\/ -->\n<title>Cambio en la direcci\u00f3n de CTD - Loginfo24<\/title>\n<meta name=\"robots\" content=\"index, follow, max-snippet:-1, max-image-preview:large, max-video-preview:-1\" \/>\n<link rel=\"canonical\" href=\"https:\/\/loginfo24.com\/es\/2026\/01\/22\/cambio-en-la-direccion-de-ctd\/\" \/>\n<meta property=\"og:locale\" content=\"es_ES\" \/>\n<meta property=\"og:type\" content=\"article\" \/>\n<meta property=\"og:title\" content=\"Cambio en la direcci\u00f3n de CTD - Loginfo24\" \/>\n<meta property=\"og:description\" content=\"Torsten Sch\u00fctte se retira tras 20 a\u00f1os como director general de Container Terminal Dortmund GmbH, mientras que Michael Kirschner asumir\u00e1 la direcci\u00f3n a partir de 2026.\" \/>\n<meta property=\"og:url\" content=\"https:\/\/loginfo24.com\/es\/2026\/01\/22\/cambio-en-la-direccion-de-ctd\/\" \/>\n<meta property=\"og:site_name\" content=\"Loginfo24\" \/>\n<meta property=\"article:publisher\" content=\"https:\/\/www.facebook.com\/people\/Loginfo24\/100057360583332\/\" \/>\n<meta property=\"article:published_time\" content=\"2026-01-22T09:58:05+00:00\" \/>\n<meta property=\"article:modified_time\" content=\"2026-01-22T10:06:06+00:00\" \/>\n<meta property=\"og:image\" content=\"https:\/\/loginfo24.com\/wp-content\/uploads\/sites\/7\/2026\/01\/CTD-Michael-Kirschner-400x271-1-aspect-ratio-1400-788.jpg\" \/>\n\t<meta property=\"og:image:width\" content=\"313\" \/>\n\t<meta property=\"og:image:height\" content=\"177\" \/>\n\t<meta property=\"og:image:type\" content=\"image\/jpeg\" \/>\n<meta name=\"author\" content=\"Andreas Haug\" \/>\n<meta name=\"twitter:card\" content=\"summary_large_image\" \/>\n<meta name=\"twitter:label1\" content=\"Escrito por\" \/>\n\t<meta name=\"twitter:data1\" content=\"Andreas Haug\" \/>\n\t<meta name=\"twitter:label2\" content=\"Tiempo de lectura\" \/>\n\t<meta name=\"twitter:data2\" content=\"1 minuto\" \/>\n<script type=\"application\/ld+json\" class=\"yoast-schema-graph\">{\"@context\":\"https:\\\/\\\/schema.org\",\"@graph\":[{\"@type\":\"Article\",\"@id\":\"https:\\\/\\\/loginfo24.com\\\/es\\\/2026\\\/01\\\/22\\\/cambio-en-la-direccion-de-ctd\\\/#article\",\"isPartOf\":{\"@id\":\"https:\\\/\\\/loginfo24.com\\\/es\\\/2026\\\/01\\\/22\\\/cambio-en-la-direccion-de-ctd\\\/\"},\"author\":{\"name\":\"Andreas Haug\",\"@id\":\"https:\\\/\\\/loginfo24.com\\\/es\\\/#\\\/schema\\\/person\\\/cf538b3157f15afd7589245a4b3dbd25\"},\"headline\":\"Cambio en la direcci\u00f3n de CTD\",\"datePublished\":\"2026-01-22T09:58:05+00:00\",\"dateModified\":\"2026-01-22T10:06:06+00:00\",\"mainEntityOfPage\":{\"@id\":\"https:\\\/\\\/loginfo24.com\\\/es\\\/2026\\\/01\\\/22\\\/cambio-en-la-direccion-de-ctd\\\/\"},\"wordCount\":267,\"commentCount\":0,\"publisher\":{\"@id\":\"https:\\\/\\\/loginfo24.com\\\/es\\\/#organization\"},\"image\":{\"@id\":\"https:\\\/\\\/loginfo24.com\\\/es\\\/2026\\\/01\\\/22\\\/cambio-en-la-direccion-de-ctd\\\/#primaryimage\"},\"thumbnailUrl\":\"https:\\\/\\\/loginfo24.com\\\/wp-content\\\/uploads\\\/sites\\\/7\\\/2026\\\/01\\\/CTD-Michael-Kirschner-400x271-1-aspect-ratio-1400-788.jpg\",\"keywords\":[\"AG Port de Dortmund\",\"business management logistics Fran\u00e7ais Terminal \u00e0 conteneurs Dortmund\",\"container logistics\",\"container terminals Germany\",\"Containerlogistik\",\"Containerterminals Deutschland\",\"Deutsch Container Terminal Dortmund\",\"d\u00e9veloppement des terminaux\",\"d\u00e9veloppement strat\u00e9gique des entreprises\",\"Digitalisierung in der Logistik\",\"digitalization in logistics\",\"Dortmund Port AG\",\"Dortmunder Hafen AG\",\"\u00e9conomie du transport\",\"Fachkr\u00e4ftemangel in der Logistik\",\"gestion d'entreprise logistique\",\"gestion de la cha\u00eene d'approvisionnement\",\"Hafenbetrieb Dortmund\",\"industrie logistique\",\"infrastructure Dortmund\",\"Infrastruktur Dortmund\",\"intermodal transport\",\"kombinierter Verkehr\",\"labor shortage in logistics\",\"logistics hub Dortmund\",\"logistics industry\",\"logistics service providers\",\"Logistikbranche\",\"Logistikdienstleister\",\"Logistikstandort Dortmund\",\"logistique de conteneurs\",\"logistique durable\",\"Michael Kirschner\",\"nachhaltige Logistik\",\"num\u00e9risation dans la logistique\",\"op\u00e9rations portuaires Dortmund\",\"p\u00e9nurie de main-d'\u0153uvre dans la logistique\",\"p\u00f4le logistique Dortmund\",\"port operations Dortmund\",\"prestataires de services logistiques\",\"strategic business development\",\"strategische Unternehmensentwicklung\",\"Supply Chain Management\",\"sustainable logistics\",\"terminal development\",\"Terminalweiterentwicklung\",\"terminaux \u00e0 conteneurs Allemagne\",\"Torsten Sch\u00fctte\",\"transport economy\",\"transport intermodal\",\"Transportwirtschaft\",\"Unternehmensf\u00fchrung Logistik English Container Terminal Dortmund\"],\"articleSection\":[\"Intermodal \\\/ Carretera\",\"Navegaci\u00f3n y puertos\",\"Personas y empresas\"],\"inLanguage\":\"es\",\"potentialAction\":[{\"@type\":\"CommentAction\",\"name\":\"Comment\",\"target\":[\"https:\\\/\\\/loginfo24.com\\\/es\\\/2026\\\/01\\\/22\\\/cambio-en-la-direccion-de-ctd\\\/#respond\"]}]},{\"@type\":\"WebPage\",\"@id\":\"https:\\\/\\\/loginfo24.com\\\/es\\\/2026\\\/01\\\/22\\\/cambio-en-la-direccion-de-ctd\\\/\",\"url\":\"https:\\\/\\\/loginfo24.com\\\/es\\\/2026\\\/01\\\/22\\\/cambio-en-la-direccion-de-ctd\\\/\",\"name\":\"Cambio en la direcci\u00f3n de CTD - Loginfo24\",\"isPartOf\":{\"@id\":\"https:\\\/\\\/loginfo24.com\\\/es\\\/#website\"},\"primaryImageOfPage\":{\"@id\":\"https:\\\/\\\/loginfo24.com\\\/es\\\/2026\\\/01\\\/22\\\/cambio-en-la-direccion-de-ctd\\\/#primaryimage\"},\"image\":{\"@id\":\"https:\\\/\\\/loginfo24.com\\\/es\\\/2026\\\/01\\\/22\\\/cambio-en-la-direccion-de-ctd\\\/#primaryimage\"},\"thumbnailUrl\":\"https:\\\/\\\/loginfo24.com\\\/wp-content\\\/uploads\\\/sites\\\/7\\\/2026\\\/01\\\/CTD-Michael-Kirschner-400x271-1-aspect-ratio-1400-788.jpg\",\"datePublished\":\"2026-01-22T09:58:05+00:00\",\"dateModified\":\"2026-01-22T10:06:06+00:00\",\"breadcrumb\":{\"@id\":\"https:\\\/\\\/loginfo24.com\\\/es\\\/2026\\\/01\\\/22\\\/cambio-en-la-direccion-de-ctd\\\/#breadcrumb\"},\"inLanguage\":\"es\",\"potentialAction\":[{\"@type\":\"ReadAction\",\"target\":[\"https:\\\/\\\/loginfo24.com\\\/es\\\/2026\\\/01\\\/22\\\/cambio-en-la-direccion-de-ctd\\\/\"]}]},{\"@type\":\"ImageObject\",\"inLanguage\":\"es\",\"@id\":\"https:\\\/\\\/loginfo24.com\\\/es\\\/2026\\\/01\\\/22\\\/cambio-en-la-direccion-de-ctd\\\/#primaryimage\",\"url\":\"https:\\\/\\\/loginfo24.com\\\/wp-content\\\/uploads\\\/sites\\\/7\\\/2026\\\/01\\\/CTD-Michael-Kirschner-400x271-1-aspect-ratio-1400-788.jpg\",\"contentUrl\":\"https:\\\/\\\/loginfo24.com\\\/wp-content\\\/uploads\\\/sites\\\/7\\\/2026\\\/01\\\/CTD-Michael-Kirschner-400x271-1-aspect-ratio-1400-788.jpg\",\"width\":313,\"height\":177},{\"@type\":\"BreadcrumbList\",\"@id\":\"https:\\\/\\\/loginfo24.com\\\/es\\\/2026\\\/01\\\/22\\\/cambio-en-la-direccion-de-ctd\\\/#breadcrumb\",\"itemListElement\":[{\"@type\":\"ListItem\",\"position\":1,\"name\":\"Startseite\",\"item\":\"https:\\\/\\\/loginfo24.com\\\/es\\\/\"},{\"@type\":\"ListItem\",\"position\":2,\"name\":\"Cambio en la direcci\u00f3n de CTD\"}]},{\"@type\":\"WebSite\",\"@id\":\"https:\\\/\\\/loginfo24.com\\\/es\\\/#website\",\"url\":\"https:\\\/\\\/loginfo24.com\\\/es\\\/\",\"name\":\"Loginfo24\",\"description\":\"Loginfo24 es la plataforma dedicada a la log\u00edstica y las cadenas de suministro con informaci\u00f3n las 24 horas del d\u00eda.\",\"publisher\":{\"@id\":\"https:\\\/\\\/loginfo24.com\\\/es\\\/#organization\"},\"potentialAction\":[{\"@type\":\"SearchAction\",\"target\":{\"@type\":\"EntryPoint\",\"urlTemplate\":\"https:\\\/\\\/loginfo24.com\\\/es\\\/?s={search_term_string}\"},\"query-input\":{\"@type\":\"PropertyValueSpecification\",\"valueRequired\":true,\"valueName\":\"search_term_string\"}}],\"inLanguage\":\"es\"},{\"@type\":\"Organization\",\"@id\":\"https:\\\/\\\/loginfo24.com\\\/es\\\/#organization\",\"name\":\"Grupo Logismedia AG\",\"url\":\"https:\\\/\\\/loginfo24.com\\\/es\\\/\",\"logo\":{\"@type\":\"ImageObject\",\"inLanguage\":\"es\",\"@id\":\"https:\\\/\\\/loginfo24.com\\\/es\\\/#\\\/schema\\\/logo\\\/image\\\/\",\"url\":\"https:\\\/\\\/loginfo24.com\\\/wp-content\\\/uploads\\\/sites\\\/7\\\/2026\\\/01\\\/Logo_LogInfo24.png\",\"contentUrl\":\"https:\\\/\\\/loginfo24.com\\\/wp-content\\\/uploads\\\/sites\\\/7\\\/2026\\\/01\\\/Logo_LogInfo24.png\",\"width\":938,\"height\":351,\"caption\":\"Grupo Logismedia AG\"},\"image\":{\"@id\":\"https:\\\/\\\/loginfo24.com\\\/es\\\/#\\\/schema\\\/logo\\\/image\\\/\"},\"sameAs\":[\"https:\\\/\\\/www.facebook.com\\\/people\\\/Loginfo24\\\/100057360583332\\\/\",\"https:\\\/\\\/www.linkedin.com\\\/company\\\/lofinfo24\\\/\"]},{\"@type\":\"Person\",\"@id\":\"https:\\\/\\\/loginfo24.com\\\/es\\\/#\\\/schema\\\/person\\\/cf538b3157f15afd7589245a4b3dbd25\",\"name\":\"Andreas Haug\",\"url\":\"https:\\\/\\\/loginfo24.com\\\/es\\\/author\\\/andreas\\\/\"}]}<\/script>\n<!-- \/ Yoast SEO plugin. -->","yoast_head_json":{"title":"Cambio en la direcci\u00f3n de CTD - Loginfo24","robots":{"index":"index","follow":"follow","max-snippet":"max-snippet:-1","max-image-preview":"max-image-preview:large","max-video-preview":"max-video-preview:-1"},"canonical":"https:\/\/loginfo24.com\/es\/2026\/01\/22\/cambio-en-la-direccion-de-ctd\/","og_locale":"es_ES","og_type":"article","og_title":"Cambio en la direcci\u00f3n de CTD - Loginfo24","og_description":"Torsten Sch\u00fctte se retira tras 20 a\u00f1os como director general de Container Terminal Dortmund GmbH, mientras que Michael Kirschner asumir\u00e1 la direcci\u00f3n a partir de 2026.","og_url":"https:\/\/loginfo24.com\/es\/2026\/01\/22\/cambio-en-la-direccion-de-ctd\/","og_site_name":"Loginfo24","article_publisher":"https:\/\/www.facebook.com\/people\/Loginfo24\/100057360583332\/","article_published_time":"2026-01-22T09:58:05+00:00","article_modified_time":"2026-01-22T10:06:06+00:00","og_image":[{"width":313,"height":177,"url":"https:\/\/loginfo24.com\/wp-content\/uploads\/sites\/7\/2026\/01\/CTD-Michael-Kirschner-400x271-1-aspect-ratio-1400-788.jpg","type":"image\/jpeg"}],"author":"Andreas Haug","twitter_card":"summary_large_image","twitter_misc":{"Escrito por":"Andreas Haug","Tiempo de lectura":"1 minuto"},"schema":{"@context":"https:\/\/schema.org","@graph":[{"@type":"Article","@id":"https:\/\/loginfo24.com\/es\/2026\/01\/22\/cambio-en-la-direccion-de-ctd\/#article","isPartOf":{"@id":"https:\/\/loginfo24.com\/es\/2026\/01\/22\/cambio-en-la-direccion-de-ctd\/"},"author":{"name":"Andreas Haug","@id":"https:\/\/loginfo24.com\/es\/#\/schema\/person\/cf538b3157f15afd7589245a4b3dbd25"},"headline":"Cambio en la direcci\u00f3n de CTD","datePublished":"2026-01-22T09:58:05+00:00","dateModified":"2026-01-22T10:06:06+00:00","mainEntityOfPage":{"@id":"https:\/\/loginfo24.com\/es\/2026\/01\/22\/cambio-en-la-direccion-de-ctd\/"},"wordCount":267,"commentCount":0,"publisher":{"@id":"https:\/\/loginfo24.com\/es\/#organization"},"image":{"@id":"https:\/\/loginfo24.com\/es\/2026\/01\/22\/cambio-en-la-direccion-de-ctd\/#primaryimage"},"thumbnailUrl":"https:\/\/loginfo24.com\/wp-content\/uploads\/sites\/7\/2026\/01\/CTD-Michael-Kirschner-400x271-1-aspect-ratio-1400-788.jpg","keywords":["AG Port de Dortmund","business management logistics Fran\u00e7ais Terminal \u00e0 conteneurs Dortmund","container logistics","container terminals Germany","Containerlogistik","Containerterminals Deutschland","Deutsch Container Terminal Dortmund","d\u00e9veloppement des terminaux","d\u00e9veloppement strat\u00e9gique des entreprises","Digitalisierung in der Logistik","digitalization in logistics","Dortmund Port AG","Dortmunder Hafen AG","\u00e9conomie du transport","Fachkr\u00e4ftemangel in der Logistik","gestion d'entreprise logistique","gestion de la cha\u00eene d'approvisionnement","Hafenbetrieb Dortmund","industrie logistique","infrastructure Dortmund","Infrastruktur Dortmund","intermodal transport","kombinierter Verkehr","labor shortage in logistics","logistics hub Dortmund","logistics industry","logistics service providers","Logistikbranche","Logistikdienstleister","Logistikstandort Dortmund","logistique de conteneurs","logistique durable","Michael Kirschner","nachhaltige Logistik","num\u00e9risation dans la logistique","op\u00e9rations portuaires Dortmund","p\u00e9nurie de main-d'\u0153uvre dans la logistique","p\u00f4le logistique Dortmund","port operations Dortmund","prestataires de services logistiques","strategic business development","strategische Unternehmensentwicklung","Supply Chain Management","sustainable logistics","terminal development","Terminalweiterentwicklung","terminaux \u00e0 conteneurs Allemagne","Torsten Sch\u00fctte","transport economy","transport intermodal","Transportwirtschaft","Unternehmensf\u00fchrung Logistik English Container Terminal Dortmund"],"articleSection":["Intermodal \/ Carretera","Navegaci\u00f3n y puertos","Personas y empresas"],"inLanguage":"es","potentialAction":[{"@type":"CommentAction","name":"Comment","target":["https:\/\/loginfo24.com\/es\/2026\/01\/22\/cambio-en-la-direccion-de-ctd\/#respond"]}]},{"@type":"WebPage","@id":"https:\/\/loginfo24.com\/es\/2026\/01\/22\/cambio-en-la-direccion-de-ctd\/","url":"https:\/\/loginfo24.com\/es\/2026\/01\/22\/cambio-en-la-direccion-de-ctd\/","name":"Cambio en la direcci\u00f3n de CTD - Loginfo24","isPartOf":{"@id":"https:\/\/loginfo24.com\/es\/#website"},"primaryImageOfPage":{"@id":"https:\/\/loginfo24.com\/es\/2026\/01\/22\/cambio-en-la-direccion-de-ctd\/#primaryimage"},"image":{"@id":"https:\/\/loginfo24.com\/es\/2026\/01\/22\/cambio-en-la-direccion-de-ctd\/#primaryimage"},"thumbnailUrl":"https:\/\/loginfo24.com\/wp-content\/uploads\/sites\/7\/2026\/01\/CTD-Michael-Kirschner-400x271-1-aspect-ratio-1400-788.jpg","datePublished":"2026-01-22T09:58:05+00:00","dateModified":"2026-01-22T10:06:06+00:00","breadcrumb":{"@id":"https:\/\/loginfo24.com\/es\/2026\/01\/22\/cambio-en-la-direccion-de-ctd\/#breadcrumb"},"inLanguage":"es","potentialAction":[{"@type":"ReadAction","target":["https:\/\/loginfo24.com\/es\/2026\/01\/22\/cambio-en-la-direccion-de-ctd\/"]}]},{"@type":"ImageObject","inLanguage":"es","@id":"https:\/\/loginfo24.com\/es\/2026\/01\/22\/cambio-en-la-direccion-de-ctd\/#primaryimage","url":"https:\/\/loginfo24.com\/wp-content\/uploads\/sites\/7\/2026\/01\/CTD-Michael-Kirschner-400x271-1-aspect-ratio-1400-788.jpg","contentUrl":"https:\/\/loginfo24.com\/wp-content\/uploads\/sites\/7\/2026\/01\/CTD-Michael-Kirschner-400x271-1-aspect-ratio-1400-788.jpg","width":313,"height":177},{"@type":"BreadcrumbList","@id":"https:\/\/loginfo24.com\/es\/2026\/01\/22\/cambio-en-la-direccion-de-ctd\/#breadcrumb","itemListElement":[{"@type":"ListItem","position":1,"name":"Startseite","item":"https:\/\/loginfo24.com\/es\/"},{"@type":"ListItem","position":2,"name":"Cambio en la direcci\u00f3n de CTD"}]},{"@type":"WebSite","@id":"https:\/\/loginfo24.com\/es\/#website","url":"https:\/\/loginfo24.com\/es\/","name":"Loginfo24","description":"Loginfo24 es la plataforma dedicada a la log\u00edstica y las cadenas de suministro con informaci\u00f3n las 24 horas del d\u00eda.","publisher":{"@id":"https:\/\/loginfo24.com\/es\/#organization"},"potentialAction":[{"@type":"SearchAction","target":{"@type":"EntryPoint","urlTemplate":"https:\/\/loginfo24.com\/es\/?s={search_term_string}"},"query-input":{"@type":"PropertyValueSpecification","valueRequired":true,"valueName":"search_term_string"}}],"inLanguage":"es"},{"@type":"Organization","@id":"https:\/\/loginfo24.com\/es\/#organization","name":"Grupo Logismedia AG","url":"https:\/\/loginfo24.com\/es\/","logo":{"@type":"ImageObject","inLanguage":"es","@id":"https:\/\/loginfo24.com\/es\/#\/schema\/logo\/image\/","url":"https:\/\/loginfo24.com\/wp-content\/uploads\/sites\/7\/2026\/01\/Logo_LogInfo24.png","contentUrl":"https:\/\/loginfo24.com\/wp-content\/uploads\/sites\/7\/2026\/01\/Logo_LogInfo24.png","width":938,"height":351,"caption":"Grupo Logismedia AG"},"image":{"@id":"https:\/\/loginfo24.com\/es\/#\/schema\/logo\/image\/"},"sameAs":["https:\/\/www.facebook.com\/people\/Loginfo24\/100057360583332\/","https:\/\/www.linkedin.com\/company\/lofinfo24\/"]},{"@type":"Person","@id":"https:\/\/loginfo24.com\/es\/#\/schema\/person\/cf538b3157f15afd7589245a4b3dbd25","name":"Andreas Haug","url":"https:\/\/loginfo24.com\/es\/author\/andreas\/"}]}},"_links":{"self":[{"href":"https:\/\/loginfo24.com\/es\/wp-json\/wp\/v2\/posts\/73471","targetHints":{"allow":["GET"]}}],"collection":[{"href":"https:\/\/loginfo24.com\/es\/wp-json\/wp\/v2\/posts"}],"about":[{"href":"https:\/\/loginfo24.com\/es\/wp-json\/wp\/v2\/types\/post"}],"author":[{"embeddable":true,"href":"https:\/\/loginfo24.com\/es\/wp-json\/wp\/v2\/users\/12"}],"replies":[{"embeddable":true,"href":"https:\/\/loginfo24.com\/es\/wp-json\/wp\/v2\/comments?post=73471"}],"version-history":[{"count":1,"href":"https:\/\/loginfo24.com\/es\/wp-json\/wp\/v2\/posts\/73471\/revisions"}],"predecessor-version":[{"id":73478,"href":"https:\/\/loginfo24.com\/es\/wp-json\/wp\/v2\/posts\/73471\/revisions\/73478"}],"wp:featuredmedia":[{"embeddable":true,"href":"https:\/\/loginfo24.com\/es\/wp-json\/wp\/v2\/media\/73468"}],"wp:attachment":[{"href":"https:\/\/loginfo24.com\/es\/wp-json\/wp\/v2\/media?parent=73471"}],"wp:term":[{"taxonomy":"category","embeddable":true,"href":"https:\/\/loginfo24.com\/es\/wp-json\/wp\/v2\/categories?post=73471"},{"taxonomy":"post_tag","embeddable":true,"href":"https:\/\/loginfo24.com\/es\/wp-json\/wp\/v2\/tags?post=73471"}],"curies":[{"name":"wp","href":"https:\/\/api.w.org\/{rel}","templated":true}]}}