{"id":73183,"date":"2026-01-15T09:43:02","date_gmt":"2026-01-15T09:43:02","guid":{"rendered":"https:\/\/loginfo24.dashboard.brand-architecture.at\/2026\/01\/15\/estabilidad-en-el-transporte-de-mercancias-por-carretera-en-europa\/"},"modified":"2026-01-15T09:43:02","modified_gmt":"2026-01-15T09:43:02","slug":"estabilidad-en-el-transporte-de-mercancias-por-carretera-en-europa","status":"publish","type":"post","link":"https:\/\/loginfo24.com\/es\/2026\/01\/15\/estabilidad-en-el-transporte-de-mercancias-por-carretera-en-europa\/","title":{"rendered":"Estabilidad en el transporte de mercanc\u00edas por carretera en Europa"},"content":{"rendered":"<p>Der transporte de mercanc\u00edas por carretera en Europa se ha mantenido en gran medida estable a finales de 2025, a pesar de un enfriamiento econ\u00f3mico general. Seg\u00fan el Bar\u00f3metro de Transporte de TIMOCOM, la participaci\u00f3n media de carga en el cuarto trimestre de 2025 fue del 75 %, lo que representa un aumento de dos puntos porcentuales en comparaci\u00f3n con el cuarto trimestre de 2024. Mientras que el tr\u00e1fico de mercanc\u00edas hacia Escandinavia, Europa del Este y el Reino Unido experiment\u00f3 una notable disminuci\u00f3n, los fuertes mercados internos y los tr\u00e1ficos este-oeste contribuyeron a la estabilidad del mercado.<\/p>\n<h3>Aumentan las ofertas de carga, los descensos estacionales marcan el final del a\u00f1o<\/h3>\n<p>En 2025, las entradas de carga en Europa aumentaron un 21 % en comparaci\u00f3n interanual. Septiembre fue el mes m\u00e1s fuerte del a\u00f1o, con m\u00e1s de 30 millones de ofertas de carga. Sin embargo, tras el pico en el tercer trimestre, el mercado experiment\u00f3 una ca\u00edda del 21 % en el cuarto trimestre, lo que seg\u00fan TIMOCOM se considera un efecto estacional t\u00edpico. En comparaci\u00f3n con el trimestre del a\u00f1o anterior, las ofertas de carga fueron un 10 % m\u00e1s altas. Gunnar Gburek, portavoz de la empresa y jefe de asuntos comerciales en TIMOCOM, coment\u00f3: \u201cEsto deja claro: el mercado sigue saturado de carga. La demanda de transportes sigue superando con creces la oferta de veh\u00edculos disponibles.\u201d<\/p>\n<p><a href=\"https:\/\/www.timocom.de\/\" target=\"_blank\" rel=\"noopener noreferrer\">www.timocom.de<\/a><\/p>\n","protected":false},"excerpt":{"rendered":"<p>El transporte de mercanc\u00edas por carretera en Europa mostrar\u00e1 un desarrollo estable hasta finales de 2025, a pesar de las ca\u00eddas estacionales y las incertidumbres econ\u00f3micas, con una alta demanda de transportes.<\/p>\n","protected":false},"author":10,"featured_media":73180,"comment_status":"open","ping_status":"open","sticky":false,"template":"","format":"standard","meta":{"_acf_changed":false,"footnotes":""},"categories":[1604],"tags":[],"class_list":["post-73183","post","type-post","status-publish","format-standard","has-post-thumbnail","hentry","category-intermodal-carretera"],"acf":[],"yoast_head":"<!-- This site is optimized with the Yoast SEO plugin v27.3 - https:\/\/yoast.com\/product\/yoast-seo-wordpress\/ -->\n<title>Estabilidad en el transporte de mercanc\u00edas por carretera en Europa - Loginfo24<\/title>\n<meta name=\"robots\" content=\"index, follow, max-snippet:-1, max-image-preview:large, max-video-preview:-1\" \/>\n<link rel=\"canonical\" href=\"https:\/\/loginfo24.com\/es\/2026\/01\/15\/estabilidad-en-el-transporte-de-mercancias-por-carretera-en-europa\/\" \/>\n<meta property=\"og:locale\" content=\"es_ES\" \/>\n<meta property=\"og:type\" content=\"article\" \/>\n<meta property=\"og:title\" content=\"Estabilidad en el transporte de mercanc\u00edas por carretera en Europa - Loginfo24\" \/>\n<meta property=\"og:description\" content=\"El transporte de mercanc\u00edas por carretera en Europa mostrar\u00e1 un desarrollo estable hasta finales de 2025, a pesar de las ca\u00eddas estacionales y las incertidumbres econ\u00f3micas, con una alta demanda de transportes.\" \/>\n<meta property=\"og:url\" content=\"https:\/\/loginfo24.com\/es\/2026\/01\/15\/estabilidad-en-el-transporte-de-mercancias-por-carretera-en-europa\/\" \/>\n<meta property=\"og:site_name\" content=\"Loginfo24\" \/>\n<meta property=\"article:publisher\" content=\"https:\/\/www.facebook.com\/people\/Loginfo24\/100057360583332\/\" \/>\n<meta property=\"article:published_time\" content=\"2026-01-15T09:43:02+00:00\" \/>\n<meta property=\"og:image\" content=\"https:\/\/loginfo24.com\/wp-content\/uploads\/sites\/7\/2026\/01\/TIMOCOM_DE_Fracht-Laltnis-in-Europa-aspect-ratio-1400-788.jpg\" \/>\n\t<meta property=\"og:image:width\" content=\"1772\" \/>\n\t<meta property=\"og:image:height\" content=\"997\" \/>\n\t<meta property=\"og:image:type\" content=\"image\/jpeg\" \/>\n<meta name=\"author\" content=\"Jeremy Soland\" \/>\n<meta name=\"twitter:card\" content=\"summary_large_image\" \/>\n<meta name=\"twitter:label1\" content=\"Escrito por\" \/>\n\t<meta name=\"twitter:data1\" content=\"Jeremy Soland\" \/>\n\t<meta name=\"twitter:label2\" content=\"Tiempo de lectura\" \/>\n\t<meta name=\"twitter:data2\" content=\"1 minuto\" \/>\n<script type=\"application\/ld+json\" class=\"yoast-schema-graph\">{\"@context\":\"https:\\\/\\\/schema.org\",\"@graph\":[{\"@type\":\"Article\",\"@id\":\"https:\\\/\\\/loginfo24.com\\\/es\\\/2026\\\/01\\\/15\\\/estabilidad-en-el-transporte-de-mercancias-por-carretera-en-europa\\\/#article\",\"isPartOf\":{\"@id\":\"https:\\\/\\\/loginfo24.com\\\/es\\\/2026\\\/01\\\/15\\\/estabilidad-en-el-transporte-de-mercancias-por-carretera-en-europa\\\/\"},\"author\":{\"name\":\"Jeremy Soland\",\"@id\":\"https:\\\/\\\/loginfo24.com\\\/es\\\/#\\\/schema\\\/person\\\/41d36b5474b623392fa613e97e2363fa\"},\"headline\":\"Estabilidad en el transporte de mercanc\u00edas por carretera en Europa\",\"datePublished\":\"2026-01-15T09:43:02+00:00\",\"mainEntityOfPage\":{\"@id\":\"https:\\\/\\\/loginfo24.com\\\/es\\\/2026\\\/01\\\/15\\\/estabilidad-en-el-transporte-de-mercancias-por-carretera-en-europa\\\/\"},\"wordCount\":251,\"commentCount\":0,\"publisher\":{\"@id\":\"https:\\\/\\\/loginfo24.com\\\/es\\\/#organization\"},\"image\":{\"@id\":\"https:\\\/\\\/loginfo24.com\\\/es\\\/2026\\\/01\\\/15\\\/estabilidad-en-el-transporte-de-mercancias-por-carretera-en-europa\\\/#primaryimage\"},\"thumbnailUrl\":\"https:\\\/\\\/loginfo24.com\\\/wp-content\\\/uploads\\\/sites\\\/7\\\/2026\\\/01\\\/TIMOCOM_DE_Fracht-Laltnis-in-Europa-aspect-ratio-1400-788.jpg\",\"articleSection\":[\"Intermodal \\\/ Carretera\"],\"inLanguage\":\"es\",\"potentialAction\":[{\"@type\":\"CommentAction\",\"name\":\"Comment\",\"target\":[\"https:\\\/\\\/loginfo24.com\\\/es\\\/2026\\\/01\\\/15\\\/estabilidad-en-el-transporte-de-mercancias-por-carretera-en-europa\\\/#respond\"]}]},{\"@type\":\"WebPage\",\"@id\":\"https:\\\/\\\/loginfo24.com\\\/es\\\/2026\\\/01\\\/15\\\/estabilidad-en-el-transporte-de-mercancias-por-carretera-en-europa\\\/\",\"url\":\"https:\\\/\\\/loginfo24.com\\\/es\\\/2026\\\/01\\\/15\\\/estabilidad-en-el-transporte-de-mercancias-por-carretera-en-europa\\\/\",\"name\":\"Estabilidad en el transporte de mercanc\u00edas por carretera en Europa - Loginfo24\",\"isPartOf\":{\"@id\":\"https:\\\/\\\/loginfo24.com\\\/es\\\/#website\"},\"primaryImageOfPage\":{\"@id\":\"https:\\\/\\\/loginfo24.com\\\/es\\\/2026\\\/01\\\/15\\\/estabilidad-en-el-transporte-de-mercancias-por-carretera-en-europa\\\/#primaryimage\"},\"image\":{\"@id\":\"https:\\\/\\\/loginfo24.com\\\/es\\\/2026\\\/01\\\/15\\\/estabilidad-en-el-transporte-de-mercancias-por-carretera-en-europa\\\/#primaryimage\"},\"thumbnailUrl\":\"https:\\\/\\\/loginfo24.com\\\/wp-content\\\/uploads\\\/sites\\\/7\\\/2026\\\/01\\\/TIMOCOM_DE_Fracht-Laltnis-in-Europa-aspect-ratio-1400-788.jpg\",\"datePublished\":\"2026-01-15T09:43:02+00:00\",\"breadcrumb\":{\"@id\":\"https:\\\/\\\/loginfo24.com\\\/es\\\/2026\\\/01\\\/15\\\/estabilidad-en-el-transporte-de-mercancias-por-carretera-en-europa\\\/#breadcrumb\"},\"inLanguage\":\"es\",\"potentialAction\":[{\"@type\":\"ReadAction\",\"target\":[\"https:\\\/\\\/loginfo24.com\\\/es\\\/2026\\\/01\\\/15\\\/estabilidad-en-el-transporte-de-mercancias-por-carretera-en-europa\\\/\"]}]},{\"@type\":\"ImageObject\",\"inLanguage\":\"es\",\"@id\":\"https:\\\/\\\/loginfo24.com\\\/es\\\/2026\\\/01\\\/15\\\/estabilidad-en-el-transporte-de-mercancias-por-carretera-en-europa\\\/#primaryimage\",\"url\":\"https:\\\/\\\/loginfo24.com\\\/wp-content\\\/uploads\\\/sites\\\/7\\\/2026\\\/01\\\/TIMOCOM_DE_Fracht-Laltnis-in-Europa-aspect-ratio-1400-788.jpg\",\"contentUrl\":\"https:\\\/\\\/loginfo24.com\\\/wp-content\\\/uploads\\\/sites\\\/7\\\/2026\\\/01\\\/TIMOCOM_DE_Fracht-Laltnis-in-Europa-aspect-ratio-1400-788.jpg\",\"width\":1772,\"height\":997},{\"@type\":\"BreadcrumbList\",\"@id\":\"https:\\\/\\\/loginfo24.com\\\/es\\\/2026\\\/01\\\/15\\\/estabilidad-en-el-transporte-de-mercancias-por-carretera-en-europa\\\/#breadcrumb\",\"itemListElement\":[{\"@type\":\"ListItem\",\"position\":1,\"name\":\"Startseite\",\"item\":\"https:\\\/\\\/loginfo24.com\\\/es\\\/\"},{\"@type\":\"ListItem\",\"position\":2,\"name\":\"Estabilidad en el transporte de mercanc\u00edas por carretera en Europa\"}]},{\"@type\":\"WebSite\",\"@id\":\"https:\\\/\\\/loginfo24.com\\\/es\\\/#website\",\"url\":\"https:\\\/\\\/loginfo24.com\\\/es\\\/\",\"name\":\"Loginfo24\",\"description\":\"Loginfo24 es la plataforma dedicada a la log\u00edstica y las cadenas de suministro con informaci\u00f3n las 24 horas del d\u00eda.\",\"publisher\":{\"@id\":\"https:\\\/\\\/loginfo24.com\\\/es\\\/#organization\"},\"potentialAction\":[{\"@type\":\"SearchAction\",\"target\":{\"@type\":\"EntryPoint\",\"urlTemplate\":\"https:\\\/\\\/loginfo24.com\\\/es\\\/?s={search_term_string}\"},\"query-input\":{\"@type\":\"PropertyValueSpecification\",\"valueRequired\":true,\"valueName\":\"search_term_string\"}}],\"inLanguage\":\"es\"},{\"@type\":\"Organization\",\"@id\":\"https:\\\/\\\/loginfo24.com\\\/es\\\/#organization\",\"name\":\"Grupo Logismedia AG\",\"url\":\"https:\\\/\\\/loginfo24.com\\\/es\\\/\",\"logo\":{\"@type\":\"ImageObject\",\"inLanguage\":\"es\",\"@id\":\"https:\\\/\\\/loginfo24.com\\\/es\\\/#\\\/schema\\\/logo\\\/image\\\/\",\"url\":\"https:\\\/\\\/loginfo24.com\\\/wp-content\\\/uploads\\\/sites\\\/7\\\/2026\\\/01\\\/Logo_LogInfo24.png\",\"contentUrl\":\"https:\\\/\\\/loginfo24.com\\\/wp-content\\\/uploads\\\/sites\\\/7\\\/2026\\\/01\\\/Logo_LogInfo24.png\",\"width\":938,\"height\":351,\"caption\":\"Grupo Logismedia AG\"},\"image\":{\"@id\":\"https:\\\/\\\/loginfo24.com\\\/es\\\/#\\\/schema\\\/logo\\\/image\\\/\"},\"sameAs\":[\"https:\\\/\\\/www.facebook.com\\\/people\\\/Loginfo24\\\/100057360583332\\\/\",\"https:\\\/\\\/www.linkedin.com\\\/company\\\/lofinfo24\\\/\"]},{\"@type\":\"Person\",\"@id\":\"https:\\\/\\\/loginfo24.com\\\/es\\\/#\\\/schema\\\/person\\\/41d36b5474b623392fa613e97e2363fa\",\"name\":\"Jeremy Soland\",\"url\":\"https:\\\/\\\/loginfo24.com\\\/es\\\/author\\\/jeremy\\\/\"}]}<\/script>\n<!-- \/ Yoast SEO plugin. -->","yoast_head_json":{"title":"Estabilidad en el transporte de mercanc\u00edas por carretera en Europa - Loginfo24","robots":{"index":"index","follow":"follow","max-snippet":"max-snippet:-1","max-image-preview":"max-image-preview:large","max-video-preview":"max-video-preview:-1"},"canonical":"https:\/\/loginfo24.com\/es\/2026\/01\/15\/estabilidad-en-el-transporte-de-mercancias-por-carretera-en-europa\/","og_locale":"es_ES","og_type":"article","og_title":"Estabilidad en el transporte de mercanc\u00edas por carretera en Europa - Loginfo24","og_description":"El transporte de mercanc\u00edas por carretera en Europa mostrar\u00e1 un desarrollo estable hasta finales de 2025, a pesar de las ca\u00eddas estacionales y las incertidumbres econ\u00f3micas, con una alta demanda de transportes.","og_url":"https:\/\/loginfo24.com\/es\/2026\/01\/15\/estabilidad-en-el-transporte-de-mercancias-por-carretera-en-europa\/","og_site_name":"Loginfo24","article_publisher":"https:\/\/www.facebook.com\/people\/Loginfo24\/100057360583332\/","article_published_time":"2026-01-15T09:43:02+00:00","og_image":[{"width":1772,"height":997,"url":"https:\/\/loginfo24.com\/wp-content\/uploads\/sites\/7\/2026\/01\/TIMOCOM_DE_Fracht-Laltnis-in-Europa-aspect-ratio-1400-788.jpg","type":"image\/jpeg"}],"author":"Jeremy Soland","twitter_card":"summary_large_image","twitter_misc":{"Escrito por":"Jeremy Soland","Tiempo de lectura":"1 minuto"},"schema":{"@context":"https:\/\/schema.org","@graph":[{"@type":"Article","@id":"https:\/\/loginfo24.com\/es\/2026\/01\/15\/estabilidad-en-el-transporte-de-mercancias-por-carretera-en-europa\/#article","isPartOf":{"@id":"https:\/\/loginfo24.com\/es\/2026\/01\/15\/estabilidad-en-el-transporte-de-mercancias-por-carretera-en-europa\/"},"author":{"name":"Jeremy Soland","@id":"https:\/\/loginfo24.com\/es\/#\/schema\/person\/41d36b5474b623392fa613e97e2363fa"},"headline":"Estabilidad en el transporte de mercanc\u00edas por carretera en Europa","datePublished":"2026-01-15T09:43:02+00:00","mainEntityOfPage":{"@id":"https:\/\/loginfo24.com\/es\/2026\/01\/15\/estabilidad-en-el-transporte-de-mercancias-por-carretera-en-europa\/"},"wordCount":251,"commentCount":0,"publisher":{"@id":"https:\/\/loginfo24.com\/es\/#organization"},"image":{"@id":"https:\/\/loginfo24.com\/es\/2026\/01\/15\/estabilidad-en-el-transporte-de-mercancias-por-carretera-en-europa\/#primaryimage"},"thumbnailUrl":"https:\/\/loginfo24.com\/wp-content\/uploads\/sites\/7\/2026\/01\/TIMOCOM_DE_Fracht-Laltnis-in-Europa-aspect-ratio-1400-788.jpg","articleSection":["Intermodal \/ Carretera"],"inLanguage":"es","potentialAction":[{"@type":"CommentAction","name":"Comment","target":["https:\/\/loginfo24.com\/es\/2026\/01\/15\/estabilidad-en-el-transporte-de-mercancias-por-carretera-en-europa\/#respond"]}]},{"@type":"WebPage","@id":"https:\/\/loginfo24.com\/es\/2026\/01\/15\/estabilidad-en-el-transporte-de-mercancias-por-carretera-en-europa\/","url":"https:\/\/loginfo24.com\/es\/2026\/01\/15\/estabilidad-en-el-transporte-de-mercancias-por-carretera-en-europa\/","name":"Estabilidad en el transporte de mercanc\u00edas por carretera en Europa - Loginfo24","isPartOf":{"@id":"https:\/\/loginfo24.com\/es\/#website"},"primaryImageOfPage":{"@id":"https:\/\/loginfo24.com\/es\/2026\/01\/15\/estabilidad-en-el-transporte-de-mercancias-por-carretera-en-europa\/#primaryimage"},"image":{"@id":"https:\/\/loginfo24.com\/es\/2026\/01\/15\/estabilidad-en-el-transporte-de-mercancias-por-carretera-en-europa\/#primaryimage"},"thumbnailUrl":"https:\/\/loginfo24.com\/wp-content\/uploads\/sites\/7\/2026\/01\/TIMOCOM_DE_Fracht-Laltnis-in-Europa-aspect-ratio-1400-788.jpg","datePublished":"2026-01-15T09:43:02+00:00","breadcrumb":{"@id":"https:\/\/loginfo24.com\/es\/2026\/01\/15\/estabilidad-en-el-transporte-de-mercancias-por-carretera-en-europa\/#breadcrumb"},"inLanguage":"es","potentialAction":[{"@type":"ReadAction","target":["https:\/\/loginfo24.com\/es\/2026\/01\/15\/estabilidad-en-el-transporte-de-mercancias-por-carretera-en-europa\/"]}]},{"@type":"ImageObject","inLanguage":"es","@id":"https:\/\/loginfo24.com\/es\/2026\/01\/15\/estabilidad-en-el-transporte-de-mercancias-por-carretera-en-europa\/#primaryimage","url":"https:\/\/loginfo24.com\/wp-content\/uploads\/sites\/7\/2026\/01\/TIMOCOM_DE_Fracht-Laltnis-in-Europa-aspect-ratio-1400-788.jpg","contentUrl":"https:\/\/loginfo24.com\/wp-content\/uploads\/sites\/7\/2026\/01\/TIMOCOM_DE_Fracht-Laltnis-in-Europa-aspect-ratio-1400-788.jpg","width":1772,"height":997},{"@type":"BreadcrumbList","@id":"https:\/\/loginfo24.com\/es\/2026\/01\/15\/estabilidad-en-el-transporte-de-mercancias-por-carretera-en-europa\/#breadcrumb","itemListElement":[{"@type":"ListItem","position":1,"name":"Startseite","item":"https:\/\/loginfo24.com\/es\/"},{"@type":"ListItem","position":2,"name":"Estabilidad en el transporte de mercanc\u00edas por carretera en Europa"}]},{"@type":"WebSite","@id":"https:\/\/loginfo24.com\/es\/#website","url":"https:\/\/loginfo24.com\/es\/","name":"Loginfo24","description":"Loginfo24 es la plataforma dedicada a la log\u00edstica y las cadenas de suministro con informaci\u00f3n las 24 horas del d\u00eda.","publisher":{"@id":"https:\/\/loginfo24.com\/es\/#organization"},"potentialAction":[{"@type":"SearchAction","target":{"@type":"EntryPoint","urlTemplate":"https:\/\/loginfo24.com\/es\/?s={search_term_string}"},"query-input":{"@type":"PropertyValueSpecification","valueRequired":true,"valueName":"search_term_string"}}],"inLanguage":"es"},{"@type":"Organization","@id":"https:\/\/loginfo24.com\/es\/#organization","name":"Grupo Logismedia AG","url":"https:\/\/loginfo24.com\/es\/","logo":{"@type":"ImageObject","inLanguage":"es","@id":"https:\/\/loginfo24.com\/es\/#\/schema\/logo\/image\/","url":"https:\/\/loginfo24.com\/wp-content\/uploads\/sites\/7\/2026\/01\/Logo_LogInfo24.png","contentUrl":"https:\/\/loginfo24.com\/wp-content\/uploads\/sites\/7\/2026\/01\/Logo_LogInfo24.png","width":938,"height":351,"caption":"Grupo Logismedia AG"},"image":{"@id":"https:\/\/loginfo24.com\/es\/#\/schema\/logo\/image\/"},"sameAs":["https:\/\/www.facebook.com\/people\/Loginfo24\/100057360583332\/","https:\/\/www.linkedin.com\/company\/lofinfo24\/"]},{"@type":"Person","@id":"https:\/\/loginfo24.com\/es\/#\/schema\/person\/41d36b5474b623392fa613e97e2363fa","name":"Jeremy Soland","url":"https:\/\/loginfo24.com\/es\/author\/jeremy\/"}]}},"_links":{"self":[{"href":"https:\/\/loginfo24.com\/es\/wp-json\/wp\/v2\/posts\/73183","targetHints":{"allow":["GET"]}}],"collection":[{"href":"https:\/\/loginfo24.com\/es\/wp-json\/wp\/v2\/posts"}],"about":[{"href":"https:\/\/loginfo24.com\/es\/wp-json\/wp\/v2\/types\/post"}],"author":[{"embeddable":true,"href":"https:\/\/loginfo24.com\/es\/wp-json\/wp\/v2\/users\/10"}],"replies":[{"embeddable":true,"href":"https:\/\/loginfo24.com\/es\/wp-json\/wp\/v2\/comments?post=73183"}],"version-history":[{"count":0,"href":"https:\/\/loginfo24.com\/es\/wp-json\/wp\/v2\/posts\/73183\/revisions"}],"wp:featuredmedia":[{"embeddable":true,"href":"https:\/\/loginfo24.com\/es\/wp-json\/wp\/v2\/media\/73180"}],"wp:attachment":[{"href":"https:\/\/loginfo24.com\/es\/wp-json\/wp\/v2\/media?parent=73183"}],"wp:term":[{"taxonomy":"category","embeddable":true,"href":"https:\/\/loginfo24.com\/es\/wp-json\/wp\/v2\/categories?post=73183"},{"taxonomy":"post_tag","embeddable":true,"href":"https:\/\/loginfo24.com\/es\/wp-json\/wp\/v2\/tags?post=73183"}],"curies":[{"name":"wp","href":"https:\/\/api.w.org\/{rel}","templated":true}]}}