{"id":73151,"date":"2026-01-15T09:14:04","date_gmt":"2026-01-15T09:14:04","guid":{"rendered":"https:\/\/loginfo24.dashboard.brand-architecture.at\/2026\/01\/15\/segro-alquila-superficie-a-vinted-go\/"},"modified":"2026-01-15T09:14:04","modified_gmt":"2026-01-15T09:14:04","slug":"segro-alquila-superficie-a-vinted-go","status":"publish","type":"post","link":"https:\/\/loginfo24.com\/es\/2026\/01\/15\/segro-alquila-superficie-a-vinted-go\/","title":{"rendered":"SEGRO alquila superficie a Vinted Go"},"content":{"rendered":"<p>SEGRO ha firmado un contrato de arrendamiento con Vinted Go, el brazo log\u00edstico de la empresa internacional Vinted. El contrato abarca una superficie de 23.351 m\u00b2 en el edificio A del SEGRO Logistics Park Saint-Martin-de-Crau en Francia. El inicio del arrendamiento est\u00e1 previsto para el a\u00f1o 2026.<\/p>\n<h3>Fortalecimiento de la log\u00edstica en Francia<\/h3>\n<p>La nueva superficie arrendada apoyar\u00e1 a Vinted Go en Francia y tiene como objetivo fomentar el crecimiento de la plataforma as\u00ed como el desarrollo de la entrega de productos de segunda mano. Este acuerdo tambi\u00e9n subraya la profundizaci\u00f3n de una asociaci\u00f3n a largo plazo entre SEGRO y Vinted Go, seg\u00fan informa la empresa.<\/p>\n<p>La firma del contrato de arrendamiento se produce solo unos meses despu\u00e9s de otro contrato con una empresa log\u00edstica internacional por una superficie de 41.507 m\u00b2 en el mismo edificio. En total, se han alquilado m\u00e1s de 65.000 m\u00b2 en el edificio en los \u00faltimos meses.<\/p>\n<p><a href=\"https:\/\/www.segro.com\/\" target=\"_blank\" rel=\"noopener noreferrer\">www.segro.com<\/a><\/p>\n","protected":false},"excerpt":{"rendered":"<p>SEGRO ha firmado un contrato de arrendamiento con Vinted Go por 23.351 m\u00b2 en el SEGRO Logistics Park Saint-Martin-de-Crau para aumentar la eficiencia log\u00edstica en Francia<\/p>\n","protected":false},"author":10,"featured_media":73148,"comment_status":"open","ping_status":"open","sticky":false,"template":"","format":"standard","meta":{"_acf_changed":false,"footnotes":""},"categories":[1605],"tags":[5622,5623,5624,5625,5626,5627,2115,2116,5628,5629,5630,2122,5631,3328,3994,5632,5633,5634,2373,5635,5636,5637,5638,4000,2133,5639,5640,1831,5641,5642,2622,5643,5644,5645,5646,1800,3157,4423,5647,5648,5649,2145,5650,5651,2148,5652,5653,5654,5655,5656,5657,2641,5658,5659,5660,5661],"class_list":["post-73151","post","type-post","status-publish","format-standard","has-post-thumbnail","hentry","category-expedicion-y-logistica","tag-contrat-de-location-logistique","tag-corridors-en-france","tag-corridors-in-france","tag-croissance-de-la-plateforme","tag-deutsch-segro","tag-developpement-logistique","tag-digitalisierung-in-der-logistik","tag-digitalization-in-logistics","tag-entreprises-de-logistique-internationales","tag-espace-logistique","tag-espace-loue-2026","tag-fachkraeftemangel-logistik","tag-hafenbetrieb-frankreich-english-segro","tag-infrastructure-logistique","tag-infrastruktur-logistik","tag-international-logistics-companies","tag-internationale-logistikunternehmen","tag-korridore-in-frankreich","tag-labor-shortage-logistics","tag-lease-agreement-logistics","tag-leased-space-2026","tag-logistics-development","tag-logistics-france","tag-logistics-infrastructure","tag-logistics-service-providers","tag-logistics-space","tag-logistik-frankreich","tag-logistikdienstleister","tag-logistikentwicklung","tag-logistikpark-saint-martin-de-crau","tag-logistique-durable","tag-logistique-france","tag-logistische-flaechen","tag-mietflaeche-2026","tag-mietvertrag-logistik","tag-nachhaltige-logistik","tag-numerisation-dans-la-logistique","tag-operations-portuaires-france","tag-parc-logistique-saint-martin-de-crau","tag-partenariat-segro-vinted","tag-partnerschaft-segro-vinted","tag-penurie-de-main-doeuvre-logistique","tag-platform-growth","tag-port-operations-france-francais-segro","tag-prestataires-de-services-logistiques","tag-produits-doccasion","tag-saint-martin-de-crau-logistics-park","tag-second-hand-products","tag-second-hand-produkte","tag-secteur-du-transport-france","tag-segro-vinted-partnership","tag-sustainable-logistics","tag-transport-industry-france","tag-transportwirtschaft-frankreich","tag-vinted-go","tag-wachstum-der-plattform"],"acf":[],"yoast_head":"<!-- This site is optimized with the Yoast SEO plugin v27.3 - https:\/\/yoast.com\/product\/yoast-seo-wordpress\/ -->\n<title>SEGRO alquila superficie a Vinted Go - Loginfo24<\/title>\n<meta name=\"robots\" content=\"index, follow, max-snippet:-1, max-image-preview:large, max-video-preview:-1\" \/>\n<link rel=\"canonical\" href=\"https:\/\/loginfo24.com\/es\/2026\/01\/15\/segro-alquila-superficie-a-vinted-go\/\" \/>\n<meta property=\"og:locale\" content=\"es_ES\" \/>\n<meta property=\"og:type\" content=\"article\" \/>\n<meta property=\"og:title\" content=\"SEGRO alquila superficie a Vinted Go - Loginfo24\" \/>\n<meta property=\"og:description\" content=\"SEGRO ha firmado un contrato de arrendamiento con Vinted Go por 23.351 m\u00b2 en el SEGRO Logistics Park Saint-Martin-de-Crau para aumentar la eficiencia log\u00edstica en Francia\" \/>\n<meta property=\"og:url\" content=\"https:\/\/loginfo24.com\/es\/2026\/01\/15\/segro-alquila-superficie-a-vinted-go\/\" \/>\n<meta property=\"og:site_name\" content=\"Loginfo24\" \/>\n<meta property=\"article:publisher\" content=\"https:\/\/www.facebook.com\/people\/Loginfo24\/100057360583332\/\" \/>\n<meta property=\"article:published_time\" content=\"2026-01-15T09:14:04+00:00\" \/>\n<meta property=\"og:image\" content=\"https:\/\/loginfo24.com\/wp-content\/uploads\/sites\/7\/2026\/01\/Screenshot-2026-01-15-102346-aspect-ratio-1400-788.jpg\" \/>\n\t<meta property=\"og:image:width\" content=\"1217\" \/>\n\t<meta property=\"og:image:height\" content=\"684\" \/>\n\t<meta property=\"og:image:type\" content=\"image\/jpeg\" \/>\n<meta name=\"author\" content=\"Jeremy Soland\" \/>\n<meta name=\"twitter:card\" content=\"summary_large_image\" \/>\n<meta name=\"twitter:label1\" content=\"Escrito por\" \/>\n\t<meta name=\"twitter:data1\" content=\"Jeremy Soland\" \/>\n\t<meta name=\"twitter:label2\" content=\"Tiempo de lectura\" \/>\n\t<meta name=\"twitter:data2\" content=\"1 minuto\" \/>\n<script type=\"application\/ld+json\" class=\"yoast-schema-graph\">{\"@context\":\"https:\\\/\\\/schema.org\",\"@graph\":[{\"@type\":\"Article\",\"@id\":\"https:\\\/\\\/loginfo24.com\\\/es\\\/2026\\\/01\\\/15\\\/segro-alquila-superficie-a-vinted-go\\\/#article\",\"isPartOf\":{\"@id\":\"https:\\\/\\\/loginfo24.com\\\/es\\\/2026\\\/01\\\/15\\\/segro-alquila-superficie-a-vinted-go\\\/\"},\"author\":{\"name\":\"Jeremy Soland\",\"@id\":\"https:\\\/\\\/loginfo24.com\\\/es\\\/#\\\/schema\\\/person\\\/41d36b5474b623392fa613e97e2363fa\"},\"headline\":\"SEGRO alquila superficie a Vinted Go\",\"datePublished\":\"2026-01-15T09:14:04+00:00\",\"mainEntityOfPage\":{\"@id\":\"https:\\\/\\\/loginfo24.com\\\/es\\\/2026\\\/01\\\/15\\\/segro-alquila-superficie-a-vinted-go\\\/\"},\"wordCount\":167,\"commentCount\":0,\"publisher\":{\"@id\":\"https:\\\/\\\/loginfo24.com\\\/es\\\/#organization\"},\"image\":{\"@id\":\"https:\\\/\\\/loginfo24.com\\\/es\\\/2026\\\/01\\\/15\\\/segro-alquila-superficie-a-vinted-go\\\/#primaryimage\"},\"thumbnailUrl\":\"https:\\\/\\\/loginfo24.com\\\/wp-content\\\/uploads\\\/sites\\\/7\\\/2026\\\/01\\\/Screenshot-2026-01-15-102346-aspect-ratio-1400-788.jpg\",\"keywords\":[\"contrat de location logistique\",\"corridors en France\",\"corridors in France\",\"croissance de la plateforme\",\"Deutsch SEGRO\",\"d\u00e9veloppement logistique\",\"Digitalisierung in der Logistik\",\"digitalization in logistics\",\"entreprises de logistique internationales\",\"espace logistique\",\"espace lou\u00e9 2026\",\"Fachkr\u00e4ftemangel Logistik\",\"Hafenbetrieb Frankreich English SEGRO\",\"infrastructure logistique\",\"Infrastruktur Logistik\",\"international logistics companies\",\"internationale Logistikunternehmen\",\"Korridore in Frankreich\",\"labor shortage logistics\",\"lease agreement logistics\",\"leased space 2026\",\"logistics development\",\"logistics France\",\"logistics infrastructure\",\"logistics service providers\",\"logistics space\",\"Logistik Frankreich\",\"Logistikdienstleister\",\"Logistikentwicklung\",\"Logistikpark Saint-Martin-de-Crau\",\"logistique durable\",\"logistique France\",\"logistische Fl\u00e4chen\",\"Mietfl\u00e4che 2026\",\"Mietvertrag Logistik\",\"nachhaltige Logistik\",\"num\u00e9risation dans la logistique\",\"op\u00e9rations portuaires France\",\"parc logistique Saint-Martin-de-Crau\",\"partenariat SEGRO Vinted\",\"Partnerschaft SEGRO Vinted\",\"p\u00e9nurie de main-d'\u0153uvre logistique\",\"platform growth\",\"port operations France Fran\u00e7ais SEGRO\",\"prestataires de services logistiques\",\"produits d'occasion\",\"Saint-Martin-de-Crau logistics park\",\"second-hand products\",\"Second-Hand-Produkte\",\"secteur du transport France\",\"SEGRO Vinted partnership\",\"sustainable logistics\",\"transport industry France\",\"Transportwirtschaft Frankreich\",\"Vinted Go\",\"Wachstum der Plattform\"],\"articleSection\":[\"Transporte de mercanc\u00edas y log\u00edstica\"],\"inLanguage\":\"es\",\"potentialAction\":[{\"@type\":\"CommentAction\",\"name\":\"Comment\",\"target\":[\"https:\\\/\\\/loginfo24.com\\\/es\\\/2026\\\/01\\\/15\\\/segro-alquila-superficie-a-vinted-go\\\/#respond\"]}]},{\"@type\":\"WebPage\",\"@id\":\"https:\\\/\\\/loginfo24.com\\\/es\\\/2026\\\/01\\\/15\\\/segro-alquila-superficie-a-vinted-go\\\/\",\"url\":\"https:\\\/\\\/loginfo24.com\\\/es\\\/2026\\\/01\\\/15\\\/segro-alquila-superficie-a-vinted-go\\\/\",\"name\":\"SEGRO alquila superficie a Vinted Go - Loginfo24\",\"isPartOf\":{\"@id\":\"https:\\\/\\\/loginfo24.com\\\/es\\\/#website\"},\"primaryImageOfPage\":{\"@id\":\"https:\\\/\\\/loginfo24.com\\\/es\\\/2026\\\/01\\\/15\\\/segro-alquila-superficie-a-vinted-go\\\/#primaryimage\"},\"image\":{\"@id\":\"https:\\\/\\\/loginfo24.com\\\/es\\\/2026\\\/01\\\/15\\\/segro-alquila-superficie-a-vinted-go\\\/#primaryimage\"},\"thumbnailUrl\":\"https:\\\/\\\/loginfo24.com\\\/wp-content\\\/uploads\\\/sites\\\/7\\\/2026\\\/01\\\/Screenshot-2026-01-15-102346-aspect-ratio-1400-788.jpg\",\"datePublished\":\"2026-01-15T09:14:04+00:00\",\"breadcrumb\":{\"@id\":\"https:\\\/\\\/loginfo24.com\\\/es\\\/2026\\\/01\\\/15\\\/segro-alquila-superficie-a-vinted-go\\\/#breadcrumb\"},\"inLanguage\":\"es\",\"potentialAction\":[{\"@type\":\"ReadAction\",\"target\":[\"https:\\\/\\\/loginfo24.com\\\/es\\\/2026\\\/01\\\/15\\\/segro-alquila-superficie-a-vinted-go\\\/\"]}]},{\"@type\":\"ImageObject\",\"inLanguage\":\"es\",\"@id\":\"https:\\\/\\\/loginfo24.com\\\/es\\\/2026\\\/01\\\/15\\\/segro-alquila-superficie-a-vinted-go\\\/#primaryimage\",\"url\":\"https:\\\/\\\/loginfo24.com\\\/wp-content\\\/uploads\\\/sites\\\/7\\\/2026\\\/01\\\/Screenshot-2026-01-15-102346-aspect-ratio-1400-788.jpg\",\"contentUrl\":\"https:\\\/\\\/loginfo24.com\\\/wp-content\\\/uploads\\\/sites\\\/7\\\/2026\\\/01\\\/Screenshot-2026-01-15-102346-aspect-ratio-1400-788.jpg\",\"width\":1217,\"height\":684},{\"@type\":\"BreadcrumbList\",\"@id\":\"https:\\\/\\\/loginfo24.com\\\/es\\\/2026\\\/01\\\/15\\\/segro-alquila-superficie-a-vinted-go\\\/#breadcrumb\",\"itemListElement\":[{\"@type\":\"ListItem\",\"position\":1,\"name\":\"Startseite\",\"item\":\"https:\\\/\\\/loginfo24.com\\\/es\\\/\"},{\"@type\":\"ListItem\",\"position\":2,\"name\":\"SEGRO alquila superficie a Vinted Go\"}]},{\"@type\":\"WebSite\",\"@id\":\"https:\\\/\\\/loginfo24.com\\\/es\\\/#website\",\"url\":\"https:\\\/\\\/loginfo24.com\\\/es\\\/\",\"name\":\"Loginfo24\",\"description\":\"Loginfo24 es la plataforma dedicada a la log\u00edstica y las cadenas de suministro con informaci\u00f3n las 24 horas del d\u00eda.\",\"publisher\":{\"@id\":\"https:\\\/\\\/loginfo24.com\\\/es\\\/#organization\"},\"potentialAction\":[{\"@type\":\"SearchAction\",\"target\":{\"@type\":\"EntryPoint\",\"urlTemplate\":\"https:\\\/\\\/loginfo24.com\\\/es\\\/?s={search_term_string}\"},\"query-input\":{\"@type\":\"PropertyValueSpecification\",\"valueRequired\":true,\"valueName\":\"search_term_string\"}}],\"inLanguage\":\"es\"},{\"@type\":\"Organization\",\"@id\":\"https:\\\/\\\/loginfo24.com\\\/es\\\/#organization\",\"name\":\"Grupo Logismedia AG\",\"url\":\"https:\\\/\\\/loginfo24.com\\\/es\\\/\",\"logo\":{\"@type\":\"ImageObject\",\"inLanguage\":\"es\",\"@id\":\"https:\\\/\\\/loginfo24.com\\\/es\\\/#\\\/schema\\\/logo\\\/image\\\/\",\"url\":\"https:\\\/\\\/loginfo24.com\\\/wp-content\\\/uploads\\\/sites\\\/7\\\/2026\\\/01\\\/Logo_LogInfo24.png\",\"contentUrl\":\"https:\\\/\\\/loginfo24.com\\\/wp-content\\\/uploads\\\/sites\\\/7\\\/2026\\\/01\\\/Logo_LogInfo24.png\",\"width\":938,\"height\":351,\"caption\":\"Grupo Logismedia AG\"},\"image\":{\"@id\":\"https:\\\/\\\/loginfo24.com\\\/es\\\/#\\\/schema\\\/logo\\\/image\\\/\"},\"sameAs\":[\"https:\\\/\\\/www.facebook.com\\\/people\\\/Loginfo24\\\/100057360583332\\\/\",\"https:\\\/\\\/www.linkedin.com\\\/company\\\/lofinfo24\\\/\"]},{\"@type\":\"Person\",\"@id\":\"https:\\\/\\\/loginfo24.com\\\/es\\\/#\\\/schema\\\/person\\\/41d36b5474b623392fa613e97e2363fa\",\"name\":\"Jeremy Soland\",\"url\":\"https:\\\/\\\/loginfo24.com\\\/es\\\/author\\\/jeremy\\\/\"}]}<\/script>\n<!-- \/ Yoast SEO plugin. -->","yoast_head_json":{"title":"SEGRO alquila superficie a Vinted Go - Loginfo24","robots":{"index":"index","follow":"follow","max-snippet":"max-snippet:-1","max-image-preview":"max-image-preview:large","max-video-preview":"max-video-preview:-1"},"canonical":"https:\/\/loginfo24.com\/es\/2026\/01\/15\/segro-alquila-superficie-a-vinted-go\/","og_locale":"es_ES","og_type":"article","og_title":"SEGRO alquila superficie a Vinted Go - Loginfo24","og_description":"SEGRO ha firmado un contrato de arrendamiento con Vinted Go por 23.351 m\u00b2 en el SEGRO Logistics Park Saint-Martin-de-Crau para aumentar la eficiencia log\u00edstica en Francia","og_url":"https:\/\/loginfo24.com\/es\/2026\/01\/15\/segro-alquila-superficie-a-vinted-go\/","og_site_name":"Loginfo24","article_publisher":"https:\/\/www.facebook.com\/people\/Loginfo24\/100057360583332\/","article_published_time":"2026-01-15T09:14:04+00:00","og_image":[{"width":1217,"height":684,"url":"https:\/\/loginfo24.com\/wp-content\/uploads\/sites\/7\/2026\/01\/Screenshot-2026-01-15-102346-aspect-ratio-1400-788.jpg","type":"image\/jpeg"}],"author":"Jeremy Soland","twitter_card":"summary_large_image","twitter_misc":{"Escrito por":"Jeremy Soland","Tiempo de lectura":"1 minuto"},"schema":{"@context":"https:\/\/schema.org","@graph":[{"@type":"Article","@id":"https:\/\/loginfo24.com\/es\/2026\/01\/15\/segro-alquila-superficie-a-vinted-go\/#article","isPartOf":{"@id":"https:\/\/loginfo24.com\/es\/2026\/01\/15\/segro-alquila-superficie-a-vinted-go\/"},"author":{"name":"Jeremy Soland","@id":"https:\/\/loginfo24.com\/es\/#\/schema\/person\/41d36b5474b623392fa613e97e2363fa"},"headline":"SEGRO alquila superficie a Vinted Go","datePublished":"2026-01-15T09:14:04+00:00","mainEntityOfPage":{"@id":"https:\/\/loginfo24.com\/es\/2026\/01\/15\/segro-alquila-superficie-a-vinted-go\/"},"wordCount":167,"commentCount":0,"publisher":{"@id":"https:\/\/loginfo24.com\/es\/#organization"},"image":{"@id":"https:\/\/loginfo24.com\/es\/2026\/01\/15\/segro-alquila-superficie-a-vinted-go\/#primaryimage"},"thumbnailUrl":"https:\/\/loginfo24.com\/wp-content\/uploads\/sites\/7\/2026\/01\/Screenshot-2026-01-15-102346-aspect-ratio-1400-788.jpg","keywords":["contrat de location logistique","corridors en France","corridors in France","croissance de la plateforme","Deutsch SEGRO","d\u00e9veloppement logistique","Digitalisierung in der Logistik","digitalization in logistics","entreprises de logistique internationales","espace logistique","espace lou\u00e9 2026","Fachkr\u00e4ftemangel Logistik","Hafenbetrieb Frankreich English SEGRO","infrastructure logistique","Infrastruktur Logistik","international logistics companies","internationale Logistikunternehmen","Korridore in Frankreich","labor shortage logistics","lease agreement logistics","leased space 2026","logistics development","logistics France","logistics infrastructure","logistics service providers","logistics space","Logistik Frankreich","Logistikdienstleister","Logistikentwicklung","Logistikpark Saint-Martin-de-Crau","logistique durable","logistique France","logistische Fl\u00e4chen","Mietfl\u00e4che 2026","Mietvertrag Logistik","nachhaltige Logistik","num\u00e9risation dans la logistique","op\u00e9rations portuaires France","parc logistique Saint-Martin-de-Crau","partenariat SEGRO Vinted","Partnerschaft SEGRO Vinted","p\u00e9nurie de main-d'\u0153uvre logistique","platform growth","port operations France Fran\u00e7ais SEGRO","prestataires de services logistiques","produits d'occasion","Saint-Martin-de-Crau logistics park","second-hand products","Second-Hand-Produkte","secteur du transport France","SEGRO Vinted partnership","sustainable logistics","transport industry France","Transportwirtschaft Frankreich","Vinted Go","Wachstum der Plattform"],"articleSection":["Transporte de mercanc\u00edas y log\u00edstica"],"inLanguage":"es","potentialAction":[{"@type":"CommentAction","name":"Comment","target":["https:\/\/loginfo24.com\/es\/2026\/01\/15\/segro-alquila-superficie-a-vinted-go\/#respond"]}]},{"@type":"WebPage","@id":"https:\/\/loginfo24.com\/es\/2026\/01\/15\/segro-alquila-superficie-a-vinted-go\/","url":"https:\/\/loginfo24.com\/es\/2026\/01\/15\/segro-alquila-superficie-a-vinted-go\/","name":"SEGRO alquila superficie a Vinted Go - Loginfo24","isPartOf":{"@id":"https:\/\/loginfo24.com\/es\/#website"},"primaryImageOfPage":{"@id":"https:\/\/loginfo24.com\/es\/2026\/01\/15\/segro-alquila-superficie-a-vinted-go\/#primaryimage"},"image":{"@id":"https:\/\/loginfo24.com\/es\/2026\/01\/15\/segro-alquila-superficie-a-vinted-go\/#primaryimage"},"thumbnailUrl":"https:\/\/loginfo24.com\/wp-content\/uploads\/sites\/7\/2026\/01\/Screenshot-2026-01-15-102346-aspect-ratio-1400-788.jpg","datePublished":"2026-01-15T09:14:04+00:00","breadcrumb":{"@id":"https:\/\/loginfo24.com\/es\/2026\/01\/15\/segro-alquila-superficie-a-vinted-go\/#breadcrumb"},"inLanguage":"es","potentialAction":[{"@type":"ReadAction","target":["https:\/\/loginfo24.com\/es\/2026\/01\/15\/segro-alquila-superficie-a-vinted-go\/"]}]},{"@type":"ImageObject","inLanguage":"es","@id":"https:\/\/loginfo24.com\/es\/2026\/01\/15\/segro-alquila-superficie-a-vinted-go\/#primaryimage","url":"https:\/\/loginfo24.com\/wp-content\/uploads\/sites\/7\/2026\/01\/Screenshot-2026-01-15-102346-aspect-ratio-1400-788.jpg","contentUrl":"https:\/\/loginfo24.com\/wp-content\/uploads\/sites\/7\/2026\/01\/Screenshot-2026-01-15-102346-aspect-ratio-1400-788.jpg","width":1217,"height":684},{"@type":"BreadcrumbList","@id":"https:\/\/loginfo24.com\/es\/2026\/01\/15\/segro-alquila-superficie-a-vinted-go\/#breadcrumb","itemListElement":[{"@type":"ListItem","position":1,"name":"Startseite","item":"https:\/\/loginfo24.com\/es\/"},{"@type":"ListItem","position":2,"name":"SEGRO alquila superficie a Vinted Go"}]},{"@type":"WebSite","@id":"https:\/\/loginfo24.com\/es\/#website","url":"https:\/\/loginfo24.com\/es\/","name":"Loginfo24","description":"Loginfo24 es la plataforma dedicada a la log\u00edstica y las cadenas de suministro con informaci\u00f3n las 24 horas del d\u00eda.","publisher":{"@id":"https:\/\/loginfo24.com\/es\/#organization"},"potentialAction":[{"@type":"SearchAction","target":{"@type":"EntryPoint","urlTemplate":"https:\/\/loginfo24.com\/es\/?s={search_term_string}"},"query-input":{"@type":"PropertyValueSpecification","valueRequired":true,"valueName":"search_term_string"}}],"inLanguage":"es"},{"@type":"Organization","@id":"https:\/\/loginfo24.com\/es\/#organization","name":"Grupo Logismedia AG","url":"https:\/\/loginfo24.com\/es\/","logo":{"@type":"ImageObject","inLanguage":"es","@id":"https:\/\/loginfo24.com\/es\/#\/schema\/logo\/image\/","url":"https:\/\/loginfo24.com\/wp-content\/uploads\/sites\/7\/2026\/01\/Logo_LogInfo24.png","contentUrl":"https:\/\/loginfo24.com\/wp-content\/uploads\/sites\/7\/2026\/01\/Logo_LogInfo24.png","width":938,"height":351,"caption":"Grupo Logismedia AG"},"image":{"@id":"https:\/\/loginfo24.com\/es\/#\/schema\/logo\/image\/"},"sameAs":["https:\/\/www.facebook.com\/people\/Loginfo24\/100057360583332\/","https:\/\/www.linkedin.com\/company\/lofinfo24\/"]},{"@type":"Person","@id":"https:\/\/loginfo24.com\/es\/#\/schema\/person\/41d36b5474b623392fa613e97e2363fa","name":"Jeremy Soland","url":"https:\/\/loginfo24.com\/es\/author\/jeremy\/"}]}},"_links":{"self":[{"href":"https:\/\/loginfo24.com\/es\/wp-json\/wp\/v2\/posts\/73151","targetHints":{"allow":["GET"]}}],"collection":[{"href":"https:\/\/loginfo24.com\/es\/wp-json\/wp\/v2\/posts"}],"about":[{"href":"https:\/\/loginfo24.com\/es\/wp-json\/wp\/v2\/types\/post"}],"author":[{"embeddable":true,"href":"https:\/\/loginfo24.com\/es\/wp-json\/wp\/v2\/users\/10"}],"replies":[{"embeddable":true,"href":"https:\/\/loginfo24.com\/es\/wp-json\/wp\/v2\/comments?post=73151"}],"version-history":[{"count":0,"href":"https:\/\/loginfo24.com\/es\/wp-json\/wp\/v2\/posts\/73151\/revisions"}],"wp:featuredmedia":[{"embeddable":true,"href":"https:\/\/loginfo24.com\/es\/wp-json\/wp\/v2\/media\/73148"}],"wp:attachment":[{"href":"https:\/\/loginfo24.com\/es\/wp-json\/wp\/v2\/media?parent=73151"}],"wp:term":[{"taxonomy":"category","embeddable":true,"href":"https:\/\/loginfo24.com\/es\/wp-json\/wp\/v2\/categories?post=73151"},{"taxonomy":"post_tag","embeddable":true,"href":"https:\/\/loginfo24.com\/es\/wp-json\/wp\/v2\/tags?post=73151"}],"curies":[{"name":"wp","href":"https:\/\/api.w.org\/{rel}","templated":true}]}}