{"id":73127,"date":"2026-01-15T08:26:37","date_gmt":"2026-01-15T08:26:37","guid":{"rendered":"https:\/\/loginfo24.dashboard.brand-architecture.at\/2026\/01\/15\/disminucion-de-pasajeros-y-aumento-de-carga\/"},"modified":"2026-01-15T08:26:37","modified_gmt":"2026-01-15T08:26:37","slug":"disminucion-de-pasajeros-y-aumento-de-carga","status":"publish","type":"post","link":"https:\/\/loginfo24.com\/es\/2026\/01\/15\/disminucion-de-pasajeros-y-aumento-de-carga\/","title":{"rendered":"Disminuci\u00f3n de pasajeros y aumento de carga"},"content":{"rendered":"<p>Maastricht Aachen Airport ha publicado los primeros resultados para el a\u00f1o 2025. Los operadores del aeropuerto informan de un aumento significativo en el volumen de carga a\u00e9rea, mientras que el n\u00famero de pasajeros ha disminuido en comparaci\u00f3n con el a\u00f1o anterior. En total, se gestionaron 41.636 t de carga en el aeropuerto en 2025, mientras que el n\u00famero de pasajeros fue de 159.270. La cantidad de movimientos de aeronaves fue de 7.549, de los cuales 1.737 correspondieron a aviones de carga y 994 a aviones de pasajeros. Los movimientos restantes fueron causados por helic\u00f3pteros, aviones ligeros y vuelos de mantenimiento.<\/p>\n<h3>Disminuci\u00f3n de pasajeros y aumento de cifras de carga<\/h3>\n<p>A diferencia de los n\u00fameros de pasajeros, el aeropuerto ha registrado un aumento significativo en el \u00e1rea de carga a\u00e9rea. Despu\u00e9s de una disminuci\u00f3n en las cifras de carga desde la renovaci\u00f3n de la pista de aterrizaje, el aeropuerto logr\u00f3 un aumento de m\u00e1s del 40% en 2025. Este desarrollo se considera la primera consecuencia positiva de las inversiones en la gesti\u00f3n de carga, especialmente en la segunda mitad de 2025.<\/p>\n<p>A finales de 2024, Maastricht Aachen Airport anunci\u00f3 que se centrar\u00eda en la carga a\u00e9rea. La estrategia comercial a largo plazo prev\u00e9 alcanzar 500.000 pasajeros y 200.000 t de carga. Si bien ambas \u00e1reas son importantes para el aeropuerto, se espera una rentabilidad m\u00e1s r\u00e1pida en el sector de carga a\u00e9rea. Esta estrategia ya se refleja en los vol\u00famenes de carga aumentados en 2025.<\/p>\n<h3>Nueva resoluci\u00f3n del aeropuerto y medidas de infraestructura<\/h3>\n<p>Adem\u00e1s, Maastricht Aachen Airport present\u00f3 a principios de enero de 2026 una solicitud para una nueva resoluci\u00f3n del aeropuerto. Este paso es parte de los esfuerzos por transformar el aeropuerto en una instalaci\u00f3n sostenible y viable para el futuro. La solicitud incluye, entre otras cosas, una extensi\u00f3n de la pista operativa a 2.750 m, lo que permitir\u00e1 a los aviones de carga despegar con mayor peso o volar a destinos m\u00e1s lejanos. Estas medidas no solo buscan fortalecer la competitividad del aeropuerto, sino tambi\u00e9n reducir la carga para las comunidades circundantes.<\/p>\n<p>&nbsp;<\/p>\n<p><a href=\"https:\/\/www.maa.nl\/\" target=\"_blank\" rel=\"noopener noreferrer\">www.maa.nl<\/a><\/p>\n<p>&nbsp;<\/p>\n","protected":false},"excerpt":{"rendered":"<p>Maastricht Aachen Airport registr\u00f3 en 2025 un aumento del volumen de carga a\u00e9rea de m\u00e1s del 40%, mientras que el n\u00famero de pasajeros cay\u00f3 a 159.270<\/p>\n","protected":false},"author":12,"featured_media":73124,"comment_status":"open","ping_status":"open","sticky":false,"template":"","format":"standard","meta":{"_acf_changed":false,"footnotes":""},"categories":[1606,1609],"tags":[3447,5501,5502,3619,5503,5504,5505,5506,5507,5508,3402,2265,5509,5510,2115,4521,5511,5512,5513,5514,5515,3632,5516,2032,5517,1958,5291,5518,4091,5293,5519,2125,3643,5520,5521,5522,5523,2133,1831,3472,5524,5525,5526,3475,5527,3157,5528,5529,5530,5531,2148,5532,5533,5534,5535,4105,2155,1837,5311],"class_list":["post-73127","post","type-post","status-publish","format-standard","has-post-thumbnail","hentry","category-carga-aerea","category-regiones","tag-air-freight-market","tag-air-freight-strategy","tag-air-traffic","tag-airport-infrastructure","tag-airport-management-francais-fret-aerien","tag-airport-operations","tag-airport-resolution","tag-augmentation-du-fret","tag-avions-cargo","tag-baisse-du-nombre-de-passagers","tag-cargo-aircraft","tag-deutsch-luftfracht","tag-developpement-aeroportuaire-durable","tag-developpement-aeroportuaire-europeen","tag-digitalisierung-in-der-logistik","tag-digitization-in-logistics","tag-europaeische-flughafenentwicklung","tag-european-airport-development","tag-fachkraeftemangel-in-der-luftfahrt","tag-flughafenbeschluss","tag-flughafenbetrieb","tag-flughafeninfrastruktur","tag-flughafenmanagement-english-air-freight","tag-frachtflugzeuge","tag-frachtsteigerung","tag-frachttransport","tag-frachtvolumen-2025","tag-freight-increase","tag-freight-transport","tag-freight-volume-2025","tag-gestion-aeroportuaire","tag-industrie-du-transport","tag-infrastructure-aeroportuaire","tag-investissements-dans-le-traitement-du-fret","tag-investitionen-in-frachtabwicklung","tag-investments-in-freight-handling","tag-labor-shortage-in-aviation","tag-logistics-service-providers","tag-logistikdienstleister","tag-luftfrachtmarkt","tag-luftfrachtstrategie","tag-luftverkehr","tag-maastricht-aachen-airport","tag-marche-du-fret-aerien","tag-nachhaltige-flughafenentwicklung","tag-numerisation-dans-la-logistique","tag-operations-aeroportuaires","tag-passagierzahlen-rueckgang","tag-passenger-numbers-decline","tag-penurie-de-main-doeuvre-dans-laviation","tag-prestataires-de-services-logistiques","tag-resolution-aeroportuaire","tag-strategie-de-fret-aerien","tag-sustainable-airport-development","tag-trafic-aerien","tag-transport-de-fret","tag-transport-industry","tag-transportwirtschaft","tag-volume-de-fret-2025"],"acf":[],"yoast_head":"<!-- This site is optimized with the Yoast SEO plugin v27.3 - https:\/\/yoast.com\/product\/yoast-seo-wordpress\/ -->\n<title>Disminuci\u00f3n de pasajeros y aumento de carga - Loginfo24<\/title>\n<meta name=\"robots\" content=\"index, follow, max-snippet:-1, max-image-preview:large, max-video-preview:-1\" \/>\n<link rel=\"canonical\" href=\"https:\/\/loginfo24.com\/es\/2026\/01\/15\/disminucion-de-pasajeros-y-aumento-de-carga\/\" \/>\n<meta property=\"og:locale\" content=\"es_ES\" \/>\n<meta property=\"og:type\" content=\"article\" \/>\n<meta property=\"og:title\" content=\"Disminuci\u00f3n de pasajeros y aumento de carga - Loginfo24\" \/>\n<meta property=\"og:description\" content=\"Maastricht Aachen Airport registr\u00f3 en 2025 un aumento del volumen de carga a\u00e9rea de m\u00e1s del 40%, mientras que el n\u00famero de pasajeros cay\u00f3 a 159.270\" \/>\n<meta property=\"og:url\" content=\"https:\/\/loginfo24.com\/es\/2026\/01\/15\/disminucion-de-pasajeros-y-aumento-de-carga\/\" \/>\n<meta property=\"og:site_name\" content=\"Loginfo24\" \/>\n<meta property=\"article:publisher\" content=\"https:\/\/www.facebook.com\/people\/Loginfo24\/100057360583332\/\" \/>\n<meta property=\"article:published_time\" content=\"2026-01-15T08:26:37+00:00\" \/>\n<meta property=\"og:image\" content=\"https:\/\/loginfo24.com\/wp-content\/uploads\/sites\/7\/2026\/01\/MAA-615821362_1440700054442875_7059948635848186391_n-aspect-ratio-1400-788.jpg\" \/>\n\t<meta property=\"og:image:width\" content=\"2048\" \/>\n\t<meta property=\"og:image:height\" content=\"1153\" \/>\n\t<meta property=\"og:image:type\" content=\"image\/jpeg\" \/>\n<meta name=\"author\" content=\"Andreas Haug\" \/>\n<meta name=\"twitter:card\" content=\"summary_large_image\" \/>\n<meta name=\"twitter:label1\" content=\"Escrito por\" \/>\n\t<meta name=\"twitter:data1\" content=\"Andreas Haug\" \/>\n\t<meta name=\"twitter:label2\" content=\"Tiempo de lectura\" \/>\n\t<meta name=\"twitter:data2\" content=\"2 minuto\" \/>\n<script type=\"application\/ld+json\" class=\"yoast-schema-graph\">{\"@context\":\"https:\\\/\\\/schema.org\",\"@graph\":[{\"@type\":\"Article\",\"@id\":\"https:\\\/\\\/loginfo24.com\\\/es\\\/2026\\\/01\\\/15\\\/disminucion-de-pasajeros-y-aumento-de-carga\\\/#article\",\"isPartOf\":{\"@id\":\"https:\\\/\\\/loginfo24.com\\\/es\\\/2026\\\/01\\\/15\\\/disminucion-de-pasajeros-y-aumento-de-carga\\\/\"},\"author\":{\"name\":\"Andreas Haug\",\"@id\":\"https:\\\/\\\/loginfo24.com\\\/es\\\/#\\\/schema\\\/person\\\/cf538b3157f15afd7589245a4b3dbd25\"},\"headline\":\"Disminuci\u00f3n de pasajeros y aumento de carga\",\"datePublished\":\"2026-01-15T08:26:37+00:00\",\"mainEntityOfPage\":{\"@id\":\"https:\\\/\\\/loginfo24.com\\\/es\\\/2026\\\/01\\\/15\\\/disminucion-de-pasajeros-y-aumento-de-carga\\\/\"},\"wordCount\":368,\"commentCount\":0,\"publisher\":{\"@id\":\"https:\\\/\\\/loginfo24.com\\\/es\\\/#organization\"},\"image\":{\"@id\":\"https:\\\/\\\/loginfo24.com\\\/es\\\/2026\\\/01\\\/15\\\/disminucion-de-pasajeros-y-aumento-de-carga\\\/#primaryimage\"},\"thumbnailUrl\":\"https:\\\/\\\/loginfo24.com\\\/wp-content\\\/uploads\\\/sites\\\/7\\\/2026\\\/01\\\/MAA-615821362_1440700054442875_7059948635848186391_n-aspect-ratio-1400-788.jpg\",\"keywords\":[\"air freight market\",\"air freight strategy\",\"air traffic\",\"airport infrastructure\",\"airport management Fran\u00e7ais fret a\u00e9rien\",\"airport operations\",\"airport resolution\",\"augmentation du fret\",\"avions cargo\",\"baisse du nombre de passagers\",\"cargo aircraft\",\"Deutsch Luftfracht\",\"d\u00e9veloppement a\u00e9roportuaire durable\",\"d\u00e9veloppement a\u00e9roportuaire europ\u00e9en\",\"Digitalisierung in der Logistik\",\"digitization in logistics\",\"europ\u00e4ische Flughafenentwicklung\",\"European airport development\",\"Fachkr\u00e4ftemangel in der Luftfahrt\",\"Flughafenbeschluss\",\"Flughafenbetrieb\",\"Flughafeninfrastruktur\",\"Flughafenmanagement English air freight\",\"Frachtflugzeuge\",\"Frachtsteigerung\",\"Frachttransport\",\"Frachtvolumen 2025\",\"freight increase\",\"freight transport\",\"freight volume 2025\",\"gestion a\u00e9roportuaire\",\"industrie du transport\",\"infrastructure a\u00e9roportuaire\",\"investissements dans le traitement du fret\",\"Investitionen in Frachtabwicklung\",\"investments in freight handling\",\"labor shortage in aviation\",\"logistics service providers\",\"Logistikdienstleister\",\"Luftfrachtmarkt\",\"Luftfrachtstrategie\",\"Luftverkehr\",\"Maastricht Aachen Airport\",\"march\u00e9 du fret a\u00e9rien\",\"nachhaltige Flughafenentwicklung\",\"num\u00e9risation dans la logistique\",\"op\u00e9rations a\u00e9roportuaires\",\"Passagierzahlen R\u00fcckgang\",\"passenger numbers decline\",\"p\u00e9nurie de main-d'\u0153uvre dans l'aviation\",\"prestataires de services logistiques\",\"r\u00e9solution a\u00e9roportuaire\",\"strat\u00e9gie de fret a\u00e9rien\",\"sustainable airport development\",\"trafic a\u00e9rien\",\"transport de fret\",\"transport industry\",\"Transportwirtschaft\",\"volume de fret 2025\"],\"articleSection\":[\"Carga a\u00e9rea\",\"Regiones\"],\"inLanguage\":\"es\",\"potentialAction\":[{\"@type\":\"CommentAction\",\"name\":\"Comment\",\"target\":[\"https:\\\/\\\/loginfo24.com\\\/es\\\/2026\\\/01\\\/15\\\/disminucion-de-pasajeros-y-aumento-de-carga\\\/#respond\"]}]},{\"@type\":\"WebPage\",\"@id\":\"https:\\\/\\\/loginfo24.com\\\/es\\\/2026\\\/01\\\/15\\\/disminucion-de-pasajeros-y-aumento-de-carga\\\/\",\"url\":\"https:\\\/\\\/loginfo24.com\\\/es\\\/2026\\\/01\\\/15\\\/disminucion-de-pasajeros-y-aumento-de-carga\\\/\",\"name\":\"Disminuci\u00f3n de pasajeros y aumento de carga - Loginfo24\",\"isPartOf\":{\"@id\":\"https:\\\/\\\/loginfo24.com\\\/es\\\/#website\"},\"primaryImageOfPage\":{\"@id\":\"https:\\\/\\\/loginfo24.com\\\/es\\\/2026\\\/01\\\/15\\\/disminucion-de-pasajeros-y-aumento-de-carga\\\/#primaryimage\"},\"image\":{\"@id\":\"https:\\\/\\\/loginfo24.com\\\/es\\\/2026\\\/01\\\/15\\\/disminucion-de-pasajeros-y-aumento-de-carga\\\/#primaryimage\"},\"thumbnailUrl\":\"https:\\\/\\\/loginfo24.com\\\/wp-content\\\/uploads\\\/sites\\\/7\\\/2026\\\/01\\\/MAA-615821362_1440700054442875_7059948635848186391_n-aspect-ratio-1400-788.jpg\",\"datePublished\":\"2026-01-15T08:26:37+00:00\",\"breadcrumb\":{\"@id\":\"https:\\\/\\\/loginfo24.com\\\/es\\\/2026\\\/01\\\/15\\\/disminucion-de-pasajeros-y-aumento-de-carga\\\/#breadcrumb\"},\"inLanguage\":\"es\",\"potentialAction\":[{\"@type\":\"ReadAction\",\"target\":[\"https:\\\/\\\/loginfo24.com\\\/es\\\/2026\\\/01\\\/15\\\/disminucion-de-pasajeros-y-aumento-de-carga\\\/\"]}]},{\"@type\":\"ImageObject\",\"inLanguage\":\"es\",\"@id\":\"https:\\\/\\\/loginfo24.com\\\/es\\\/2026\\\/01\\\/15\\\/disminucion-de-pasajeros-y-aumento-de-carga\\\/#primaryimage\",\"url\":\"https:\\\/\\\/loginfo24.com\\\/wp-content\\\/uploads\\\/sites\\\/7\\\/2026\\\/01\\\/MAA-615821362_1440700054442875_7059948635848186391_n-aspect-ratio-1400-788.jpg\",\"contentUrl\":\"https:\\\/\\\/loginfo24.com\\\/wp-content\\\/uploads\\\/sites\\\/7\\\/2026\\\/01\\\/MAA-615821362_1440700054442875_7059948635848186391_n-aspect-ratio-1400-788.jpg\",\"width\":2048,\"height\":1153},{\"@type\":\"BreadcrumbList\",\"@id\":\"https:\\\/\\\/loginfo24.com\\\/es\\\/2026\\\/01\\\/15\\\/disminucion-de-pasajeros-y-aumento-de-carga\\\/#breadcrumb\",\"itemListElement\":[{\"@type\":\"ListItem\",\"position\":1,\"name\":\"Startseite\",\"item\":\"https:\\\/\\\/loginfo24.com\\\/es\\\/\"},{\"@type\":\"ListItem\",\"position\":2,\"name\":\"Disminuci\u00f3n de pasajeros y aumento de carga\"}]},{\"@type\":\"WebSite\",\"@id\":\"https:\\\/\\\/loginfo24.com\\\/es\\\/#website\",\"url\":\"https:\\\/\\\/loginfo24.com\\\/es\\\/\",\"name\":\"Loginfo24\",\"description\":\"Loginfo24 es la plataforma dedicada a la log\u00edstica y las cadenas de suministro con informaci\u00f3n las 24 horas del d\u00eda.\",\"publisher\":{\"@id\":\"https:\\\/\\\/loginfo24.com\\\/es\\\/#organization\"},\"potentialAction\":[{\"@type\":\"SearchAction\",\"target\":{\"@type\":\"EntryPoint\",\"urlTemplate\":\"https:\\\/\\\/loginfo24.com\\\/es\\\/?s={search_term_string}\"},\"query-input\":{\"@type\":\"PropertyValueSpecification\",\"valueRequired\":true,\"valueName\":\"search_term_string\"}}],\"inLanguage\":\"es\"},{\"@type\":\"Organization\",\"@id\":\"https:\\\/\\\/loginfo24.com\\\/es\\\/#organization\",\"name\":\"Grupo Logismedia AG\",\"url\":\"https:\\\/\\\/loginfo24.com\\\/es\\\/\",\"logo\":{\"@type\":\"ImageObject\",\"inLanguage\":\"es\",\"@id\":\"https:\\\/\\\/loginfo24.com\\\/es\\\/#\\\/schema\\\/logo\\\/image\\\/\",\"url\":\"https:\\\/\\\/loginfo24.com\\\/wp-content\\\/uploads\\\/sites\\\/7\\\/2026\\\/01\\\/Logo_LogInfo24.png\",\"contentUrl\":\"https:\\\/\\\/loginfo24.com\\\/wp-content\\\/uploads\\\/sites\\\/7\\\/2026\\\/01\\\/Logo_LogInfo24.png\",\"width\":938,\"height\":351,\"caption\":\"Grupo Logismedia AG\"},\"image\":{\"@id\":\"https:\\\/\\\/loginfo24.com\\\/es\\\/#\\\/schema\\\/logo\\\/image\\\/\"},\"sameAs\":[\"https:\\\/\\\/www.facebook.com\\\/people\\\/Loginfo24\\\/100057360583332\\\/\",\"https:\\\/\\\/www.linkedin.com\\\/company\\\/lofinfo24\\\/\"]},{\"@type\":\"Person\",\"@id\":\"https:\\\/\\\/loginfo24.com\\\/es\\\/#\\\/schema\\\/person\\\/cf538b3157f15afd7589245a4b3dbd25\",\"name\":\"Andreas Haug\",\"url\":\"https:\\\/\\\/loginfo24.com\\\/es\\\/author\\\/andreas\\\/\"}]}<\/script>\n<!-- \/ Yoast SEO plugin. -->","yoast_head_json":{"title":"Disminuci\u00f3n de pasajeros y aumento de carga - Loginfo24","robots":{"index":"index","follow":"follow","max-snippet":"max-snippet:-1","max-image-preview":"max-image-preview:large","max-video-preview":"max-video-preview:-1"},"canonical":"https:\/\/loginfo24.com\/es\/2026\/01\/15\/disminucion-de-pasajeros-y-aumento-de-carga\/","og_locale":"es_ES","og_type":"article","og_title":"Disminuci\u00f3n de pasajeros y aumento de carga - Loginfo24","og_description":"Maastricht Aachen Airport registr\u00f3 en 2025 un aumento del volumen de carga a\u00e9rea de m\u00e1s del 40%, mientras que el n\u00famero de pasajeros cay\u00f3 a 159.270","og_url":"https:\/\/loginfo24.com\/es\/2026\/01\/15\/disminucion-de-pasajeros-y-aumento-de-carga\/","og_site_name":"Loginfo24","article_publisher":"https:\/\/www.facebook.com\/people\/Loginfo24\/100057360583332\/","article_published_time":"2026-01-15T08:26:37+00:00","og_image":[{"width":2048,"height":1153,"url":"https:\/\/loginfo24.com\/wp-content\/uploads\/sites\/7\/2026\/01\/MAA-615821362_1440700054442875_7059948635848186391_n-aspect-ratio-1400-788.jpg","type":"image\/jpeg"}],"author":"Andreas Haug","twitter_card":"summary_large_image","twitter_misc":{"Escrito por":"Andreas Haug","Tiempo de lectura":"2 minuto"},"schema":{"@context":"https:\/\/schema.org","@graph":[{"@type":"Article","@id":"https:\/\/loginfo24.com\/es\/2026\/01\/15\/disminucion-de-pasajeros-y-aumento-de-carga\/#article","isPartOf":{"@id":"https:\/\/loginfo24.com\/es\/2026\/01\/15\/disminucion-de-pasajeros-y-aumento-de-carga\/"},"author":{"name":"Andreas Haug","@id":"https:\/\/loginfo24.com\/es\/#\/schema\/person\/cf538b3157f15afd7589245a4b3dbd25"},"headline":"Disminuci\u00f3n de pasajeros y aumento de carga","datePublished":"2026-01-15T08:26:37+00:00","mainEntityOfPage":{"@id":"https:\/\/loginfo24.com\/es\/2026\/01\/15\/disminucion-de-pasajeros-y-aumento-de-carga\/"},"wordCount":368,"commentCount":0,"publisher":{"@id":"https:\/\/loginfo24.com\/es\/#organization"},"image":{"@id":"https:\/\/loginfo24.com\/es\/2026\/01\/15\/disminucion-de-pasajeros-y-aumento-de-carga\/#primaryimage"},"thumbnailUrl":"https:\/\/loginfo24.com\/wp-content\/uploads\/sites\/7\/2026\/01\/MAA-615821362_1440700054442875_7059948635848186391_n-aspect-ratio-1400-788.jpg","keywords":["air freight market","air freight strategy","air traffic","airport infrastructure","airport management Fran\u00e7ais fret a\u00e9rien","airport operations","airport resolution","augmentation du fret","avions cargo","baisse du nombre de passagers","cargo aircraft","Deutsch Luftfracht","d\u00e9veloppement a\u00e9roportuaire durable","d\u00e9veloppement a\u00e9roportuaire europ\u00e9en","Digitalisierung in der Logistik","digitization in logistics","europ\u00e4ische Flughafenentwicklung","European airport development","Fachkr\u00e4ftemangel in der Luftfahrt","Flughafenbeschluss","Flughafenbetrieb","Flughafeninfrastruktur","Flughafenmanagement English air freight","Frachtflugzeuge","Frachtsteigerung","Frachttransport","Frachtvolumen 2025","freight increase","freight transport","freight volume 2025","gestion a\u00e9roportuaire","industrie du transport","infrastructure a\u00e9roportuaire","investissements dans le traitement du fret","Investitionen in Frachtabwicklung","investments in freight handling","labor shortage in aviation","logistics service providers","Logistikdienstleister","Luftfrachtmarkt","Luftfrachtstrategie","Luftverkehr","Maastricht Aachen Airport","march\u00e9 du fret a\u00e9rien","nachhaltige Flughafenentwicklung","num\u00e9risation dans la logistique","op\u00e9rations a\u00e9roportuaires","Passagierzahlen R\u00fcckgang","passenger numbers decline","p\u00e9nurie de main-d'\u0153uvre dans l'aviation","prestataires de services logistiques","r\u00e9solution a\u00e9roportuaire","strat\u00e9gie de fret a\u00e9rien","sustainable airport development","trafic a\u00e9rien","transport de fret","transport industry","Transportwirtschaft","volume de fret 2025"],"articleSection":["Carga a\u00e9rea","Regiones"],"inLanguage":"es","potentialAction":[{"@type":"CommentAction","name":"Comment","target":["https:\/\/loginfo24.com\/es\/2026\/01\/15\/disminucion-de-pasajeros-y-aumento-de-carga\/#respond"]}]},{"@type":"WebPage","@id":"https:\/\/loginfo24.com\/es\/2026\/01\/15\/disminucion-de-pasajeros-y-aumento-de-carga\/","url":"https:\/\/loginfo24.com\/es\/2026\/01\/15\/disminucion-de-pasajeros-y-aumento-de-carga\/","name":"Disminuci\u00f3n de pasajeros y aumento de carga - Loginfo24","isPartOf":{"@id":"https:\/\/loginfo24.com\/es\/#website"},"primaryImageOfPage":{"@id":"https:\/\/loginfo24.com\/es\/2026\/01\/15\/disminucion-de-pasajeros-y-aumento-de-carga\/#primaryimage"},"image":{"@id":"https:\/\/loginfo24.com\/es\/2026\/01\/15\/disminucion-de-pasajeros-y-aumento-de-carga\/#primaryimage"},"thumbnailUrl":"https:\/\/loginfo24.com\/wp-content\/uploads\/sites\/7\/2026\/01\/MAA-615821362_1440700054442875_7059948635848186391_n-aspect-ratio-1400-788.jpg","datePublished":"2026-01-15T08:26:37+00:00","breadcrumb":{"@id":"https:\/\/loginfo24.com\/es\/2026\/01\/15\/disminucion-de-pasajeros-y-aumento-de-carga\/#breadcrumb"},"inLanguage":"es","potentialAction":[{"@type":"ReadAction","target":["https:\/\/loginfo24.com\/es\/2026\/01\/15\/disminucion-de-pasajeros-y-aumento-de-carga\/"]}]},{"@type":"ImageObject","inLanguage":"es","@id":"https:\/\/loginfo24.com\/es\/2026\/01\/15\/disminucion-de-pasajeros-y-aumento-de-carga\/#primaryimage","url":"https:\/\/loginfo24.com\/wp-content\/uploads\/sites\/7\/2026\/01\/MAA-615821362_1440700054442875_7059948635848186391_n-aspect-ratio-1400-788.jpg","contentUrl":"https:\/\/loginfo24.com\/wp-content\/uploads\/sites\/7\/2026\/01\/MAA-615821362_1440700054442875_7059948635848186391_n-aspect-ratio-1400-788.jpg","width":2048,"height":1153},{"@type":"BreadcrumbList","@id":"https:\/\/loginfo24.com\/es\/2026\/01\/15\/disminucion-de-pasajeros-y-aumento-de-carga\/#breadcrumb","itemListElement":[{"@type":"ListItem","position":1,"name":"Startseite","item":"https:\/\/loginfo24.com\/es\/"},{"@type":"ListItem","position":2,"name":"Disminuci\u00f3n de pasajeros y aumento de carga"}]},{"@type":"WebSite","@id":"https:\/\/loginfo24.com\/es\/#website","url":"https:\/\/loginfo24.com\/es\/","name":"Loginfo24","description":"Loginfo24 es la plataforma dedicada a la log\u00edstica y las cadenas de suministro con informaci\u00f3n las 24 horas del d\u00eda.","publisher":{"@id":"https:\/\/loginfo24.com\/es\/#organization"},"potentialAction":[{"@type":"SearchAction","target":{"@type":"EntryPoint","urlTemplate":"https:\/\/loginfo24.com\/es\/?s={search_term_string}"},"query-input":{"@type":"PropertyValueSpecification","valueRequired":true,"valueName":"search_term_string"}}],"inLanguage":"es"},{"@type":"Organization","@id":"https:\/\/loginfo24.com\/es\/#organization","name":"Grupo Logismedia AG","url":"https:\/\/loginfo24.com\/es\/","logo":{"@type":"ImageObject","inLanguage":"es","@id":"https:\/\/loginfo24.com\/es\/#\/schema\/logo\/image\/","url":"https:\/\/loginfo24.com\/wp-content\/uploads\/sites\/7\/2026\/01\/Logo_LogInfo24.png","contentUrl":"https:\/\/loginfo24.com\/wp-content\/uploads\/sites\/7\/2026\/01\/Logo_LogInfo24.png","width":938,"height":351,"caption":"Grupo Logismedia AG"},"image":{"@id":"https:\/\/loginfo24.com\/es\/#\/schema\/logo\/image\/"},"sameAs":["https:\/\/www.facebook.com\/people\/Loginfo24\/100057360583332\/","https:\/\/www.linkedin.com\/company\/lofinfo24\/"]},{"@type":"Person","@id":"https:\/\/loginfo24.com\/es\/#\/schema\/person\/cf538b3157f15afd7589245a4b3dbd25","name":"Andreas Haug","url":"https:\/\/loginfo24.com\/es\/author\/andreas\/"}]}},"_links":{"self":[{"href":"https:\/\/loginfo24.com\/es\/wp-json\/wp\/v2\/posts\/73127","targetHints":{"allow":["GET"]}}],"collection":[{"href":"https:\/\/loginfo24.com\/es\/wp-json\/wp\/v2\/posts"}],"about":[{"href":"https:\/\/loginfo24.com\/es\/wp-json\/wp\/v2\/types\/post"}],"author":[{"embeddable":true,"href":"https:\/\/loginfo24.com\/es\/wp-json\/wp\/v2\/users\/12"}],"replies":[{"embeddable":true,"href":"https:\/\/loginfo24.com\/es\/wp-json\/wp\/v2\/comments?post=73127"}],"version-history":[{"count":0,"href":"https:\/\/loginfo24.com\/es\/wp-json\/wp\/v2\/posts\/73127\/revisions"}],"wp:featuredmedia":[{"embeddable":true,"href":"https:\/\/loginfo24.com\/es\/wp-json\/wp\/v2\/media\/73124"}],"wp:attachment":[{"href":"https:\/\/loginfo24.com\/es\/wp-json\/wp\/v2\/media?parent=73127"}],"wp:term":[{"taxonomy":"category","embeddable":true,"href":"https:\/\/loginfo24.com\/es\/wp-json\/wp\/v2\/categories?post=73127"},{"taxonomy":"post_tag","embeddable":true,"href":"https:\/\/loginfo24.com\/es\/wp-json\/wp\/v2\/tags?post=73127"}],"curies":[{"name":"wp","href":"https:\/\/api.w.org\/{rel}","templated":true}]}}