{"id":72937,"date":"2026-01-13T10:54:41","date_gmt":"2026-01-13T10:54:41","guid":{"rendered":"https:\/\/loginfo24.dashboard.brand-architecture.at\/2026\/01\/13\/usa-truck-regresa-a-la-propiedad-regional\/"},"modified":"2026-01-13T12:07:09","modified_gmt":"2026-01-13T11:07:09","slug":"usa-truck-regresa-a-la-propiedad-regional","status":"publish","type":"post","link":"https:\/\/loginfo24.com\/es\/2026\/01\/13\/usa-truck-regresa-a-la-propiedad-regional\/","title":{"rendered":"USA Truck regresa a la propiedad regional"},"content":{"rendered":"<p>USA Truck ha completado su regreso a una propiedad privada con sede en Arkansas, despu\u00e9s de que DSV finalizara la venta de la empresa a UTAC, LLC. Esta transacci\u00f3n se considera un paso significativo en la historia de la empresa y marca el inicio de un nuevo cap\u00edtulo, que est\u00e1 arraigado en las ra\u00edces de la compa\u00f1\u00eda, seg\u00fan informa la empresa.<\/p>\n<p>La adquisici\u00f3n de USA Truck por UTAC, LLC, una empresa privada de Arkansas, se complet\u00f3 oficialmente en enero de este a\u00f1o. Con este regreso a una propiedad con sede en Arkansas, USA Truck busca reafirmar su identidad como proveedor de servicios de transporte estadounidense con s\u00f3lidos valores regionales y un compromiso con sus clientes, empleados y socios.<\/p>\n<p>USA Truck enfatiza que el regreso a las ra\u00edces de la empresa no solo es una decisi\u00f3n estrat\u00e9gica, sino tambi\u00e9n una confirmaci\u00f3n de los valores que han definido a USA Truck a lo largo de los a\u00f1os. Bajo el lema &#8222;USA Truck: Back and Built to Last&#8220;, la empresa continuar\u00e1 sus esfuerzos por la excelencia operativa y la construcci\u00f3n de asociaciones s\u00f3lidas para fomentar un crecimiento sostenible, seg\u00fan se informa.<\/p>\n<p><a href=\"https:\/\/www.usa-truck.com\/\" target=\"_blank\" rel=\"noopener noreferrer\">www.usa-truck.com<\/a><\/p>\n","protected":false},"excerpt":{"rendered":"<p>USA Truck ha completado su regreso a una propiedad con sede en Arkansas para fortalecer su identidad como proveedor de servicios de transporte estadounidense y fomentar un crecimiento sostenible<\/p>\n","protected":false},"author":10,"featured_media":72934,"comment_status":"open","ping_status":"open","sticky":false,"template":"","format":"standard","meta":{"_acf_changed":false,"footnotes":""},"categories":[1604],"tags":[4978,4979,4980,2995,4981,4982,3739,2115,4521,4983,4984,1889,4207,2123,3745,2075,4985,4986,2469,1831,4987,3015,3157,4988,4989,2232,4990,2481,4991,4992,4993,2193,4994,4995,4996,4997,1916,3295,4998,2237,2106,3029,3125,2839,4999,4632,1837,5000,5001,5002,5003,5004],"class_list":["post-72937","post","type-post","status-publish","format-standard","has-post-thumbnail","hentry","category-intermodal-carretera","tag-acquisition-de-usa-truck","tag-acquisition-of-usa-truck","tag-arkansas","tag-croissance-durable","tag-customer-loyalty-francais-usa-truck","tag-deutsch-usa-truck","tag-developpement-des-infrastructures","tag-digitalisierung-in-der-logistik","tag-digitization-in-logistics","tag-dsv","tag-excellence-operationnelle","tag-fachkraeftemangel","tag-fidelisation-des-clients","tag-gestion-de-la-chaine-dapprovisionnement","tag-infrastructure-development","tag-infrastrukturentwicklung","tag-kundenbindung-english-usa-truck","tag-llc","tag-logistics-service-provider","tag-logistikdienstleister","tag-logistique-regionale","tag-nachhaltiges-wachstum","tag-numerisation-dans-la-logistique","tag-operational-excellence","tag-operative-exzellenz","tag-penurie-de-main-doeuvre","tag-prestataire-de-services-de-transport","tag-prestataire-logistique","tag-private-eigentuemerschaft","tag-private-ownership","tag-propriete-privee","tag-rail-freight-transport","tag-regional-logistics","tag-regional-values","tag-regionale-logistik","tag-regionale-werte","tag-schienengueterverkehr","tag-secteur-du-transport","tag-secteur-du-transport-americain","tag-skills-shortage","tag-supply-chain-management","tag-sustainable-growth","tag-transport-ferroviaire-de-marchandises","tag-transportation-industry","tag-transportation-service-provider","tag-transportdienstleister","tag-transportwirtschaft","tag-uebernahme-usa-truck","tag-us-transportation-sector","tag-us-amerikanische-transportbranche","tag-utac","tag-valeurs-regionales"],"acf":[],"yoast_head":"<!-- This site is optimized with the Yoast SEO plugin v27.3 - https:\/\/yoast.com\/product\/yoast-seo-wordpress\/ -->\n<title>USA Truck regresa a la propiedad regional - Loginfo24<\/title>\n<meta name=\"robots\" content=\"index, follow, max-snippet:-1, max-image-preview:large, max-video-preview:-1\" \/>\n<link rel=\"canonical\" href=\"https:\/\/loginfo24.com\/es\/2026\/01\/13\/usa-truck-regresa-a-la-propiedad-regional\/\" \/>\n<meta property=\"og:locale\" content=\"es_ES\" \/>\n<meta property=\"og:type\" content=\"article\" \/>\n<meta property=\"og:title\" content=\"USA Truck regresa a la propiedad regional - Loginfo24\" \/>\n<meta property=\"og:description\" content=\"USA Truck ha completado su regreso a una propiedad con sede en Arkansas para fortalecer su identidad como proveedor de servicios de transporte estadounidense y fomentar un crecimiento sostenible\" \/>\n<meta property=\"og:url\" content=\"https:\/\/loginfo24.com\/es\/2026\/01\/13\/usa-truck-regresa-a-la-propiedad-regional\/\" \/>\n<meta property=\"og:site_name\" content=\"Loginfo24\" \/>\n<meta property=\"article:publisher\" content=\"https:\/\/www.facebook.com\/people\/Loginfo24\/100057360583332\/\" \/>\n<meta property=\"article:published_time\" content=\"2026-01-13T10:54:41+00:00\" \/>\n<meta property=\"article:modified_time\" content=\"2026-01-13T11:07:09+00:00\" \/>\n<meta property=\"og:image\" content=\"https:\/\/loginfo24.com\/wp-content\/uploads\/sites\/7\/2026\/01\/696174ed3dcba170b00dec99_blur-DJI_20250807100755_0007_D.MP4.09_15_36_21.Still026-p-2000.jpg\" \/>\n\t<meta property=\"og:image:width\" content=\"2000\" \/>\n\t<meta property=\"og:image:height\" content=\"1125\" \/>\n\t<meta property=\"og:image:type\" content=\"image\/jpeg\" \/>\n<meta name=\"author\" content=\"Jeremy Soland\" \/>\n<meta name=\"twitter:card\" content=\"summary_large_image\" \/>\n<meta name=\"twitter:label1\" content=\"Escrito por\" \/>\n\t<meta name=\"twitter:data1\" content=\"Jeremy Soland\" \/>\n\t<meta name=\"twitter:label2\" content=\"Tiempo de lectura\" \/>\n\t<meta name=\"twitter:data2\" content=\"1 minuto\" \/>\n<script type=\"application\/ld+json\" class=\"yoast-schema-graph\">{\"@context\":\"https:\\\/\\\/schema.org\",\"@graph\":[{\"@type\":\"Article\",\"@id\":\"https:\\\/\\\/loginfo24.com\\\/es\\\/2026\\\/01\\\/13\\\/usa-truck-regresa-a-la-propiedad-regional\\\/#article\",\"isPartOf\":{\"@id\":\"https:\\\/\\\/loginfo24.com\\\/es\\\/2026\\\/01\\\/13\\\/usa-truck-regresa-a-la-propiedad-regional\\\/\"},\"author\":{\"name\":\"Jeremy Soland\",\"@id\":\"https:\\\/\\\/loginfo24.com\\\/es\\\/#\\\/schema\\\/person\\\/41d36b5474b623392fa613e97e2363fa\"},\"headline\":\"USA Truck regresa a la propiedad regional\",\"datePublished\":\"2026-01-13T10:54:41+00:00\",\"dateModified\":\"2026-01-13T11:07:09+00:00\",\"mainEntityOfPage\":{\"@id\":\"https:\\\/\\\/loginfo24.com\\\/es\\\/2026\\\/01\\\/13\\\/usa-truck-regresa-a-la-propiedad-regional\\\/\"},\"wordCount\":216,\"commentCount\":0,\"publisher\":{\"@id\":\"https:\\\/\\\/loginfo24.com\\\/es\\\/#organization\"},\"image\":{\"@id\":\"https:\\\/\\\/loginfo24.com\\\/es\\\/2026\\\/01\\\/13\\\/usa-truck-regresa-a-la-propiedad-regional\\\/#primaryimage\"},\"thumbnailUrl\":\"https:\\\/\\\/loginfo24.com\\\/wp-content\\\/uploads\\\/sites\\\/7\\\/2026\\\/01\\\/696174ed3dcba170b00dec99_blur-DJI_20250807100755_0007_D.MP4.09_15_36_21.Still026-p-2000.jpg\",\"keywords\":[\"acquisition de USA Truck\",\"acquisition of USA Truck\",\"Arkansas\",\"croissance durable\",\"customer loyalty Fran\u00e7ais USA Truck\",\"Deutsch USA Truck\",\"d\u00e9veloppement des infrastructures\",\"Digitalisierung in der Logistik\",\"digitization in logistics\",\"DSV\",\"excellence op\u00e9rationnelle\",\"Fachkr\u00e4ftemangel\",\"fid\u00e9lisation des clients\",\"gestion de la cha\u00eene d'approvisionnement\",\"infrastructure development\",\"Infrastrukturentwicklung\",\"Kundenbindung English USA Truck\",\"LLC\",\"logistics service provider\",\"Logistikdienstleister\",\"logistique r\u00e9gionale\",\"nachhaltiges Wachstum\",\"num\u00e9risation dans la logistique\",\"operational excellence\",\"operative Exzellenz\",\"p\u00e9nurie de main-d'\u0153uvre\",\"prestataire de services de transport\",\"prestataire logistique\",\"private Eigent\u00fcmerschaft\",\"private ownership\",\"propri\u00e9t\u00e9 priv\u00e9e\",\"rail freight transport\",\"regional logistics\",\"regional values\",\"regionale Logistik\",\"regionale Werte\",\"Schieneng\u00fcterverkehr\",\"secteur du transport\",\"secteur du transport am\u00e9ricain\",\"skills shortage\",\"Supply Chain Management\",\"sustainable growth\",\"transport ferroviaire de marchandises\",\"transportation industry\",\"transportation service provider\",\"Transportdienstleister\",\"Transportwirtschaft\",\"\u00dcbernahme USA Truck\",\"US transportation sector\",\"US-amerikanische Transportbranche\",\"UTAC\",\"valeurs r\u00e9gionales\"],\"articleSection\":[\"Intermodal \\\/ Carretera\"],\"inLanguage\":\"es\",\"potentialAction\":[{\"@type\":\"CommentAction\",\"name\":\"Comment\",\"target\":[\"https:\\\/\\\/loginfo24.com\\\/es\\\/2026\\\/01\\\/13\\\/usa-truck-regresa-a-la-propiedad-regional\\\/#respond\"]}]},{\"@type\":\"WebPage\",\"@id\":\"https:\\\/\\\/loginfo24.com\\\/es\\\/2026\\\/01\\\/13\\\/usa-truck-regresa-a-la-propiedad-regional\\\/\",\"url\":\"https:\\\/\\\/loginfo24.com\\\/es\\\/2026\\\/01\\\/13\\\/usa-truck-regresa-a-la-propiedad-regional\\\/\",\"name\":\"USA Truck regresa a la propiedad regional - Loginfo24\",\"isPartOf\":{\"@id\":\"https:\\\/\\\/loginfo24.com\\\/es\\\/#website\"},\"primaryImageOfPage\":{\"@id\":\"https:\\\/\\\/loginfo24.com\\\/es\\\/2026\\\/01\\\/13\\\/usa-truck-regresa-a-la-propiedad-regional\\\/#primaryimage\"},\"image\":{\"@id\":\"https:\\\/\\\/loginfo24.com\\\/es\\\/2026\\\/01\\\/13\\\/usa-truck-regresa-a-la-propiedad-regional\\\/#primaryimage\"},\"thumbnailUrl\":\"https:\\\/\\\/loginfo24.com\\\/wp-content\\\/uploads\\\/sites\\\/7\\\/2026\\\/01\\\/696174ed3dcba170b00dec99_blur-DJI_20250807100755_0007_D.MP4.09_15_36_21.Still026-p-2000.jpg\",\"datePublished\":\"2026-01-13T10:54:41+00:00\",\"dateModified\":\"2026-01-13T11:07:09+00:00\",\"breadcrumb\":{\"@id\":\"https:\\\/\\\/loginfo24.com\\\/es\\\/2026\\\/01\\\/13\\\/usa-truck-regresa-a-la-propiedad-regional\\\/#breadcrumb\"},\"inLanguage\":\"es\",\"potentialAction\":[{\"@type\":\"ReadAction\",\"target\":[\"https:\\\/\\\/loginfo24.com\\\/es\\\/2026\\\/01\\\/13\\\/usa-truck-regresa-a-la-propiedad-regional\\\/\"]}]},{\"@type\":\"ImageObject\",\"inLanguage\":\"es\",\"@id\":\"https:\\\/\\\/loginfo24.com\\\/es\\\/2026\\\/01\\\/13\\\/usa-truck-regresa-a-la-propiedad-regional\\\/#primaryimage\",\"url\":\"https:\\\/\\\/loginfo24.com\\\/wp-content\\\/uploads\\\/sites\\\/7\\\/2026\\\/01\\\/696174ed3dcba170b00dec99_blur-DJI_20250807100755_0007_D.MP4.09_15_36_21.Still026-p-2000.jpg\",\"contentUrl\":\"https:\\\/\\\/loginfo24.com\\\/wp-content\\\/uploads\\\/sites\\\/7\\\/2026\\\/01\\\/696174ed3dcba170b00dec99_blur-DJI_20250807100755_0007_D.MP4.09_15_36_21.Still026-p-2000.jpg\",\"width\":2000,\"height\":1125},{\"@type\":\"BreadcrumbList\",\"@id\":\"https:\\\/\\\/loginfo24.com\\\/es\\\/2026\\\/01\\\/13\\\/usa-truck-regresa-a-la-propiedad-regional\\\/#breadcrumb\",\"itemListElement\":[{\"@type\":\"ListItem\",\"position\":1,\"name\":\"Startseite\",\"item\":\"https:\\\/\\\/loginfo24.com\\\/es\\\/\"},{\"@type\":\"ListItem\",\"position\":2,\"name\":\"USA Truck regresa a la propiedad regional\"}]},{\"@type\":\"WebSite\",\"@id\":\"https:\\\/\\\/loginfo24.com\\\/es\\\/#website\",\"url\":\"https:\\\/\\\/loginfo24.com\\\/es\\\/\",\"name\":\"Loginfo24\",\"description\":\"Loginfo24 es la plataforma dedicada a la log\u00edstica y las cadenas de suministro con informaci\u00f3n las 24 horas del d\u00eda.\",\"publisher\":{\"@id\":\"https:\\\/\\\/loginfo24.com\\\/es\\\/#organization\"},\"potentialAction\":[{\"@type\":\"SearchAction\",\"target\":{\"@type\":\"EntryPoint\",\"urlTemplate\":\"https:\\\/\\\/loginfo24.com\\\/es\\\/?s={search_term_string}\"},\"query-input\":{\"@type\":\"PropertyValueSpecification\",\"valueRequired\":true,\"valueName\":\"search_term_string\"}}],\"inLanguage\":\"es\"},{\"@type\":\"Organization\",\"@id\":\"https:\\\/\\\/loginfo24.com\\\/es\\\/#organization\",\"name\":\"Grupo Logismedia AG\",\"url\":\"https:\\\/\\\/loginfo24.com\\\/es\\\/\",\"logo\":{\"@type\":\"ImageObject\",\"inLanguage\":\"es\",\"@id\":\"https:\\\/\\\/loginfo24.com\\\/es\\\/#\\\/schema\\\/logo\\\/image\\\/\",\"url\":\"https:\\\/\\\/loginfo24.com\\\/wp-content\\\/uploads\\\/sites\\\/7\\\/2026\\\/01\\\/Logo_LogInfo24.png\",\"contentUrl\":\"https:\\\/\\\/loginfo24.com\\\/wp-content\\\/uploads\\\/sites\\\/7\\\/2026\\\/01\\\/Logo_LogInfo24.png\",\"width\":938,\"height\":351,\"caption\":\"Grupo Logismedia AG\"},\"image\":{\"@id\":\"https:\\\/\\\/loginfo24.com\\\/es\\\/#\\\/schema\\\/logo\\\/image\\\/\"},\"sameAs\":[\"https:\\\/\\\/www.facebook.com\\\/people\\\/Loginfo24\\\/100057360583332\\\/\",\"https:\\\/\\\/www.linkedin.com\\\/company\\\/lofinfo24\\\/\"]},{\"@type\":\"Person\",\"@id\":\"https:\\\/\\\/loginfo24.com\\\/es\\\/#\\\/schema\\\/person\\\/41d36b5474b623392fa613e97e2363fa\",\"name\":\"Jeremy Soland\",\"url\":\"https:\\\/\\\/loginfo24.com\\\/es\\\/author\\\/jeremy\\\/\"}]}<\/script>\n<!-- \/ Yoast SEO plugin. -->","yoast_head_json":{"title":"USA Truck regresa a la propiedad regional - Loginfo24","robots":{"index":"index","follow":"follow","max-snippet":"max-snippet:-1","max-image-preview":"max-image-preview:large","max-video-preview":"max-video-preview:-1"},"canonical":"https:\/\/loginfo24.com\/es\/2026\/01\/13\/usa-truck-regresa-a-la-propiedad-regional\/","og_locale":"es_ES","og_type":"article","og_title":"USA Truck regresa a la propiedad regional - Loginfo24","og_description":"USA Truck ha completado su regreso a una propiedad con sede en Arkansas para fortalecer su identidad como proveedor de servicios de transporte estadounidense y fomentar un crecimiento sostenible","og_url":"https:\/\/loginfo24.com\/es\/2026\/01\/13\/usa-truck-regresa-a-la-propiedad-regional\/","og_site_name":"Loginfo24","article_publisher":"https:\/\/www.facebook.com\/people\/Loginfo24\/100057360583332\/","article_published_time":"2026-01-13T10:54:41+00:00","article_modified_time":"2026-01-13T11:07:09+00:00","og_image":[{"width":2000,"height":1125,"url":"https:\/\/loginfo24.com\/wp-content\/uploads\/sites\/7\/2026\/01\/696174ed3dcba170b00dec99_blur-DJI_20250807100755_0007_D.MP4.09_15_36_21.Still026-p-2000.jpg","type":"image\/jpeg"}],"author":"Jeremy Soland","twitter_card":"summary_large_image","twitter_misc":{"Escrito por":"Jeremy Soland","Tiempo de lectura":"1 minuto"},"schema":{"@context":"https:\/\/schema.org","@graph":[{"@type":"Article","@id":"https:\/\/loginfo24.com\/es\/2026\/01\/13\/usa-truck-regresa-a-la-propiedad-regional\/#article","isPartOf":{"@id":"https:\/\/loginfo24.com\/es\/2026\/01\/13\/usa-truck-regresa-a-la-propiedad-regional\/"},"author":{"name":"Jeremy Soland","@id":"https:\/\/loginfo24.com\/es\/#\/schema\/person\/41d36b5474b623392fa613e97e2363fa"},"headline":"USA Truck regresa a la propiedad regional","datePublished":"2026-01-13T10:54:41+00:00","dateModified":"2026-01-13T11:07:09+00:00","mainEntityOfPage":{"@id":"https:\/\/loginfo24.com\/es\/2026\/01\/13\/usa-truck-regresa-a-la-propiedad-regional\/"},"wordCount":216,"commentCount":0,"publisher":{"@id":"https:\/\/loginfo24.com\/es\/#organization"},"image":{"@id":"https:\/\/loginfo24.com\/es\/2026\/01\/13\/usa-truck-regresa-a-la-propiedad-regional\/#primaryimage"},"thumbnailUrl":"https:\/\/loginfo24.com\/wp-content\/uploads\/sites\/7\/2026\/01\/696174ed3dcba170b00dec99_blur-DJI_20250807100755_0007_D.MP4.09_15_36_21.Still026-p-2000.jpg","keywords":["acquisition de USA Truck","acquisition of USA Truck","Arkansas","croissance durable","customer loyalty Fran\u00e7ais USA Truck","Deutsch USA Truck","d\u00e9veloppement des infrastructures","Digitalisierung in der Logistik","digitization in logistics","DSV","excellence op\u00e9rationnelle","Fachkr\u00e4ftemangel","fid\u00e9lisation des clients","gestion de la cha\u00eene d'approvisionnement","infrastructure development","Infrastrukturentwicklung","Kundenbindung English USA Truck","LLC","logistics service provider","Logistikdienstleister","logistique r\u00e9gionale","nachhaltiges Wachstum","num\u00e9risation dans la logistique","operational excellence","operative Exzellenz","p\u00e9nurie de main-d'\u0153uvre","prestataire de services de transport","prestataire logistique","private Eigent\u00fcmerschaft","private ownership","propri\u00e9t\u00e9 priv\u00e9e","rail freight transport","regional logistics","regional values","regionale Logistik","regionale Werte","Schieneng\u00fcterverkehr","secteur du transport","secteur du transport am\u00e9ricain","skills shortage","Supply Chain Management","sustainable growth","transport ferroviaire de marchandises","transportation industry","transportation service provider","Transportdienstleister","Transportwirtschaft","\u00dcbernahme USA Truck","US transportation sector","US-amerikanische Transportbranche","UTAC","valeurs r\u00e9gionales"],"articleSection":["Intermodal \/ Carretera"],"inLanguage":"es","potentialAction":[{"@type":"CommentAction","name":"Comment","target":["https:\/\/loginfo24.com\/es\/2026\/01\/13\/usa-truck-regresa-a-la-propiedad-regional\/#respond"]}]},{"@type":"WebPage","@id":"https:\/\/loginfo24.com\/es\/2026\/01\/13\/usa-truck-regresa-a-la-propiedad-regional\/","url":"https:\/\/loginfo24.com\/es\/2026\/01\/13\/usa-truck-regresa-a-la-propiedad-regional\/","name":"USA Truck regresa a la propiedad regional - Loginfo24","isPartOf":{"@id":"https:\/\/loginfo24.com\/es\/#website"},"primaryImageOfPage":{"@id":"https:\/\/loginfo24.com\/es\/2026\/01\/13\/usa-truck-regresa-a-la-propiedad-regional\/#primaryimage"},"image":{"@id":"https:\/\/loginfo24.com\/es\/2026\/01\/13\/usa-truck-regresa-a-la-propiedad-regional\/#primaryimage"},"thumbnailUrl":"https:\/\/loginfo24.com\/wp-content\/uploads\/sites\/7\/2026\/01\/696174ed3dcba170b00dec99_blur-DJI_20250807100755_0007_D.MP4.09_15_36_21.Still026-p-2000.jpg","datePublished":"2026-01-13T10:54:41+00:00","dateModified":"2026-01-13T11:07:09+00:00","breadcrumb":{"@id":"https:\/\/loginfo24.com\/es\/2026\/01\/13\/usa-truck-regresa-a-la-propiedad-regional\/#breadcrumb"},"inLanguage":"es","potentialAction":[{"@type":"ReadAction","target":["https:\/\/loginfo24.com\/es\/2026\/01\/13\/usa-truck-regresa-a-la-propiedad-regional\/"]}]},{"@type":"ImageObject","inLanguage":"es","@id":"https:\/\/loginfo24.com\/es\/2026\/01\/13\/usa-truck-regresa-a-la-propiedad-regional\/#primaryimage","url":"https:\/\/loginfo24.com\/wp-content\/uploads\/sites\/7\/2026\/01\/696174ed3dcba170b00dec99_blur-DJI_20250807100755_0007_D.MP4.09_15_36_21.Still026-p-2000.jpg","contentUrl":"https:\/\/loginfo24.com\/wp-content\/uploads\/sites\/7\/2026\/01\/696174ed3dcba170b00dec99_blur-DJI_20250807100755_0007_D.MP4.09_15_36_21.Still026-p-2000.jpg","width":2000,"height":1125},{"@type":"BreadcrumbList","@id":"https:\/\/loginfo24.com\/es\/2026\/01\/13\/usa-truck-regresa-a-la-propiedad-regional\/#breadcrumb","itemListElement":[{"@type":"ListItem","position":1,"name":"Startseite","item":"https:\/\/loginfo24.com\/es\/"},{"@type":"ListItem","position":2,"name":"USA Truck regresa a la propiedad regional"}]},{"@type":"WebSite","@id":"https:\/\/loginfo24.com\/es\/#website","url":"https:\/\/loginfo24.com\/es\/","name":"Loginfo24","description":"Loginfo24 es la plataforma dedicada a la log\u00edstica y las cadenas de suministro con informaci\u00f3n las 24 horas del d\u00eda.","publisher":{"@id":"https:\/\/loginfo24.com\/es\/#organization"},"potentialAction":[{"@type":"SearchAction","target":{"@type":"EntryPoint","urlTemplate":"https:\/\/loginfo24.com\/es\/?s={search_term_string}"},"query-input":{"@type":"PropertyValueSpecification","valueRequired":true,"valueName":"search_term_string"}}],"inLanguage":"es"},{"@type":"Organization","@id":"https:\/\/loginfo24.com\/es\/#organization","name":"Grupo Logismedia AG","url":"https:\/\/loginfo24.com\/es\/","logo":{"@type":"ImageObject","inLanguage":"es","@id":"https:\/\/loginfo24.com\/es\/#\/schema\/logo\/image\/","url":"https:\/\/loginfo24.com\/wp-content\/uploads\/sites\/7\/2026\/01\/Logo_LogInfo24.png","contentUrl":"https:\/\/loginfo24.com\/wp-content\/uploads\/sites\/7\/2026\/01\/Logo_LogInfo24.png","width":938,"height":351,"caption":"Grupo Logismedia AG"},"image":{"@id":"https:\/\/loginfo24.com\/es\/#\/schema\/logo\/image\/"},"sameAs":["https:\/\/www.facebook.com\/people\/Loginfo24\/100057360583332\/","https:\/\/www.linkedin.com\/company\/lofinfo24\/"]},{"@type":"Person","@id":"https:\/\/loginfo24.com\/es\/#\/schema\/person\/41d36b5474b623392fa613e97e2363fa","name":"Jeremy Soland","url":"https:\/\/loginfo24.com\/es\/author\/jeremy\/"}]}},"_links":{"self":[{"href":"https:\/\/loginfo24.com\/es\/wp-json\/wp\/v2\/posts\/72937","targetHints":{"allow":["GET"]}}],"collection":[{"href":"https:\/\/loginfo24.com\/es\/wp-json\/wp\/v2\/posts"}],"about":[{"href":"https:\/\/loginfo24.com\/es\/wp-json\/wp\/v2\/types\/post"}],"author":[{"embeddable":true,"href":"https:\/\/loginfo24.com\/es\/wp-json\/wp\/v2\/users\/10"}],"replies":[{"embeddable":true,"href":"https:\/\/loginfo24.com\/es\/wp-json\/wp\/v2\/comments?post=72937"}],"version-history":[{"count":1,"href":"https:\/\/loginfo24.com\/es\/wp-json\/wp\/v2\/posts\/72937\/revisions"}],"predecessor-version":[{"id":72944,"href":"https:\/\/loginfo24.com\/es\/wp-json\/wp\/v2\/posts\/72937\/revisions\/72944"}],"wp:featuredmedia":[{"embeddable":true,"href":"https:\/\/loginfo24.com\/es\/wp-json\/wp\/v2\/media\/72934"}],"wp:attachment":[{"href":"https:\/\/loginfo24.com\/es\/wp-json\/wp\/v2\/media?parent=72937"}],"wp:term":[{"taxonomy":"category","embeddable":true,"href":"https:\/\/loginfo24.com\/es\/wp-json\/wp\/v2\/categories?post=72937"},{"taxonomy":"post_tag","embeddable":true,"href":"https:\/\/loginfo24.com\/es\/wp-json\/wp\/v2\/tags?post=72937"}],"curies":[{"name":"wp","href":"https:\/\/api.w.org\/{rel}","templated":true}]}}