{"id":72805,"date":"2026-01-13T08:00:49","date_gmt":"2026-01-13T08:00:49","guid":{"rendered":"https:\/\/loginfo24.dashboard.brand-architecture.at\/2026\/01\/13\/turnpoint-llora-la-muerte-de-su-co-presidente\/"},"modified":"2026-01-13T08:00:49","modified_gmt":"2026-01-13T08:00:49","slug":"turnpoint-llora-la-muerte-de-su-co-presidente","status":"publish","type":"post","link":"https:\/\/loginfo24.com\/es\/2026\/01\/13\/turnpoint-llora-la-muerte-de-su-co-presidente\/","title":{"rendered":"TURNPOINT llora la muerte de su co-presidente"},"content":{"rendered":"<p>El proveedor de servicios de b\u00fasqueda ejecutiva TURNPOINT ha anunciado la repentina muerte de su co-presidente Fran\u00e7ois Raynal, quien falleci\u00f3 a finales de noviembre de 2025. Raynal fue una figura clave en la empresa durante dos d\u00e9cadas y fue reconocido por su contribuci\u00f3n al \u00e9xito de TURNPOINT.<\/p>\n<p>En un comunicado, numerosos l\u00edderes de los sectores de log\u00edstica, transporte y cadena de suministro expresaron sus condolencias y su tristeza por la p\u00e9rdida. TURNPOINT agradece a todos los que han manifestado su apoyo.<\/p>\n<h3>Reestructuraci\u00f3n de la empresa<\/h3>\n<p>Tras la muerte de Fran\u00e7ois Raynal, TURNPOINT ha implementado una nueva estructura organizativa. Cyrille Raynal, quien ha sido director hist\u00f3rico desde los inicios de la empresa, seguir\u00e1 activo y comprometido con los clientes de la empresa. Soraya Laurent, quien ha trabajado como directora adjunta durante m\u00e1s de diez a\u00f1os, aportar\u00e1 su experiencia en la atenci\u00f3n y ejecuci\u00f3n de los proyectos en el \u00e1rea de b\u00fasqueda ejecutiva.<\/p>\n<p>Marine Sagon, quien ha trabajado como consultora senior en TURNPOINT durante ocho a\u00f1os, seguir\u00e1 poniendo a disposici\u00f3n sus amplios conocimientos del mercado en b\u00fasqueda ejecutiva para los sectores de transporte, log\u00edstica y cadena de suministro. Sabrina Randria, especializada en la contrataci\u00f3n en estos sectores, tambi\u00e9n seguir\u00e1 formando parte del equipo.<\/p>\n<p>Jun Ma-Raynal asumir\u00e1 la responsabilidad del desarrollo de las relaciones con los clientes en la regi\u00f3n asi\u00e1tica, especialmente en el reci\u00e9n creado &#8222;China Desk&#8220;. Linda Wehbe trabajar\u00e1 como asistente en el \u00e1rea operativa.<\/p>\n<p>TURNPOINT es considerado un referente en Francia en b\u00fasqueda ejecutiva, especializado en posiciones de gesti\u00f3n y liderazgo en la cadena de suministro, transporte y log\u00edstica, as\u00ed como en sus tecnolog\u00edas.<\/p>\n<p>&nbsp;<\/p>\n<p><a href=\"https:\/\/www.turnpoint.fr\/\" target=\"_blank\" rel=\"noopener noreferrer\">www.turnpoint.fr<\/a><\/p>\n<p>&nbsp;<\/p>\n","protected":false},"excerpt":{"rendered":"<p>TURNPOINT ha introducido una nueva estructura empresarial tras la muerte de Fran\u00e7ois Raynal para seguir siendo exitosa en el \u00e1mbito de la b\u00fasqueda de ejecutivos.<\/p>\n","protected":false},"author":12,"featured_media":72802,"comment_status":"open","ping_status":"open","sticky":false,"template":"","format":"standard","meta":{"_acf_changed":false,"footnotes":""},"categories":[1603],"tags":[4405,4406,4407,4408,4409,4410,4411,4412,2122,4413,2123,4414,2125,4415,2373,2469,1831,4416,4417,4418,4419,4420,4421,4422,4423,2145,4424,4425,4426,2481,4427,4428,4429,4430,4431,4432,2106,3535,3536,3537,2155,1837,4433],"class_list":["post-72805","post","type-post","status-publish","format-standard","has-post-thumbnail","hentry","category-personas-y-empresas","tag-assistance-operationnelle","tag-assistenz-operativer-bereich","tag-china-desk","tag-company-restructuring","tag-connaissances-du-marche-executive-search","tag-customer-relationships-asia","tag-cyrille-raynal","tag-deutsch-executive-search","tag-fachkraeftemangel-logistik","tag-francois-raynal","tag-gestion-de-la-chaine-dapprovisionnement","tag-hafenbetrieb-frankreich","tag-industrie-du-transport","tag-kundenbeziehungen-asien","tag-labor-shortage-logistics","tag-logistics-service-provider","tag-logistikdienstleister","tag-management-positions-logistics-francais-executive-search","tag-managementpositionen-logistik-english-executive-search","tag-marine-sagon","tag-market-knowledge-executive-search","tag-marktkenntnisse-executive-search","tag-neustrukturierung-unternehmen","tag-operational-assistance","tag-operations-portuaires-france","tag-penurie-de-main-doeuvre-logistique","tag-personalrekrutierung-transport","tag-port-operations-france","tag-postes-de-direction-logistique","tag-prestataire-logistique","tag-recruitment-transport","tag-recrutement-transport","tag-relations-clients-asie","tag-restructuration-dentreprise","tag-sabrina-randria","tag-soraya-laurent","tag-supply-chain-management","tag-technologie-dans-la-logistique","tag-technologie-in-der-logistik","tag-technology-in-logistics","tag-transport-industry","tag-transportwirtschaft","tag-turnpoint"],"acf":[],"yoast_head":"<!-- This site is optimized with the Yoast SEO plugin v27.3 - https:\/\/yoast.com\/product\/yoast-seo-wordpress\/ -->\n<title>TURNPOINT llora la muerte de su co-presidente - Loginfo24<\/title>\n<meta name=\"robots\" content=\"index, follow, max-snippet:-1, max-image-preview:large, max-video-preview:-1\" \/>\n<link rel=\"canonical\" href=\"https:\/\/loginfo24.com\/es\/2026\/01\/13\/turnpoint-llora-la-muerte-de-su-co-presidente\/\" \/>\n<meta property=\"og:locale\" content=\"es_ES\" \/>\n<meta property=\"og:type\" content=\"article\" \/>\n<meta property=\"og:title\" content=\"TURNPOINT llora la muerte de su co-presidente - Loginfo24\" \/>\n<meta property=\"og:description\" content=\"TURNPOINT ha introducido una nueva estructura empresarial tras la muerte de Fran\u00e7ois Raynal para seguir siendo exitosa en el \u00e1mbito de la b\u00fasqueda de ejecutivos.\" \/>\n<meta property=\"og:url\" content=\"https:\/\/loginfo24.com\/es\/2026\/01\/13\/turnpoint-llora-la-muerte-de-su-co-presidente\/\" \/>\n<meta property=\"og:site_name\" content=\"Loginfo24\" \/>\n<meta property=\"article:publisher\" content=\"https:\/\/www.facebook.com\/people\/Loginfo24\/100057360583332\/\" \/>\n<meta property=\"article:published_time\" content=\"2026-01-13T08:00:49+00:00\" \/>\n<meta property=\"og:image\" content=\"https:\/\/loginfo24.com\/wp-content\/uploads\/sites\/7\/2026\/01\/Francois-Raynal-1743587872978-aspect-ratio-1400-788.jpg\" \/>\n\t<meta property=\"og:image:width\" content=\"508\" \/>\n\t<meta property=\"og:image:height\" content=\"286\" \/>\n\t<meta property=\"og:image:type\" content=\"image\/jpeg\" \/>\n<meta name=\"author\" content=\"Andreas Haug\" \/>\n<meta name=\"twitter:card\" content=\"summary_large_image\" \/>\n<meta name=\"twitter:label1\" content=\"Escrito por\" \/>\n\t<meta name=\"twitter:data1\" content=\"Andreas Haug\" \/>\n\t<meta name=\"twitter:label2\" content=\"Tiempo de lectura\" \/>\n\t<meta name=\"twitter:data2\" content=\"1 minuto\" \/>\n<script type=\"application\/ld+json\" class=\"yoast-schema-graph\">{\"@context\":\"https:\\\/\\\/schema.org\",\"@graph\":[{\"@type\":\"Article\",\"@id\":\"https:\\\/\\\/loginfo24.com\\\/es\\\/2026\\\/01\\\/13\\\/turnpoint-llora-la-muerte-de-su-co-presidente\\\/#article\",\"isPartOf\":{\"@id\":\"https:\\\/\\\/loginfo24.com\\\/es\\\/2026\\\/01\\\/13\\\/turnpoint-llora-la-muerte-de-su-co-presidente\\\/\"},\"author\":{\"name\":\"Andreas Haug\",\"@id\":\"https:\\\/\\\/loginfo24.com\\\/es\\\/#\\\/schema\\\/person\\\/cf538b3157f15afd7589245a4b3dbd25\"},\"headline\":\"TURNPOINT llora la muerte de su co-presidente\",\"datePublished\":\"2026-01-13T08:00:49+00:00\",\"mainEntityOfPage\":{\"@id\":\"https:\\\/\\\/loginfo24.com\\\/es\\\/2026\\\/01\\\/13\\\/turnpoint-llora-la-muerte-de-su-co-presidente\\\/\"},\"wordCount\":303,\"commentCount\":0,\"publisher\":{\"@id\":\"https:\\\/\\\/loginfo24.com\\\/es\\\/#organization\"},\"image\":{\"@id\":\"https:\\\/\\\/loginfo24.com\\\/es\\\/2026\\\/01\\\/13\\\/turnpoint-llora-la-muerte-de-su-co-presidente\\\/#primaryimage\"},\"thumbnailUrl\":\"https:\\\/\\\/loginfo24.com\\\/wp-content\\\/uploads\\\/sites\\\/7\\\/2026\\\/01\\\/Francois-Raynal-1743587872978-aspect-ratio-1400-788.jpg\",\"keywords\":[\"assistance op\u00e9rationnelle\",\"Assistenz operativer Bereich\",\"China Desk\",\"company restructuring\",\"connaissances du march\u00e9 executive search\",\"customer relationships Asia\",\"Cyrille Raynal\",\"Deutsch Executive Search\",\"Fachkr\u00e4ftemangel Logistik\",\"Fran\u00e7ois Raynal\",\"gestion de la cha\u00eene d'approvisionnement\",\"Hafenbetrieb Frankreich\",\"industrie du transport\",\"Kundenbeziehungen Asien\",\"labor shortage logistics\",\"logistics service provider\",\"Logistikdienstleister\",\"management positions logistics Fran\u00e7ais Executive Search\",\"Managementpositionen Logistik English Executive Search\",\"Marine Sagon\",\"market knowledge executive search\",\"Marktkenntnisse Executive Search\",\"Neustrukturierung Unternehmen\",\"operational assistance\",\"op\u00e9rations portuaires France\",\"p\u00e9nurie de main-d'\u0153uvre logistique\",\"Personalrekrutierung Transport\",\"port operations France\",\"postes de direction logistique\",\"prestataire logistique\",\"recruitment transport\",\"recrutement transport\",\"relations clients Asie\",\"restructuration d'entreprise\",\"Sabrina Randria\",\"Soraya Laurent\",\"Supply Chain Management\",\"technologie dans la logistique\",\"Technologie in der Logistik\",\"technology in logistics\",\"transport industry\",\"Transportwirtschaft\",\"TURNPOINT\"],\"articleSection\":[\"Personas y empresas\"],\"inLanguage\":\"es\",\"potentialAction\":[{\"@type\":\"CommentAction\",\"name\":\"Comment\",\"target\":[\"https:\\\/\\\/loginfo24.com\\\/es\\\/2026\\\/01\\\/13\\\/turnpoint-llora-la-muerte-de-su-co-presidente\\\/#respond\"]}]},{\"@type\":\"WebPage\",\"@id\":\"https:\\\/\\\/loginfo24.com\\\/es\\\/2026\\\/01\\\/13\\\/turnpoint-llora-la-muerte-de-su-co-presidente\\\/\",\"url\":\"https:\\\/\\\/loginfo24.com\\\/es\\\/2026\\\/01\\\/13\\\/turnpoint-llora-la-muerte-de-su-co-presidente\\\/\",\"name\":\"TURNPOINT llora la muerte de su co-presidente - Loginfo24\",\"isPartOf\":{\"@id\":\"https:\\\/\\\/loginfo24.com\\\/es\\\/#website\"},\"primaryImageOfPage\":{\"@id\":\"https:\\\/\\\/loginfo24.com\\\/es\\\/2026\\\/01\\\/13\\\/turnpoint-llora-la-muerte-de-su-co-presidente\\\/#primaryimage\"},\"image\":{\"@id\":\"https:\\\/\\\/loginfo24.com\\\/es\\\/2026\\\/01\\\/13\\\/turnpoint-llora-la-muerte-de-su-co-presidente\\\/#primaryimage\"},\"thumbnailUrl\":\"https:\\\/\\\/loginfo24.com\\\/wp-content\\\/uploads\\\/sites\\\/7\\\/2026\\\/01\\\/Francois-Raynal-1743587872978-aspect-ratio-1400-788.jpg\",\"datePublished\":\"2026-01-13T08:00:49+00:00\",\"breadcrumb\":{\"@id\":\"https:\\\/\\\/loginfo24.com\\\/es\\\/2026\\\/01\\\/13\\\/turnpoint-llora-la-muerte-de-su-co-presidente\\\/#breadcrumb\"},\"inLanguage\":\"es\",\"potentialAction\":[{\"@type\":\"ReadAction\",\"target\":[\"https:\\\/\\\/loginfo24.com\\\/es\\\/2026\\\/01\\\/13\\\/turnpoint-llora-la-muerte-de-su-co-presidente\\\/\"]}]},{\"@type\":\"ImageObject\",\"inLanguage\":\"es\",\"@id\":\"https:\\\/\\\/loginfo24.com\\\/es\\\/2026\\\/01\\\/13\\\/turnpoint-llora-la-muerte-de-su-co-presidente\\\/#primaryimage\",\"url\":\"https:\\\/\\\/loginfo24.com\\\/wp-content\\\/uploads\\\/sites\\\/7\\\/2026\\\/01\\\/Francois-Raynal-1743587872978-aspect-ratio-1400-788.jpg\",\"contentUrl\":\"https:\\\/\\\/loginfo24.com\\\/wp-content\\\/uploads\\\/sites\\\/7\\\/2026\\\/01\\\/Francois-Raynal-1743587872978-aspect-ratio-1400-788.jpg\",\"width\":508,\"height\":286},{\"@type\":\"BreadcrumbList\",\"@id\":\"https:\\\/\\\/loginfo24.com\\\/es\\\/2026\\\/01\\\/13\\\/turnpoint-llora-la-muerte-de-su-co-presidente\\\/#breadcrumb\",\"itemListElement\":[{\"@type\":\"ListItem\",\"position\":1,\"name\":\"Startseite\",\"item\":\"https:\\\/\\\/loginfo24.com\\\/es\\\/\"},{\"@type\":\"ListItem\",\"position\":2,\"name\":\"TURNPOINT llora la muerte de su co-presidente\"}]},{\"@type\":\"WebSite\",\"@id\":\"https:\\\/\\\/loginfo24.com\\\/es\\\/#website\",\"url\":\"https:\\\/\\\/loginfo24.com\\\/es\\\/\",\"name\":\"Loginfo24\",\"description\":\"Loginfo24 es la plataforma dedicada a la log\u00edstica y las cadenas de suministro con informaci\u00f3n las 24 horas del d\u00eda.\",\"publisher\":{\"@id\":\"https:\\\/\\\/loginfo24.com\\\/es\\\/#organization\"},\"potentialAction\":[{\"@type\":\"SearchAction\",\"target\":{\"@type\":\"EntryPoint\",\"urlTemplate\":\"https:\\\/\\\/loginfo24.com\\\/es\\\/?s={search_term_string}\"},\"query-input\":{\"@type\":\"PropertyValueSpecification\",\"valueRequired\":true,\"valueName\":\"search_term_string\"}}],\"inLanguage\":\"es\"},{\"@type\":\"Organization\",\"@id\":\"https:\\\/\\\/loginfo24.com\\\/es\\\/#organization\",\"name\":\"Grupo Logismedia AG\",\"url\":\"https:\\\/\\\/loginfo24.com\\\/es\\\/\",\"logo\":{\"@type\":\"ImageObject\",\"inLanguage\":\"es\",\"@id\":\"https:\\\/\\\/loginfo24.com\\\/es\\\/#\\\/schema\\\/logo\\\/image\\\/\",\"url\":\"https:\\\/\\\/loginfo24.com\\\/wp-content\\\/uploads\\\/sites\\\/7\\\/2026\\\/01\\\/Logo_LogInfo24.png\",\"contentUrl\":\"https:\\\/\\\/loginfo24.com\\\/wp-content\\\/uploads\\\/sites\\\/7\\\/2026\\\/01\\\/Logo_LogInfo24.png\",\"width\":938,\"height\":351,\"caption\":\"Grupo Logismedia AG\"},\"image\":{\"@id\":\"https:\\\/\\\/loginfo24.com\\\/es\\\/#\\\/schema\\\/logo\\\/image\\\/\"},\"sameAs\":[\"https:\\\/\\\/www.facebook.com\\\/people\\\/Loginfo24\\\/100057360583332\\\/\",\"https:\\\/\\\/www.linkedin.com\\\/company\\\/lofinfo24\\\/\"]},{\"@type\":\"Person\",\"@id\":\"https:\\\/\\\/loginfo24.com\\\/es\\\/#\\\/schema\\\/person\\\/cf538b3157f15afd7589245a4b3dbd25\",\"name\":\"Andreas Haug\",\"url\":\"https:\\\/\\\/loginfo24.com\\\/es\\\/author\\\/andreas\\\/\"}]}<\/script>\n<!-- \/ Yoast SEO plugin. -->","yoast_head_json":{"title":"TURNPOINT llora la muerte de su co-presidente - Loginfo24","robots":{"index":"index","follow":"follow","max-snippet":"max-snippet:-1","max-image-preview":"max-image-preview:large","max-video-preview":"max-video-preview:-1"},"canonical":"https:\/\/loginfo24.com\/es\/2026\/01\/13\/turnpoint-llora-la-muerte-de-su-co-presidente\/","og_locale":"es_ES","og_type":"article","og_title":"TURNPOINT llora la muerte de su co-presidente - Loginfo24","og_description":"TURNPOINT ha introducido una nueva estructura empresarial tras la muerte de Fran\u00e7ois Raynal para seguir siendo exitosa en el \u00e1mbito de la b\u00fasqueda de ejecutivos.","og_url":"https:\/\/loginfo24.com\/es\/2026\/01\/13\/turnpoint-llora-la-muerte-de-su-co-presidente\/","og_site_name":"Loginfo24","article_publisher":"https:\/\/www.facebook.com\/people\/Loginfo24\/100057360583332\/","article_published_time":"2026-01-13T08:00:49+00:00","og_image":[{"width":508,"height":286,"url":"https:\/\/loginfo24.com\/wp-content\/uploads\/sites\/7\/2026\/01\/Francois-Raynal-1743587872978-aspect-ratio-1400-788.jpg","type":"image\/jpeg"}],"author":"Andreas Haug","twitter_card":"summary_large_image","twitter_misc":{"Escrito por":"Andreas Haug","Tiempo de lectura":"1 minuto"},"schema":{"@context":"https:\/\/schema.org","@graph":[{"@type":"Article","@id":"https:\/\/loginfo24.com\/es\/2026\/01\/13\/turnpoint-llora-la-muerte-de-su-co-presidente\/#article","isPartOf":{"@id":"https:\/\/loginfo24.com\/es\/2026\/01\/13\/turnpoint-llora-la-muerte-de-su-co-presidente\/"},"author":{"name":"Andreas Haug","@id":"https:\/\/loginfo24.com\/es\/#\/schema\/person\/cf538b3157f15afd7589245a4b3dbd25"},"headline":"TURNPOINT llora la muerte de su co-presidente","datePublished":"2026-01-13T08:00:49+00:00","mainEntityOfPage":{"@id":"https:\/\/loginfo24.com\/es\/2026\/01\/13\/turnpoint-llora-la-muerte-de-su-co-presidente\/"},"wordCount":303,"commentCount":0,"publisher":{"@id":"https:\/\/loginfo24.com\/es\/#organization"},"image":{"@id":"https:\/\/loginfo24.com\/es\/2026\/01\/13\/turnpoint-llora-la-muerte-de-su-co-presidente\/#primaryimage"},"thumbnailUrl":"https:\/\/loginfo24.com\/wp-content\/uploads\/sites\/7\/2026\/01\/Francois-Raynal-1743587872978-aspect-ratio-1400-788.jpg","keywords":["assistance op\u00e9rationnelle","Assistenz operativer Bereich","China Desk","company restructuring","connaissances du march\u00e9 executive search","customer relationships Asia","Cyrille Raynal","Deutsch Executive Search","Fachkr\u00e4ftemangel Logistik","Fran\u00e7ois Raynal","gestion de la cha\u00eene d'approvisionnement","Hafenbetrieb Frankreich","industrie du transport","Kundenbeziehungen Asien","labor shortage logistics","logistics service provider","Logistikdienstleister","management positions logistics Fran\u00e7ais Executive Search","Managementpositionen Logistik English Executive Search","Marine Sagon","market knowledge executive search","Marktkenntnisse Executive Search","Neustrukturierung Unternehmen","operational assistance","op\u00e9rations portuaires France","p\u00e9nurie de main-d'\u0153uvre logistique","Personalrekrutierung Transport","port operations France","postes de direction logistique","prestataire logistique","recruitment transport","recrutement transport","relations clients Asie","restructuration d'entreprise","Sabrina Randria","Soraya Laurent","Supply Chain Management","technologie dans la logistique","Technologie in der Logistik","technology in logistics","transport industry","Transportwirtschaft","TURNPOINT"],"articleSection":["Personas y empresas"],"inLanguage":"es","potentialAction":[{"@type":"CommentAction","name":"Comment","target":["https:\/\/loginfo24.com\/es\/2026\/01\/13\/turnpoint-llora-la-muerte-de-su-co-presidente\/#respond"]}]},{"@type":"WebPage","@id":"https:\/\/loginfo24.com\/es\/2026\/01\/13\/turnpoint-llora-la-muerte-de-su-co-presidente\/","url":"https:\/\/loginfo24.com\/es\/2026\/01\/13\/turnpoint-llora-la-muerte-de-su-co-presidente\/","name":"TURNPOINT llora la muerte de su co-presidente - Loginfo24","isPartOf":{"@id":"https:\/\/loginfo24.com\/es\/#website"},"primaryImageOfPage":{"@id":"https:\/\/loginfo24.com\/es\/2026\/01\/13\/turnpoint-llora-la-muerte-de-su-co-presidente\/#primaryimage"},"image":{"@id":"https:\/\/loginfo24.com\/es\/2026\/01\/13\/turnpoint-llora-la-muerte-de-su-co-presidente\/#primaryimage"},"thumbnailUrl":"https:\/\/loginfo24.com\/wp-content\/uploads\/sites\/7\/2026\/01\/Francois-Raynal-1743587872978-aspect-ratio-1400-788.jpg","datePublished":"2026-01-13T08:00:49+00:00","breadcrumb":{"@id":"https:\/\/loginfo24.com\/es\/2026\/01\/13\/turnpoint-llora-la-muerte-de-su-co-presidente\/#breadcrumb"},"inLanguage":"es","potentialAction":[{"@type":"ReadAction","target":["https:\/\/loginfo24.com\/es\/2026\/01\/13\/turnpoint-llora-la-muerte-de-su-co-presidente\/"]}]},{"@type":"ImageObject","inLanguage":"es","@id":"https:\/\/loginfo24.com\/es\/2026\/01\/13\/turnpoint-llora-la-muerte-de-su-co-presidente\/#primaryimage","url":"https:\/\/loginfo24.com\/wp-content\/uploads\/sites\/7\/2026\/01\/Francois-Raynal-1743587872978-aspect-ratio-1400-788.jpg","contentUrl":"https:\/\/loginfo24.com\/wp-content\/uploads\/sites\/7\/2026\/01\/Francois-Raynal-1743587872978-aspect-ratio-1400-788.jpg","width":508,"height":286},{"@type":"BreadcrumbList","@id":"https:\/\/loginfo24.com\/es\/2026\/01\/13\/turnpoint-llora-la-muerte-de-su-co-presidente\/#breadcrumb","itemListElement":[{"@type":"ListItem","position":1,"name":"Startseite","item":"https:\/\/loginfo24.com\/es\/"},{"@type":"ListItem","position":2,"name":"TURNPOINT llora la muerte de su co-presidente"}]},{"@type":"WebSite","@id":"https:\/\/loginfo24.com\/es\/#website","url":"https:\/\/loginfo24.com\/es\/","name":"Loginfo24","description":"Loginfo24 es la plataforma dedicada a la log\u00edstica y las cadenas de suministro con informaci\u00f3n las 24 horas del d\u00eda.","publisher":{"@id":"https:\/\/loginfo24.com\/es\/#organization"},"potentialAction":[{"@type":"SearchAction","target":{"@type":"EntryPoint","urlTemplate":"https:\/\/loginfo24.com\/es\/?s={search_term_string}"},"query-input":{"@type":"PropertyValueSpecification","valueRequired":true,"valueName":"search_term_string"}}],"inLanguage":"es"},{"@type":"Organization","@id":"https:\/\/loginfo24.com\/es\/#organization","name":"Grupo Logismedia AG","url":"https:\/\/loginfo24.com\/es\/","logo":{"@type":"ImageObject","inLanguage":"es","@id":"https:\/\/loginfo24.com\/es\/#\/schema\/logo\/image\/","url":"https:\/\/loginfo24.com\/wp-content\/uploads\/sites\/7\/2026\/01\/Logo_LogInfo24.png","contentUrl":"https:\/\/loginfo24.com\/wp-content\/uploads\/sites\/7\/2026\/01\/Logo_LogInfo24.png","width":938,"height":351,"caption":"Grupo Logismedia AG"},"image":{"@id":"https:\/\/loginfo24.com\/es\/#\/schema\/logo\/image\/"},"sameAs":["https:\/\/www.facebook.com\/people\/Loginfo24\/100057360583332\/","https:\/\/www.linkedin.com\/company\/lofinfo24\/"]},{"@type":"Person","@id":"https:\/\/loginfo24.com\/es\/#\/schema\/person\/cf538b3157f15afd7589245a4b3dbd25","name":"Andreas Haug","url":"https:\/\/loginfo24.com\/es\/author\/andreas\/"}]}},"_links":{"self":[{"href":"https:\/\/loginfo24.com\/es\/wp-json\/wp\/v2\/posts\/72805","targetHints":{"allow":["GET"]}}],"collection":[{"href":"https:\/\/loginfo24.com\/es\/wp-json\/wp\/v2\/posts"}],"about":[{"href":"https:\/\/loginfo24.com\/es\/wp-json\/wp\/v2\/types\/post"}],"author":[{"embeddable":true,"href":"https:\/\/loginfo24.com\/es\/wp-json\/wp\/v2\/users\/12"}],"replies":[{"embeddable":true,"href":"https:\/\/loginfo24.com\/es\/wp-json\/wp\/v2\/comments?post=72805"}],"version-history":[{"count":0,"href":"https:\/\/loginfo24.com\/es\/wp-json\/wp\/v2\/posts\/72805\/revisions"}],"wp:featuredmedia":[{"embeddable":true,"href":"https:\/\/loginfo24.com\/es\/wp-json\/wp\/v2\/media\/72802"}],"wp:attachment":[{"href":"https:\/\/loginfo24.com\/es\/wp-json\/wp\/v2\/media?parent=72805"}],"wp:term":[{"taxonomy":"category","embeddable":true,"href":"https:\/\/loginfo24.com\/es\/wp-json\/wp\/v2\/categories?post=72805"},{"taxonomy":"post_tag","embeddable":true,"href":"https:\/\/loginfo24.com\/es\/wp-json\/wp\/v2\/tags?post=72805"}],"curies":[{"name":"wp","href":"https:\/\/api.w.org\/{rel}","templated":true}]}}