{"id":72668,"date":"2026-01-12T08:48:51","date_gmt":"2026-01-12T08:48:51","guid":{"rendered":"https:\/\/loginfo24.dashboard.brand-architecture.at\/2026\/01\/12\/mannol-abre-un-centro-logistico-en-braunschweig\/"},"modified":"2026-01-12T10:05:59","modified_gmt":"2026-01-12T09:05:59","slug":"mannol-abre-un-centro-logistico-en-braunschweig","status":"publish","type":"post","link":"https:\/\/loginfo24.com\/es\/2026\/01\/12\/mannol-abre-un-centro-logistico-en-braunschweig\/","title":{"rendered":"MANNOL abre un centro log\u00edstico en Braunschweig"},"content":{"rendered":"<p>MANNOL ha ampliado su red de distribuci\u00f3n mediante la operaci\u00f3n de un nuevo centro log\u00edstico en Braunschweig. Este centro complementa la log\u00edstica existente en la sede principal de la empresa en Wedel, cerca de Hamburgo, y juega un papel en la distribuci\u00f3n de productos MANNOL en el centro y sur de Alemania. Con una superficie de aproximadamente 7.000 m\u00b2, el nuevo centro log\u00edstico ofrece m\u00e1s de 8.900 espacios para palets para el almacenamiento, la preparaci\u00f3n de pedidos y el env\u00edo de m\u00e1s de 2.000 variantes de productos diferentes.<\/p>\n<h3>Infraestructura para procesos m\u00e1s r\u00e1pidos<\/h3>\n<p>El equipamiento t\u00e9cnico del centro log\u00edstico ha sido adaptado espec\u00edficamente a los requisitos de MANNOL. Entre las caracter\u00edsticas se incluyen procesos automatizados, sistemas de reserva digitales y la gesti\u00f3n integrada de pedidos de dropshipping. Una nueva estaci\u00f3n de embalaje escalable acelera a\u00fan m\u00e1s los procesos de env\u00edo. Estos flujos de trabajo optimizados tienen como objetivo permitir el procesamiento de pedidos de clientes justo a tiempo y su preparaci\u00f3n para el env\u00edo, seg\u00fan informa la empresa.<\/p>\n<p>El centro log\u00edstico ha estado en funcionamiento desde el verano de 2025. Tras una fase de arranque, la instalaci\u00f3n puede ahora cargar y descargar hasta 15 camiones por d\u00eda para el negocio de cuentas clave. Para garantizar una alta capacidad de entrega de manera continua, los sistemas de estanter\u00edas de cinco pisos almacenan de forma permanente m\u00e1s de 2.000 variantes de productos diferentes, incluidos aceites de motor y de transmisi\u00f3n, as\u00ed como una variedad de fluidos operativos y productos especializados para la industria y el comercio.<\/p>\n<p><a href=\"https:\/\/www.mannol.de\/\" target=\"_blank\" rel=\"noopener noreferrer\">www.mannol.de<\/a><\/p>\n","protected":false},"excerpt":{"rendered":"<p>MANNOL ha inaugurado un nuevo centro log\u00edstico en Braunschweig, que optimiza la distribuci\u00f3n en el centro y sur de Alemania y ofrece m\u00e1s de 8.900 espacios para palets.<\/p>\n","protected":false},"author":10,"featured_media":72665,"comment_status":"open","ping_status":"open","sticky":false,"template":"","format":"standard","meta":{"_acf_changed":false,"footnotes":""},"categories":[1605],"tags":[3983,3984,3985,3986,3987,3988,3989,3990,3991,3992,3993,2122,2123,2125,3328,3994,3995,3996,3997,3998,3999,4000,4001,2133,4002,1831,4003,4004,3750,2622,4005,1800,4006,4007,3756,3757,2145,2148,4008,4009,4010,2193,1916,2339,4011,4012,4013,2106,2641,4014,3125,2155,1837,4015,4016],"class_list":["post-72668","post","type-post","status-publish","format-standard","has-post-thumbnail","hentry","category-expedicion-y-logistica","tag-automated-processes","tag-automatisierte-prozesse","tag-centre-logistique-braunschweig","tag-chargement-de-camions","tag-commandes-clients-juste-a-temps","tag-customer-orders-just-in-time-francais-mannol","tag-deutsch-mannol","tag-digital-booking-systems","tag-digitale-buchungssysteme","tag-distribution-de-produits","tag-dropshipping","tag-fachkraeftemangel-logistik","tag-gestion-de-la-chaine-dapprovisionnement","tag-industrie-du-transport","tag-infrastructure-logistique","tag-infrastruktur-logistik","tag-kundenbestellungen-just-in-time-english-mannol","tag-lagerung-und-versand","tag-lkw-beladung","tag-logistics-center-braunschweig","tag-logistics-in-germany","tag-logistics-infrastructure","tag-logistics-optimization","tag-logistics-service-providers","tag-logistik-in-deutschland","tag-logistikdienstleister","tag-logistikoptimierung","tag-logistikzentrum-braunschweig","tag-logistique-de-colis","tag-logistique-durable","tag-logistique-en-allemagne","tag-nachhaltige-logistik","tag-optimisation-logistique","tag-packaging-station","tag-paketlogistik","tag-parcel-logistics","tag-penurie-de-main-doeuvre-logistique","tag-prestataires-de-services-logistiques","tag-processus-automatises","tag-product-distribution","tag-produktverteilung","tag-rail-freight-transport","tag-schienengueterverkehr","tag-skills-shortage-logistics","tag-station-demballage","tag-stockage-et-expedition","tag-storage-and-shipping","tag-supply-chain-management","tag-sustainable-logistics","tag-systemes-de-reservation-numeriques","tag-transport-ferroviaire-de-marchandises","tag-transport-industry","tag-transportwirtschaft","tag-truck-loading","tag-verpackungsstation"],"acf":[],"yoast_head":"<!-- This site is optimized with the Yoast SEO plugin v27.3 - https:\/\/yoast.com\/product\/yoast-seo-wordpress\/ -->\n<title>MANNOL abre un centro log\u00edstico en Braunschweig - Loginfo24<\/title>\n<meta name=\"robots\" content=\"index, follow, max-snippet:-1, max-image-preview:large, max-video-preview:-1\" \/>\n<link rel=\"canonical\" href=\"https:\/\/loginfo24.com\/es\/2026\/01\/12\/mannol-abre-un-centro-logistico-en-braunschweig\/\" \/>\n<meta property=\"og:locale\" content=\"es_ES\" \/>\n<meta property=\"og:type\" content=\"article\" \/>\n<meta property=\"og:title\" content=\"MANNOL abre un centro log\u00edstico en Braunschweig - Loginfo24\" \/>\n<meta property=\"og:description\" content=\"MANNOL ha inaugurado un nuevo centro log\u00edstico en Braunschweig, que optimiza la distribuci\u00f3n en el centro y sur de Alemania y ofrece m\u00e1s de 8.900 espacios para palets.\" \/>\n<meta property=\"og:url\" content=\"https:\/\/loginfo24.com\/es\/2026\/01\/12\/mannol-abre-un-centro-logistico-en-braunschweig\/\" \/>\n<meta property=\"og:site_name\" content=\"Loginfo24\" \/>\n<meta property=\"article:publisher\" content=\"https:\/\/www.facebook.com\/people\/Loginfo24\/100057360583332\/\" \/>\n<meta property=\"article:published_time\" content=\"2026-01-12T08:48:51+00:00\" \/>\n<meta property=\"article:modified_time\" content=\"2026-01-12T09:05:59+00:00\" \/>\n<meta property=\"og:image\" content=\"https:\/\/loginfo24.com\/wp-content\/uploads\/sites\/7\/2026\/01\/61bf3dd9-bf4a-41b8-9d6e-465adcc3c54f-aspect-ratio-1400-788.jpg\" \/>\n\t<meta property=\"og:image:width\" content=\"1280\" \/>\n\t<meta property=\"og:image:height\" content=\"721\" \/>\n\t<meta property=\"og:image:type\" content=\"image\/jpeg\" \/>\n<meta name=\"author\" content=\"Jeremy Soland\" \/>\n<meta name=\"twitter:card\" content=\"summary_large_image\" \/>\n<meta name=\"twitter:label1\" content=\"Escrito por\" \/>\n\t<meta name=\"twitter:data1\" content=\"Jeremy Soland\" \/>\n\t<meta name=\"twitter:label2\" content=\"Tiempo de lectura\" \/>\n\t<meta name=\"twitter:data2\" content=\"1 minuto\" \/>\n<script type=\"application\/ld+json\" class=\"yoast-schema-graph\">{\"@context\":\"https:\\\/\\\/schema.org\",\"@graph\":[{\"@type\":\"Article\",\"@id\":\"https:\\\/\\\/loginfo24.com\\\/es\\\/2026\\\/01\\\/12\\\/mannol-abre-un-centro-logistico-en-braunschweig\\\/#article\",\"isPartOf\":{\"@id\":\"https:\\\/\\\/loginfo24.com\\\/es\\\/2026\\\/01\\\/12\\\/mannol-abre-un-centro-logistico-en-braunschweig\\\/\"},\"author\":{\"name\":\"Jeremy Soland\",\"@id\":\"https:\\\/\\\/loginfo24.com\\\/es\\\/#\\\/schema\\\/person\\\/41d36b5474b623392fa613e97e2363fa\"},\"headline\":\"MANNOL abre un centro log\u00edstico en Braunschweig\",\"datePublished\":\"2026-01-12T08:48:51+00:00\",\"dateModified\":\"2026-01-12T09:05:59+00:00\",\"mainEntityOfPage\":{\"@id\":\"https:\\\/\\\/loginfo24.com\\\/es\\\/2026\\\/01\\\/12\\\/mannol-abre-un-centro-logistico-en-braunschweig\\\/\"},\"wordCount\":289,\"commentCount\":0,\"publisher\":{\"@id\":\"https:\\\/\\\/loginfo24.com\\\/es\\\/#organization\"},\"image\":{\"@id\":\"https:\\\/\\\/loginfo24.com\\\/es\\\/2026\\\/01\\\/12\\\/mannol-abre-un-centro-logistico-en-braunschweig\\\/#primaryimage\"},\"thumbnailUrl\":\"https:\\\/\\\/loginfo24.com\\\/wp-content\\\/uploads\\\/sites\\\/7\\\/2026\\\/01\\\/61bf3dd9-bf4a-41b8-9d6e-465adcc3c54f-aspect-ratio-1400-788.jpg\",\"keywords\":[\"automated processes\",\"automatisierte Prozesse\",\"centre logistique Braunschweig\",\"chargement de camions\",\"commandes clients juste \u00e0 temps\",\"customer orders just in time Fran\u00e7ais MANNOL\",\"Deutsch MANNOL\",\"digital booking systems\",\"digitale Buchungssysteme\",\"distribution de produits\",\"Dropshipping\",\"Fachkr\u00e4ftemangel Logistik\",\"gestion de la cha\u00eene d'approvisionnement\",\"industrie du transport\",\"infrastructure logistique\",\"Infrastruktur Logistik\",\"Kundenbestellungen just in time English MANNOL\",\"Lagerung und Versand\",\"Lkw-Beladung\",\"logistics center Braunschweig\",\"logistics in Germany\",\"logistics infrastructure\",\"logistics optimization\",\"logistics service providers\",\"Logistik in Deutschland\",\"Logistikdienstleister\",\"Logistikoptimierung\",\"Logistikzentrum Braunschweig\",\"logistique de colis\",\"logistique durable\",\"logistique en Allemagne\",\"nachhaltige Logistik\",\"optimisation logistique\",\"packaging station\",\"Paketlogistik\",\"parcel logistics\",\"p\u00e9nurie de main-d'\u0153uvre logistique\",\"prestataires de services logistiques\",\"processus automatis\u00e9s\",\"product distribution\",\"Produktverteilung\",\"rail freight transport\",\"Schieneng\u00fcterverkehr\",\"skills shortage logistics\",\"station d'emballage\",\"stockage et exp\u00e9dition\",\"storage and shipping\",\"Supply Chain Management\",\"sustainable logistics\",\"syst\u00e8mes de r\u00e9servation num\u00e9riques\",\"transport ferroviaire de marchandises\",\"transport industry\",\"Transportwirtschaft\",\"truck loading\",\"Verpackungsstation\"],\"articleSection\":[\"Transporte de mercanc\u00edas y log\u00edstica\"],\"inLanguage\":\"es\",\"potentialAction\":[{\"@type\":\"CommentAction\",\"name\":\"Comment\",\"target\":[\"https:\\\/\\\/loginfo24.com\\\/es\\\/2026\\\/01\\\/12\\\/mannol-abre-un-centro-logistico-en-braunschweig\\\/#respond\"]}]},{\"@type\":\"WebPage\",\"@id\":\"https:\\\/\\\/loginfo24.com\\\/es\\\/2026\\\/01\\\/12\\\/mannol-abre-un-centro-logistico-en-braunschweig\\\/\",\"url\":\"https:\\\/\\\/loginfo24.com\\\/es\\\/2026\\\/01\\\/12\\\/mannol-abre-un-centro-logistico-en-braunschweig\\\/\",\"name\":\"MANNOL abre un centro log\u00edstico en Braunschweig - Loginfo24\",\"isPartOf\":{\"@id\":\"https:\\\/\\\/loginfo24.com\\\/es\\\/#website\"},\"primaryImageOfPage\":{\"@id\":\"https:\\\/\\\/loginfo24.com\\\/es\\\/2026\\\/01\\\/12\\\/mannol-abre-un-centro-logistico-en-braunschweig\\\/#primaryimage\"},\"image\":{\"@id\":\"https:\\\/\\\/loginfo24.com\\\/es\\\/2026\\\/01\\\/12\\\/mannol-abre-un-centro-logistico-en-braunschweig\\\/#primaryimage\"},\"thumbnailUrl\":\"https:\\\/\\\/loginfo24.com\\\/wp-content\\\/uploads\\\/sites\\\/7\\\/2026\\\/01\\\/61bf3dd9-bf4a-41b8-9d6e-465adcc3c54f-aspect-ratio-1400-788.jpg\",\"datePublished\":\"2026-01-12T08:48:51+00:00\",\"dateModified\":\"2026-01-12T09:05:59+00:00\",\"breadcrumb\":{\"@id\":\"https:\\\/\\\/loginfo24.com\\\/es\\\/2026\\\/01\\\/12\\\/mannol-abre-un-centro-logistico-en-braunschweig\\\/#breadcrumb\"},\"inLanguage\":\"es\",\"potentialAction\":[{\"@type\":\"ReadAction\",\"target\":[\"https:\\\/\\\/loginfo24.com\\\/es\\\/2026\\\/01\\\/12\\\/mannol-abre-un-centro-logistico-en-braunschweig\\\/\"]}]},{\"@type\":\"ImageObject\",\"inLanguage\":\"es\",\"@id\":\"https:\\\/\\\/loginfo24.com\\\/es\\\/2026\\\/01\\\/12\\\/mannol-abre-un-centro-logistico-en-braunschweig\\\/#primaryimage\",\"url\":\"https:\\\/\\\/loginfo24.com\\\/wp-content\\\/uploads\\\/sites\\\/7\\\/2026\\\/01\\\/61bf3dd9-bf4a-41b8-9d6e-465adcc3c54f-aspect-ratio-1400-788.jpg\",\"contentUrl\":\"https:\\\/\\\/loginfo24.com\\\/wp-content\\\/uploads\\\/sites\\\/7\\\/2026\\\/01\\\/61bf3dd9-bf4a-41b8-9d6e-465adcc3c54f-aspect-ratio-1400-788.jpg\",\"width\":1280,\"height\":721},{\"@type\":\"BreadcrumbList\",\"@id\":\"https:\\\/\\\/loginfo24.com\\\/es\\\/2026\\\/01\\\/12\\\/mannol-abre-un-centro-logistico-en-braunschweig\\\/#breadcrumb\",\"itemListElement\":[{\"@type\":\"ListItem\",\"position\":1,\"name\":\"Startseite\",\"item\":\"https:\\\/\\\/loginfo24.com\\\/es\\\/\"},{\"@type\":\"ListItem\",\"position\":2,\"name\":\"MANNOL abre un centro log\u00edstico en Braunschweig\"}]},{\"@type\":\"WebSite\",\"@id\":\"https:\\\/\\\/loginfo24.com\\\/es\\\/#website\",\"url\":\"https:\\\/\\\/loginfo24.com\\\/es\\\/\",\"name\":\"Loginfo24\",\"description\":\"Loginfo24 es la plataforma dedicada a la log\u00edstica y las cadenas de suministro con informaci\u00f3n las 24 horas del d\u00eda.\",\"publisher\":{\"@id\":\"https:\\\/\\\/loginfo24.com\\\/es\\\/#organization\"},\"potentialAction\":[{\"@type\":\"SearchAction\",\"target\":{\"@type\":\"EntryPoint\",\"urlTemplate\":\"https:\\\/\\\/loginfo24.com\\\/es\\\/?s={search_term_string}\"},\"query-input\":{\"@type\":\"PropertyValueSpecification\",\"valueRequired\":true,\"valueName\":\"search_term_string\"}}],\"inLanguage\":\"es\"},{\"@type\":\"Organization\",\"@id\":\"https:\\\/\\\/loginfo24.com\\\/es\\\/#organization\",\"name\":\"Grupo Logismedia AG\",\"url\":\"https:\\\/\\\/loginfo24.com\\\/es\\\/\",\"logo\":{\"@type\":\"ImageObject\",\"inLanguage\":\"es\",\"@id\":\"https:\\\/\\\/loginfo24.com\\\/es\\\/#\\\/schema\\\/logo\\\/image\\\/\",\"url\":\"https:\\\/\\\/loginfo24.com\\\/wp-content\\\/uploads\\\/sites\\\/7\\\/2026\\\/01\\\/Logo_LogInfo24.png\",\"contentUrl\":\"https:\\\/\\\/loginfo24.com\\\/wp-content\\\/uploads\\\/sites\\\/7\\\/2026\\\/01\\\/Logo_LogInfo24.png\",\"width\":938,\"height\":351,\"caption\":\"Grupo Logismedia AG\"},\"image\":{\"@id\":\"https:\\\/\\\/loginfo24.com\\\/es\\\/#\\\/schema\\\/logo\\\/image\\\/\"},\"sameAs\":[\"https:\\\/\\\/www.facebook.com\\\/people\\\/Loginfo24\\\/100057360583332\\\/\",\"https:\\\/\\\/www.linkedin.com\\\/company\\\/lofinfo24\\\/\"]},{\"@type\":\"Person\",\"@id\":\"https:\\\/\\\/loginfo24.com\\\/es\\\/#\\\/schema\\\/person\\\/41d36b5474b623392fa613e97e2363fa\",\"name\":\"Jeremy Soland\",\"url\":\"https:\\\/\\\/loginfo24.com\\\/es\\\/author\\\/jeremy\\\/\"}]}<\/script>\n<!-- \/ Yoast SEO plugin. -->","yoast_head_json":{"title":"MANNOL abre un centro log\u00edstico en Braunschweig - Loginfo24","robots":{"index":"index","follow":"follow","max-snippet":"max-snippet:-1","max-image-preview":"max-image-preview:large","max-video-preview":"max-video-preview:-1"},"canonical":"https:\/\/loginfo24.com\/es\/2026\/01\/12\/mannol-abre-un-centro-logistico-en-braunschweig\/","og_locale":"es_ES","og_type":"article","og_title":"MANNOL abre un centro log\u00edstico en Braunschweig - Loginfo24","og_description":"MANNOL ha inaugurado un nuevo centro log\u00edstico en Braunschweig, que optimiza la distribuci\u00f3n en el centro y sur de Alemania y ofrece m\u00e1s de 8.900 espacios para palets.","og_url":"https:\/\/loginfo24.com\/es\/2026\/01\/12\/mannol-abre-un-centro-logistico-en-braunschweig\/","og_site_name":"Loginfo24","article_publisher":"https:\/\/www.facebook.com\/people\/Loginfo24\/100057360583332\/","article_published_time":"2026-01-12T08:48:51+00:00","article_modified_time":"2026-01-12T09:05:59+00:00","og_image":[{"width":1280,"height":721,"url":"https:\/\/loginfo24.com\/wp-content\/uploads\/sites\/7\/2026\/01\/61bf3dd9-bf4a-41b8-9d6e-465adcc3c54f-aspect-ratio-1400-788.jpg","type":"image\/jpeg"}],"author":"Jeremy Soland","twitter_card":"summary_large_image","twitter_misc":{"Escrito por":"Jeremy Soland","Tiempo de lectura":"1 minuto"},"schema":{"@context":"https:\/\/schema.org","@graph":[{"@type":"Article","@id":"https:\/\/loginfo24.com\/es\/2026\/01\/12\/mannol-abre-un-centro-logistico-en-braunschweig\/#article","isPartOf":{"@id":"https:\/\/loginfo24.com\/es\/2026\/01\/12\/mannol-abre-un-centro-logistico-en-braunschweig\/"},"author":{"name":"Jeremy Soland","@id":"https:\/\/loginfo24.com\/es\/#\/schema\/person\/41d36b5474b623392fa613e97e2363fa"},"headline":"MANNOL abre un centro log\u00edstico en Braunschweig","datePublished":"2026-01-12T08:48:51+00:00","dateModified":"2026-01-12T09:05:59+00:00","mainEntityOfPage":{"@id":"https:\/\/loginfo24.com\/es\/2026\/01\/12\/mannol-abre-un-centro-logistico-en-braunschweig\/"},"wordCount":289,"commentCount":0,"publisher":{"@id":"https:\/\/loginfo24.com\/es\/#organization"},"image":{"@id":"https:\/\/loginfo24.com\/es\/2026\/01\/12\/mannol-abre-un-centro-logistico-en-braunschweig\/#primaryimage"},"thumbnailUrl":"https:\/\/loginfo24.com\/wp-content\/uploads\/sites\/7\/2026\/01\/61bf3dd9-bf4a-41b8-9d6e-465adcc3c54f-aspect-ratio-1400-788.jpg","keywords":["automated processes","automatisierte Prozesse","centre logistique Braunschweig","chargement de camions","commandes clients juste \u00e0 temps","customer orders just in time Fran\u00e7ais MANNOL","Deutsch MANNOL","digital booking systems","digitale Buchungssysteme","distribution de produits","Dropshipping","Fachkr\u00e4ftemangel Logistik","gestion de la cha\u00eene d'approvisionnement","industrie du transport","infrastructure logistique","Infrastruktur Logistik","Kundenbestellungen just in time English MANNOL","Lagerung und Versand","Lkw-Beladung","logistics center Braunschweig","logistics in Germany","logistics infrastructure","logistics optimization","logistics service providers","Logistik in Deutschland","Logistikdienstleister","Logistikoptimierung","Logistikzentrum Braunschweig","logistique de colis","logistique durable","logistique en Allemagne","nachhaltige Logistik","optimisation logistique","packaging station","Paketlogistik","parcel logistics","p\u00e9nurie de main-d'\u0153uvre logistique","prestataires de services logistiques","processus automatis\u00e9s","product distribution","Produktverteilung","rail freight transport","Schieneng\u00fcterverkehr","skills shortage logistics","station d'emballage","stockage et exp\u00e9dition","storage and shipping","Supply Chain Management","sustainable logistics","syst\u00e8mes de r\u00e9servation num\u00e9riques","transport ferroviaire de marchandises","transport industry","Transportwirtschaft","truck loading","Verpackungsstation"],"articleSection":["Transporte de mercanc\u00edas y log\u00edstica"],"inLanguage":"es","potentialAction":[{"@type":"CommentAction","name":"Comment","target":["https:\/\/loginfo24.com\/es\/2026\/01\/12\/mannol-abre-un-centro-logistico-en-braunschweig\/#respond"]}]},{"@type":"WebPage","@id":"https:\/\/loginfo24.com\/es\/2026\/01\/12\/mannol-abre-un-centro-logistico-en-braunschweig\/","url":"https:\/\/loginfo24.com\/es\/2026\/01\/12\/mannol-abre-un-centro-logistico-en-braunschweig\/","name":"MANNOL abre un centro log\u00edstico en Braunschweig - Loginfo24","isPartOf":{"@id":"https:\/\/loginfo24.com\/es\/#website"},"primaryImageOfPage":{"@id":"https:\/\/loginfo24.com\/es\/2026\/01\/12\/mannol-abre-un-centro-logistico-en-braunschweig\/#primaryimage"},"image":{"@id":"https:\/\/loginfo24.com\/es\/2026\/01\/12\/mannol-abre-un-centro-logistico-en-braunschweig\/#primaryimage"},"thumbnailUrl":"https:\/\/loginfo24.com\/wp-content\/uploads\/sites\/7\/2026\/01\/61bf3dd9-bf4a-41b8-9d6e-465adcc3c54f-aspect-ratio-1400-788.jpg","datePublished":"2026-01-12T08:48:51+00:00","dateModified":"2026-01-12T09:05:59+00:00","breadcrumb":{"@id":"https:\/\/loginfo24.com\/es\/2026\/01\/12\/mannol-abre-un-centro-logistico-en-braunschweig\/#breadcrumb"},"inLanguage":"es","potentialAction":[{"@type":"ReadAction","target":["https:\/\/loginfo24.com\/es\/2026\/01\/12\/mannol-abre-un-centro-logistico-en-braunschweig\/"]}]},{"@type":"ImageObject","inLanguage":"es","@id":"https:\/\/loginfo24.com\/es\/2026\/01\/12\/mannol-abre-un-centro-logistico-en-braunschweig\/#primaryimage","url":"https:\/\/loginfo24.com\/wp-content\/uploads\/sites\/7\/2026\/01\/61bf3dd9-bf4a-41b8-9d6e-465adcc3c54f-aspect-ratio-1400-788.jpg","contentUrl":"https:\/\/loginfo24.com\/wp-content\/uploads\/sites\/7\/2026\/01\/61bf3dd9-bf4a-41b8-9d6e-465adcc3c54f-aspect-ratio-1400-788.jpg","width":1280,"height":721},{"@type":"BreadcrumbList","@id":"https:\/\/loginfo24.com\/es\/2026\/01\/12\/mannol-abre-un-centro-logistico-en-braunschweig\/#breadcrumb","itemListElement":[{"@type":"ListItem","position":1,"name":"Startseite","item":"https:\/\/loginfo24.com\/es\/"},{"@type":"ListItem","position":2,"name":"MANNOL abre un centro log\u00edstico en Braunschweig"}]},{"@type":"WebSite","@id":"https:\/\/loginfo24.com\/es\/#website","url":"https:\/\/loginfo24.com\/es\/","name":"Loginfo24","description":"Loginfo24 es la plataforma dedicada a la log\u00edstica y las cadenas de suministro con informaci\u00f3n las 24 horas del d\u00eda.","publisher":{"@id":"https:\/\/loginfo24.com\/es\/#organization"},"potentialAction":[{"@type":"SearchAction","target":{"@type":"EntryPoint","urlTemplate":"https:\/\/loginfo24.com\/es\/?s={search_term_string}"},"query-input":{"@type":"PropertyValueSpecification","valueRequired":true,"valueName":"search_term_string"}}],"inLanguage":"es"},{"@type":"Organization","@id":"https:\/\/loginfo24.com\/es\/#organization","name":"Grupo Logismedia AG","url":"https:\/\/loginfo24.com\/es\/","logo":{"@type":"ImageObject","inLanguage":"es","@id":"https:\/\/loginfo24.com\/es\/#\/schema\/logo\/image\/","url":"https:\/\/loginfo24.com\/wp-content\/uploads\/sites\/7\/2026\/01\/Logo_LogInfo24.png","contentUrl":"https:\/\/loginfo24.com\/wp-content\/uploads\/sites\/7\/2026\/01\/Logo_LogInfo24.png","width":938,"height":351,"caption":"Grupo Logismedia AG"},"image":{"@id":"https:\/\/loginfo24.com\/es\/#\/schema\/logo\/image\/"},"sameAs":["https:\/\/www.facebook.com\/people\/Loginfo24\/100057360583332\/","https:\/\/www.linkedin.com\/company\/lofinfo24\/"]},{"@type":"Person","@id":"https:\/\/loginfo24.com\/es\/#\/schema\/person\/41d36b5474b623392fa613e97e2363fa","name":"Jeremy Soland","url":"https:\/\/loginfo24.com\/es\/author\/jeremy\/"}]}},"_links":{"self":[{"href":"https:\/\/loginfo24.com\/es\/wp-json\/wp\/v2\/posts\/72668","targetHints":{"allow":["GET"]}}],"collection":[{"href":"https:\/\/loginfo24.com\/es\/wp-json\/wp\/v2\/posts"}],"about":[{"href":"https:\/\/loginfo24.com\/es\/wp-json\/wp\/v2\/types\/post"}],"author":[{"embeddable":true,"href":"https:\/\/loginfo24.com\/es\/wp-json\/wp\/v2\/users\/10"}],"replies":[{"embeddable":true,"href":"https:\/\/loginfo24.com\/es\/wp-json\/wp\/v2\/comments?post=72668"}],"version-history":[{"count":1,"href":"https:\/\/loginfo24.com\/es\/wp-json\/wp\/v2\/posts\/72668\/revisions"}],"predecessor-version":[{"id":72675,"href":"https:\/\/loginfo24.com\/es\/wp-json\/wp\/v2\/posts\/72668\/revisions\/72675"}],"wp:featuredmedia":[{"embeddable":true,"href":"https:\/\/loginfo24.com\/es\/wp-json\/wp\/v2\/media\/72665"}],"wp:attachment":[{"href":"https:\/\/loginfo24.com\/es\/wp-json\/wp\/v2\/media?parent=72668"}],"wp:term":[{"taxonomy":"category","embeddable":true,"href":"https:\/\/loginfo24.com\/es\/wp-json\/wp\/v2\/categories?post=72668"},{"taxonomy":"post_tag","embeddable":true,"href":"https:\/\/loginfo24.com\/es\/wp-json\/wp\/v2\/tags?post=72668"}],"curies":[{"name":"wp","href":"https:\/\/api.w.org\/{rel}","templated":true}]}}