{"id":72563,"date":"2026-01-09T12:10:18","date_gmt":"2026-01-09T12:10:18","guid":{"rendered":"https:\/\/loginfo24.dashboard.brand-architecture.at\/2026\/01\/09\/geis-gruppe-abre-una-ubicacion-en-moenchengladbach\/"},"modified":"2026-01-09T12:10:18","modified_gmt":"2026-01-09T12:10:18","slug":"geis-gruppe-abre-una-ubicacion-en-moenchengladbach","status":"publish","type":"post","link":"https:\/\/loginfo24.com\/es\/2026\/01\/09\/geis-gruppe-abre-una-ubicacion-en-moenchengladbach\/","title":{"rendered":"Geis Gruppe abre una ubicaci\u00f3n en M\u00f6nchengladbach"},"content":{"rendered":"<p>La Geis Gruppe ha inaugurado el 1 de enero de 2026 una nueva ubicaci\u00f3n de su filial Geis Air + Sea GmbH en M\u00f6nchengladbach. Con esta sucursal, la empresa tiene como objetivo expandir su presencia en Renania del Norte-Westfalia y ampliar las capacidades internacionales.<\/p>\n<h3>Experiencia en la nueva ubicaci\u00f3n<\/h3>\n<p>La sucursal ser\u00e1 dirigida por un equipo de cuatro personas bajo la direcci\u00f3n de Marek Wetjen. Wetjen aporta experiencia del sector log\u00edstico, que ha adquirido, entre otros, como director de sucursal y apoderado en Logwin, as\u00ed como, m\u00e1s recientemente, como director general de Gate41 Logistics GmbH &amp; Co. KG. &#8222;Junto con nuestro equipo comprometido en el lugar y en estrecha coordinaci\u00f3n con la direcci\u00f3n, construiremos y desarrollaremos de manera consistente la ubicaci\u00f3n de M\u00f6nchengladbach&#8220;, explica Wetjen. Destaca que la estrecha colaboraci\u00f3n dentro de Geis Air + Sea contribuir\u00e1 a aprovechar sinergias y crear un crecimiento sostenible.<\/p>\n<p><a href=\"https:\/\/geis-group.eu\/\" target=\"_blank\" rel=\"noopener noreferrer\">www.geis-group.com<\/a><\/p>\n","protected":false},"excerpt":{"rendered":"<p>La Geis Gruppe ha inaugurado una ubicaci\u00f3n en M\u00f6nchengladbach el 1 de enero de 2026 para expandir su presencia en Renania del Norte-Westfalia y soluciones de transporte internacionales.<\/p>\n","protected":false},"author":10,"featured_media":72560,"comment_status":"open","ping_status":"open","sticky":false,"template":"","format":"standard","meta":{"_acf_changed":false,"footnotes":""},"categories":[1605],"tags":[3737,2995,3738,3739,2115,2116,2213,1889,3740,3741,3742,3743,3744,2909,3745,2075,3746,3747,3748,3749,2918,2133,2135,1831,3750,3751,3752,3015,3753,3754,3157,2925,3755,3756,3757,2232,2929,2148,2193,3758,1916,2153,2237,3759,3029,3760,3761,2297,3125,1837],"class_list":["post-72563","post","type-post","status-publish","format-standard","has-post-thumbnail","hentry","category-expedicion-y-logistica","tag-capacites-internationales","tag-croissance-durable","tag-deutsch-geis-gruppe","tag-developpement-des-infrastructures","tag-digitalisierung-in-der-logistik","tag-digitalization-in-logistics","tag-economie-du-transport","tag-fachkraeftemangel","tag-gate41-logistics","tag-gate41-logistics-english-geis-group","tag-gate41-logistics-francais-groupe-geis","tag-geis-air-sea","tag-geis-air-sea-gmbh","tag-hafenbetrieb","tag-infrastructure-development","tag-infrastrukturentwicklung","tag-international-capacities","tag-internationale-kapazitaeten","tag-leveraging-synergies","tag-location-opening-moenchengladbach","tag-logistics-industry","tag-logistics-service-providers","tag-logistikbranche","tag-logistikdienstleister","tag-logistique-de-colis","tag-marek-wetjen","tag-moenchengladbach","tag-nachhaltiges-wachstum","tag-nordrhein-westfalen","tag-north-rhine-westphalia","tag-numerisation-dans-la-logistique","tag-operations-portuaires","tag-ouverture-de-site-moenchengladbach","tag-paketlogistik","tag-parcel-logistics","tag-penurie-de-main-doeuvre","tag-port-operations","tag-prestataires-de-services-logistiques","tag-rail-freight-transport","tag-rhenanie-du-nord-westphalie","tag-schienengueterverkehr","tag-secteur-logistique","tag-skills-shortage","tag-standorteroeffnung-moenchengladbach","tag-sustainable-growth","tag-synergien-nutzen","tag-synergies-a-exploiter","tag-transport-economy","tag-transport-ferroviaire-de-marchandises","tag-transportwirtschaft"],"acf":[],"yoast_head":"<!-- This site is optimized with the Yoast SEO plugin v27.3 - https:\/\/yoast.com\/product\/yoast-seo-wordpress\/ -->\n<title>Geis Gruppe abre una ubicaci\u00f3n en M\u00f6nchengladbach - Loginfo24<\/title>\n<meta name=\"robots\" content=\"index, follow, max-snippet:-1, max-image-preview:large, max-video-preview:-1\" \/>\n<link rel=\"canonical\" href=\"https:\/\/loginfo24.com\/es\/2026\/01\/09\/geis-gruppe-abre-una-ubicacion-en-moenchengladbach\/\" \/>\n<meta property=\"og:locale\" content=\"es_ES\" \/>\n<meta property=\"og:type\" content=\"article\" \/>\n<meta property=\"og:title\" content=\"Geis Gruppe abre una ubicaci\u00f3n en M\u00f6nchengladbach - Loginfo24\" \/>\n<meta property=\"og:description\" content=\"La Geis Gruppe ha inaugurado una ubicaci\u00f3n en M\u00f6nchengladbach el 1 de enero de 2026 para expandir su presencia en Renania del Norte-Westfalia y soluciones de transporte internacionales.\" \/>\n<meta property=\"og:url\" content=\"https:\/\/loginfo24.com\/es\/2026\/01\/09\/geis-gruppe-abre-una-ubicacion-en-moenchengladbach\/\" \/>\n<meta property=\"og:site_name\" content=\"Loginfo24\" \/>\n<meta property=\"article:publisher\" content=\"https:\/\/www.facebook.com\/people\/Loginfo24\/100057360583332\/\" \/>\n<meta property=\"article:published_time\" content=\"2026-01-09T12:10:18+00:00\" \/>\n<meta property=\"og:image\" content=\"https:\/\/loginfo24.com\/wp-content\/uploads\/sites\/7\/2026\/01\/Geis_AirSea_Moenchengladbach-scaled-aspect-ratio-1400-788-scaled-1.jpg\" \/>\n\t<meta property=\"og:image:width\" content=\"2560\" \/>\n\t<meta property=\"og:image:height\" content=\"1441\" \/>\n\t<meta property=\"og:image:type\" content=\"image\/jpeg\" \/>\n<meta name=\"author\" content=\"Jeremy Soland\" \/>\n<meta name=\"twitter:card\" content=\"summary_large_image\" \/>\n<meta name=\"twitter:label1\" content=\"Escrito por\" \/>\n\t<meta name=\"twitter:data1\" content=\"Jeremy Soland\" \/>\n\t<meta name=\"twitter:label2\" content=\"Tiempo de lectura\" \/>\n\t<meta name=\"twitter:data2\" content=\"1 minuto\" \/>\n<script type=\"application\/ld+json\" class=\"yoast-schema-graph\">{\"@context\":\"https:\\\/\\\/schema.org\",\"@graph\":[{\"@type\":\"Article\",\"@id\":\"https:\\\/\\\/loginfo24.com\\\/es\\\/2026\\\/01\\\/09\\\/geis-gruppe-abre-una-ubicacion-en-moenchengladbach\\\/#article\",\"isPartOf\":{\"@id\":\"https:\\\/\\\/loginfo24.com\\\/es\\\/2026\\\/01\\\/09\\\/geis-gruppe-abre-una-ubicacion-en-moenchengladbach\\\/\"},\"author\":{\"name\":\"Jeremy Soland\",\"@id\":\"https:\\\/\\\/loginfo24.com\\\/es\\\/#\\\/schema\\\/person\\\/41d36b5474b623392fa613e97e2363fa\"},\"headline\":\"Geis Gruppe abre una ubicaci\u00f3n en M\u00f6nchengladbach\",\"datePublished\":\"2026-01-09T12:10:18+00:00\",\"mainEntityOfPage\":{\"@id\":\"https:\\\/\\\/loginfo24.com\\\/es\\\/2026\\\/01\\\/09\\\/geis-gruppe-abre-una-ubicacion-en-moenchengladbach\\\/\"},\"wordCount\":164,\"commentCount\":0,\"publisher\":{\"@id\":\"https:\\\/\\\/loginfo24.com\\\/es\\\/#organization\"},\"image\":{\"@id\":\"https:\\\/\\\/loginfo24.com\\\/es\\\/2026\\\/01\\\/09\\\/geis-gruppe-abre-una-ubicacion-en-moenchengladbach\\\/#primaryimage\"},\"thumbnailUrl\":\"https:\\\/\\\/loginfo24.com\\\/wp-content\\\/uploads\\\/sites\\\/7\\\/2026\\\/01\\\/Geis_AirSea_Moenchengladbach-scaled-aspect-ratio-1400-788-scaled-1.jpg\",\"keywords\":[\"capacit\u00e9s internationales\",\"croissance durable\",\"Deutsch Geis Gruppe\",\"d\u00e9veloppement des infrastructures\",\"Digitalisierung in der Logistik\",\"digitalization in logistics\",\"\u00e9conomie du transport\",\"Fachkr\u00e4ftemangel\",\"Gate41 Logistics\",\"Gate41 Logistics English Geis Group\",\"Gate41 Logistics Fran\u00e7ais Groupe Geis\",\"Geis Air + Sea\",\"Geis Air + Sea GmbH\",\"Hafenbetrieb\",\"infrastructure development\",\"Infrastrukturentwicklung\",\"international capacities\",\"internationale Kapazit\u00e4ten\",\"leveraging synergies\",\"location opening M\u00f6nchengladbach\",\"logistics industry\",\"logistics service providers\",\"Logistikbranche\",\"Logistikdienstleister\",\"logistique de colis\",\"Marek Wetjen\",\"M\u00f6nchengladbach\",\"nachhaltiges Wachstum\",\"Nordrhein-Westfalen\",\"North Rhine-Westphalia\",\"num\u00e9risation dans la logistique\",\"op\u00e9rations portuaires\",\"ouverture de site M\u00f6nchengladbach\",\"Paketlogistik\",\"parcel logistics\",\"p\u00e9nurie de main-d'\u0153uvre\",\"port operations\",\"prestataires de services logistiques\",\"rail freight transport\",\"Rh\u00e9nanie-du-Nord-Westphalie\",\"Schieneng\u00fcterverkehr\",\"secteur logistique\",\"skills shortage\",\"Standorter\u00f6ffnung M\u00f6nchengladbach\",\"sustainable growth\",\"Synergien nutzen\",\"synergies \u00e0 exploiter\",\"transport economy\",\"transport ferroviaire de marchandises\",\"Transportwirtschaft\"],\"articleSection\":[\"Transporte de mercanc\u00edas y log\u00edstica\"],\"inLanguage\":\"es\",\"potentialAction\":[{\"@type\":\"CommentAction\",\"name\":\"Comment\",\"target\":[\"https:\\\/\\\/loginfo24.com\\\/es\\\/2026\\\/01\\\/09\\\/geis-gruppe-abre-una-ubicacion-en-moenchengladbach\\\/#respond\"]}]},{\"@type\":\"WebPage\",\"@id\":\"https:\\\/\\\/loginfo24.com\\\/es\\\/2026\\\/01\\\/09\\\/geis-gruppe-abre-una-ubicacion-en-moenchengladbach\\\/\",\"url\":\"https:\\\/\\\/loginfo24.com\\\/es\\\/2026\\\/01\\\/09\\\/geis-gruppe-abre-una-ubicacion-en-moenchengladbach\\\/\",\"name\":\"Geis Gruppe abre una ubicaci\u00f3n en M\u00f6nchengladbach - Loginfo24\",\"isPartOf\":{\"@id\":\"https:\\\/\\\/loginfo24.com\\\/es\\\/#website\"},\"primaryImageOfPage\":{\"@id\":\"https:\\\/\\\/loginfo24.com\\\/es\\\/2026\\\/01\\\/09\\\/geis-gruppe-abre-una-ubicacion-en-moenchengladbach\\\/#primaryimage\"},\"image\":{\"@id\":\"https:\\\/\\\/loginfo24.com\\\/es\\\/2026\\\/01\\\/09\\\/geis-gruppe-abre-una-ubicacion-en-moenchengladbach\\\/#primaryimage\"},\"thumbnailUrl\":\"https:\\\/\\\/loginfo24.com\\\/wp-content\\\/uploads\\\/sites\\\/7\\\/2026\\\/01\\\/Geis_AirSea_Moenchengladbach-scaled-aspect-ratio-1400-788-scaled-1.jpg\",\"datePublished\":\"2026-01-09T12:10:18+00:00\",\"breadcrumb\":{\"@id\":\"https:\\\/\\\/loginfo24.com\\\/es\\\/2026\\\/01\\\/09\\\/geis-gruppe-abre-una-ubicacion-en-moenchengladbach\\\/#breadcrumb\"},\"inLanguage\":\"es\",\"potentialAction\":[{\"@type\":\"ReadAction\",\"target\":[\"https:\\\/\\\/loginfo24.com\\\/es\\\/2026\\\/01\\\/09\\\/geis-gruppe-abre-una-ubicacion-en-moenchengladbach\\\/\"]}]},{\"@type\":\"ImageObject\",\"inLanguage\":\"es\",\"@id\":\"https:\\\/\\\/loginfo24.com\\\/es\\\/2026\\\/01\\\/09\\\/geis-gruppe-abre-una-ubicacion-en-moenchengladbach\\\/#primaryimage\",\"url\":\"https:\\\/\\\/loginfo24.com\\\/wp-content\\\/uploads\\\/sites\\\/7\\\/2026\\\/01\\\/Geis_AirSea_Moenchengladbach-scaled-aspect-ratio-1400-788-scaled-1.jpg\",\"contentUrl\":\"https:\\\/\\\/loginfo24.com\\\/wp-content\\\/uploads\\\/sites\\\/7\\\/2026\\\/01\\\/Geis_AirSea_Moenchengladbach-scaled-aspect-ratio-1400-788-scaled-1.jpg\",\"width\":2560,\"height\":1441},{\"@type\":\"BreadcrumbList\",\"@id\":\"https:\\\/\\\/loginfo24.com\\\/es\\\/2026\\\/01\\\/09\\\/geis-gruppe-abre-una-ubicacion-en-moenchengladbach\\\/#breadcrumb\",\"itemListElement\":[{\"@type\":\"ListItem\",\"position\":1,\"name\":\"Startseite\",\"item\":\"https:\\\/\\\/loginfo24.com\\\/es\\\/\"},{\"@type\":\"ListItem\",\"position\":2,\"name\":\"Geis Gruppe abre una ubicaci\u00f3n en M\u00f6nchengladbach\"}]},{\"@type\":\"WebSite\",\"@id\":\"https:\\\/\\\/loginfo24.com\\\/es\\\/#website\",\"url\":\"https:\\\/\\\/loginfo24.com\\\/es\\\/\",\"name\":\"Loginfo24\",\"description\":\"Loginfo24 es la plataforma dedicada a la log\u00edstica y las cadenas de suministro con informaci\u00f3n las 24 horas del d\u00eda.\",\"publisher\":{\"@id\":\"https:\\\/\\\/loginfo24.com\\\/es\\\/#organization\"},\"potentialAction\":[{\"@type\":\"SearchAction\",\"target\":{\"@type\":\"EntryPoint\",\"urlTemplate\":\"https:\\\/\\\/loginfo24.com\\\/es\\\/?s={search_term_string}\"},\"query-input\":{\"@type\":\"PropertyValueSpecification\",\"valueRequired\":true,\"valueName\":\"search_term_string\"}}],\"inLanguage\":\"es\"},{\"@type\":\"Organization\",\"@id\":\"https:\\\/\\\/loginfo24.com\\\/es\\\/#organization\",\"name\":\"Grupo Logismedia AG\",\"url\":\"https:\\\/\\\/loginfo24.com\\\/es\\\/\",\"logo\":{\"@type\":\"ImageObject\",\"inLanguage\":\"es\",\"@id\":\"https:\\\/\\\/loginfo24.com\\\/es\\\/#\\\/schema\\\/logo\\\/image\\\/\",\"url\":\"https:\\\/\\\/loginfo24.com\\\/wp-content\\\/uploads\\\/sites\\\/7\\\/2026\\\/01\\\/Logo_LogInfo24.png\",\"contentUrl\":\"https:\\\/\\\/loginfo24.com\\\/wp-content\\\/uploads\\\/sites\\\/7\\\/2026\\\/01\\\/Logo_LogInfo24.png\",\"width\":938,\"height\":351,\"caption\":\"Grupo Logismedia AG\"},\"image\":{\"@id\":\"https:\\\/\\\/loginfo24.com\\\/es\\\/#\\\/schema\\\/logo\\\/image\\\/\"},\"sameAs\":[\"https:\\\/\\\/www.facebook.com\\\/people\\\/Loginfo24\\\/100057360583332\\\/\",\"https:\\\/\\\/www.linkedin.com\\\/company\\\/lofinfo24\\\/\"]},{\"@type\":\"Person\",\"@id\":\"https:\\\/\\\/loginfo24.com\\\/es\\\/#\\\/schema\\\/person\\\/41d36b5474b623392fa613e97e2363fa\",\"name\":\"Jeremy Soland\",\"url\":\"https:\\\/\\\/loginfo24.com\\\/es\\\/author\\\/jeremy\\\/\"}]}<\/script>\n<!-- \/ Yoast SEO plugin. -->","yoast_head_json":{"title":"Geis Gruppe abre una ubicaci\u00f3n en M\u00f6nchengladbach - Loginfo24","robots":{"index":"index","follow":"follow","max-snippet":"max-snippet:-1","max-image-preview":"max-image-preview:large","max-video-preview":"max-video-preview:-1"},"canonical":"https:\/\/loginfo24.com\/es\/2026\/01\/09\/geis-gruppe-abre-una-ubicacion-en-moenchengladbach\/","og_locale":"es_ES","og_type":"article","og_title":"Geis Gruppe abre una ubicaci\u00f3n en M\u00f6nchengladbach - Loginfo24","og_description":"La Geis Gruppe ha inaugurado una ubicaci\u00f3n en M\u00f6nchengladbach el 1 de enero de 2026 para expandir su presencia en Renania del Norte-Westfalia y soluciones de transporte internacionales.","og_url":"https:\/\/loginfo24.com\/es\/2026\/01\/09\/geis-gruppe-abre-una-ubicacion-en-moenchengladbach\/","og_site_name":"Loginfo24","article_publisher":"https:\/\/www.facebook.com\/people\/Loginfo24\/100057360583332\/","article_published_time":"2026-01-09T12:10:18+00:00","og_image":[{"width":2560,"height":1441,"url":"https:\/\/loginfo24.com\/wp-content\/uploads\/sites\/7\/2026\/01\/Geis_AirSea_Moenchengladbach-scaled-aspect-ratio-1400-788-scaled-1.jpg","type":"image\/jpeg"}],"author":"Jeremy Soland","twitter_card":"summary_large_image","twitter_misc":{"Escrito por":"Jeremy Soland","Tiempo de lectura":"1 minuto"},"schema":{"@context":"https:\/\/schema.org","@graph":[{"@type":"Article","@id":"https:\/\/loginfo24.com\/es\/2026\/01\/09\/geis-gruppe-abre-una-ubicacion-en-moenchengladbach\/#article","isPartOf":{"@id":"https:\/\/loginfo24.com\/es\/2026\/01\/09\/geis-gruppe-abre-una-ubicacion-en-moenchengladbach\/"},"author":{"name":"Jeremy Soland","@id":"https:\/\/loginfo24.com\/es\/#\/schema\/person\/41d36b5474b623392fa613e97e2363fa"},"headline":"Geis Gruppe abre una ubicaci\u00f3n en M\u00f6nchengladbach","datePublished":"2026-01-09T12:10:18+00:00","mainEntityOfPage":{"@id":"https:\/\/loginfo24.com\/es\/2026\/01\/09\/geis-gruppe-abre-una-ubicacion-en-moenchengladbach\/"},"wordCount":164,"commentCount":0,"publisher":{"@id":"https:\/\/loginfo24.com\/es\/#organization"},"image":{"@id":"https:\/\/loginfo24.com\/es\/2026\/01\/09\/geis-gruppe-abre-una-ubicacion-en-moenchengladbach\/#primaryimage"},"thumbnailUrl":"https:\/\/loginfo24.com\/wp-content\/uploads\/sites\/7\/2026\/01\/Geis_AirSea_Moenchengladbach-scaled-aspect-ratio-1400-788-scaled-1.jpg","keywords":["capacit\u00e9s internationales","croissance durable","Deutsch Geis Gruppe","d\u00e9veloppement des infrastructures","Digitalisierung in der Logistik","digitalization in logistics","\u00e9conomie du transport","Fachkr\u00e4ftemangel","Gate41 Logistics","Gate41 Logistics English Geis Group","Gate41 Logistics Fran\u00e7ais Groupe Geis","Geis Air + Sea","Geis Air + Sea GmbH","Hafenbetrieb","infrastructure development","Infrastrukturentwicklung","international capacities","internationale Kapazit\u00e4ten","leveraging synergies","location opening M\u00f6nchengladbach","logistics industry","logistics service providers","Logistikbranche","Logistikdienstleister","logistique de colis","Marek Wetjen","M\u00f6nchengladbach","nachhaltiges Wachstum","Nordrhein-Westfalen","North Rhine-Westphalia","num\u00e9risation dans la logistique","op\u00e9rations portuaires","ouverture de site M\u00f6nchengladbach","Paketlogistik","parcel logistics","p\u00e9nurie de main-d'\u0153uvre","port operations","prestataires de services logistiques","rail freight transport","Rh\u00e9nanie-du-Nord-Westphalie","Schieneng\u00fcterverkehr","secteur logistique","skills shortage","Standorter\u00f6ffnung M\u00f6nchengladbach","sustainable growth","Synergien nutzen","synergies \u00e0 exploiter","transport economy","transport ferroviaire de marchandises","Transportwirtschaft"],"articleSection":["Transporte de mercanc\u00edas y log\u00edstica"],"inLanguage":"es","potentialAction":[{"@type":"CommentAction","name":"Comment","target":["https:\/\/loginfo24.com\/es\/2026\/01\/09\/geis-gruppe-abre-una-ubicacion-en-moenchengladbach\/#respond"]}]},{"@type":"WebPage","@id":"https:\/\/loginfo24.com\/es\/2026\/01\/09\/geis-gruppe-abre-una-ubicacion-en-moenchengladbach\/","url":"https:\/\/loginfo24.com\/es\/2026\/01\/09\/geis-gruppe-abre-una-ubicacion-en-moenchengladbach\/","name":"Geis Gruppe abre una ubicaci\u00f3n en M\u00f6nchengladbach - Loginfo24","isPartOf":{"@id":"https:\/\/loginfo24.com\/es\/#website"},"primaryImageOfPage":{"@id":"https:\/\/loginfo24.com\/es\/2026\/01\/09\/geis-gruppe-abre-una-ubicacion-en-moenchengladbach\/#primaryimage"},"image":{"@id":"https:\/\/loginfo24.com\/es\/2026\/01\/09\/geis-gruppe-abre-una-ubicacion-en-moenchengladbach\/#primaryimage"},"thumbnailUrl":"https:\/\/loginfo24.com\/wp-content\/uploads\/sites\/7\/2026\/01\/Geis_AirSea_Moenchengladbach-scaled-aspect-ratio-1400-788-scaled-1.jpg","datePublished":"2026-01-09T12:10:18+00:00","breadcrumb":{"@id":"https:\/\/loginfo24.com\/es\/2026\/01\/09\/geis-gruppe-abre-una-ubicacion-en-moenchengladbach\/#breadcrumb"},"inLanguage":"es","potentialAction":[{"@type":"ReadAction","target":["https:\/\/loginfo24.com\/es\/2026\/01\/09\/geis-gruppe-abre-una-ubicacion-en-moenchengladbach\/"]}]},{"@type":"ImageObject","inLanguage":"es","@id":"https:\/\/loginfo24.com\/es\/2026\/01\/09\/geis-gruppe-abre-una-ubicacion-en-moenchengladbach\/#primaryimage","url":"https:\/\/loginfo24.com\/wp-content\/uploads\/sites\/7\/2026\/01\/Geis_AirSea_Moenchengladbach-scaled-aspect-ratio-1400-788-scaled-1.jpg","contentUrl":"https:\/\/loginfo24.com\/wp-content\/uploads\/sites\/7\/2026\/01\/Geis_AirSea_Moenchengladbach-scaled-aspect-ratio-1400-788-scaled-1.jpg","width":2560,"height":1441},{"@type":"BreadcrumbList","@id":"https:\/\/loginfo24.com\/es\/2026\/01\/09\/geis-gruppe-abre-una-ubicacion-en-moenchengladbach\/#breadcrumb","itemListElement":[{"@type":"ListItem","position":1,"name":"Startseite","item":"https:\/\/loginfo24.com\/es\/"},{"@type":"ListItem","position":2,"name":"Geis Gruppe abre una ubicaci\u00f3n en M\u00f6nchengladbach"}]},{"@type":"WebSite","@id":"https:\/\/loginfo24.com\/es\/#website","url":"https:\/\/loginfo24.com\/es\/","name":"Loginfo24","description":"Loginfo24 es la plataforma dedicada a la log\u00edstica y las cadenas de suministro con informaci\u00f3n las 24 horas del d\u00eda.","publisher":{"@id":"https:\/\/loginfo24.com\/es\/#organization"},"potentialAction":[{"@type":"SearchAction","target":{"@type":"EntryPoint","urlTemplate":"https:\/\/loginfo24.com\/es\/?s={search_term_string}"},"query-input":{"@type":"PropertyValueSpecification","valueRequired":true,"valueName":"search_term_string"}}],"inLanguage":"es"},{"@type":"Organization","@id":"https:\/\/loginfo24.com\/es\/#organization","name":"Grupo Logismedia AG","url":"https:\/\/loginfo24.com\/es\/","logo":{"@type":"ImageObject","inLanguage":"es","@id":"https:\/\/loginfo24.com\/es\/#\/schema\/logo\/image\/","url":"https:\/\/loginfo24.com\/wp-content\/uploads\/sites\/7\/2026\/01\/Logo_LogInfo24.png","contentUrl":"https:\/\/loginfo24.com\/wp-content\/uploads\/sites\/7\/2026\/01\/Logo_LogInfo24.png","width":938,"height":351,"caption":"Grupo Logismedia AG"},"image":{"@id":"https:\/\/loginfo24.com\/es\/#\/schema\/logo\/image\/"},"sameAs":["https:\/\/www.facebook.com\/people\/Loginfo24\/100057360583332\/","https:\/\/www.linkedin.com\/company\/lofinfo24\/"]},{"@type":"Person","@id":"https:\/\/loginfo24.com\/es\/#\/schema\/person\/41d36b5474b623392fa613e97e2363fa","name":"Jeremy Soland","url":"https:\/\/loginfo24.com\/es\/author\/jeremy\/"}]}},"_links":{"self":[{"href":"https:\/\/loginfo24.com\/es\/wp-json\/wp\/v2\/posts\/72563","targetHints":{"allow":["GET"]}}],"collection":[{"href":"https:\/\/loginfo24.com\/es\/wp-json\/wp\/v2\/posts"}],"about":[{"href":"https:\/\/loginfo24.com\/es\/wp-json\/wp\/v2\/types\/post"}],"author":[{"embeddable":true,"href":"https:\/\/loginfo24.com\/es\/wp-json\/wp\/v2\/users\/10"}],"replies":[{"embeddable":true,"href":"https:\/\/loginfo24.com\/es\/wp-json\/wp\/v2\/comments?post=72563"}],"version-history":[{"count":0,"href":"https:\/\/loginfo24.com\/es\/wp-json\/wp\/v2\/posts\/72563\/revisions"}],"wp:featuredmedia":[{"embeddable":true,"href":"https:\/\/loginfo24.com\/es\/wp-json\/wp\/v2\/media\/72560"}],"wp:attachment":[{"href":"https:\/\/loginfo24.com\/es\/wp-json\/wp\/v2\/media?parent=72563"}],"wp:term":[{"taxonomy":"category","embeddable":true,"href":"https:\/\/loginfo24.com\/es\/wp-json\/wp\/v2\/categories?post=72563"},{"taxonomy":"post_tag","embeddable":true,"href":"https:\/\/loginfo24.com\/es\/wp-json\/wp\/v2\/tags?post=72563"}],"curies":[{"name":"wp","href":"https:\/\/api.w.org\/{rel}","templated":true}]}}