{"id":72116,"date":"2026-01-07T11:53:48","date_gmt":"2026-01-07T11:53:48","guid":{"rendered":"https:\/\/loginfo24.dashboard.brand-architecture.at\/2026\/01\/07\/industria-de-carga-aerea-con-perspectivas-mixtas\/"},"modified":"2026-01-07T13:29:13","modified_gmt":"2026-01-07T12:29:13","slug":"industria-de-carga-aerea-con-perspectivas-mixtas","status":"publish","type":"post","link":"https:\/\/loginfo24.com\/es\/2026\/01\/07\/industria-de-carga-aerea-con-perspectivas-mixtas\/","title":{"rendered":"Industria de carga a\u00e9rea con perspectivas mixtas"},"content":{"rendered":"<p>La industria de la carga a\u00e9rea cerr\u00f3 el a\u00f1o 2025 con un aumento del volumen del 6 % en diciembre, lo que indica un desarrollo positivo. Sin embargo, existen preocupaciones sobre el estancamiento de los env\u00edos de comercio electr\u00f3nico desde China, que podr\u00edan empa\u00f1ar las perspectivas para el sector. As\u00ed lo informan analistas de Xeneta.<\/p>\n<p>En el cuarto trimestre del a\u00f1o pasado, los vol\u00famenes de carga a\u00e9rea mostraron un mejor desempe\u00f1o de lo esperado, lo que result\u00f3 en un aumento del peso transportado del 4 % en comparaci\u00f3n con el a\u00f1o anterior. Este desarrollo refleja la disposici\u00f3n de muchos remitentes a optar por la rapidez y fiabilidad de la carga a\u00e9rea en tiempos de interrupciones e incertidumbre econ\u00f3mica. Niall van de Wouw, Director de Carga A\u00e9rea de Xeneta, declar\u00f3 que 2025 &#8222;ten\u00eda algo que ofrecer para todos&#8220;, ya que los proveedores se beneficiaron de vol\u00famenes m\u00e1s altos y los remitentes disfrutaron de precios m\u00e1s bajos en la segunda mitad del a\u00f1o.<\/p>\n<p>Sin embargo, para 2026, Xeneta espera una previsi\u00f3n m\u00e1s cautelosa con un aumento moderado de los vol\u00famenes del 2 al 3 %. Van de Wouw expres\u00f3 que podr\u00eda haber &#8222;un precio que pagar&#8220;, ya que las incertidumbres en el comercio y las tensiones geopol\u00edticas podr\u00edan afectar los vol\u00famenes de carga a\u00e9rea. A pesar del crecimiento de la demanda el a\u00f1o pasado, los precios globales de carga a\u00e9rea se mantuvieron por debajo de los niveles de 2024 en los \u00faltimos meses. En diciembre, los precios globales de carga a\u00e9rea cayeron un 4 % en comparaci\u00f3n con el a\u00f1o anterior, alcanzando un promedio de 2,83 USD por kg.<\/p>\n<h3>Desaf\u00edos en el comercio electr\u00f3nico<\/h3>\n<p>El desarrollo futuro de la carga a\u00e9rea estar\u00e1 fuertemente influenciado por la demanda de comercio electr\u00f3nico. Van de Wouw se\u00f1al\u00f3 que las inversiones en inteligencia artificial tuvieron un impacto positivo en la demanda en 2025, sin embargo, las se\u00f1ales menos optimistas para el comercio electr\u00f3nico, especialmente en las exportaciones transfronterizas desde China, son preocupantes. Seg\u00fan las autoridades aduaneras chinas, las exportaciones en noviembre solo aumentaron un 1 % en comparaci\u00f3n con el a\u00f1o anterior, despu\u00e9s de haberse estancado en octubre. El descenso m\u00e1s pronunciado se registr\u00f3 en las exportaciones a EE. UU., que cayeron un 52 % en noviembre en comparaci\u00f3n con el a\u00f1o anterior.<\/p>\n<p>Aunque los vol\u00famenes de comercio electr\u00f3nico entre China y la UE continuaron creciendo, lo hicieron a un ritmo m\u00e1s lento, con un aumento del 29 % en noviembre, en comparaci\u00f3n con el 47 % en octubre. Adem\u00e1s, el Consejo de Estado chino ha introducido nuevas reglas sobre la declaraci\u00f3n fiscal para plataformas en l\u00ednea, que entrar\u00e1n en vigor en octubre de 2025. Estas regulaciones podr\u00edan aumentar los costos de exportaci\u00f3n y afectar la competitividad en el comercio electr\u00f3nico internacional.<\/p>\n<h3>Regulaciones y cambios en el mercado<\/h3>\n<p>La industria internacional de comercio electr\u00f3nico transfronterizo se mover\u00e1 en un entorno cada vez m\u00e1s regulado. EE. UU. y la UE est\u00e1n implementando nuevas regulaciones que entrar\u00e1n en vigor a partir del a\u00f1o fiscal 2026. As\u00ed, la UE decidi\u00f3 en diciembre introducir una tarifa aduanera fija de 3 EUR para peque\u00f1os paquetes de menos de 150 EUR a partir del 1 de julio de 2026. Estas medidas podr\u00edan ralentizar el crecimiento en el comercio electr\u00f3nico, aunque a\u00fan se espera que crezca m\u00e1s r\u00e1pido que en el mercado general de carga a\u00e9rea.<\/p>\n<p>Van de Wouw enfatiz\u00f3 que los vol\u00famenes de comercio electr\u00f3nico de carga a\u00e9rea tambi\u00e9n podr\u00edan verse afectados por la disminuci\u00f3n del poder adquisitivo de los consumidores, quienes se enfrentan a precios m\u00e1s altos para bienes de consumo.<\/p>\n<p>Los precios spot de carga a\u00e9rea continuaron cayendo en diciembre, con la mayor disminuci\u00f3n registrada en la ruta transatl\u00e1ntica de Europa a Am\u00e9rica del Norte, con un 13 %. A pesar de una ca\u00edda de la demanda del 2 % en comparaci\u00f3n con el a\u00f1o anterior, los precios spot aumentaron un 17 % en comparaci\u00f3n mensual, lo que indica una mayor demanda.<\/p>\n<h3>Cambios en el comportamiento contractual<\/h3>\n<p>El comportamiento contractual tambi\u00e9n ha cambiado. Casi la mitad de los vol\u00famenes de los transportistas se compraron en el mercado spot por hasta un mes, un remanente de la pandemia. En el cuarto trimestre de 2025, los contratos anuales representaron solo el 24 % de los nuevos acuerdos, lo que representa una disminuci\u00f3n de 20 puntos porcentuales en comparaci\u00f3n con el trimestre anterior.<\/p>\n<p>Las condiciones del mercado sugieren un posible movimiento a la baja. Van de Wouw expres\u00f3 que los mayores riesgos para la carga a\u00e9rea este a\u00f1o son que podr\u00eda haber una disminuci\u00f3n del crecimiento. La estabilidad del mercado podr\u00eda verse amenazada por una disminuci\u00f3n de la demanda en la primera mitad de 2026.<\/p>\n<p><a href=\"https:\/\/www.xeneta.com\" target=\"_blank\" rel=\"noopener noreferrer\">www.xeneta.com<\/a><\/p>\n","protected":false},"excerpt":{"rendered":"<p>La industria de la carga a\u00e9rea muestra un crecimiento de volumen del 6 % en 2025, mientras que el estancamiento de los env\u00edos de comercio electr\u00f3nico desde China podr\u00eda afectar las perspectivas futuras.<\/p>\n","protected":false},"author":12,"featured_media":72113,"comment_status":"open","ping_status":"open","sticky":false,"template":"","format":"standard","meta":{"_acf_changed":false,"footnotes":""},"categories":[1606,1609],"tags":[2250,2251,2252,2253,2254,2255,2256,2257,2258,2259,2260,2261,2262,2263,2264,2265,2266,2267,2268,2213,2269,2270,2271,2272,2273,2274,2275,2276,2277,2278,2279,2280,2281,2282,2283,2284,2285,2286,2287,2288,2289,2290,2291,2292,2293,2294,2295,2296,2297,1837,2298,2299,2300,2301],"class_list":["post-72116","post","type-post","status-publish","format-standard","has-post-thumbnail","hentry","category-carga-aerea","category-regiones","tag-air-freight-contracts","tag-air-freight-forecast-2026","tag-air-freight-industry","tag-air-freight-market-changes","tag-air-freight-rates","tag-air-freight-volumes","tag-artificial-intelligence-in-logistics","tag-changements-du-marche-du-fret-aerien","tag-commerce-transfrontalier","tag-consumer-prices","tag-contrats-de-fret-aerien","tag-couts-dexportation-chine","tag-cross-border-trade","tag-customs-fees","tag-demande-en-e-commerce","tag-deutsch-luftfracht","tag-e-commerce","tag-e-commerce-demand","tag-e-commerce-nachfrage","tag-economie-du-transport","tag-export-costs-china","tag-exportkosten-china","tag-frais-de-douane","tag-geopolitical-tensions-francais-fret-aerien","tag-geopolitische-spannungen-english-air-freight","tag-grenzueberschreitender-handel","tag-handelsunsicherheiten","tag-incertitudes-commerciales","tag-industrie-du-fret-aerien","tag-intelligence-artificielle-en-logistique","tag-international-logistics","tag-internationale-logistik","tag-kuenstliche-intelligenz-in-der-logistik","tag-logistique-internationale","tag-luftfrachtbranche","tag-luftfrachtpreise","tag-luftfrachtprognose-2026","tag-luftfrachtvertraege","tag-luftfrachtvolumina","tag-marche-au-comptant-fret-aerien","tag-marktveraenderungen-luftfracht","tag-previsions-de-fret-aerien-2026","tag-prix-des-consommateurs","tag-spot-market-air-freight","tag-spotmarkt-luftfracht","tag-tarifs-de-fret-aerien","tag-tensions-geopolitiques","tag-trade-uncertainties","tag-transport-economy","tag-transportwirtschaft","tag-verbraucherpreise","tag-volumes-de-fret-aerien","tag-xeneta","tag-zollgebuehren"],"acf":[],"yoast_head":"<!-- This site is optimized with the Yoast SEO plugin v27.3 - https:\/\/yoast.com\/product\/yoast-seo-wordpress\/ -->\n<title>Industria de carga a\u00e9rea con perspectivas mixtas - Loginfo24<\/title>\n<meta name=\"robots\" content=\"index, follow, max-snippet:-1, max-image-preview:large, max-video-preview:-1\" \/>\n<link rel=\"canonical\" href=\"https:\/\/loginfo24.com\/es\/2026\/01\/07\/industria-de-carga-aerea-con-perspectivas-mixtas\/\" \/>\n<meta property=\"og:locale\" content=\"es_ES\" \/>\n<meta property=\"og:type\" content=\"article\" \/>\n<meta property=\"og:title\" content=\"Industria de carga a\u00e9rea con perspectivas mixtas - Loginfo24\" \/>\n<meta property=\"og:description\" content=\"La industria de la carga a\u00e9rea muestra un crecimiento de volumen del 6 % en 2025, mientras que el estancamiento de los env\u00edos de comercio electr\u00f3nico desde China podr\u00eda afectar las perspectivas futuras.\" \/>\n<meta property=\"og:url\" content=\"https:\/\/loginfo24.com\/es\/2026\/01\/07\/industria-de-carga-aerea-con-perspectivas-mixtas\/\" \/>\n<meta property=\"og:site_name\" content=\"Loginfo24\" \/>\n<meta property=\"article:publisher\" content=\"https:\/\/www.facebook.com\/people\/Loginfo24\/100057360583332\/\" \/>\n<meta property=\"article:published_time\" content=\"2026-01-07T11:53:48+00:00\" \/>\n<meta property=\"article:modified_time\" content=\"2026-01-07T12:29:13+00:00\" \/>\n<meta property=\"og:image\" content=\"https:\/\/loginfo24.com\/wp-content\/uploads\/sites\/7\/2026\/01\/Global-air-cargo-market-ended-the-year-with-6-demand-increase-in-December-scaled-aspect-ratio-1400-788-1-scaled-1.jpeg\" \/>\n\t<meta property=\"og:image:width\" content=\"2560\" \/>\n\t<meta property=\"og:image:height\" content=\"1440\" \/>\n\t<meta property=\"og:image:type\" content=\"image\/jpeg\" \/>\n<meta name=\"author\" content=\"Andreas Haug\" \/>\n<meta name=\"twitter:card\" content=\"summary_large_image\" \/>\n<meta name=\"twitter:label1\" content=\"Escrito por\" \/>\n\t<meta name=\"twitter:data1\" content=\"Andreas Haug\" \/>\n\t<meta name=\"twitter:label2\" content=\"Tiempo de lectura\" \/>\n\t<meta name=\"twitter:data2\" content=\"4 minuto\" \/>\n<script type=\"application\/ld+json\" class=\"yoast-schema-graph\">{\"@context\":\"https:\\\/\\\/schema.org\",\"@graph\":[{\"@type\":\"Article\",\"@id\":\"https:\\\/\\\/loginfo24.com\\\/es\\\/2026\\\/01\\\/07\\\/industria-de-carga-aerea-con-perspectivas-mixtas\\\/#article\",\"isPartOf\":{\"@id\":\"https:\\\/\\\/loginfo24.com\\\/es\\\/2026\\\/01\\\/07\\\/industria-de-carga-aerea-con-perspectivas-mixtas\\\/\"},\"author\":{\"name\":\"Andreas Haug\",\"@id\":\"https:\\\/\\\/loginfo24.com\\\/es\\\/#\\\/schema\\\/person\\\/cf538b3157f15afd7589245a4b3dbd25\"},\"headline\":\"Industria de carga a\u00e9rea con perspectivas mixtas\",\"datePublished\":\"2026-01-07T11:53:48+00:00\",\"dateModified\":\"2026-01-07T12:29:13+00:00\",\"mainEntityOfPage\":{\"@id\":\"https:\\\/\\\/loginfo24.com\\\/es\\\/2026\\\/01\\\/07\\\/industria-de-carga-aerea-con-perspectivas-mixtas\\\/\"},\"wordCount\":839,\"commentCount\":0,\"publisher\":{\"@id\":\"https:\\\/\\\/loginfo24.com\\\/es\\\/#organization\"},\"image\":{\"@id\":\"https:\\\/\\\/loginfo24.com\\\/es\\\/2026\\\/01\\\/07\\\/industria-de-carga-aerea-con-perspectivas-mixtas\\\/#primaryimage\"},\"thumbnailUrl\":\"https:\\\/\\\/loginfo24.com\\\/wp-content\\\/uploads\\\/sites\\\/7\\\/2026\\\/01\\\/Global-air-cargo-market-ended-the-year-with-6-demand-increase-in-December-scaled-aspect-ratio-1400-788-1-scaled-1.jpeg\",\"keywords\":[\"air freight contracts\",\"air freight forecast 2026\",\"air freight industry\",\"air freight market changes\",\"air freight rates\",\"air freight volumes\",\"artificial intelligence in logistics\",\"changements du march\u00e9 du fret a\u00e9rien\",\"commerce transfrontalier\",\"consumer prices\",\"contrats de fret a\u00e9rien\",\"co\u00fbts d'exportation Chine\",\"cross-border trade\",\"customs fees\",\"demande en e-commerce\",\"Deutsch Luftfracht\",\"E-Commerce\",\"e-commerce demand\",\"E-Commerce-Nachfrage\",\"\u00e9conomie du transport\",\"export costs China\",\"Exportkosten China\",\"frais de douane\",\"geopolitical tensions Fran\u00e7ais fret a\u00e9rien\",\"geopolitische Spannungen English air freight\",\"grenz\u00fcberschreitender Handel\",\"Handelsunsicherheiten\",\"incertitudes commerciales\",\"industrie du fret a\u00e9rien\",\"intelligence artificielle en logistique\",\"international logistics\",\"internationale Logistik\",\"k\u00fcnstliche Intelligenz in der Logistik\",\"logistique internationale\",\"Luftfrachtbranche\",\"Luftfrachtpreise\",\"Luftfrachtprognose 2026\",\"Luftfrachtvertr\u00e4ge\",\"Luftfrachtvolumina\",\"march\u00e9 au comptant fret a\u00e9rien\",\"Marktver\u00e4nderungen Luftfracht\",\"pr\u00e9visions de fret a\u00e9rien 2026\",\"prix des consommateurs\",\"spot market air freight\",\"Spotmarkt Luftfracht\",\"tarifs de fret a\u00e9rien\",\"tensions g\u00e9opolitiques\",\"trade uncertainties\",\"transport economy\",\"Transportwirtschaft\",\"Verbraucherpreise\",\"volumes de fret a\u00e9rien\",\"Xeneta\",\"Zollgeb\u00fchren\"],\"articleSection\":[\"Carga a\u00e9rea\",\"Regiones\"],\"inLanguage\":\"es\",\"potentialAction\":[{\"@type\":\"CommentAction\",\"name\":\"Comment\",\"target\":[\"https:\\\/\\\/loginfo24.com\\\/es\\\/2026\\\/01\\\/07\\\/industria-de-carga-aerea-con-perspectivas-mixtas\\\/#respond\"]}]},{\"@type\":\"WebPage\",\"@id\":\"https:\\\/\\\/loginfo24.com\\\/es\\\/2026\\\/01\\\/07\\\/industria-de-carga-aerea-con-perspectivas-mixtas\\\/\",\"url\":\"https:\\\/\\\/loginfo24.com\\\/es\\\/2026\\\/01\\\/07\\\/industria-de-carga-aerea-con-perspectivas-mixtas\\\/\",\"name\":\"Industria de carga a\u00e9rea con perspectivas mixtas - Loginfo24\",\"isPartOf\":{\"@id\":\"https:\\\/\\\/loginfo24.com\\\/es\\\/#website\"},\"primaryImageOfPage\":{\"@id\":\"https:\\\/\\\/loginfo24.com\\\/es\\\/2026\\\/01\\\/07\\\/industria-de-carga-aerea-con-perspectivas-mixtas\\\/#primaryimage\"},\"image\":{\"@id\":\"https:\\\/\\\/loginfo24.com\\\/es\\\/2026\\\/01\\\/07\\\/industria-de-carga-aerea-con-perspectivas-mixtas\\\/#primaryimage\"},\"thumbnailUrl\":\"https:\\\/\\\/loginfo24.com\\\/wp-content\\\/uploads\\\/sites\\\/7\\\/2026\\\/01\\\/Global-air-cargo-market-ended-the-year-with-6-demand-increase-in-December-scaled-aspect-ratio-1400-788-1-scaled-1.jpeg\",\"datePublished\":\"2026-01-07T11:53:48+00:00\",\"dateModified\":\"2026-01-07T12:29:13+00:00\",\"breadcrumb\":{\"@id\":\"https:\\\/\\\/loginfo24.com\\\/es\\\/2026\\\/01\\\/07\\\/industria-de-carga-aerea-con-perspectivas-mixtas\\\/#breadcrumb\"},\"inLanguage\":\"es\",\"potentialAction\":[{\"@type\":\"ReadAction\",\"target\":[\"https:\\\/\\\/loginfo24.com\\\/es\\\/2026\\\/01\\\/07\\\/industria-de-carga-aerea-con-perspectivas-mixtas\\\/\"]}]},{\"@type\":\"ImageObject\",\"inLanguage\":\"es\",\"@id\":\"https:\\\/\\\/loginfo24.com\\\/es\\\/2026\\\/01\\\/07\\\/industria-de-carga-aerea-con-perspectivas-mixtas\\\/#primaryimage\",\"url\":\"https:\\\/\\\/loginfo24.com\\\/wp-content\\\/uploads\\\/sites\\\/7\\\/2026\\\/01\\\/Global-air-cargo-market-ended-the-year-with-6-demand-increase-in-December-scaled-aspect-ratio-1400-788-1-scaled-1.jpeg\",\"contentUrl\":\"https:\\\/\\\/loginfo24.com\\\/wp-content\\\/uploads\\\/sites\\\/7\\\/2026\\\/01\\\/Global-air-cargo-market-ended-the-year-with-6-demand-increase-in-December-scaled-aspect-ratio-1400-788-1-scaled-1.jpeg\",\"width\":2560,\"height\":1440},{\"@type\":\"BreadcrumbList\",\"@id\":\"https:\\\/\\\/loginfo24.com\\\/es\\\/2026\\\/01\\\/07\\\/industria-de-carga-aerea-con-perspectivas-mixtas\\\/#breadcrumb\",\"itemListElement\":[{\"@type\":\"ListItem\",\"position\":1,\"name\":\"Startseite\",\"item\":\"https:\\\/\\\/loginfo24.com\\\/es\\\/\"},{\"@type\":\"ListItem\",\"position\":2,\"name\":\"Industria de carga a\u00e9rea con perspectivas mixtas\"}]},{\"@type\":\"WebSite\",\"@id\":\"https:\\\/\\\/loginfo24.com\\\/es\\\/#website\",\"url\":\"https:\\\/\\\/loginfo24.com\\\/es\\\/\",\"name\":\"Loginfo24\",\"description\":\"Loginfo24 es la plataforma dedicada a la log\u00edstica y las cadenas de suministro con informaci\u00f3n las 24 horas del d\u00eda.\",\"publisher\":{\"@id\":\"https:\\\/\\\/loginfo24.com\\\/es\\\/#organization\"},\"potentialAction\":[{\"@type\":\"SearchAction\",\"target\":{\"@type\":\"EntryPoint\",\"urlTemplate\":\"https:\\\/\\\/loginfo24.com\\\/es\\\/?s={search_term_string}\"},\"query-input\":{\"@type\":\"PropertyValueSpecification\",\"valueRequired\":true,\"valueName\":\"search_term_string\"}}],\"inLanguage\":\"es\"},{\"@type\":\"Organization\",\"@id\":\"https:\\\/\\\/loginfo24.com\\\/es\\\/#organization\",\"name\":\"Grupo Logismedia AG\",\"url\":\"https:\\\/\\\/loginfo24.com\\\/es\\\/\",\"logo\":{\"@type\":\"ImageObject\",\"inLanguage\":\"es\",\"@id\":\"https:\\\/\\\/loginfo24.com\\\/es\\\/#\\\/schema\\\/logo\\\/image\\\/\",\"url\":\"https:\\\/\\\/loginfo24.com\\\/wp-content\\\/uploads\\\/sites\\\/7\\\/2026\\\/01\\\/Logo_LogInfo24.png\",\"contentUrl\":\"https:\\\/\\\/loginfo24.com\\\/wp-content\\\/uploads\\\/sites\\\/7\\\/2026\\\/01\\\/Logo_LogInfo24.png\",\"width\":938,\"height\":351,\"caption\":\"Grupo Logismedia AG\"},\"image\":{\"@id\":\"https:\\\/\\\/loginfo24.com\\\/es\\\/#\\\/schema\\\/logo\\\/image\\\/\"},\"sameAs\":[\"https:\\\/\\\/www.facebook.com\\\/people\\\/Loginfo24\\\/100057360583332\\\/\",\"https:\\\/\\\/www.linkedin.com\\\/company\\\/lofinfo24\\\/\"]},{\"@type\":\"Person\",\"@id\":\"https:\\\/\\\/loginfo24.com\\\/es\\\/#\\\/schema\\\/person\\\/cf538b3157f15afd7589245a4b3dbd25\",\"name\":\"Andreas Haug\",\"url\":\"https:\\\/\\\/loginfo24.com\\\/es\\\/author\\\/andreas\\\/\"}]}<\/script>\n<!-- \/ Yoast SEO plugin. -->","yoast_head_json":{"title":"Industria de carga a\u00e9rea con perspectivas mixtas - Loginfo24","robots":{"index":"index","follow":"follow","max-snippet":"max-snippet:-1","max-image-preview":"max-image-preview:large","max-video-preview":"max-video-preview:-1"},"canonical":"https:\/\/loginfo24.com\/es\/2026\/01\/07\/industria-de-carga-aerea-con-perspectivas-mixtas\/","og_locale":"es_ES","og_type":"article","og_title":"Industria de carga a\u00e9rea con perspectivas mixtas - Loginfo24","og_description":"La industria de la carga a\u00e9rea muestra un crecimiento de volumen del 6 % en 2025, mientras que el estancamiento de los env\u00edos de comercio electr\u00f3nico desde China podr\u00eda afectar las perspectivas futuras.","og_url":"https:\/\/loginfo24.com\/es\/2026\/01\/07\/industria-de-carga-aerea-con-perspectivas-mixtas\/","og_site_name":"Loginfo24","article_publisher":"https:\/\/www.facebook.com\/people\/Loginfo24\/100057360583332\/","article_published_time":"2026-01-07T11:53:48+00:00","article_modified_time":"2026-01-07T12:29:13+00:00","og_image":[{"width":2560,"height":1440,"url":"https:\/\/loginfo24.com\/wp-content\/uploads\/sites\/7\/2026\/01\/Global-air-cargo-market-ended-the-year-with-6-demand-increase-in-December-scaled-aspect-ratio-1400-788-1-scaled-1.jpeg","type":"image\/jpeg"}],"author":"Andreas Haug","twitter_card":"summary_large_image","twitter_misc":{"Escrito por":"Andreas Haug","Tiempo de lectura":"4 minuto"},"schema":{"@context":"https:\/\/schema.org","@graph":[{"@type":"Article","@id":"https:\/\/loginfo24.com\/es\/2026\/01\/07\/industria-de-carga-aerea-con-perspectivas-mixtas\/#article","isPartOf":{"@id":"https:\/\/loginfo24.com\/es\/2026\/01\/07\/industria-de-carga-aerea-con-perspectivas-mixtas\/"},"author":{"name":"Andreas Haug","@id":"https:\/\/loginfo24.com\/es\/#\/schema\/person\/cf538b3157f15afd7589245a4b3dbd25"},"headline":"Industria de carga a\u00e9rea con perspectivas mixtas","datePublished":"2026-01-07T11:53:48+00:00","dateModified":"2026-01-07T12:29:13+00:00","mainEntityOfPage":{"@id":"https:\/\/loginfo24.com\/es\/2026\/01\/07\/industria-de-carga-aerea-con-perspectivas-mixtas\/"},"wordCount":839,"commentCount":0,"publisher":{"@id":"https:\/\/loginfo24.com\/es\/#organization"},"image":{"@id":"https:\/\/loginfo24.com\/es\/2026\/01\/07\/industria-de-carga-aerea-con-perspectivas-mixtas\/#primaryimage"},"thumbnailUrl":"https:\/\/loginfo24.com\/wp-content\/uploads\/sites\/7\/2026\/01\/Global-air-cargo-market-ended-the-year-with-6-demand-increase-in-December-scaled-aspect-ratio-1400-788-1-scaled-1.jpeg","keywords":["air freight contracts","air freight forecast 2026","air freight industry","air freight market changes","air freight rates","air freight volumes","artificial intelligence in logistics","changements du march\u00e9 du fret a\u00e9rien","commerce transfrontalier","consumer prices","contrats de fret a\u00e9rien","co\u00fbts d'exportation Chine","cross-border trade","customs fees","demande en e-commerce","Deutsch Luftfracht","E-Commerce","e-commerce demand","E-Commerce-Nachfrage","\u00e9conomie du transport","export costs China","Exportkosten China","frais de douane","geopolitical tensions Fran\u00e7ais fret a\u00e9rien","geopolitische Spannungen English air freight","grenz\u00fcberschreitender Handel","Handelsunsicherheiten","incertitudes commerciales","industrie du fret a\u00e9rien","intelligence artificielle en logistique","international logistics","internationale Logistik","k\u00fcnstliche Intelligenz in der Logistik","logistique internationale","Luftfrachtbranche","Luftfrachtpreise","Luftfrachtprognose 2026","Luftfrachtvertr\u00e4ge","Luftfrachtvolumina","march\u00e9 au comptant fret a\u00e9rien","Marktver\u00e4nderungen Luftfracht","pr\u00e9visions de fret a\u00e9rien 2026","prix des consommateurs","spot market air freight","Spotmarkt Luftfracht","tarifs de fret a\u00e9rien","tensions g\u00e9opolitiques","trade uncertainties","transport economy","Transportwirtschaft","Verbraucherpreise","volumes de fret a\u00e9rien","Xeneta","Zollgeb\u00fchren"],"articleSection":["Carga a\u00e9rea","Regiones"],"inLanguage":"es","potentialAction":[{"@type":"CommentAction","name":"Comment","target":["https:\/\/loginfo24.com\/es\/2026\/01\/07\/industria-de-carga-aerea-con-perspectivas-mixtas\/#respond"]}]},{"@type":"WebPage","@id":"https:\/\/loginfo24.com\/es\/2026\/01\/07\/industria-de-carga-aerea-con-perspectivas-mixtas\/","url":"https:\/\/loginfo24.com\/es\/2026\/01\/07\/industria-de-carga-aerea-con-perspectivas-mixtas\/","name":"Industria de carga a\u00e9rea con perspectivas mixtas - Loginfo24","isPartOf":{"@id":"https:\/\/loginfo24.com\/es\/#website"},"primaryImageOfPage":{"@id":"https:\/\/loginfo24.com\/es\/2026\/01\/07\/industria-de-carga-aerea-con-perspectivas-mixtas\/#primaryimage"},"image":{"@id":"https:\/\/loginfo24.com\/es\/2026\/01\/07\/industria-de-carga-aerea-con-perspectivas-mixtas\/#primaryimage"},"thumbnailUrl":"https:\/\/loginfo24.com\/wp-content\/uploads\/sites\/7\/2026\/01\/Global-air-cargo-market-ended-the-year-with-6-demand-increase-in-December-scaled-aspect-ratio-1400-788-1-scaled-1.jpeg","datePublished":"2026-01-07T11:53:48+00:00","dateModified":"2026-01-07T12:29:13+00:00","breadcrumb":{"@id":"https:\/\/loginfo24.com\/es\/2026\/01\/07\/industria-de-carga-aerea-con-perspectivas-mixtas\/#breadcrumb"},"inLanguage":"es","potentialAction":[{"@type":"ReadAction","target":["https:\/\/loginfo24.com\/es\/2026\/01\/07\/industria-de-carga-aerea-con-perspectivas-mixtas\/"]}]},{"@type":"ImageObject","inLanguage":"es","@id":"https:\/\/loginfo24.com\/es\/2026\/01\/07\/industria-de-carga-aerea-con-perspectivas-mixtas\/#primaryimage","url":"https:\/\/loginfo24.com\/wp-content\/uploads\/sites\/7\/2026\/01\/Global-air-cargo-market-ended-the-year-with-6-demand-increase-in-December-scaled-aspect-ratio-1400-788-1-scaled-1.jpeg","contentUrl":"https:\/\/loginfo24.com\/wp-content\/uploads\/sites\/7\/2026\/01\/Global-air-cargo-market-ended-the-year-with-6-demand-increase-in-December-scaled-aspect-ratio-1400-788-1-scaled-1.jpeg","width":2560,"height":1440},{"@type":"BreadcrumbList","@id":"https:\/\/loginfo24.com\/es\/2026\/01\/07\/industria-de-carga-aerea-con-perspectivas-mixtas\/#breadcrumb","itemListElement":[{"@type":"ListItem","position":1,"name":"Startseite","item":"https:\/\/loginfo24.com\/es\/"},{"@type":"ListItem","position":2,"name":"Industria de carga a\u00e9rea con perspectivas mixtas"}]},{"@type":"WebSite","@id":"https:\/\/loginfo24.com\/es\/#website","url":"https:\/\/loginfo24.com\/es\/","name":"Loginfo24","description":"Loginfo24 es la plataforma dedicada a la log\u00edstica y las cadenas de suministro con informaci\u00f3n las 24 horas del d\u00eda.","publisher":{"@id":"https:\/\/loginfo24.com\/es\/#organization"},"potentialAction":[{"@type":"SearchAction","target":{"@type":"EntryPoint","urlTemplate":"https:\/\/loginfo24.com\/es\/?s={search_term_string}"},"query-input":{"@type":"PropertyValueSpecification","valueRequired":true,"valueName":"search_term_string"}}],"inLanguage":"es"},{"@type":"Organization","@id":"https:\/\/loginfo24.com\/es\/#organization","name":"Grupo Logismedia AG","url":"https:\/\/loginfo24.com\/es\/","logo":{"@type":"ImageObject","inLanguage":"es","@id":"https:\/\/loginfo24.com\/es\/#\/schema\/logo\/image\/","url":"https:\/\/loginfo24.com\/wp-content\/uploads\/sites\/7\/2026\/01\/Logo_LogInfo24.png","contentUrl":"https:\/\/loginfo24.com\/wp-content\/uploads\/sites\/7\/2026\/01\/Logo_LogInfo24.png","width":938,"height":351,"caption":"Grupo Logismedia AG"},"image":{"@id":"https:\/\/loginfo24.com\/es\/#\/schema\/logo\/image\/"},"sameAs":["https:\/\/www.facebook.com\/people\/Loginfo24\/100057360583332\/","https:\/\/www.linkedin.com\/company\/lofinfo24\/"]},{"@type":"Person","@id":"https:\/\/loginfo24.com\/es\/#\/schema\/person\/cf538b3157f15afd7589245a4b3dbd25","name":"Andreas Haug","url":"https:\/\/loginfo24.com\/es\/author\/andreas\/"}]}},"_links":{"self":[{"href":"https:\/\/loginfo24.com\/es\/wp-json\/wp\/v2\/posts\/72116","targetHints":{"allow":["GET"]}}],"collection":[{"href":"https:\/\/loginfo24.com\/es\/wp-json\/wp\/v2\/posts"}],"about":[{"href":"https:\/\/loginfo24.com\/es\/wp-json\/wp\/v2\/types\/post"}],"author":[{"embeddable":true,"href":"https:\/\/loginfo24.com\/es\/wp-json\/wp\/v2\/users\/12"}],"replies":[{"embeddable":true,"href":"https:\/\/loginfo24.com\/es\/wp-json\/wp\/v2\/comments?post=72116"}],"version-history":[{"count":3,"href":"https:\/\/loginfo24.com\/es\/wp-json\/wp\/v2\/posts\/72116\/revisions"}],"predecessor-version":[{"id":72145,"href":"https:\/\/loginfo24.com\/es\/wp-json\/wp\/v2\/posts\/72116\/revisions\/72145"}],"wp:featuredmedia":[{"embeddable":true,"href":"https:\/\/loginfo24.com\/es\/wp-json\/wp\/v2\/media\/72113"}],"wp:attachment":[{"href":"https:\/\/loginfo24.com\/es\/wp-json\/wp\/v2\/media?parent=72116"}],"wp:term":[{"taxonomy":"category","embeddable":true,"href":"https:\/\/loginfo24.com\/es\/wp-json\/wp\/v2\/categories?post=72116"},{"taxonomy":"post_tag","embeddable":true,"href":"https:\/\/loginfo24.com\/es\/wp-json\/wp\/v2\/tags?post=72116"}],"curies":[{"name":"wp","href":"https:\/\/api.w.org\/{rel}","templated":true}]}}