{"id":71266,"date":"2025-11-30T17:49:10","date_gmt":"2025-11-30T16:49:10","guid":{"rendered":"https:\/\/blog.brand-architecture.at\/2025\/11\/30\/el-ministro-lituano-edvinas-griksas-visita-la-blg-en-bremen\/"},"modified":"2025-11-30T17:49:10","modified_gmt":"2025-11-30T16:49:10","slug":"el-ministro-lituano-edvinas-griksas-visita-la-blg-en-bremen","status":"publish","type":"post","link":"https:\/\/loginfo24.com\/es\/2025\/11\/30\/el-ministro-lituano-edvinas-griksas-visita-la-blg-en-bremen\/","title":{"rendered":"El Ministro lituano Edvinas Grik\u0161as visita la BLG en Bremen"},"content":{"rendered":"<h5><strong>El grupo BLG recibi\u00f3 ayer al Ministro de Econom\u00eda e Innovaci\u00f3n de Lituania, Edvinas Grik\u0161as, quien fue acompa\u00f1ado por el agregado econ\u00f3mico Ar\u016bnas \u0160arka. Por parte de BLG, participaron Matthias Magnor, presidente del consejo de administraci\u00f3n de BLG LOGISTICS, Michael Blach, miembro del consejo de administraci\u00f3n de BLG y director general del grupo EUROGATE, Daniel Hosseus, vicepresidente ejecutivo de Asuntos P\u00fablicos Globales, as\u00ed como Thomas Leiber y Karsten Dirks, ambos directores generales de BLG.<\/strong><\/h5>\n<p>(Bremen) El intercambio se centr\u00f3 en la importancia de la log\u00edstica portuaria en el contexto de seguridad europeo, el plan de inversiones del gobierno lituano y las posibles oportunidades de cooperaci\u00f3n en Lituania. Durante un recorrido por la terminal, la delegaci\u00f3n obtuvo informaci\u00f3n sobre las operaciones, la infraestructura t\u00e9cnica y la capacidad del BLG AutoTerminal Bremerhaven, uno de los mayores terminales de autom\u00f3viles de Europa. Tambi\u00e9n se presentaron los procesos en la manipulaci\u00f3n de contenedores, que es una parte central de las actividades portuarias en Bremerhaven y que es gestionada por la empresa conjunta EUROGATE, en la que participa el grupo BLG.<\/p>\n<p>El Ministro Edvinas Grik\u0161as enfatiz\u00f3: \u00abLituania ofrece el entorno de inversi\u00f3n m\u00e1s competitivo de la regi\u00f3n b\u00e1ltica, respaldado por una fuerte log\u00edstica portuaria, una industria avanzada y un ecosistema de innovaci\u00f3n en crecimiento. Alemania es uno de nuestros socios econ\u00f3micos m\u00e1s importantes, y valoramos el creciente inter\u00e9s que las empresas alemanas muestran por Lituania. Estamos listos para trabajar juntos en proyectos que beneficien a ambas partes y fortalezcan la competitividad de nuestras econom\u00edas y de Europa en su conjunto.\u00bb<\/p>\n<h5>El di\u00e1logo con socios europeos cobra importancia<\/h5>\n<p>\u00abEl di\u00e1logo con nuestros socios europeos se vuelve cada vez m\u00e1s importante ante los desaf\u00edos geopol\u00edticos. Agradecemos el gran inter\u00e9s de la delegaci\u00f3n lituana y el intercambio constructivo sobre el futuro de la log\u00edstica portuaria europea. Una estrecha colaboraci\u00f3n entre la econom\u00eda y la pol\u00edtica es crucial para fortalecer de manera sostenible la competitividad y la seguridad en Europa\u00bb, subray\u00f3 el CEO de BLG, Matthias Magnor. La visita se llev\u00f3 a cabo en el marco de la participaci\u00f3n del Ministro en la 25\u00aa reuni\u00f3n del Consejo de Ministros de la ESA (CM25) en Bremen.<\/p>\n<p>Foto: \u00a9 BLG \/ <em><strong>Pie de foto<\/strong> (de izq. a der.): Ar\u016bnas \u0160arka, agregado econ\u00f3mico de la Embajada de la Rep\u00fablica de Lituania en la Rep\u00fablica Federal de Alemania, Daniel Hosseus, vicepresidente ejecutivo de Asuntos P\u00fablicos Globales de BLG, Michael Blach, miembro del consejo de administraci\u00f3n de BLG y director general del grupo EUROGATE, Edvinas Grik\u0161as, Ministro de Econom\u00eda e Innovaci\u00f3n de Lituania, Matthias Magnor, presidente del consejo de administraci\u00f3n de BLG LOGISTICS, Thomas Leiber y Karsten Dirks, ambos directores generales de BLG.<\/em><\/p>\n","protected":false},"excerpt":{"rendered":"<p>El grupo BLG recibi\u00f3 ayer al Ministro de Econom\u00eda e Innovaci\u00f3n de Lituania, Edvinas Grik\u0161as, quien fue acompa\u00f1ado por el agregado econ\u00f3mico Ar\u016bnas \u0160arka. Por parte<span class=\"excerpt-hellip\"> [\u2026]<\/span><\/p>\n","protected":false},"author":0,"featured_media":4104,"comment_status":"open","ping_status":"open","sticky":false,"template":"","format":"standard","meta":{"_acf_changed":false,"footnotes":""},"categories":[1557,1561,1559],"tags":[],"class_list":["post-71266","post","type-post","status-publish","format-standard","has-post-thumbnail","hentry","category-forwarding-logistics","category-regions","category-shipping-ports"],"acf":[],"yoast_head":"<!-- This site is optimized with the Yoast SEO plugin v27.3 - https:\/\/yoast.com\/product\/yoast-seo-wordpress\/ -->\n<title>El Ministro lituano Edvinas Grik\u0161as visita la BLG en Bremen - Loginfo24<\/title>\n<meta name=\"robots\" content=\"index, follow, max-snippet:-1, max-image-preview:large, max-video-preview:-1\" \/>\n<link rel=\"canonical\" href=\"https:\/\/loginfo24.com\/es\/2025\/11\/30\/el-ministro-lituano-edvinas-griksas-visita-la-blg-en-bremen\/\" \/>\n<meta property=\"og:locale\" content=\"es_ES\" \/>\n<meta property=\"og:type\" content=\"article\" \/>\n<meta property=\"og:title\" content=\"El Ministro lituano Edvinas Grik\u0161as visita la BLG en Bremen - Loginfo24\" \/>\n<meta property=\"og:description\" content=\"El grupo BLG recibi\u00f3 ayer al Ministro de Econom\u00eda e Innovaci\u00f3n de Lituania, Edvinas Grik\u0161as, quien fue acompa\u00f1ado por el agregado econ\u00f3mico Ar\u016bnas \u0160arka. Por parte [\u2026]\" \/>\n<meta property=\"og:url\" content=\"https:\/\/loginfo24.com\/es\/2025\/11\/30\/el-ministro-lituano-edvinas-griksas-visita-la-blg-en-bremen\/\" \/>\n<meta property=\"og:site_name\" content=\"Loginfo24\" \/>\n<meta property=\"article:publisher\" content=\"https:\/\/www.facebook.com\/people\/Loginfo24\/100057360583332\/\" \/>\n<meta property=\"article:published_time\" content=\"2025-11-30T16:49:10+00:00\" \/>\n<meta property=\"og:image\" content=\"https:\/\/loginfo24.com\/wp-content\/uploads\/sites\/7\/2025\/12\/BLG_30.11.25.jpg\" \/>\n\t<meta property=\"og:image:width\" content=\"1370\" \/>\n\t<meta property=\"og:image:height\" content=\"836\" \/>\n\t<meta property=\"og:image:type\" content=\"image\/jpeg\" \/>\n<meta name=\"twitter:card\" content=\"summary_large_image\" \/>\n<meta name=\"twitter:label1\" content=\"Tiempo de lectura\" \/>\n\t<meta name=\"twitter:data1\" content=\"2 minuto\" \/>\n<script type=\"application\/ld+json\" class=\"yoast-schema-graph\">{\"@context\":\"https:\\\/\\\/schema.org\",\"@graph\":[{\"@type\":\"Article\",\"@id\":\"https:\\\/\\\/loginfo24.com\\\/es\\\/2025\\\/11\\\/30\\\/el-ministro-lituano-edvinas-griksas-visita-la-blg-en-bremen\\\/#article\",\"isPartOf\":{\"@id\":\"https:\\\/\\\/loginfo24.com\\\/es\\\/2025\\\/11\\\/30\\\/el-ministro-lituano-edvinas-griksas-visita-la-blg-en-bremen\\\/\"},\"author\":{\"name\":\"\",\"@id\":\"\"},\"headline\":\"El Ministro lituano Edvinas Grik\u0161as visita la BLG en Bremen\",\"datePublished\":\"2025-11-30T16:49:10+00:00\",\"mainEntityOfPage\":{\"@id\":\"https:\\\/\\\/loginfo24.com\\\/es\\\/2025\\\/11\\\/30\\\/el-ministro-lituano-edvinas-griksas-visita-la-blg-en-bremen\\\/\"},\"wordCount\":498,\"commentCount\":0,\"publisher\":{\"@id\":\"https:\\\/\\\/loginfo24.com\\\/es\\\/#organization\"},\"image\":{\"@id\":\"https:\\\/\\\/loginfo24.com\\\/es\\\/2025\\\/11\\\/30\\\/el-ministro-lituano-edvinas-griksas-visita-la-blg-en-bremen\\\/#primaryimage\"},\"thumbnailUrl\":\"https:\\\/\\\/loginfo24.com\\\/wp-content\\\/uploads\\\/sites\\\/7\\\/2025\\\/12\\\/BLG_30.11.25.jpg\",\"articleSection\":[\"Forwarding &amp; Logistics\",\"Regions\",\"Shipping &amp; Ports\"],\"inLanguage\":\"es\",\"potentialAction\":[{\"@type\":\"CommentAction\",\"name\":\"Comment\",\"target\":[\"https:\\\/\\\/loginfo24.com\\\/es\\\/2025\\\/11\\\/30\\\/el-ministro-lituano-edvinas-griksas-visita-la-blg-en-bremen\\\/#respond\"]}]},{\"@type\":\"WebPage\",\"@id\":\"https:\\\/\\\/loginfo24.com\\\/es\\\/2025\\\/11\\\/30\\\/el-ministro-lituano-edvinas-griksas-visita-la-blg-en-bremen\\\/\",\"url\":\"https:\\\/\\\/loginfo24.com\\\/es\\\/2025\\\/11\\\/30\\\/el-ministro-lituano-edvinas-griksas-visita-la-blg-en-bremen\\\/\",\"name\":\"El Ministro lituano Edvinas Grik\u0161as visita la BLG en Bremen - Loginfo24\",\"isPartOf\":{\"@id\":\"https:\\\/\\\/loginfo24.com\\\/es\\\/#website\"},\"primaryImageOfPage\":{\"@id\":\"https:\\\/\\\/loginfo24.com\\\/es\\\/2025\\\/11\\\/30\\\/el-ministro-lituano-edvinas-griksas-visita-la-blg-en-bremen\\\/#primaryimage\"},\"image\":{\"@id\":\"https:\\\/\\\/loginfo24.com\\\/es\\\/2025\\\/11\\\/30\\\/el-ministro-lituano-edvinas-griksas-visita-la-blg-en-bremen\\\/#primaryimage\"},\"thumbnailUrl\":\"https:\\\/\\\/loginfo24.com\\\/wp-content\\\/uploads\\\/sites\\\/7\\\/2025\\\/12\\\/BLG_30.11.25.jpg\",\"datePublished\":\"2025-11-30T16:49:10+00:00\",\"breadcrumb\":{\"@id\":\"https:\\\/\\\/loginfo24.com\\\/es\\\/2025\\\/11\\\/30\\\/el-ministro-lituano-edvinas-griksas-visita-la-blg-en-bremen\\\/#breadcrumb\"},\"inLanguage\":\"es\",\"potentialAction\":[{\"@type\":\"ReadAction\",\"target\":[\"https:\\\/\\\/loginfo24.com\\\/es\\\/2025\\\/11\\\/30\\\/el-ministro-lituano-edvinas-griksas-visita-la-blg-en-bremen\\\/\"]}]},{\"@type\":\"ImageObject\",\"inLanguage\":\"es\",\"@id\":\"https:\\\/\\\/loginfo24.com\\\/es\\\/2025\\\/11\\\/30\\\/el-ministro-lituano-edvinas-griksas-visita-la-blg-en-bremen\\\/#primaryimage\",\"url\":\"https:\\\/\\\/loginfo24.com\\\/wp-content\\\/uploads\\\/sites\\\/7\\\/2025\\\/12\\\/BLG_30.11.25.jpg\",\"contentUrl\":\"https:\\\/\\\/loginfo24.com\\\/wp-content\\\/uploads\\\/sites\\\/7\\\/2025\\\/12\\\/BLG_30.11.25.jpg\",\"width\":1370,\"height\":836},{\"@type\":\"BreadcrumbList\",\"@id\":\"https:\\\/\\\/loginfo24.com\\\/es\\\/2025\\\/11\\\/30\\\/el-ministro-lituano-edvinas-griksas-visita-la-blg-en-bremen\\\/#breadcrumb\",\"itemListElement\":[{\"@type\":\"ListItem\",\"position\":1,\"name\":\"Startseite\",\"item\":\"https:\\\/\\\/loginfo24.com\\\/es\\\/\"},{\"@type\":\"ListItem\",\"position\":2,\"name\":\"El Ministro lituano Edvinas Grik\u0161as visita la BLG en Bremen\"}]},{\"@type\":\"WebSite\",\"@id\":\"https:\\\/\\\/loginfo24.com\\\/es\\\/#website\",\"url\":\"https:\\\/\\\/loginfo24.com\\\/es\\\/\",\"name\":\"Loginfo24\",\"description\":\"Loginfo24 es la plataforma dedicada a la log\u00edstica y las cadenas de suministro con informaci\u00f3n las 24 horas del d\u00eda.\",\"publisher\":{\"@id\":\"https:\\\/\\\/loginfo24.com\\\/es\\\/#organization\"},\"potentialAction\":[{\"@type\":\"SearchAction\",\"target\":{\"@type\":\"EntryPoint\",\"urlTemplate\":\"https:\\\/\\\/loginfo24.com\\\/es\\\/?s={search_term_string}\"},\"query-input\":{\"@type\":\"PropertyValueSpecification\",\"valueRequired\":true,\"valueName\":\"search_term_string\"}}],\"inLanguage\":\"es\"},{\"@type\":\"Organization\",\"@id\":\"https:\\\/\\\/loginfo24.com\\\/es\\\/#organization\",\"name\":\"Grupo Logismedia AG\",\"url\":\"https:\\\/\\\/loginfo24.com\\\/es\\\/\",\"logo\":{\"@type\":\"ImageObject\",\"inLanguage\":\"es\",\"@id\":\"https:\\\/\\\/loginfo24.com\\\/es\\\/#\\\/schema\\\/logo\\\/image\\\/\",\"url\":\"https:\\\/\\\/loginfo24.com\\\/wp-content\\\/uploads\\\/sites\\\/7\\\/2026\\\/01\\\/Logo_LogInfo24.png\",\"contentUrl\":\"https:\\\/\\\/loginfo24.com\\\/wp-content\\\/uploads\\\/sites\\\/7\\\/2026\\\/01\\\/Logo_LogInfo24.png\",\"width\":938,\"height\":351,\"caption\":\"Grupo Logismedia AG\"},\"image\":{\"@id\":\"https:\\\/\\\/loginfo24.com\\\/es\\\/#\\\/schema\\\/logo\\\/image\\\/\"},\"sameAs\":[\"https:\\\/\\\/www.facebook.com\\\/people\\\/Loginfo24\\\/100057360583332\\\/\",\"https:\\\/\\\/www.linkedin.com\\\/company\\\/lofinfo24\\\/\"]}]}<\/script>\n<!-- \/ Yoast SEO plugin. -->","yoast_head_json":{"title":"El Ministro lituano Edvinas Grik\u0161as visita la BLG en Bremen - Loginfo24","robots":{"index":"index","follow":"follow","max-snippet":"max-snippet:-1","max-image-preview":"max-image-preview:large","max-video-preview":"max-video-preview:-1"},"canonical":"https:\/\/loginfo24.com\/es\/2025\/11\/30\/el-ministro-lituano-edvinas-griksas-visita-la-blg-en-bremen\/","og_locale":"es_ES","og_type":"article","og_title":"El Ministro lituano Edvinas Grik\u0161as visita la BLG en Bremen - Loginfo24","og_description":"El grupo BLG recibi\u00f3 ayer al Ministro de Econom\u00eda e Innovaci\u00f3n de Lituania, Edvinas Grik\u0161as, quien fue acompa\u00f1ado por el agregado econ\u00f3mico Ar\u016bnas \u0160arka. Por parte [\u2026]","og_url":"https:\/\/loginfo24.com\/es\/2025\/11\/30\/el-ministro-lituano-edvinas-griksas-visita-la-blg-en-bremen\/","og_site_name":"Loginfo24","article_publisher":"https:\/\/www.facebook.com\/people\/Loginfo24\/100057360583332\/","article_published_time":"2025-11-30T16:49:10+00:00","og_image":[{"width":1370,"height":836,"url":"https:\/\/loginfo24.com\/wp-content\/uploads\/sites\/7\/2025\/12\/BLG_30.11.25.jpg","type":"image\/jpeg"}],"twitter_card":"summary_large_image","twitter_misc":{"Tiempo de lectura":"2 minuto"},"schema":{"@context":"https:\/\/schema.org","@graph":[{"@type":"Article","@id":"https:\/\/loginfo24.com\/es\/2025\/11\/30\/el-ministro-lituano-edvinas-griksas-visita-la-blg-en-bremen\/#article","isPartOf":{"@id":"https:\/\/loginfo24.com\/es\/2025\/11\/30\/el-ministro-lituano-edvinas-griksas-visita-la-blg-en-bremen\/"},"author":{"name":"","@id":""},"headline":"El Ministro lituano Edvinas Grik\u0161as visita la BLG en Bremen","datePublished":"2025-11-30T16:49:10+00:00","mainEntityOfPage":{"@id":"https:\/\/loginfo24.com\/es\/2025\/11\/30\/el-ministro-lituano-edvinas-griksas-visita-la-blg-en-bremen\/"},"wordCount":498,"commentCount":0,"publisher":{"@id":"https:\/\/loginfo24.com\/es\/#organization"},"image":{"@id":"https:\/\/loginfo24.com\/es\/2025\/11\/30\/el-ministro-lituano-edvinas-griksas-visita-la-blg-en-bremen\/#primaryimage"},"thumbnailUrl":"https:\/\/loginfo24.com\/wp-content\/uploads\/sites\/7\/2025\/12\/BLG_30.11.25.jpg","articleSection":["Forwarding &amp; Logistics","Regions","Shipping &amp; Ports"],"inLanguage":"es","potentialAction":[{"@type":"CommentAction","name":"Comment","target":["https:\/\/loginfo24.com\/es\/2025\/11\/30\/el-ministro-lituano-edvinas-griksas-visita-la-blg-en-bremen\/#respond"]}]},{"@type":"WebPage","@id":"https:\/\/loginfo24.com\/es\/2025\/11\/30\/el-ministro-lituano-edvinas-griksas-visita-la-blg-en-bremen\/","url":"https:\/\/loginfo24.com\/es\/2025\/11\/30\/el-ministro-lituano-edvinas-griksas-visita-la-blg-en-bremen\/","name":"El Ministro lituano Edvinas Grik\u0161as visita la BLG en Bremen - Loginfo24","isPartOf":{"@id":"https:\/\/loginfo24.com\/es\/#website"},"primaryImageOfPage":{"@id":"https:\/\/loginfo24.com\/es\/2025\/11\/30\/el-ministro-lituano-edvinas-griksas-visita-la-blg-en-bremen\/#primaryimage"},"image":{"@id":"https:\/\/loginfo24.com\/es\/2025\/11\/30\/el-ministro-lituano-edvinas-griksas-visita-la-blg-en-bremen\/#primaryimage"},"thumbnailUrl":"https:\/\/loginfo24.com\/wp-content\/uploads\/sites\/7\/2025\/12\/BLG_30.11.25.jpg","datePublished":"2025-11-30T16:49:10+00:00","breadcrumb":{"@id":"https:\/\/loginfo24.com\/es\/2025\/11\/30\/el-ministro-lituano-edvinas-griksas-visita-la-blg-en-bremen\/#breadcrumb"},"inLanguage":"es","potentialAction":[{"@type":"ReadAction","target":["https:\/\/loginfo24.com\/es\/2025\/11\/30\/el-ministro-lituano-edvinas-griksas-visita-la-blg-en-bremen\/"]}]},{"@type":"ImageObject","inLanguage":"es","@id":"https:\/\/loginfo24.com\/es\/2025\/11\/30\/el-ministro-lituano-edvinas-griksas-visita-la-blg-en-bremen\/#primaryimage","url":"https:\/\/loginfo24.com\/wp-content\/uploads\/sites\/7\/2025\/12\/BLG_30.11.25.jpg","contentUrl":"https:\/\/loginfo24.com\/wp-content\/uploads\/sites\/7\/2025\/12\/BLG_30.11.25.jpg","width":1370,"height":836},{"@type":"BreadcrumbList","@id":"https:\/\/loginfo24.com\/es\/2025\/11\/30\/el-ministro-lituano-edvinas-griksas-visita-la-blg-en-bremen\/#breadcrumb","itemListElement":[{"@type":"ListItem","position":1,"name":"Startseite","item":"https:\/\/loginfo24.com\/es\/"},{"@type":"ListItem","position":2,"name":"El Ministro lituano Edvinas Grik\u0161as visita la BLG en Bremen"}]},{"@type":"WebSite","@id":"https:\/\/loginfo24.com\/es\/#website","url":"https:\/\/loginfo24.com\/es\/","name":"Loginfo24","description":"Loginfo24 es la plataforma dedicada a la log\u00edstica y las cadenas de suministro con informaci\u00f3n las 24 horas del d\u00eda.","publisher":{"@id":"https:\/\/loginfo24.com\/es\/#organization"},"potentialAction":[{"@type":"SearchAction","target":{"@type":"EntryPoint","urlTemplate":"https:\/\/loginfo24.com\/es\/?s={search_term_string}"},"query-input":{"@type":"PropertyValueSpecification","valueRequired":true,"valueName":"search_term_string"}}],"inLanguage":"es"},{"@type":"Organization","@id":"https:\/\/loginfo24.com\/es\/#organization","name":"Grupo Logismedia AG","url":"https:\/\/loginfo24.com\/es\/","logo":{"@type":"ImageObject","inLanguage":"es","@id":"https:\/\/loginfo24.com\/es\/#\/schema\/logo\/image\/","url":"https:\/\/loginfo24.com\/wp-content\/uploads\/sites\/7\/2026\/01\/Logo_LogInfo24.png","contentUrl":"https:\/\/loginfo24.com\/wp-content\/uploads\/sites\/7\/2026\/01\/Logo_LogInfo24.png","width":938,"height":351,"caption":"Grupo Logismedia AG"},"image":{"@id":"https:\/\/loginfo24.com\/es\/#\/schema\/logo\/image\/"},"sameAs":["https:\/\/www.facebook.com\/people\/Loginfo24\/100057360583332\/","https:\/\/www.linkedin.com\/company\/lofinfo24\/"]}]}},"_links":{"self":[{"href":"https:\/\/loginfo24.com\/es\/wp-json\/wp\/v2\/posts\/71266","targetHints":{"allow":["GET"]}}],"collection":[{"href":"https:\/\/loginfo24.com\/es\/wp-json\/wp\/v2\/posts"}],"about":[{"href":"https:\/\/loginfo24.com\/es\/wp-json\/wp\/v2\/types\/post"}],"replies":[{"embeddable":true,"href":"https:\/\/loginfo24.com\/es\/wp-json\/wp\/v2\/comments?post=71266"}],"version-history":[{"count":0,"href":"https:\/\/loginfo24.com\/es\/wp-json\/wp\/v2\/posts\/71266\/revisions"}],"wp:featuredmedia":[{"embeddable":true,"href":"https:\/\/loginfo24.com\/es\/wp-json\/wp\/v2\/media\/4104"}],"wp:attachment":[{"href":"https:\/\/loginfo24.com\/es\/wp-json\/wp\/v2\/media?parent=71266"}],"wp:term":[{"taxonomy":"category","embeddable":true,"href":"https:\/\/loginfo24.com\/es\/wp-json\/wp\/v2\/categories?post=71266"},{"taxonomy":"post_tag","embeddable":true,"href":"https:\/\/loginfo24.com\/es\/wp-json\/wp\/v2\/tags?post=71266"}],"curies":[{"name":"wp","href":"https:\/\/api.w.org\/{rel}","templated":true}]}}