{"id":70368,"date":"2025-09-04T16:31:05","date_gmt":"2025-09-04T14:31:05","guid":{"rendered":"https:\/\/blog.brand-architecture.at\/2025\/09\/04\/dos-nuevos-miembros-del-equipo-directivo-en-kuhnenagel\/"},"modified":"2025-09-04T16:31:05","modified_gmt":"2025-09-04T14:31:05","slug":"dos-nuevos-miembros-del-equipo-directivo-en-kuhnenagel","status":"publish","type":"post","link":"https:\/\/loginfo24.com\/es\/2025\/09\/04\/dos-nuevos-miembros-del-equipo-directivo-en-kuhnenagel\/","title":{"rendered":"Dos nuevos miembros del equipo directivo en K\u00fchne+Nagel"},"content":{"rendered":"<h5>El consejo de administraci\u00f3n de K\u00fchne+Nagel International AG nombra a dos nuevos miembros en la direcci\u00f3n. Eduardo Razuck asumir\u00e1 el 1 de octubre de 2025 la direcci\u00f3n de la divisi\u00f3n de log\u00edstica de contratos de Gianfranco Sgro. A partir del 1 de mayo de 2026, S\u00f8ren Schmidt suceder\u00e1 al Dr. Hansj\u00f6rg Rodi y ser\u00e1 responsable de la divisi\u00f3n de transporte terrestre.<\/h5>\n<p>(Schindellegi) Con S\u00f8ren Schmidt (ciudadano dan\u00e9s, nacido en 1972), K\u00fchne+Nagel gana un experto reconocido para la direcci\u00f3n de las actividades de transporte terrestre a nivel mundial. Tras tres d\u00e9cadas de exitosa trayectoria en DSV A\/S, de las cuales aproximadamente diez a\u00f1os como CEO de la divisi\u00f3n de transporte terrestre, Schmidt es una de las personalidades m\u00e1s destacadas en este campo a nivel mundial. El Dr. Hansj\u00f6rg Rodi ha decidido, en el marco de su planificaci\u00f3n personal, retirarse en el verano de 2026.<\/p>\n<p>Eduardo Razuck (ciudadano italiano y brasile\u00f1o, nacido en 1979) cuenta con una amplia experiencia en liderazgo internacional. Ha estado trabajando en diversas posiciones directivas en K\u00fchne+Nagel desde 2003. En los \u00faltimos tres a\u00f1os, ha sido responsable del negocio de log\u00edstica de contratos en Am\u00e9rica del Norte y del Sur y miembro del equipo de liderazgo global de log\u00edstica de contratos. Esto garantizar\u00e1 la continuidad en la direcci\u00f3n de la divisi\u00f3n. Anteriormente, Eduardo Razuck dirigi\u00f3 la filial brasile\u00f1a de 2015 a 2022. Gianfranco Sgro ha decidido, tras m\u00e1s de una d\u00e9cada en K\u00fchne+Nagel, asumir un nuevo desaf\u00edo profesional como CEO de una empresa en el sector de la movilidad.<\/p>\n<h5>Amplia experiencia y a\u00f1os de trayectoria<\/h5>\n<p>El Dr. J\u00f6rg Wolle, presidente del consejo de administraci\u00f3n de K\u00fchne+Nagel International AG: \u00abCon el nombramiento de S\u00f8ren Schmidt, K\u00fchne+Nagel gana una personalidad destacada en la industria de la log\u00edstica. Al mismo tiempo, el nombramiento de Eduardo Razuck representa el exitoso desarrollo de l\u00edderes convincentes dentro de K\u00fchne+Nagel. S\u00f8ren Schmidt y Eduardo Razuck aportan una amplia experiencia y a\u00f1os de trayectoria a la direcci\u00f3n de K\u00fchne+Nagel. Estamos convencidos de que seguir\u00e1n impulsando el desarrollo positivo de la empresa. Hoy, en nombre del consejo de administraci\u00f3n, quiero expresar mi m\u00e1s sincero agradecimiento al Dr. Hansj\u00f6rg Rodi y a Gianfranco Sgro por su larga y exitosa labor en la direcci\u00f3n de K\u00fchne+Nagel.\u00bb<\/p>\n<p>Foto: \u00a9 K\u00fchne + Nagel<\/p>\n","protected":false},"excerpt":{"rendered":"<p>El consejo de administraci\u00f3n de K\u00fchne+Nagel International AG nombra a dos nuevos miembros en la direcci\u00f3n. Eduardo Razuck asumir\u00e1 el 1 de octubre de 2025 la<span class=\"excerpt-hellip\"> [\u2026]<\/span><\/p>\n","protected":false},"author":0,"featured_media":4530,"comment_status":"open","ping_status":"open","sticky":false,"template":"","format":"standard","meta":{"_acf_changed":false,"footnotes":""},"categories":[1557,1561],"tags":[],"class_list":["post-70368","post","type-post","status-publish","format-standard","has-post-thumbnail","hentry","category-forwarding-logistics","category-regions"],"acf":[],"yoast_head":"<!-- This site is optimized with the Yoast SEO plugin v27.3 - https:\/\/yoast.com\/product\/yoast-seo-wordpress\/ -->\n<title>Dos nuevos miembros del equipo directivo en K\u00fchne+Nagel - Loginfo24<\/title>\n<meta name=\"robots\" content=\"index, follow, max-snippet:-1, max-image-preview:large, max-video-preview:-1\" \/>\n<link rel=\"canonical\" href=\"https:\/\/loginfo24.com\/es\/2025\/09\/04\/dos-nuevos-miembros-del-equipo-directivo-en-kuhnenagel\/\" \/>\n<meta property=\"og:locale\" content=\"es_ES\" \/>\n<meta property=\"og:type\" content=\"article\" \/>\n<meta property=\"og:title\" content=\"Dos nuevos miembros del equipo directivo en K\u00fchne+Nagel - Loginfo24\" \/>\n<meta property=\"og:description\" content=\"El consejo de administraci\u00f3n de K\u00fchne+Nagel International AG nombra a dos nuevos miembros en la direcci\u00f3n. Eduardo Razuck asumir\u00e1 el 1 de octubre de 2025 la [\u2026]\" \/>\n<meta property=\"og:url\" content=\"https:\/\/loginfo24.com\/es\/2025\/09\/04\/dos-nuevos-miembros-del-equipo-directivo-en-kuhnenagel\/\" \/>\n<meta property=\"og:site_name\" content=\"Loginfo24\" \/>\n<meta property=\"article:publisher\" content=\"https:\/\/www.facebook.com\/people\/Loginfo24\/100057360583332\/\" \/>\n<meta property=\"article:published_time\" content=\"2025-09-04T14:31:05+00:00\" \/>\n<meta property=\"og:image\" content=\"https:\/\/loginfo24.com\/wp-content\/uploads\/sites\/7\/2025\/12\/KN_4.9.25_2.jpg\" \/>\n\t<meta property=\"og:image:width\" content=\"1283\" \/>\n\t<meta property=\"og:image:height\" content=\"721\" \/>\n\t<meta property=\"og:image:type\" content=\"image\/jpeg\" \/>\n<meta name=\"twitter:card\" content=\"summary_large_image\" \/>\n<meta name=\"twitter:label1\" content=\"Tiempo de lectura\" \/>\n\t<meta name=\"twitter:data1\" content=\"2 minuto\" \/>\n<script type=\"application\/ld+json\" class=\"yoast-schema-graph\">{\"@context\":\"https:\\\/\\\/schema.org\",\"@graph\":[{\"@type\":\"Article\",\"@id\":\"https:\\\/\\\/loginfo24.com\\\/es\\\/2025\\\/09\\\/04\\\/dos-nuevos-miembros-del-equipo-directivo-en-kuhnenagel\\\/#article\",\"isPartOf\":{\"@id\":\"https:\\\/\\\/loginfo24.com\\\/es\\\/2025\\\/09\\\/04\\\/dos-nuevos-miembros-del-equipo-directivo-en-kuhnenagel\\\/\"},\"author\":{\"name\":\"\",\"@id\":\"\"},\"headline\":\"Dos nuevos miembros del equipo directivo en K\u00fchne+Nagel\",\"datePublished\":\"2025-09-04T14:31:05+00:00\",\"mainEntityOfPage\":{\"@id\":\"https:\\\/\\\/loginfo24.com\\\/es\\\/2025\\\/09\\\/04\\\/dos-nuevos-miembros-del-equipo-directivo-en-kuhnenagel\\\/\"},\"wordCount\":432,\"commentCount\":0,\"publisher\":{\"@id\":\"https:\\\/\\\/loginfo24.com\\\/es\\\/#organization\"},\"image\":{\"@id\":\"https:\\\/\\\/loginfo24.com\\\/es\\\/2025\\\/09\\\/04\\\/dos-nuevos-miembros-del-equipo-directivo-en-kuhnenagel\\\/#primaryimage\"},\"thumbnailUrl\":\"https:\\\/\\\/loginfo24.com\\\/wp-content\\\/uploads\\\/sites\\\/7\\\/2025\\\/12\\\/KN_4.9.25_2.jpg\",\"articleSection\":[\"Forwarding &amp; Logistics\",\"Regions\"],\"inLanguage\":\"es\",\"potentialAction\":[{\"@type\":\"CommentAction\",\"name\":\"Comment\",\"target\":[\"https:\\\/\\\/loginfo24.com\\\/es\\\/2025\\\/09\\\/04\\\/dos-nuevos-miembros-del-equipo-directivo-en-kuhnenagel\\\/#respond\"]}]},{\"@type\":\"WebPage\",\"@id\":\"https:\\\/\\\/loginfo24.com\\\/es\\\/2025\\\/09\\\/04\\\/dos-nuevos-miembros-del-equipo-directivo-en-kuhnenagel\\\/\",\"url\":\"https:\\\/\\\/loginfo24.com\\\/es\\\/2025\\\/09\\\/04\\\/dos-nuevos-miembros-del-equipo-directivo-en-kuhnenagel\\\/\",\"name\":\"Dos nuevos miembros del equipo directivo en K\u00fchne+Nagel - Loginfo24\",\"isPartOf\":{\"@id\":\"https:\\\/\\\/loginfo24.com\\\/es\\\/#website\"},\"primaryImageOfPage\":{\"@id\":\"https:\\\/\\\/loginfo24.com\\\/es\\\/2025\\\/09\\\/04\\\/dos-nuevos-miembros-del-equipo-directivo-en-kuhnenagel\\\/#primaryimage\"},\"image\":{\"@id\":\"https:\\\/\\\/loginfo24.com\\\/es\\\/2025\\\/09\\\/04\\\/dos-nuevos-miembros-del-equipo-directivo-en-kuhnenagel\\\/#primaryimage\"},\"thumbnailUrl\":\"https:\\\/\\\/loginfo24.com\\\/wp-content\\\/uploads\\\/sites\\\/7\\\/2025\\\/12\\\/KN_4.9.25_2.jpg\",\"datePublished\":\"2025-09-04T14:31:05+00:00\",\"breadcrumb\":{\"@id\":\"https:\\\/\\\/loginfo24.com\\\/es\\\/2025\\\/09\\\/04\\\/dos-nuevos-miembros-del-equipo-directivo-en-kuhnenagel\\\/#breadcrumb\"},\"inLanguage\":\"es\",\"potentialAction\":[{\"@type\":\"ReadAction\",\"target\":[\"https:\\\/\\\/loginfo24.com\\\/es\\\/2025\\\/09\\\/04\\\/dos-nuevos-miembros-del-equipo-directivo-en-kuhnenagel\\\/\"]}]},{\"@type\":\"ImageObject\",\"inLanguage\":\"es\",\"@id\":\"https:\\\/\\\/loginfo24.com\\\/es\\\/2025\\\/09\\\/04\\\/dos-nuevos-miembros-del-equipo-directivo-en-kuhnenagel\\\/#primaryimage\",\"url\":\"https:\\\/\\\/loginfo24.com\\\/wp-content\\\/uploads\\\/sites\\\/7\\\/2025\\\/12\\\/KN_4.9.25_2.jpg\",\"contentUrl\":\"https:\\\/\\\/loginfo24.com\\\/wp-content\\\/uploads\\\/sites\\\/7\\\/2025\\\/12\\\/KN_4.9.25_2.jpg\",\"width\":1283,\"height\":721},{\"@type\":\"BreadcrumbList\",\"@id\":\"https:\\\/\\\/loginfo24.com\\\/es\\\/2025\\\/09\\\/04\\\/dos-nuevos-miembros-del-equipo-directivo-en-kuhnenagel\\\/#breadcrumb\",\"itemListElement\":[{\"@type\":\"ListItem\",\"position\":1,\"name\":\"Startseite\",\"item\":\"https:\\\/\\\/loginfo24.com\\\/es\\\/\"},{\"@type\":\"ListItem\",\"position\":2,\"name\":\"Dos nuevos miembros del equipo directivo en K\u00fchne+Nagel\"}]},{\"@type\":\"WebSite\",\"@id\":\"https:\\\/\\\/loginfo24.com\\\/es\\\/#website\",\"url\":\"https:\\\/\\\/loginfo24.com\\\/es\\\/\",\"name\":\"Loginfo24\",\"description\":\"Loginfo24 es la plataforma dedicada a la log\u00edstica y las cadenas de suministro con informaci\u00f3n las 24 horas del d\u00eda.\",\"publisher\":{\"@id\":\"https:\\\/\\\/loginfo24.com\\\/es\\\/#organization\"},\"potentialAction\":[{\"@type\":\"SearchAction\",\"target\":{\"@type\":\"EntryPoint\",\"urlTemplate\":\"https:\\\/\\\/loginfo24.com\\\/es\\\/?s={search_term_string}\"},\"query-input\":{\"@type\":\"PropertyValueSpecification\",\"valueRequired\":true,\"valueName\":\"search_term_string\"}}],\"inLanguage\":\"es\"},{\"@type\":\"Organization\",\"@id\":\"https:\\\/\\\/loginfo24.com\\\/es\\\/#organization\",\"name\":\"Grupo Logismedia AG\",\"url\":\"https:\\\/\\\/loginfo24.com\\\/es\\\/\",\"logo\":{\"@type\":\"ImageObject\",\"inLanguage\":\"es\",\"@id\":\"https:\\\/\\\/loginfo24.com\\\/es\\\/#\\\/schema\\\/logo\\\/image\\\/\",\"url\":\"https:\\\/\\\/loginfo24.com\\\/wp-content\\\/uploads\\\/sites\\\/7\\\/2026\\\/01\\\/Logo_LogInfo24.png\",\"contentUrl\":\"https:\\\/\\\/loginfo24.com\\\/wp-content\\\/uploads\\\/sites\\\/7\\\/2026\\\/01\\\/Logo_LogInfo24.png\",\"width\":938,\"height\":351,\"caption\":\"Grupo Logismedia AG\"},\"image\":{\"@id\":\"https:\\\/\\\/loginfo24.com\\\/es\\\/#\\\/schema\\\/logo\\\/image\\\/\"},\"sameAs\":[\"https:\\\/\\\/www.facebook.com\\\/people\\\/Loginfo24\\\/100057360583332\\\/\",\"https:\\\/\\\/www.linkedin.com\\\/company\\\/lofinfo24\\\/\"]}]}<\/script>\n<!-- \/ Yoast SEO plugin. -->","yoast_head_json":{"title":"Dos nuevos miembros del equipo directivo en K\u00fchne+Nagel - Loginfo24","robots":{"index":"index","follow":"follow","max-snippet":"max-snippet:-1","max-image-preview":"max-image-preview:large","max-video-preview":"max-video-preview:-1"},"canonical":"https:\/\/loginfo24.com\/es\/2025\/09\/04\/dos-nuevos-miembros-del-equipo-directivo-en-kuhnenagel\/","og_locale":"es_ES","og_type":"article","og_title":"Dos nuevos miembros del equipo directivo en K\u00fchne+Nagel - Loginfo24","og_description":"El consejo de administraci\u00f3n de K\u00fchne+Nagel International AG nombra a dos nuevos miembros en la direcci\u00f3n. Eduardo Razuck asumir\u00e1 el 1 de octubre de 2025 la [\u2026]","og_url":"https:\/\/loginfo24.com\/es\/2025\/09\/04\/dos-nuevos-miembros-del-equipo-directivo-en-kuhnenagel\/","og_site_name":"Loginfo24","article_publisher":"https:\/\/www.facebook.com\/people\/Loginfo24\/100057360583332\/","article_published_time":"2025-09-04T14:31:05+00:00","og_image":[{"width":1283,"height":721,"url":"https:\/\/loginfo24.com\/wp-content\/uploads\/sites\/7\/2025\/12\/KN_4.9.25_2.jpg","type":"image\/jpeg"}],"twitter_card":"summary_large_image","twitter_misc":{"Tiempo de lectura":"2 minuto"},"schema":{"@context":"https:\/\/schema.org","@graph":[{"@type":"Article","@id":"https:\/\/loginfo24.com\/es\/2025\/09\/04\/dos-nuevos-miembros-del-equipo-directivo-en-kuhnenagel\/#article","isPartOf":{"@id":"https:\/\/loginfo24.com\/es\/2025\/09\/04\/dos-nuevos-miembros-del-equipo-directivo-en-kuhnenagel\/"},"author":{"name":"","@id":""},"headline":"Dos nuevos miembros del equipo directivo en K\u00fchne+Nagel","datePublished":"2025-09-04T14:31:05+00:00","mainEntityOfPage":{"@id":"https:\/\/loginfo24.com\/es\/2025\/09\/04\/dos-nuevos-miembros-del-equipo-directivo-en-kuhnenagel\/"},"wordCount":432,"commentCount":0,"publisher":{"@id":"https:\/\/loginfo24.com\/es\/#organization"},"image":{"@id":"https:\/\/loginfo24.com\/es\/2025\/09\/04\/dos-nuevos-miembros-del-equipo-directivo-en-kuhnenagel\/#primaryimage"},"thumbnailUrl":"https:\/\/loginfo24.com\/wp-content\/uploads\/sites\/7\/2025\/12\/KN_4.9.25_2.jpg","articleSection":["Forwarding &amp; Logistics","Regions"],"inLanguage":"es","potentialAction":[{"@type":"CommentAction","name":"Comment","target":["https:\/\/loginfo24.com\/es\/2025\/09\/04\/dos-nuevos-miembros-del-equipo-directivo-en-kuhnenagel\/#respond"]}]},{"@type":"WebPage","@id":"https:\/\/loginfo24.com\/es\/2025\/09\/04\/dos-nuevos-miembros-del-equipo-directivo-en-kuhnenagel\/","url":"https:\/\/loginfo24.com\/es\/2025\/09\/04\/dos-nuevos-miembros-del-equipo-directivo-en-kuhnenagel\/","name":"Dos nuevos miembros del equipo directivo en K\u00fchne+Nagel - Loginfo24","isPartOf":{"@id":"https:\/\/loginfo24.com\/es\/#website"},"primaryImageOfPage":{"@id":"https:\/\/loginfo24.com\/es\/2025\/09\/04\/dos-nuevos-miembros-del-equipo-directivo-en-kuhnenagel\/#primaryimage"},"image":{"@id":"https:\/\/loginfo24.com\/es\/2025\/09\/04\/dos-nuevos-miembros-del-equipo-directivo-en-kuhnenagel\/#primaryimage"},"thumbnailUrl":"https:\/\/loginfo24.com\/wp-content\/uploads\/sites\/7\/2025\/12\/KN_4.9.25_2.jpg","datePublished":"2025-09-04T14:31:05+00:00","breadcrumb":{"@id":"https:\/\/loginfo24.com\/es\/2025\/09\/04\/dos-nuevos-miembros-del-equipo-directivo-en-kuhnenagel\/#breadcrumb"},"inLanguage":"es","potentialAction":[{"@type":"ReadAction","target":["https:\/\/loginfo24.com\/es\/2025\/09\/04\/dos-nuevos-miembros-del-equipo-directivo-en-kuhnenagel\/"]}]},{"@type":"ImageObject","inLanguage":"es","@id":"https:\/\/loginfo24.com\/es\/2025\/09\/04\/dos-nuevos-miembros-del-equipo-directivo-en-kuhnenagel\/#primaryimage","url":"https:\/\/loginfo24.com\/wp-content\/uploads\/sites\/7\/2025\/12\/KN_4.9.25_2.jpg","contentUrl":"https:\/\/loginfo24.com\/wp-content\/uploads\/sites\/7\/2025\/12\/KN_4.9.25_2.jpg","width":1283,"height":721},{"@type":"BreadcrumbList","@id":"https:\/\/loginfo24.com\/es\/2025\/09\/04\/dos-nuevos-miembros-del-equipo-directivo-en-kuhnenagel\/#breadcrumb","itemListElement":[{"@type":"ListItem","position":1,"name":"Startseite","item":"https:\/\/loginfo24.com\/es\/"},{"@type":"ListItem","position":2,"name":"Dos nuevos miembros del equipo directivo en K\u00fchne+Nagel"}]},{"@type":"WebSite","@id":"https:\/\/loginfo24.com\/es\/#website","url":"https:\/\/loginfo24.com\/es\/","name":"Loginfo24","description":"Loginfo24 es la plataforma dedicada a la log\u00edstica y las cadenas de suministro con informaci\u00f3n las 24 horas del d\u00eda.","publisher":{"@id":"https:\/\/loginfo24.com\/es\/#organization"},"potentialAction":[{"@type":"SearchAction","target":{"@type":"EntryPoint","urlTemplate":"https:\/\/loginfo24.com\/es\/?s={search_term_string}"},"query-input":{"@type":"PropertyValueSpecification","valueRequired":true,"valueName":"search_term_string"}}],"inLanguage":"es"},{"@type":"Organization","@id":"https:\/\/loginfo24.com\/es\/#organization","name":"Grupo Logismedia AG","url":"https:\/\/loginfo24.com\/es\/","logo":{"@type":"ImageObject","inLanguage":"es","@id":"https:\/\/loginfo24.com\/es\/#\/schema\/logo\/image\/","url":"https:\/\/loginfo24.com\/wp-content\/uploads\/sites\/7\/2026\/01\/Logo_LogInfo24.png","contentUrl":"https:\/\/loginfo24.com\/wp-content\/uploads\/sites\/7\/2026\/01\/Logo_LogInfo24.png","width":938,"height":351,"caption":"Grupo Logismedia AG"},"image":{"@id":"https:\/\/loginfo24.com\/es\/#\/schema\/logo\/image\/"},"sameAs":["https:\/\/www.facebook.com\/people\/Loginfo24\/100057360583332\/","https:\/\/www.linkedin.com\/company\/lofinfo24\/"]}]}},"_links":{"self":[{"href":"https:\/\/loginfo24.com\/es\/wp-json\/wp\/v2\/posts\/70368","targetHints":{"allow":["GET"]}}],"collection":[{"href":"https:\/\/loginfo24.com\/es\/wp-json\/wp\/v2\/posts"}],"about":[{"href":"https:\/\/loginfo24.com\/es\/wp-json\/wp\/v2\/types\/post"}],"replies":[{"embeddable":true,"href":"https:\/\/loginfo24.com\/es\/wp-json\/wp\/v2\/comments?post=70368"}],"version-history":[{"count":0,"href":"https:\/\/loginfo24.com\/es\/wp-json\/wp\/v2\/posts\/70368\/revisions"}],"wp:featuredmedia":[{"embeddable":true,"href":"https:\/\/loginfo24.com\/es\/wp-json\/wp\/v2\/media\/4530"}],"wp:attachment":[{"href":"https:\/\/loginfo24.com\/es\/wp-json\/wp\/v2\/media?parent=70368"}],"wp:term":[{"taxonomy":"category","embeddable":true,"href":"https:\/\/loginfo24.com\/es\/wp-json\/wp\/v2\/categories?post=70368"},{"taxonomy":"post_tag","embeddable":true,"href":"https:\/\/loginfo24.com\/es\/wp-json\/wp\/v2\/tags?post=70368"}],"curies":[{"name":"wp","href":"https:\/\/api.w.org\/{rel}","templated":true}]}}