{"id":70054,"date":"2025-08-10T12:53:51","date_gmt":"2025-08-10T10:53:51","guid":{"rendered":"https:\/\/blog.brand-architecture.at\/2025\/08\/10\/spedition-mayer-se-convierte-en-socio-exclusivo-de-ctl-en-sarre\/"},"modified":"2025-08-10T12:53:51","modified_gmt":"2025-08-10T10:53:51","slug":"spedition-mayer-se-convierte-en-socio-exclusivo-de-ctl-en-sarre","status":"publish","type":"post","link":"https:\/\/loginfo24.com\/es\/2025\/08\/10\/spedition-mayer-se-convierte-en-socio-exclusivo-de-ctl-en-sarre\/","title":{"rendered":"Spedition Mayer se convierte en socio exclusivo de CTL en Sarre"},"content":{"rendered":"<h5><strong>La Cargo Trans Logistik AG (CTL) refuerza su cobertura de red con un paso hist\u00f3rico: por primera vez, la empresa Gebr\u00fcder Mayer GmbH &amp; Co. KG se convierte en socio exclusivo dentro de la red de carga fraccionada de CTL. La empresa tradicional de Zweibr\u00fccken asume a partir de ahora la atenci\u00f3n de Sarre.<\/strong><\/h5>\n<p>\u201eLa importancia de una cobertura de red estable con plazos de entrega competitivos y alta calidad es mayor que nunca. Con la primera asociaci\u00f3n exclusiva en la historia de nuestra empresa, enviamos una se\u00f1al clara de fiabilidad, calidad y crecimiento estrat\u00e9gico en un mercado cada vez m\u00e1s vol\u00e1til\u201c, dice Francesco De Lauso, CEO de CTL AG. La responsabilidad por Sarre recae a partir de ahora en Gebr\u00fcder Mayer. La empresa de transporte internacional colabora exclusivamente con CTL en el marco de un contrato a largo plazo. \u201eEl acuerdo est\u00e1 dise\u00f1ado para durar y asegura que ambas partes trabajen juntas con el m\u00e1ximo compromiso y fiabilidad mutua, en beneficio de todo el grupo CTL\u201c, a\u00f1ade De Lauso.<\/p>\n<h5>Socio de la red CTL durante 25 a\u00f1os<\/h5>\n<p>Gebr\u00fcder Mayer ha sido parte de la red CTL durante 25 a\u00f1os. Fundada en 1912, la empresa se ha convertido en un proveedor internacional de servicios de transporte y log\u00edstica. Adem\u00e1s de los transportes de carga fraccionada y volum\u00e9trica, tambi\u00e9n se incluyen soluciones integrales de log\u00edstica de almacenamiento en su cartera de servicios.<br \/>Foto: \u00a9 CTL<\/p>\n","protected":false},"excerpt":{"rendered":"<p>La Cargo Trans Logistik AG (CTL) refuerza su cobertura de red con un paso hist\u00f3rico: por primera vez, la empresa Gebr\u00fcder Mayer GmbH &amp; Co. KG<span class=\"excerpt-hellip\"> [\u2026]<\/span><\/p>\n","protected":false},"author":0,"featured_media":4670,"comment_status":"open","ping_status":"open","sticky":false,"template":"","format":"standard","meta":{"_acf_changed":false,"footnotes":""},"categories":[1561],"tags":[],"class_list":["post-70054","post","type-post","status-publish","format-standard","has-post-thumbnail","hentry","category-regions"],"acf":[],"yoast_head":"<!-- This site is optimized with the Yoast SEO plugin v27.3 - https:\/\/yoast.com\/product\/yoast-seo-wordpress\/ -->\n<title>Spedition Mayer se convierte en socio exclusivo de CTL en Sarre - Loginfo24<\/title>\n<meta name=\"robots\" content=\"index, follow, max-snippet:-1, max-image-preview:large, max-video-preview:-1\" \/>\n<link rel=\"canonical\" href=\"https:\/\/loginfo24.com\/es\/2025\/08\/10\/spedition-mayer-se-convierte-en-socio-exclusivo-de-ctl-en-sarre\/\" \/>\n<meta property=\"og:locale\" content=\"es_ES\" \/>\n<meta property=\"og:type\" content=\"article\" \/>\n<meta property=\"og:title\" content=\"Spedition Mayer se convierte en socio exclusivo de CTL en Sarre - Loginfo24\" \/>\n<meta property=\"og:description\" content=\"La Cargo Trans Logistik AG (CTL) refuerza su cobertura de red con un paso hist\u00f3rico: por primera vez, la empresa Gebr\u00fcder Mayer GmbH &amp; Co. KG [\u2026]\" \/>\n<meta property=\"og:url\" content=\"https:\/\/loginfo24.com\/es\/2025\/08\/10\/spedition-mayer-se-convierte-en-socio-exclusivo-de-ctl-en-sarre\/\" \/>\n<meta property=\"og:site_name\" content=\"Loginfo24\" \/>\n<meta property=\"article:publisher\" content=\"https:\/\/www.facebook.com\/people\/Loginfo24\/100057360583332\/\" \/>\n<meta property=\"article:published_time\" content=\"2025-08-10T10:53:51+00:00\" \/>\n<meta property=\"og:image\" content=\"https:\/\/loginfo24.com\/wp-content\/uploads\/sites\/7\/2025\/12\/CTL_10.8.25.jpg\" \/>\n\t<meta property=\"og:image:width\" content=\"1262\" \/>\n\t<meta property=\"og:image:height\" content=\"734\" \/>\n\t<meta property=\"og:image:type\" content=\"image\/jpeg\" \/>\n<meta name=\"twitter:card\" content=\"summary_large_image\" \/>\n<meta name=\"twitter:label1\" content=\"Tiempo de lectura\" \/>\n\t<meta name=\"twitter:data1\" content=\"1 minuto\" \/>\n<script type=\"application\/ld+json\" class=\"yoast-schema-graph\">{\"@context\":\"https:\\\/\\\/schema.org\",\"@graph\":[{\"@type\":\"Article\",\"@id\":\"https:\\\/\\\/loginfo24.com\\\/es\\\/2025\\\/08\\\/10\\\/spedition-mayer-se-convierte-en-socio-exclusivo-de-ctl-en-sarre\\\/#article\",\"isPartOf\":{\"@id\":\"https:\\\/\\\/loginfo24.com\\\/es\\\/2025\\\/08\\\/10\\\/spedition-mayer-se-convierte-en-socio-exclusivo-de-ctl-en-sarre\\\/\"},\"author\":{\"name\":\"\",\"@id\":\"\"},\"headline\":\"Spedition Mayer se convierte en socio exclusivo de CTL en Sarre\",\"datePublished\":\"2025-08-10T10:53:51+00:00\",\"mainEntityOfPage\":{\"@id\":\"https:\\\/\\\/loginfo24.com\\\/es\\\/2025\\\/08\\\/10\\\/spedition-mayer-se-convierte-en-socio-exclusivo-de-ctl-en-sarre\\\/\"},\"wordCount\":261,\"commentCount\":0,\"publisher\":{\"@id\":\"https:\\\/\\\/loginfo24.com\\\/es\\\/#organization\"},\"image\":{\"@id\":\"https:\\\/\\\/loginfo24.com\\\/es\\\/2025\\\/08\\\/10\\\/spedition-mayer-se-convierte-en-socio-exclusivo-de-ctl-en-sarre\\\/#primaryimage\"},\"thumbnailUrl\":\"https:\\\/\\\/loginfo24.com\\\/wp-content\\\/uploads\\\/sites\\\/7\\\/2025\\\/12\\\/CTL_10.8.25.jpg\",\"articleSection\":[\"Regions\"],\"inLanguage\":\"es\",\"potentialAction\":[{\"@type\":\"CommentAction\",\"name\":\"Comment\",\"target\":[\"https:\\\/\\\/loginfo24.com\\\/es\\\/2025\\\/08\\\/10\\\/spedition-mayer-se-convierte-en-socio-exclusivo-de-ctl-en-sarre\\\/#respond\"]}]},{\"@type\":\"WebPage\",\"@id\":\"https:\\\/\\\/loginfo24.com\\\/es\\\/2025\\\/08\\\/10\\\/spedition-mayer-se-convierte-en-socio-exclusivo-de-ctl-en-sarre\\\/\",\"url\":\"https:\\\/\\\/loginfo24.com\\\/es\\\/2025\\\/08\\\/10\\\/spedition-mayer-se-convierte-en-socio-exclusivo-de-ctl-en-sarre\\\/\",\"name\":\"Spedition Mayer se convierte en socio exclusivo de CTL en Sarre - Loginfo24\",\"isPartOf\":{\"@id\":\"https:\\\/\\\/loginfo24.com\\\/es\\\/#website\"},\"primaryImageOfPage\":{\"@id\":\"https:\\\/\\\/loginfo24.com\\\/es\\\/2025\\\/08\\\/10\\\/spedition-mayer-se-convierte-en-socio-exclusivo-de-ctl-en-sarre\\\/#primaryimage\"},\"image\":{\"@id\":\"https:\\\/\\\/loginfo24.com\\\/es\\\/2025\\\/08\\\/10\\\/spedition-mayer-se-convierte-en-socio-exclusivo-de-ctl-en-sarre\\\/#primaryimage\"},\"thumbnailUrl\":\"https:\\\/\\\/loginfo24.com\\\/wp-content\\\/uploads\\\/sites\\\/7\\\/2025\\\/12\\\/CTL_10.8.25.jpg\",\"datePublished\":\"2025-08-10T10:53:51+00:00\",\"breadcrumb\":{\"@id\":\"https:\\\/\\\/loginfo24.com\\\/es\\\/2025\\\/08\\\/10\\\/spedition-mayer-se-convierte-en-socio-exclusivo-de-ctl-en-sarre\\\/#breadcrumb\"},\"inLanguage\":\"es\",\"potentialAction\":[{\"@type\":\"ReadAction\",\"target\":[\"https:\\\/\\\/loginfo24.com\\\/es\\\/2025\\\/08\\\/10\\\/spedition-mayer-se-convierte-en-socio-exclusivo-de-ctl-en-sarre\\\/\"]}]},{\"@type\":\"ImageObject\",\"inLanguage\":\"es\",\"@id\":\"https:\\\/\\\/loginfo24.com\\\/es\\\/2025\\\/08\\\/10\\\/spedition-mayer-se-convierte-en-socio-exclusivo-de-ctl-en-sarre\\\/#primaryimage\",\"url\":\"https:\\\/\\\/loginfo24.com\\\/wp-content\\\/uploads\\\/sites\\\/7\\\/2025\\\/12\\\/CTL_10.8.25.jpg\",\"contentUrl\":\"https:\\\/\\\/loginfo24.com\\\/wp-content\\\/uploads\\\/sites\\\/7\\\/2025\\\/12\\\/CTL_10.8.25.jpg\",\"width\":1262,\"height\":734},{\"@type\":\"BreadcrumbList\",\"@id\":\"https:\\\/\\\/loginfo24.com\\\/es\\\/2025\\\/08\\\/10\\\/spedition-mayer-se-convierte-en-socio-exclusivo-de-ctl-en-sarre\\\/#breadcrumb\",\"itemListElement\":[{\"@type\":\"ListItem\",\"position\":1,\"name\":\"Startseite\",\"item\":\"https:\\\/\\\/loginfo24.com\\\/es\\\/\"},{\"@type\":\"ListItem\",\"position\":2,\"name\":\"Spedition Mayer se convierte en socio exclusivo de CTL en Sarre\"}]},{\"@type\":\"WebSite\",\"@id\":\"https:\\\/\\\/loginfo24.com\\\/es\\\/#website\",\"url\":\"https:\\\/\\\/loginfo24.com\\\/es\\\/\",\"name\":\"Loginfo24\",\"description\":\"Loginfo24 es la plataforma dedicada a la log\u00edstica y las cadenas de suministro con informaci\u00f3n las 24 horas del d\u00eda.\",\"publisher\":{\"@id\":\"https:\\\/\\\/loginfo24.com\\\/es\\\/#organization\"},\"potentialAction\":[{\"@type\":\"SearchAction\",\"target\":{\"@type\":\"EntryPoint\",\"urlTemplate\":\"https:\\\/\\\/loginfo24.com\\\/es\\\/?s={search_term_string}\"},\"query-input\":{\"@type\":\"PropertyValueSpecification\",\"valueRequired\":true,\"valueName\":\"search_term_string\"}}],\"inLanguage\":\"es\"},{\"@type\":\"Organization\",\"@id\":\"https:\\\/\\\/loginfo24.com\\\/es\\\/#organization\",\"name\":\"Grupo Logismedia AG\",\"url\":\"https:\\\/\\\/loginfo24.com\\\/es\\\/\",\"logo\":{\"@type\":\"ImageObject\",\"inLanguage\":\"es\",\"@id\":\"https:\\\/\\\/loginfo24.com\\\/es\\\/#\\\/schema\\\/logo\\\/image\\\/\",\"url\":\"https:\\\/\\\/loginfo24.com\\\/wp-content\\\/uploads\\\/sites\\\/7\\\/2026\\\/01\\\/Logo_LogInfo24.png\",\"contentUrl\":\"https:\\\/\\\/loginfo24.com\\\/wp-content\\\/uploads\\\/sites\\\/7\\\/2026\\\/01\\\/Logo_LogInfo24.png\",\"width\":938,\"height\":351,\"caption\":\"Grupo Logismedia AG\"},\"image\":{\"@id\":\"https:\\\/\\\/loginfo24.com\\\/es\\\/#\\\/schema\\\/logo\\\/image\\\/\"},\"sameAs\":[\"https:\\\/\\\/www.facebook.com\\\/people\\\/Loginfo24\\\/100057360583332\\\/\",\"https:\\\/\\\/www.linkedin.com\\\/company\\\/lofinfo24\\\/\"]}]}<\/script>\n<!-- \/ Yoast SEO plugin. -->","yoast_head_json":{"title":"Spedition Mayer se convierte en socio exclusivo de CTL en Sarre - Loginfo24","robots":{"index":"index","follow":"follow","max-snippet":"max-snippet:-1","max-image-preview":"max-image-preview:large","max-video-preview":"max-video-preview:-1"},"canonical":"https:\/\/loginfo24.com\/es\/2025\/08\/10\/spedition-mayer-se-convierte-en-socio-exclusivo-de-ctl-en-sarre\/","og_locale":"es_ES","og_type":"article","og_title":"Spedition Mayer se convierte en socio exclusivo de CTL en Sarre - Loginfo24","og_description":"La Cargo Trans Logistik AG (CTL) refuerza su cobertura de red con un paso hist\u00f3rico: por primera vez, la empresa Gebr\u00fcder Mayer GmbH &amp; Co. KG [\u2026]","og_url":"https:\/\/loginfo24.com\/es\/2025\/08\/10\/spedition-mayer-se-convierte-en-socio-exclusivo-de-ctl-en-sarre\/","og_site_name":"Loginfo24","article_publisher":"https:\/\/www.facebook.com\/people\/Loginfo24\/100057360583332\/","article_published_time":"2025-08-10T10:53:51+00:00","og_image":[{"width":1262,"height":734,"url":"https:\/\/loginfo24.com\/wp-content\/uploads\/sites\/7\/2025\/12\/CTL_10.8.25.jpg","type":"image\/jpeg"}],"twitter_card":"summary_large_image","twitter_misc":{"Tiempo de lectura":"1 minuto"},"schema":{"@context":"https:\/\/schema.org","@graph":[{"@type":"Article","@id":"https:\/\/loginfo24.com\/es\/2025\/08\/10\/spedition-mayer-se-convierte-en-socio-exclusivo-de-ctl-en-sarre\/#article","isPartOf":{"@id":"https:\/\/loginfo24.com\/es\/2025\/08\/10\/spedition-mayer-se-convierte-en-socio-exclusivo-de-ctl-en-sarre\/"},"author":{"name":"","@id":""},"headline":"Spedition Mayer se convierte en socio exclusivo de CTL en Sarre","datePublished":"2025-08-10T10:53:51+00:00","mainEntityOfPage":{"@id":"https:\/\/loginfo24.com\/es\/2025\/08\/10\/spedition-mayer-se-convierte-en-socio-exclusivo-de-ctl-en-sarre\/"},"wordCount":261,"commentCount":0,"publisher":{"@id":"https:\/\/loginfo24.com\/es\/#organization"},"image":{"@id":"https:\/\/loginfo24.com\/es\/2025\/08\/10\/spedition-mayer-se-convierte-en-socio-exclusivo-de-ctl-en-sarre\/#primaryimage"},"thumbnailUrl":"https:\/\/loginfo24.com\/wp-content\/uploads\/sites\/7\/2025\/12\/CTL_10.8.25.jpg","articleSection":["Regions"],"inLanguage":"es","potentialAction":[{"@type":"CommentAction","name":"Comment","target":["https:\/\/loginfo24.com\/es\/2025\/08\/10\/spedition-mayer-se-convierte-en-socio-exclusivo-de-ctl-en-sarre\/#respond"]}]},{"@type":"WebPage","@id":"https:\/\/loginfo24.com\/es\/2025\/08\/10\/spedition-mayer-se-convierte-en-socio-exclusivo-de-ctl-en-sarre\/","url":"https:\/\/loginfo24.com\/es\/2025\/08\/10\/spedition-mayer-se-convierte-en-socio-exclusivo-de-ctl-en-sarre\/","name":"Spedition Mayer se convierte en socio exclusivo de CTL en Sarre - Loginfo24","isPartOf":{"@id":"https:\/\/loginfo24.com\/es\/#website"},"primaryImageOfPage":{"@id":"https:\/\/loginfo24.com\/es\/2025\/08\/10\/spedition-mayer-se-convierte-en-socio-exclusivo-de-ctl-en-sarre\/#primaryimage"},"image":{"@id":"https:\/\/loginfo24.com\/es\/2025\/08\/10\/spedition-mayer-se-convierte-en-socio-exclusivo-de-ctl-en-sarre\/#primaryimage"},"thumbnailUrl":"https:\/\/loginfo24.com\/wp-content\/uploads\/sites\/7\/2025\/12\/CTL_10.8.25.jpg","datePublished":"2025-08-10T10:53:51+00:00","breadcrumb":{"@id":"https:\/\/loginfo24.com\/es\/2025\/08\/10\/spedition-mayer-se-convierte-en-socio-exclusivo-de-ctl-en-sarre\/#breadcrumb"},"inLanguage":"es","potentialAction":[{"@type":"ReadAction","target":["https:\/\/loginfo24.com\/es\/2025\/08\/10\/spedition-mayer-se-convierte-en-socio-exclusivo-de-ctl-en-sarre\/"]}]},{"@type":"ImageObject","inLanguage":"es","@id":"https:\/\/loginfo24.com\/es\/2025\/08\/10\/spedition-mayer-se-convierte-en-socio-exclusivo-de-ctl-en-sarre\/#primaryimage","url":"https:\/\/loginfo24.com\/wp-content\/uploads\/sites\/7\/2025\/12\/CTL_10.8.25.jpg","contentUrl":"https:\/\/loginfo24.com\/wp-content\/uploads\/sites\/7\/2025\/12\/CTL_10.8.25.jpg","width":1262,"height":734},{"@type":"BreadcrumbList","@id":"https:\/\/loginfo24.com\/es\/2025\/08\/10\/spedition-mayer-se-convierte-en-socio-exclusivo-de-ctl-en-sarre\/#breadcrumb","itemListElement":[{"@type":"ListItem","position":1,"name":"Startseite","item":"https:\/\/loginfo24.com\/es\/"},{"@type":"ListItem","position":2,"name":"Spedition Mayer se convierte en socio exclusivo de CTL en Sarre"}]},{"@type":"WebSite","@id":"https:\/\/loginfo24.com\/es\/#website","url":"https:\/\/loginfo24.com\/es\/","name":"Loginfo24","description":"Loginfo24 es la plataforma dedicada a la log\u00edstica y las cadenas de suministro con informaci\u00f3n las 24 horas del d\u00eda.","publisher":{"@id":"https:\/\/loginfo24.com\/es\/#organization"},"potentialAction":[{"@type":"SearchAction","target":{"@type":"EntryPoint","urlTemplate":"https:\/\/loginfo24.com\/es\/?s={search_term_string}"},"query-input":{"@type":"PropertyValueSpecification","valueRequired":true,"valueName":"search_term_string"}}],"inLanguage":"es"},{"@type":"Organization","@id":"https:\/\/loginfo24.com\/es\/#organization","name":"Grupo Logismedia AG","url":"https:\/\/loginfo24.com\/es\/","logo":{"@type":"ImageObject","inLanguage":"es","@id":"https:\/\/loginfo24.com\/es\/#\/schema\/logo\/image\/","url":"https:\/\/loginfo24.com\/wp-content\/uploads\/sites\/7\/2026\/01\/Logo_LogInfo24.png","contentUrl":"https:\/\/loginfo24.com\/wp-content\/uploads\/sites\/7\/2026\/01\/Logo_LogInfo24.png","width":938,"height":351,"caption":"Grupo Logismedia AG"},"image":{"@id":"https:\/\/loginfo24.com\/es\/#\/schema\/logo\/image\/"},"sameAs":["https:\/\/www.facebook.com\/people\/Loginfo24\/100057360583332\/","https:\/\/www.linkedin.com\/company\/lofinfo24\/"]}]}},"_links":{"self":[{"href":"https:\/\/loginfo24.com\/es\/wp-json\/wp\/v2\/posts\/70054","targetHints":{"allow":["GET"]}}],"collection":[{"href":"https:\/\/loginfo24.com\/es\/wp-json\/wp\/v2\/posts"}],"about":[{"href":"https:\/\/loginfo24.com\/es\/wp-json\/wp\/v2\/types\/post"}],"replies":[{"embeddable":true,"href":"https:\/\/loginfo24.com\/es\/wp-json\/wp\/v2\/comments?post=70054"}],"version-history":[{"count":0,"href":"https:\/\/loginfo24.com\/es\/wp-json\/wp\/v2\/posts\/70054\/revisions"}],"wp:featuredmedia":[{"embeddable":true,"href":"https:\/\/loginfo24.com\/es\/wp-json\/wp\/v2\/media\/4670"}],"wp:attachment":[{"href":"https:\/\/loginfo24.com\/es\/wp-json\/wp\/v2\/media?parent=70054"}],"wp:term":[{"taxonomy":"category","embeddable":true,"href":"https:\/\/loginfo24.com\/es\/wp-json\/wp\/v2\/categories?post=70054"},{"taxonomy":"post_tag","embeddable":true,"href":"https:\/\/loginfo24.com\/es\/wp-json\/wp\/v2\/tags?post=70054"}],"curies":[{"name":"wp","href":"https:\/\/api.w.org\/{rel}","templated":true}]}}