{"id":69173,"date":"2025-05-16T16:11:26","date_gmt":"2025-05-16T14:11:26","guid":{"rendered":"https:\/\/blog.brand-architecture.at\/2025\/05\/16\/kombiverkehr-y-sophie-kircher-quieren-poner-fin-al-estancamiento\/"},"modified":"2025-05-16T16:11:26","modified_gmt":"2025-05-16T14:11:26","slug":"kombiverkehr-y-sophie-kircher-quieren-poner-fin-al-estancamiento","status":"publish","type":"post","link":"https:\/\/loginfo24.com\/es\/2025\/05\/16\/kombiverkehr-y-sophie-kircher-quieren-poner-fin-al-estancamiento\/","title":{"rendered":"Kombiverkehr y Sophie Kircher quieren poner fin al estancamiento"},"content":{"rendered":"<h5><strong>La eurodiputada Sophie Kircher y Kombiverkehr KG quieren poner fin al estancamiento pol\u00edtico en el debate sobre el futuro de la directiva de transporte combinado. Por ello, Kombiverkehr, junto con Kircher, quien es la vicepresidenta del comit\u00e9 TRAN, inici\u00f3 ayer en el Parlamento Europeo un almuerzo debate. El evento, con una alta representaci\u00f3n, tambi\u00e9n buscaba establecer nuevos impulsos para un transporte ferroviario de mercanc\u00edas sostenible en Europa.<\/strong><\/h5>\n<p>(Fr\u00e1ncfort) El trasfondo de la iniciativa es el tercer borrador presentado por la Comisi\u00f3n Europea en noviembre de 2023 sobre la directiva de transporte combinado. A pesar de los objetivos declarados de desviar el tr\u00e1fico, la falta de estandarizaci\u00f3n, los d\u00e9ficits de implementaci\u00f3n en los Estados miembros y un proceso legislativo estancado contin\u00faan obstaculizando el crecimiento del transporte combinado en Europa. La industria exige urgentemente seguridad en la planificaci\u00f3n, pero las negociaciones est\u00e1n en un callej\u00f3n sin salida.<\/p>\n<p>\u00abEs hora de este debate, para que el transporte combinado vuelva a tener movimiento. Un sistema de transporte moderno y eficiente es una de las bases m\u00e1s importantes para la competitividad en la UE. La direcci\u00f3n es clara: necesitamos un cambio notable del tr\u00e1fico de la carretera al ferrocarril. Es muy importante c\u00f3mo se ve la base legal, para no generar m\u00e1s tr\u00e1fico en las carreteras, especialmente en las regiones alpinas\u00bb, enfatiz\u00f3 la eurodiputada Sophia Kircher.<\/p>\n<h5><strong>Temas centrales del debate fueron:<\/strong><\/h5>\n<ul>\n<li>Los mayores desaf\u00edos de la directiva sobre el transporte combinado<\/li>\n<li>La necesidad de una definici\u00f3n a prueba de futuro del transporte combinado<\/li>\n<li>Mejor coordinaci\u00f3n entre los actos legislativos existentes (por ejemplo, directiva sobre peso y dimensiones)<\/li>\n<li>El papel de las subvenciones nacionales y su influencia en la competencia justa<\/li>\n<li>Las lecciones de situaciones de crisis como el caos de nieve de 2019 o la situaci\u00f3n en el corredor del Brennero<\/li>\n<li>El intercambio entre la Comisi\u00f3n Europea, el Parlamento y la industria log\u00edstica sobre los pr\u00f3ximos pasos legislativos<\/li>\n<\/ul>\n<h5><strong>Desde finales de los a\u00f1os 90 no se avanza<\/strong><\/h5>\n<p>Armin Riedl, director general de Kombiverkehr KG, plante\u00f3 demandas claras, especialmente a la presidencia polaca del Consejo: \u00abEl tema del transporte combinado es demasiado importante como para dejarlo de lado m\u00e1s tiempo. Desde finales de los a\u00f1os 90 no se ha avanzado en la renovaci\u00f3n de la directiva m\u00e1s importante para este sector de r\u00e1pido crecimiento del transporte ferroviario de mercanc\u00edas.\u00bb La Comisi\u00f3n, el Parlamento y la presidencia del Consejo deben ahora hacer un nuevo intento para no poner en peligro el despegue econ\u00f3mico en Europa. \u00abUna industria en crecimiento necesita un transporte de mercanc\u00edas fuerte. Y eso no es posible sin un transporte combinado eficiente basado en una directiva KV innovadora, comprensible y renovada.\u00bb<\/p>\n<h5><strong>Apelaci\u00f3n a los Estados miembros<\/strong><\/h5>\n<p>Kristian Schmidt, director de la Direcci\u00f3n General de Movilidad y Transporte (GD MOVE), tambi\u00e9n hizo un llamado a los Estados miembros para que asuman su responsabilidad de manera m\u00e1s activa y aceleren la implementaci\u00f3n de los objetivos europeos comunes en el sector del transporte.<\/p>\n<p>Con esta iniciativa, Kombiverkehr, junto con los responsables pol\u00edticos, env\u00eda una se\u00f1al clara: el transporte combinado debe ser fortalecido, regulado legalmente de manera clara y ampliado estrat\u00e9gicamente, para una log\u00edstica europea respetuosa con el clima y resistente a crisis.<\/p>\n<p>Foto: \u00a9 Kombiverkehr \/ <strong><em>Pie de foto:<\/em><\/strong><em> Sophia Kircher (centro) y Kristian Schmidt (derecha) conversando con el moderador Detlef Fechtner (izquierda), jefe de reporteros del B\u00f6rsen-Zeitung<\/em><\/p>\n","protected":false},"excerpt":{"rendered":"<p>La eurodiputada Sophie Kircher y Kombiverkehr KG quieren poner fin al estancamiento pol\u00edtico en el debate sobre el futuro de la directiva de transporte combinado. Por<span class=\"excerpt-hellip\"> [\u2026]<\/span><\/p>\n","protected":false},"author":0,"featured_media":5009,"comment_status":"open","ping_status":"open","sticky":false,"template":"","format":"standard","meta":{"_acf_changed":false,"footnotes":""},"categories":[1557,1561],"tags":[],"class_list":["post-69173","post","type-post","status-publish","format-standard","has-post-thumbnail","hentry","category-forwarding-logistics","category-regions"],"acf":[],"yoast_head":"<!-- This site is optimized with the Yoast SEO plugin v27.3 - https:\/\/yoast.com\/product\/yoast-seo-wordpress\/ -->\n<title>Kombiverkehr y Sophie Kircher quieren poner fin al estancamiento - Loginfo24<\/title>\n<meta name=\"robots\" content=\"index, follow, max-snippet:-1, max-image-preview:large, max-video-preview:-1\" \/>\n<link rel=\"canonical\" href=\"https:\/\/loginfo24.com\/es\/2025\/05\/16\/kombiverkehr-y-sophie-kircher-quieren-poner-fin-al-estancamiento\/\" \/>\n<meta property=\"og:locale\" content=\"es_ES\" \/>\n<meta property=\"og:type\" content=\"article\" \/>\n<meta property=\"og:title\" content=\"Kombiverkehr y Sophie Kircher quieren poner fin al estancamiento - Loginfo24\" \/>\n<meta property=\"og:description\" content=\"La eurodiputada Sophie Kircher y Kombiverkehr KG quieren poner fin al estancamiento pol\u00edtico en el debate sobre el futuro de la directiva de transporte combinado. Por [\u2026]\" \/>\n<meta property=\"og:url\" content=\"https:\/\/loginfo24.com\/es\/2025\/05\/16\/kombiverkehr-y-sophie-kircher-quieren-poner-fin-al-estancamiento\/\" \/>\n<meta property=\"og:site_name\" content=\"Loginfo24\" \/>\n<meta property=\"article:publisher\" content=\"https:\/\/www.facebook.com\/people\/Loginfo24\/100057360583332\/\" \/>\n<meta property=\"article:published_time\" content=\"2025-05-16T14:11:26+00:00\" \/>\n<meta property=\"og:image\" content=\"https:\/\/loginfo24.com\/wp-content\/uploads\/sites\/7\/2025\/12\/Kombiverkehr_16.5.25.jpg\" \/>\n\t<meta property=\"og:image:width\" content=\"1365\" \/>\n\t<meta property=\"og:image:height\" content=\"839\" \/>\n\t<meta property=\"og:image:type\" content=\"image\/jpeg\" \/>\n<meta name=\"twitter:card\" content=\"summary_large_image\" \/>\n<meta name=\"twitter:label1\" content=\"Tiempo de lectura\" \/>\n\t<meta name=\"twitter:data1\" content=\"3 minuto\" \/>\n<script type=\"application\/ld+json\" class=\"yoast-schema-graph\">{\"@context\":\"https:\\\/\\\/schema.org\",\"@graph\":[{\"@type\":\"Article\",\"@id\":\"https:\\\/\\\/loginfo24.com\\\/es\\\/2025\\\/05\\\/16\\\/kombiverkehr-y-sophie-kircher-quieren-poner-fin-al-estancamiento\\\/#article\",\"isPartOf\":{\"@id\":\"https:\\\/\\\/loginfo24.com\\\/es\\\/2025\\\/05\\\/16\\\/kombiverkehr-y-sophie-kircher-quieren-poner-fin-al-estancamiento\\\/\"},\"author\":{\"name\":\"\",\"@id\":\"\"},\"headline\":\"Kombiverkehr y Sophie Kircher quieren poner fin al estancamiento\",\"datePublished\":\"2025-05-16T14:11:26+00:00\",\"mainEntityOfPage\":{\"@id\":\"https:\\\/\\\/loginfo24.com\\\/es\\\/2025\\\/05\\\/16\\\/kombiverkehr-y-sophie-kircher-quieren-poner-fin-al-estancamiento\\\/\"},\"wordCount\":602,\"commentCount\":0,\"publisher\":{\"@id\":\"https:\\\/\\\/loginfo24.com\\\/es\\\/#organization\"},\"image\":{\"@id\":\"https:\\\/\\\/loginfo24.com\\\/es\\\/2025\\\/05\\\/16\\\/kombiverkehr-y-sophie-kircher-quieren-poner-fin-al-estancamiento\\\/#primaryimage\"},\"thumbnailUrl\":\"https:\\\/\\\/loginfo24.com\\\/wp-content\\\/uploads\\\/sites\\\/7\\\/2025\\\/12\\\/Kombiverkehr_16.5.25.jpg\",\"articleSection\":[\"Forwarding &amp; Logistics\",\"Regions\"],\"inLanguage\":\"es\",\"potentialAction\":[{\"@type\":\"CommentAction\",\"name\":\"Comment\",\"target\":[\"https:\\\/\\\/loginfo24.com\\\/es\\\/2025\\\/05\\\/16\\\/kombiverkehr-y-sophie-kircher-quieren-poner-fin-al-estancamiento\\\/#respond\"]}]},{\"@type\":\"WebPage\",\"@id\":\"https:\\\/\\\/loginfo24.com\\\/es\\\/2025\\\/05\\\/16\\\/kombiverkehr-y-sophie-kircher-quieren-poner-fin-al-estancamiento\\\/\",\"url\":\"https:\\\/\\\/loginfo24.com\\\/es\\\/2025\\\/05\\\/16\\\/kombiverkehr-y-sophie-kircher-quieren-poner-fin-al-estancamiento\\\/\",\"name\":\"Kombiverkehr y Sophie Kircher quieren poner fin al estancamiento - Loginfo24\",\"isPartOf\":{\"@id\":\"https:\\\/\\\/loginfo24.com\\\/es\\\/#website\"},\"primaryImageOfPage\":{\"@id\":\"https:\\\/\\\/loginfo24.com\\\/es\\\/2025\\\/05\\\/16\\\/kombiverkehr-y-sophie-kircher-quieren-poner-fin-al-estancamiento\\\/#primaryimage\"},\"image\":{\"@id\":\"https:\\\/\\\/loginfo24.com\\\/es\\\/2025\\\/05\\\/16\\\/kombiverkehr-y-sophie-kircher-quieren-poner-fin-al-estancamiento\\\/#primaryimage\"},\"thumbnailUrl\":\"https:\\\/\\\/loginfo24.com\\\/wp-content\\\/uploads\\\/sites\\\/7\\\/2025\\\/12\\\/Kombiverkehr_16.5.25.jpg\",\"datePublished\":\"2025-05-16T14:11:26+00:00\",\"breadcrumb\":{\"@id\":\"https:\\\/\\\/loginfo24.com\\\/es\\\/2025\\\/05\\\/16\\\/kombiverkehr-y-sophie-kircher-quieren-poner-fin-al-estancamiento\\\/#breadcrumb\"},\"inLanguage\":\"es\",\"potentialAction\":[{\"@type\":\"ReadAction\",\"target\":[\"https:\\\/\\\/loginfo24.com\\\/es\\\/2025\\\/05\\\/16\\\/kombiverkehr-y-sophie-kircher-quieren-poner-fin-al-estancamiento\\\/\"]}]},{\"@type\":\"ImageObject\",\"inLanguage\":\"es\",\"@id\":\"https:\\\/\\\/loginfo24.com\\\/es\\\/2025\\\/05\\\/16\\\/kombiverkehr-y-sophie-kircher-quieren-poner-fin-al-estancamiento\\\/#primaryimage\",\"url\":\"https:\\\/\\\/loginfo24.com\\\/wp-content\\\/uploads\\\/sites\\\/7\\\/2025\\\/12\\\/Kombiverkehr_16.5.25.jpg\",\"contentUrl\":\"https:\\\/\\\/loginfo24.com\\\/wp-content\\\/uploads\\\/sites\\\/7\\\/2025\\\/12\\\/Kombiverkehr_16.5.25.jpg\",\"width\":1365,\"height\":839},{\"@type\":\"BreadcrumbList\",\"@id\":\"https:\\\/\\\/loginfo24.com\\\/es\\\/2025\\\/05\\\/16\\\/kombiverkehr-y-sophie-kircher-quieren-poner-fin-al-estancamiento\\\/#breadcrumb\",\"itemListElement\":[{\"@type\":\"ListItem\",\"position\":1,\"name\":\"Startseite\",\"item\":\"https:\\\/\\\/loginfo24.com\\\/es\\\/\"},{\"@type\":\"ListItem\",\"position\":2,\"name\":\"Kombiverkehr y Sophie Kircher quieren poner fin al estancamiento\"}]},{\"@type\":\"WebSite\",\"@id\":\"https:\\\/\\\/loginfo24.com\\\/es\\\/#website\",\"url\":\"https:\\\/\\\/loginfo24.com\\\/es\\\/\",\"name\":\"Loginfo24\",\"description\":\"Loginfo24 es la plataforma dedicada a la log\u00edstica y las cadenas de suministro con informaci\u00f3n las 24 horas del d\u00eda.\",\"publisher\":{\"@id\":\"https:\\\/\\\/loginfo24.com\\\/es\\\/#organization\"},\"potentialAction\":[{\"@type\":\"SearchAction\",\"target\":{\"@type\":\"EntryPoint\",\"urlTemplate\":\"https:\\\/\\\/loginfo24.com\\\/es\\\/?s={search_term_string}\"},\"query-input\":{\"@type\":\"PropertyValueSpecification\",\"valueRequired\":true,\"valueName\":\"search_term_string\"}}],\"inLanguage\":\"es\"},{\"@type\":\"Organization\",\"@id\":\"https:\\\/\\\/loginfo24.com\\\/es\\\/#organization\",\"name\":\"Grupo Logismedia AG\",\"url\":\"https:\\\/\\\/loginfo24.com\\\/es\\\/\",\"logo\":{\"@type\":\"ImageObject\",\"inLanguage\":\"es\",\"@id\":\"https:\\\/\\\/loginfo24.com\\\/es\\\/#\\\/schema\\\/logo\\\/image\\\/\",\"url\":\"https:\\\/\\\/loginfo24.com\\\/wp-content\\\/uploads\\\/sites\\\/7\\\/2026\\\/01\\\/Logo_LogInfo24.png\",\"contentUrl\":\"https:\\\/\\\/loginfo24.com\\\/wp-content\\\/uploads\\\/sites\\\/7\\\/2026\\\/01\\\/Logo_LogInfo24.png\",\"width\":938,\"height\":351,\"caption\":\"Grupo Logismedia AG\"},\"image\":{\"@id\":\"https:\\\/\\\/loginfo24.com\\\/es\\\/#\\\/schema\\\/logo\\\/image\\\/\"},\"sameAs\":[\"https:\\\/\\\/www.facebook.com\\\/people\\\/Loginfo24\\\/100057360583332\\\/\",\"https:\\\/\\\/www.linkedin.com\\\/company\\\/lofinfo24\\\/\"]}]}<\/script>\n<!-- \/ Yoast SEO plugin. -->","yoast_head_json":{"title":"Kombiverkehr y Sophie Kircher quieren poner fin al estancamiento - Loginfo24","robots":{"index":"index","follow":"follow","max-snippet":"max-snippet:-1","max-image-preview":"max-image-preview:large","max-video-preview":"max-video-preview:-1"},"canonical":"https:\/\/loginfo24.com\/es\/2025\/05\/16\/kombiverkehr-y-sophie-kircher-quieren-poner-fin-al-estancamiento\/","og_locale":"es_ES","og_type":"article","og_title":"Kombiverkehr y Sophie Kircher quieren poner fin al estancamiento - Loginfo24","og_description":"La eurodiputada Sophie Kircher y Kombiverkehr KG quieren poner fin al estancamiento pol\u00edtico en el debate sobre el futuro de la directiva de transporte combinado. Por [\u2026]","og_url":"https:\/\/loginfo24.com\/es\/2025\/05\/16\/kombiverkehr-y-sophie-kircher-quieren-poner-fin-al-estancamiento\/","og_site_name":"Loginfo24","article_publisher":"https:\/\/www.facebook.com\/people\/Loginfo24\/100057360583332\/","article_published_time":"2025-05-16T14:11:26+00:00","og_image":[{"width":1365,"height":839,"url":"https:\/\/loginfo24.com\/wp-content\/uploads\/sites\/7\/2025\/12\/Kombiverkehr_16.5.25.jpg","type":"image\/jpeg"}],"twitter_card":"summary_large_image","twitter_misc":{"Tiempo de lectura":"3 minuto"},"schema":{"@context":"https:\/\/schema.org","@graph":[{"@type":"Article","@id":"https:\/\/loginfo24.com\/es\/2025\/05\/16\/kombiverkehr-y-sophie-kircher-quieren-poner-fin-al-estancamiento\/#article","isPartOf":{"@id":"https:\/\/loginfo24.com\/es\/2025\/05\/16\/kombiverkehr-y-sophie-kircher-quieren-poner-fin-al-estancamiento\/"},"author":{"name":"","@id":""},"headline":"Kombiverkehr y Sophie Kircher quieren poner fin al estancamiento","datePublished":"2025-05-16T14:11:26+00:00","mainEntityOfPage":{"@id":"https:\/\/loginfo24.com\/es\/2025\/05\/16\/kombiverkehr-y-sophie-kircher-quieren-poner-fin-al-estancamiento\/"},"wordCount":602,"commentCount":0,"publisher":{"@id":"https:\/\/loginfo24.com\/es\/#organization"},"image":{"@id":"https:\/\/loginfo24.com\/es\/2025\/05\/16\/kombiverkehr-y-sophie-kircher-quieren-poner-fin-al-estancamiento\/#primaryimage"},"thumbnailUrl":"https:\/\/loginfo24.com\/wp-content\/uploads\/sites\/7\/2025\/12\/Kombiverkehr_16.5.25.jpg","articleSection":["Forwarding &amp; Logistics","Regions"],"inLanguage":"es","potentialAction":[{"@type":"CommentAction","name":"Comment","target":["https:\/\/loginfo24.com\/es\/2025\/05\/16\/kombiverkehr-y-sophie-kircher-quieren-poner-fin-al-estancamiento\/#respond"]}]},{"@type":"WebPage","@id":"https:\/\/loginfo24.com\/es\/2025\/05\/16\/kombiverkehr-y-sophie-kircher-quieren-poner-fin-al-estancamiento\/","url":"https:\/\/loginfo24.com\/es\/2025\/05\/16\/kombiverkehr-y-sophie-kircher-quieren-poner-fin-al-estancamiento\/","name":"Kombiverkehr y Sophie Kircher quieren poner fin al estancamiento - Loginfo24","isPartOf":{"@id":"https:\/\/loginfo24.com\/es\/#website"},"primaryImageOfPage":{"@id":"https:\/\/loginfo24.com\/es\/2025\/05\/16\/kombiverkehr-y-sophie-kircher-quieren-poner-fin-al-estancamiento\/#primaryimage"},"image":{"@id":"https:\/\/loginfo24.com\/es\/2025\/05\/16\/kombiverkehr-y-sophie-kircher-quieren-poner-fin-al-estancamiento\/#primaryimage"},"thumbnailUrl":"https:\/\/loginfo24.com\/wp-content\/uploads\/sites\/7\/2025\/12\/Kombiverkehr_16.5.25.jpg","datePublished":"2025-05-16T14:11:26+00:00","breadcrumb":{"@id":"https:\/\/loginfo24.com\/es\/2025\/05\/16\/kombiverkehr-y-sophie-kircher-quieren-poner-fin-al-estancamiento\/#breadcrumb"},"inLanguage":"es","potentialAction":[{"@type":"ReadAction","target":["https:\/\/loginfo24.com\/es\/2025\/05\/16\/kombiverkehr-y-sophie-kircher-quieren-poner-fin-al-estancamiento\/"]}]},{"@type":"ImageObject","inLanguage":"es","@id":"https:\/\/loginfo24.com\/es\/2025\/05\/16\/kombiverkehr-y-sophie-kircher-quieren-poner-fin-al-estancamiento\/#primaryimage","url":"https:\/\/loginfo24.com\/wp-content\/uploads\/sites\/7\/2025\/12\/Kombiverkehr_16.5.25.jpg","contentUrl":"https:\/\/loginfo24.com\/wp-content\/uploads\/sites\/7\/2025\/12\/Kombiverkehr_16.5.25.jpg","width":1365,"height":839},{"@type":"BreadcrumbList","@id":"https:\/\/loginfo24.com\/es\/2025\/05\/16\/kombiverkehr-y-sophie-kircher-quieren-poner-fin-al-estancamiento\/#breadcrumb","itemListElement":[{"@type":"ListItem","position":1,"name":"Startseite","item":"https:\/\/loginfo24.com\/es\/"},{"@type":"ListItem","position":2,"name":"Kombiverkehr y Sophie Kircher quieren poner fin al estancamiento"}]},{"@type":"WebSite","@id":"https:\/\/loginfo24.com\/es\/#website","url":"https:\/\/loginfo24.com\/es\/","name":"Loginfo24","description":"Loginfo24 es la plataforma dedicada a la log\u00edstica y las cadenas de suministro con informaci\u00f3n las 24 horas del d\u00eda.","publisher":{"@id":"https:\/\/loginfo24.com\/es\/#organization"},"potentialAction":[{"@type":"SearchAction","target":{"@type":"EntryPoint","urlTemplate":"https:\/\/loginfo24.com\/es\/?s={search_term_string}"},"query-input":{"@type":"PropertyValueSpecification","valueRequired":true,"valueName":"search_term_string"}}],"inLanguage":"es"},{"@type":"Organization","@id":"https:\/\/loginfo24.com\/es\/#organization","name":"Grupo Logismedia AG","url":"https:\/\/loginfo24.com\/es\/","logo":{"@type":"ImageObject","inLanguage":"es","@id":"https:\/\/loginfo24.com\/es\/#\/schema\/logo\/image\/","url":"https:\/\/loginfo24.com\/wp-content\/uploads\/sites\/7\/2026\/01\/Logo_LogInfo24.png","contentUrl":"https:\/\/loginfo24.com\/wp-content\/uploads\/sites\/7\/2026\/01\/Logo_LogInfo24.png","width":938,"height":351,"caption":"Grupo Logismedia AG"},"image":{"@id":"https:\/\/loginfo24.com\/es\/#\/schema\/logo\/image\/"},"sameAs":["https:\/\/www.facebook.com\/people\/Loginfo24\/100057360583332\/","https:\/\/www.linkedin.com\/company\/lofinfo24\/"]}]}},"_links":{"self":[{"href":"https:\/\/loginfo24.com\/es\/wp-json\/wp\/v2\/posts\/69173","targetHints":{"allow":["GET"]}}],"collection":[{"href":"https:\/\/loginfo24.com\/es\/wp-json\/wp\/v2\/posts"}],"about":[{"href":"https:\/\/loginfo24.com\/es\/wp-json\/wp\/v2\/types\/post"}],"replies":[{"embeddable":true,"href":"https:\/\/loginfo24.com\/es\/wp-json\/wp\/v2\/comments?post=69173"}],"version-history":[{"count":0,"href":"https:\/\/loginfo24.com\/es\/wp-json\/wp\/v2\/posts\/69173\/revisions"}],"wp:featuredmedia":[{"embeddable":true,"href":"https:\/\/loginfo24.com\/es\/wp-json\/wp\/v2\/media\/5009"}],"wp:attachment":[{"href":"https:\/\/loginfo24.com\/es\/wp-json\/wp\/v2\/media?parent=69173"}],"wp:term":[{"taxonomy":"category","embeddable":true,"href":"https:\/\/loginfo24.com\/es\/wp-json\/wp\/v2\/categories?post=69173"},{"taxonomy":"post_tag","embeddable":true,"href":"https:\/\/loginfo24.com\/es\/wp-json\/wp\/v2\/tags?post=69173"}],"curies":[{"name":"wp","href":"https:\/\/api.w.org\/{rel}","templated":true}]}}