{"id":68735,"date":"2025-04-05T12:51:17","date_gmt":"2025-04-05T10:51:17","guid":{"rendered":"https:\/\/blog.brand-architecture.at\/2025\/04\/05\/martin-schlomp-reemplaza-a-sven-bley-en-la-cima-de-f-w-neukirch\/"},"modified":"2025-04-05T12:51:17","modified_gmt":"2025-04-05T10:51:17","slug":"martin-schlomp-reemplaza-a-sven-bley-en-la-cima-de-f-w-neukirch","status":"publish","type":"post","link":"https:\/\/loginfo24.com\/es\/2025\/04\/05\/martin-schlomp-reemplaza-a-sven-bley-en-la-cima-de-f-w-neukirch\/","title":{"rendered":"Martin Schl\u00f6mp reemplaza a Sven Bley en la cima de F.W. Neukirch"},"content":{"rendered":"<h5>Cambio en la direcci\u00f3n de F.W. Neukirch en Bremen: El actual director general Sven Bley dejar\u00e1 la empresa a mediados de a\u00f1o por deseo propio, para enfrentarse a un nuevo desaf\u00edo. Su sucesor a partir del 1 de julio de 2025 ser\u00e1 el diplomado en administraci\u00f3n de empresas Martin Schl\u00f6mp, quien ya trabaja en la empresa desde el 1 de abril.<\/h5>\n<p>(Bremen) Sven Bley, de 53 a\u00f1os, comenz\u00f3 en 2002 como jefe de log\u00edstica de mudanzas en FWN y asumi\u00f3 a lo largo de los a\u00f1os otros departamentos. En 2016 fue nombrado director general y desde 2020 es el \u00fanico director general.<\/p>\n<p><img loading=\"lazy\" decoding=\"async\" class=\"wp-image-28516 \" src=\"https:\/\/loginfo24.com\/wp-content\/uploads\/sites\/7\/2025\/12\/FWN_5.4.25_3-211x300.jpg\" alt=\"\" width=\"145\" height=\"206\" \/> Sven Bley<\/caption>\n<p>Durante su tiempo en F.W. Neukirch, Sven Bley ha guiado con \u00e9xito a la empresa y sus negocios a trav\u00e9s de los desafiantes \u00faltimos a\u00f1os. Bajo su liderazgo, se han ampliado las \u00e1reas comerciales y se han ganado numerosos contratos a largo plazo en el \u00e1rea de log\u00edstica de almacenamiento y contratos, un importante motor del desarrollo positivo de resultados. Su compromiso ha dejado una impresi\u00f3n duradera.<\/p>\n<p>\u00abLamentamos profundamente que Sven Bley haya decidido dar forma a su futuro profesional sin FWN y le agradecemos por el excelente trabajo que ha realizado como l\u00edder a lo largo de los a\u00f1os\u00bb, dijo el presidente del consejo asesor Bruno Kruth.<\/p>\n<p>&nbsp;<\/p>\n<p><img loading=\"lazy\" decoding=\"async\" class=\" wp-image-28517\" src=\"https:\/\/loginfo24.com\/wp-content\/uploads\/sites\/7\/2025\/12\/FWN_5.4.25_2.jpg\" alt=\"\" width=\"148\" height=\"148\" \/> Martin Schl\u00f6mp<\/caption>\n<p>Para garantizar una transici\u00f3n sin problemas, el logista Martin Schl\u00f6mp (54 a\u00f1os) se unir\u00e1 a la direcci\u00f3n el 01.04.25. El diplomado en administraci\u00f3n de empresas Martin Schl\u00f6mp domina la log\u00edstica de la A a la Z. Despu\u00e9s de su formaci\u00f3n como agente de transporte y su estudio, siguieron diversas etapas como gerente de proyectos y director de sucursal, donde pudo acumular una amplia experiencia en gesti\u00f3n en log\u00edstica de contratos y en el sector automotriz. A partir del 1 de julio de 2025, Martin Schl\u00f6mp ser\u00e1 el nuevo director general \u00fanico.<\/p>\n<h5><\/h5>\n<p>&nbsp;<\/p>\n<h5>Desarrollo constante y exitoso<\/h5>\n<p>\u00abEstamos convencidos de que Martin Schl\u00f6mp, con su amplia experiencia y habilidades, continuar\u00e1 con el desarrollo constante y exitoso de nuestra empresa. Le damos una c\u00e1lida bienvenida a nuestro medio y esperamos con ansias el futuro conjunto que nos espera\u00bb, dijo Bruno Kruth.<\/p>\n<p>Fotos: \u00a9 F.W.Neukirch<\/p>\n","protected":false},"excerpt":{"rendered":"<p>Cambio en la direcci\u00f3n de F.W. Neukirch en Bremen: El actual director general Sven Bley dejar\u00e1 la empresa a mediados de a\u00f1o por deseo propio, para<span class=\"excerpt-hellip\"> [\u2026]<\/span><\/p>\n","protected":false},"author":0,"featured_media":5178,"comment_status":"open","ping_status":"open","sticky":false,"template":"","format":"standard","meta":{"_acf_changed":false,"footnotes":""},"categories":[1557,1561],"tags":[],"class_list":["post-68735","post","type-post","status-publish","format-standard","has-post-thumbnail","hentry","category-forwarding-logistics","category-regions"],"acf":[],"yoast_head":"<!-- This site is optimized with the Yoast SEO plugin v27.3 - https:\/\/yoast.com\/product\/yoast-seo-wordpress\/ -->\n<title>Martin Schl\u00f6mp reemplaza a Sven Bley en la cima de F.W. Neukirch - Loginfo24<\/title>\n<meta name=\"robots\" content=\"index, follow, max-snippet:-1, max-image-preview:large, max-video-preview:-1\" \/>\n<link rel=\"canonical\" href=\"https:\/\/loginfo24.com\/es\/2025\/04\/05\/martin-schlomp-reemplaza-a-sven-bley-en-la-cima-de-f-w-neukirch\/\" \/>\n<meta property=\"og:locale\" content=\"es_ES\" \/>\n<meta property=\"og:type\" content=\"article\" \/>\n<meta property=\"og:title\" content=\"Martin Schl\u00f6mp reemplaza a Sven Bley en la cima de F.W. Neukirch - Loginfo24\" \/>\n<meta property=\"og:description\" content=\"Cambio en la direcci\u00f3n de F.W. Neukirch en Bremen: El actual director general Sven Bley dejar\u00e1 la empresa a mediados de a\u00f1o por deseo propio, para [\u2026]\" \/>\n<meta property=\"og:url\" content=\"https:\/\/loginfo24.com\/es\/2025\/04\/05\/martin-schlomp-reemplaza-a-sven-bley-en-la-cima-de-f-w-neukirch\/\" \/>\n<meta property=\"og:site_name\" content=\"Loginfo24\" \/>\n<meta property=\"article:publisher\" content=\"https:\/\/www.facebook.com\/people\/Loginfo24\/100057360583332\/\" \/>\n<meta property=\"article:published_time\" content=\"2025-04-05T10:51:17+00:00\" \/>\n<meta property=\"og:image\" content=\"https:\/\/loginfo24.com\/wp-content\/uploads\/sites\/7\/2025\/12\/FWN_5.4.25_1.jpg\" \/>\n\t<meta property=\"og:image:width\" content=\"1193\" \/>\n\t<meta property=\"og:image:height\" content=\"740\" \/>\n\t<meta property=\"og:image:type\" content=\"image\/jpeg\" \/>\n<meta name=\"twitter:card\" content=\"summary_large_image\" \/>\n<meta name=\"twitter:label1\" content=\"Tiempo de lectura\" \/>\n\t<meta name=\"twitter:data1\" content=\"2 minuto\" \/>\n<script type=\"application\/ld+json\" class=\"yoast-schema-graph\">{\"@context\":\"https:\\\/\\\/schema.org\",\"@graph\":[{\"@type\":\"Article\",\"@id\":\"https:\\\/\\\/loginfo24.com\\\/es\\\/2025\\\/04\\\/05\\\/martin-schlomp-reemplaza-a-sven-bley-en-la-cima-de-f-w-neukirch\\\/#article\",\"isPartOf\":{\"@id\":\"https:\\\/\\\/loginfo24.com\\\/es\\\/2025\\\/04\\\/05\\\/martin-schlomp-reemplaza-a-sven-bley-en-la-cima-de-f-w-neukirch\\\/\"},\"author\":{\"name\":\"\",\"@id\":\"\"},\"headline\":\"Martin Schl\u00f6mp reemplaza a Sven Bley en la cima de F.W. Neukirch\",\"datePublished\":\"2025-04-05T10:51:17+00:00\",\"mainEntityOfPage\":{\"@id\":\"https:\\\/\\\/loginfo24.com\\\/es\\\/2025\\\/04\\\/05\\\/martin-schlomp-reemplaza-a-sven-bley-en-la-cima-de-f-w-neukirch\\\/\"},\"wordCount\":404,\"commentCount\":0,\"publisher\":{\"@id\":\"https:\\\/\\\/loginfo24.com\\\/es\\\/#organization\"},\"image\":{\"@id\":\"https:\\\/\\\/loginfo24.com\\\/es\\\/2025\\\/04\\\/05\\\/martin-schlomp-reemplaza-a-sven-bley-en-la-cima-de-f-w-neukirch\\\/#primaryimage\"},\"thumbnailUrl\":\"https:\\\/\\\/loginfo24.com\\\/wp-content\\\/uploads\\\/sites\\\/7\\\/2025\\\/12\\\/FWN_5.4.25_1.jpg\",\"articleSection\":[\"Forwarding &amp; Logistics\",\"Regions\"],\"inLanguage\":\"es\",\"potentialAction\":[{\"@type\":\"CommentAction\",\"name\":\"Comment\",\"target\":[\"https:\\\/\\\/loginfo24.com\\\/es\\\/2025\\\/04\\\/05\\\/martin-schlomp-reemplaza-a-sven-bley-en-la-cima-de-f-w-neukirch\\\/#respond\"]}]},{\"@type\":\"WebPage\",\"@id\":\"https:\\\/\\\/loginfo24.com\\\/es\\\/2025\\\/04\\\/05\\\/martin-schlomp-reemplaza-a-sven-bley-en-la-cima-de-f-w-neukirch\\\/\",\"url\":\"https:\\\/\\\/loginfo24.com\\\/es\\\/2025\\\/04\\\/05\\\/martin-schlomp-reemplaza-a-sven-bley-en-la-cima-de-f-w-neukirch\\\/\",\"name\":\"Martin Schl\u00f6mp reemplaza a Sven Bley en la cima de F.W. Neukirch - Loginfo24\",\"isPartOf\":{\"@id\":\"https:\\\/\\\/loginfo24.com\\\/es\\\/#website\"},\"primaryImageOfPage\":{\"@id\":\"https:\\\/\\\/loginfo24.com\\\/es\\\/2025\\\/04\\\/05\\\/martin-schlomp-reemplaza-a-sven-bley-en-la-cima-de-f-w-neukirch\\\/#primaryimage\"},\"image\":{\"@id\":\"https:\\\/\\\/loginfo24.com\\\/es\\\/2025\\\/04\\\/05\\\/martin-schlomp-reemplaza-a-sven-bley-en-la-cima-de-f-w-neukirch\\\/#primaryimage\"},\"thumbnailUrl\":\"https:\\\/\\\/loginfo24.com\\\/wp-content\\\/uploads\\\/sites\\\/7\\\/2025\\\/12\\\/FWN_5.4.25_1.jpg\",\"datePublished\":\"2025-04-05T10:51:17+00:00\",\"breadcrumb\":{\"@id\":\"https:\\\/\\\/loginfo24.com\\\/es\\\/2025\\\/04\\\/05\\\/martin-schlomp-reemplaza-a-sven-bley-en-la-cima-de-f-w-neukirch\\\/#breadcrumb\"},\"inLanguage\":\"es\",\"potentialAction\":[{\"@type\":\"ReadAction\",\"target\":[\"https:\\\/\\\/loginfo24.com\\\/es\\\/2025\\\/04\\\/05\\\/martin-schlomp-reemplaza-a-sven-bley-en-la-cima-de-f-w-neukirch\\\/\"]}]},{\"@type\":\"ImageObject\",\"inLanguage\":\"es\",\"@id\":\"https:\\\/\\\/loginfo24.com\\\/es\\\/2025\\\/04\\\/05\\\/martin-schlomp-reemplaza-a-sven-bley-en-la-cima-de-f-w-neukirch\\\/#primaryimage\",\"url\":\"https:\\\/\\\/loginfo24.com\\\/wp-content\\\/uploads\\\/sites\\\/7\\\/2025\\\/12\\\/FWN_5.4.25_1.jpg\",\"contentUrl\":\"https:\\\/\\\/loginfo24.com\\\/wp-content\\\/uploads\\\/sites\\\/7\\\/2025\\\/12\\\/FWN_5.4.25_1.jpg\",\"width\":1193,\"height\":740},{\"@type\":\"BreadcrumbList\",\"@id\":\"https:\\\/\\\/loginfo24.com\\\/es\\\/2025\\\/04\\\/05\\\/martin-schlomp-reemplaza-a-sven-bley-en-la-cima-de-f-w-neukirch\\\/#breadcrumb\",\"itemListElement\":[{\"@type\":\"ListItem\",\"position\":1,\"name\":\"Startseite\",\"item\":\"https:\\\/\\\/loginfo24.com\\\/es\\\/\"},{\"@type\":\"ListItem\",\"position\":2,\"name\":\"Martin Schl\u00f6mp reemplaza a Sven Bley en la cima de F.W. Neukirch\"}]},{\"@type\":\"WebSite\",\"@id\":\"https:\\\/\\\/loginfo24.com\\\/es\\\/#website\",\"url\":\"https:\\\/\\\/loginfo24.com\\\/es\\\/\",\"name\":\"Loginfo24\",\"description\":\"Loginfo24 es la plataforma dedicada a la log\u00edstica y las cadenas de suministro con informaci\u00f3n las 24 horas del d\u00eda.\",\"publisher\":{\"@id\":\"https:\\\/\\\/loginfo24.com\\\/es\\\/#organization\"},\"potentialAction\":[{\"@type\":\"SearchAction\",\"target\":{\"@type\":\"EntryPoint\",\"urlTemplate\":\"https:\\\/\\\/loginfo24.com\\\/es\\\/?s={search_term_string}\"},\"query-input\":{\"@type\":\"PropertyValueSpecification\",\"valueRequired\":true,\"valueName\":\"search_term_string\"}}],\"inLanguage\":\"es\"},{\"@type\":\"Organization\",\"@id\":\"https:\\\/\\\/loginfo24.com\\\/es\\\/#organization\",\"name\":\"Grupo Logismedia AG\",\"url\":\"https:\\\/\\\/loginfo24.com\\\/es\\\/\",\"logo\":{\"@type\":\"ImageObject\",\"inLanguage\":\"es\",\"@id\":\"https:\\\/\\\/loginfo24.com\\\/es\\\/#\\\/schema\\\/logo\\\/image\\\/\",\"url\":\"https:\\\/\\\/loginfo24.com\\\/wp-content\\\/uploads\\\/sites\\\/7\\\/2026\\\/01\\\/Logo_LogInfo24.png\",\"contentUrl\":\"https:\\\/\\\/loginfo24.com\\\/wp-content\\\/uploads\\\/sites\\\/7\\\/2026\\\/01\\\/Logo_LogInfo24.png\",\"width\":938,\"height\":351,\"caption\":\"Grupo Logismedia AG\"},\"image\":{\"@id\":\"https:\\\/\\\/loginfo24.com\\\/es\\\/#\\\/schema\\\/logo\\\/image\\\/\"},\"sameAs\":[\"https:\\\/\\\/www.facebook.com\\\/people\\\/Loginfo24\\\/100057360583332\\\/\",\"https:\\\/\\\/www.linkedin.com\\\/company\\\/lofinfo24\\\/\"]}]}<\/script>\n<!-- \/ Yoast SEO plugin. -->","yoast_head_json":{"title":"Martin Schl\u00f6mp reemplaza a Sven Bley en la cima de F.W. Neukirch - Loginfo24","robots":{"index":"index","follow":"follow","max-snippet":"max-snippet:-1","max-image-preview":"max-image-preview:large","max-video-preview":"max-video-preview:-1"},"canonical":"https:\/\/loginfo24.com\/es\/2025\/04\/05\/martin-schlomp-reemplaza-a-sven-bley-en-la-cima-de-f-w-neukirch\/","og_locale":"es_ES","og_type":"article","og_title":"Martin Schl\u00f6mp reemplaza a Sven Bley en la cima de F.W. Neukirch - Loginfo24","og_description":"Cambio en la direcci\u00f3n de F.W. Neukirch en Bremen: El actual director general Sven Bley dejar\u00e1 la empresa a mediados de a\u00f1o por deseo propio, para [\u2026]","og_url":"https:\/\/loginfo24.com\/es\/2025\/04\/05\/martin-schlomp-reemplaza-a-sven-bley-en-la-cima-de-f-w-neukirch\/","og_site_name":"Loginfo24","article_publisher":"https:\/\/www.facebook.com\/people\/Loginfo24\/100057360583332\/","article_published_time":"2025-04-05T10:51:17+00:00","og_image":[{"width":1193,"height":740,"url":"https:\/\/loginfo24.com\/wp-content\/uploads\/sites\/7\/2025\/12\/FWN_5.4.25_1.jpg","type":"image\/jpeg"}],"twitter_card":"summary_large_image","twitter_misc":{"Tiempo de lectura":"2 minuto"},"schema":{"@context":"https:\/\/schema.org","@graph":[{"@type":"Article","@id":"https:\/\/loginfo24.com\/es\/2025\/04\/05\/martin-schlomp-reemplaza-a-sven-bley-en-la-cima-de-f-w-neukirch\/#article","isPartOf":{"@id":"https:\/\/loginfo24.com\/es\/2025\/04\/05\/martin-schlomp-reemplaza-a-sven-bley-en-la-cima-de-f-w-neukirch\/"},"author":{"name":"","@id":""},"headline":"Martin Schl\u00f6mp reemplaza a Sven Bley en la cima de F.W. Neukirch","datePublished":"2025-04-05T10:51:17+00:00","mainEntityOfPage":{"@id":"https:\/\/loginfo24.com\/es\/2025\/04\/05\/martin-schlomp-reemplaza-a-sven-bley-en-la-cima-de-f-w-neukirch\/"},"wordCount":404,"commentCount":0,"publisher":{"@id":"https:\/\/loginfo24.com\/es\/#organization"},"image":{"@id":"https:\/\/loginfo24.com\/es\/2025\/04\/05\/martin-schlomp-reemplaza-a-sven-bley-en-la-cima-de-f-w-neukirch\/#primaryimage"},"thumbnailUrl":"https:\/\/loginfo24.com\/wp-content\/uploads\/sites\/7\/2025\/12\/FWN_5.4.25_1.jpg","articleSection":["Forwarding &amp; Logistics","Regions"],"inLanguage":"es","potentialAction":[{"@type":"CommentAction","name":"Comment","target":["https:\/\/loginfo24.com\/es\/2025\/04\/05\/martin-schlomp-reemplaza-a-sven-bley-en-la-cima-de-f-w-neukirch\/#respond"]}]},{"@type":"WebPage","@id":"https:\/\/loginfo24.com\/es\/2025\/04\/05\/martin-schlomp-reemplaza-a-sven-bley-en-la-cima-de-f-w-neukirch\/","url":"https:\/\/loginfo24.com\/es\/2025\/04\/05\/martin-schlomp-reemplaza-a-sven-bley-en-la-cima-de-f-w-neukirch\/","name":"Martin Schl\u00f6mp reemplaza a Sven Bley en la cima de F.W. Neukirch - Loginfo24","isPartOf":{"@id":"https:\/\/loginfo24.com\/es\/#website"},"primaryImageOfPage":{"@id":"https:\/\/loginfo24.com\/es\/2025\/04\/05\/martin-schlomp-reemplaza-a-sven-bley-en-la-cima-de-f-w-neukirch\/#primaryimage"},"image":{"@id":"https:\/\/loginfo24.com\/es\/2025\/04\/05\/martin-schlomp-reemplaza-a-sven-bley-en-la-cima-de-f-w-neukirch\/#primaryimage"},"thumbnailUrl":"https:\/\/loginfo24.com\/wp-content\/uploads\/sites\/7\/2025\/12\/FWN_5.4.25_1.jpg","datePublished":"2025-04-05T10:51:17+00:00","breadcrumb":{"@id":"https:\/\/loginfo24.com\/es\/2025\/04\/05\/martin-schlomp-reemplaza-a-sven-bley-en-la-cima-de-f-w-neukirch\/#breadcrumb"},"inLanguage":"es","potentialAction":[{"@type":"ReadAction","target":["https:\/\/loginfo24.com\/es\/2025\/04\/05\/martin-schlomp-reemplaza-a-sven-bley-en-la-cima-de-f-w-neukirch\/"]}]},{"@type":"ImageObject","inLanguage":"es","@id":"https:\/\/loginfo24.com\/es\/2025\/04\/05\/martin-schlomp-reemplaza-a-sven-bley-en-la-cima-de-f-w-neukirch\/#primaryimage","url":"https:\/\/loginfo24.com\/wp-content\/uploads\/sites\/7\/2025\/12\/FWN_5.4.25_1.jpg","contentUrl":"https:\/\/loginfo24.com\/wp-content\/uploads\/sites\/7\/2025\/12\/FWN_5.4.25_1.jpg","width":1193,"height":740},{"@type":"BreadcrumbList","@id":"https:\/\/loginfo24.com\/es\/2025\/04\/05\/martin-schlomp-reemplaza-a-sven-bley-en-la-cima-de-f-w-neukirch\/#breadcrumb","itemListElement":[{"@type":"ListItem","position":1,"name":"Startseite","item":"https:\/\/loginfo24.com\/es\/"},{"@type":"ListItem","position":2,"name":"Martin Schl\u00f6mp reemplaza a Sven Bley en la cima de F.W. Neukirch"}]},{"@type":"WebSite","@id":"https:\/\/loginfo24.com\/es\/#website","url":"https:\/\/loginfo24.com\/es\/","name":"Loginfo24","description":"Loginfo24 es la plataforma dedicada a la log\u00edstica y las cadenas de suministro con informaci\u00f3n las 24 horas del d\u00eda.","publisher":{"@id":"https:\/\/loginfo24.com\/es\/#organization"},"potentialAction":[{"@type":"SearchAction","target":{"@type":"EntryPoint","urlTemplate":"https:\/\/loginfo24.com\/es\/?s={search_term_string}"},"query-input":{"@type":"PropertyValueSpecification","valueRequired":true,"valueName":"search_term_string"}}],"inLanguage":"es"},{"@type":"Organization","@id":"https:\/\/loginfo24.com\/es\/#organization","name":"Grupo Logismedia AG","url":"https:\/\/loginfo24.com\/es\/","logo":{"@type":"ImageObject","inLanguage":"es","@id":"https:\/\/loginfo24.com\/es\/#\/schema\/logo\/image\/","url":"https:\/\/loginfo24.com\/wp-content\/uploads\/sites\/7\/2026\/01\/Logo_LogInfo24.png","contentUrl":"https:\/\/loginfo24.com\/wp-content\/uploads\/sites\/7\/2026\/01\/Logo_LogInfo24.png","width":938,"height":351,"caption":"Grupo Logismedia AG"},"image":{"@id":"https:\/\/loginfo24.com\/es\/#\/schema\/logo\/image\/"},"sameAs":["https:\/\/www.facebook.com\/people\/Loginfo24\/100057360583332\/","https:\/\/www.linkedin.com\/company\/lofinfo24\/"]}]}},"_links":{"self":[{"href":"https:\/\/loginfo24.com\/es\/wp-json\/wp\/v2\/posts\/68735","targetHints":{"allow":["GET"]}}],"collection":[{"href":"https:\/\/loginfo24.com\/es\/wp-json\/wp\/v2\/posts"}],"about":[{"href":"https:\/\/loginfo24.com\/es\/wp-json\/wp\/v2\/types\/post"}],"replies":[{"embeddable":true,"href":"https:\/\/loginfo24.com\/es\/wp-json\/wp\/v2\/comments?post=68735"}],"version-history":[{"count":0,"href":"https:\/\/loginfo24.com\/es\/wp-json\/wp\/v2\/posts\/68735\/revisions"}],"wp:featuredmedia":[{"embeddable":true,"href":"https:\/\/loginfo24.com\/es\/wp-json\/wp\/v2\/media\/5178"}],"wp:attachment":[{"href":"https:\/\/loginfo24.com\/es\/wp-json\/wp\/v2\/media?parent=68735"}],"wp:term":[{"taxonomy":"category","embeddable":true,"href":"https:\/\/loginfo24.com\/es\/wp-json\/wp\/v2\/categories?post=68735"},{"taxonomy":"post_tag","embeddable":true,"href":"https:\/\/loginfo24.com\/es\/wp-json\/wp\/v2\/tags?post=68735"}],"curies":[{"name":"wp","href":"https:\/\/api.w.org\/{rel}","templated":true}]}}