{"id":68460,"date":"2025-12-19T10:51:57","date_gmt":"2025-12-19T10:51:57","guid":{"rendered":"https:\/\/blog.brand-architecture.at\/2025\/12\/19\/cooperacion-para-la-promocion-de-la-intralogistica\/"},"modified":"2025-12-29T14:31:51","modified_gmt":"2025-12-29T13:31:51","slug":"cooperacion-para-la-promocion-de-la-intralogistica","status":"publish","type":"post","link":"https:\/\/loginfo24.com\/es\/2025\/12\/19\/cooperacion-para-la-promocion-de-la-intralogistica\/","title":{"rendered":"Cooperaci\u00f3n para la promoci\u00f3n de la intralog\u00edstica"},"content":{"rendered":"<p>Cooperaci\u00f3n para atraer j\u00f3venes talentos a la intralog\u00edstica<\/p>\n<p>Para atraer j\u00f3venes talentos y profesionales de otras \u00e1reas a la intralog\u00edstica, los Wirtschaftsmacher y la EUROEXPO Messe- und Kongress GmbH han establecido una cooperaci\u00f3n con motivo de la <a href=\"https:\/\/www.logimat-messe.de\/\">LogiMAT 2026<\/a>. Esta asociaci\u00f3n tiene como objetivo promover y visibilizar la diversidad y atractivo del sector. Un elemento central de la iniciativa es un estudio sobre el mundo laboral en la log\u00edstica y la intralog\u00edstica, que se llevar\u00e1 a cabo en colaboraci\u00f3n con un instituto de investigaci\u00f3n de mercado.<\/p>\n<p>Los Wirtschaftsmacher, una iniciativa activa desde 2019 que cuenta con alrededor de 100 colaboradores, se comprometen a mejorar la imagen de la industria log\u00edstica en la opini\u00f3n p\u00fablica. La EUROEXPO Messe- und Kongress GmbH, organizadora de la LogiMAT, apoya estos esfuerzos. Las campa\u00f1as de los Wirtschaftsmacher est\u00e1n dirigidas especialmente a quienes inician su carrera, estudiantes y profesionales dispuestos a cambiar de sector. El objetivo es despertar el inter\u00e9s por las profesiones en la industria del transporte y la log\u00edstica.<\/p>\n<h5>Enfoque en oportunidades de carrera y escasez de mano de obra<\/h5>\n<p>La LogiMAT, una feria internacional en Stuttgart, tambi\u00e9n se ha comprometido con el tema &#8222;Empleos en la intralog\u00edstica&#8220; y planea expandir este \u00e1mbito. En el pr\u00f3ximo &#8222;LogiMAT CareerDay&#8220;, que se llevar\u00e1 a cabo el 26 de marzo de 2026, el enfoque estar\u00e1 en atraer a estudiantes y profesionales que consideren un cambio hacia el sector. Esto en el \u00e1rea metropolitana de Stuttgart, caracterizada por una gran cantidad de peque\u00f1as empresas, especialmente en la industria de suministros.<\/p>\n<p>La cooperaci\u00f3n entre los Wirtschaftsmacher y la EUROEXPO Messe- und Kongress GmbH busca aumentar la visibilidad de la industria de la intralog\u00edstica y entusiasmar a los j\u00f3venes por ella. Michael Ruchty, director de la LogiMAT Stuttgart, se expres\u00f3 positivamente sobre la colaboraci\u00f3n: &#8222;Estamos muy contentos con la cooperaci\u00f3n con los Wirtschaftsmacher; juntos enviamos una se\u00f1al fuerte para el futuro de la intralog\u00edstica y su atractivo como sector empleador.&#8220;<\/p>\n<p>Un elemento central de la cooperaci\u00f3n es el estudio &#8222;Mundo laboral (Intra-) Log\u00edstica&#8220;, que aborda los desaf\u00edos de la escasez de mano de obra y las diversas oportunidades de carrera en el sector. Los resultados de este estudio se presentar\u00e1n el 24 de marzo de 2026 en una conferencia de prensa durante la LogiMAT. La presentaci\u00f3n de los resultados del estudio tambi\u00e9n se continuar\u00e1 en los a\u00f1os siguientes para visibilizar las tendencias de desarrollo en el sector.<\/p>\n","protected":false},"excerpt":{"rendered":"<p>La cooperaci\u00f3n entre los creadores de negocios y EUROEXPO Messe- und Kongress GmbH fomenta la visibilidad de la intralog\u00edstica y entusiasma a los j\u00f3venes talentos por el sector<\/p>\n","protected":false},"author":10,"featured_media":68457,"comment_status":"open","ping_status":"open","sticky":false,"template":"","format":"standard","meta":{"_acf_changed":false,"footnotes":""},"categories":[1603],"tags":[1886,1887,1888,1889,1890,1891,1831,1892,1893,1894,1895,1896],"class_list":["post-68460","post","type-post","status-publish","format-standard","has-post-thumbnail","hentry","category-personas-y-empresas","tag-1-deutsch-intralogistik","tag-digitale-transformation-logistik","tag-euroexpo-messe","tag-fachkraeftemangel","tag-karrierechancen-logistik","tag-logimat-2026","tag-logistikdienstleister","tag-messe-stuttgart","tag-nachwuchsfoerderung","tag-studien-zur-arbeitswelt","tag-transportbranche","tag-wirtschaftsmacher"],"acf":[],"yoast_head":"<!-- This site is optimized with the Yoast SEO plugin v27.3 - https:\/\/yoast.com\/product\/yoast-seo-wordpress\/ -->\n<title>Cooperaci\u00f3n para la promoci\u00f3n de la intralog\u00edstica - Loginfo24<\/title>\n<meta name=\"robots\" content=\"index, follow, max-snippet:-1, max-image-preview:large, max-video-preview:-1\" \/>\n<link rel=\"canonical\" href=\"https:\/\/loginfo24.com\/es\/2025\/12\/19\/cooperacion-para-la-promocion-de-la-intralogistica\/\" \/>\n<meta property=\"og:locale\" content=\"es_ES\" \/>\n<meta property=\"og:type\" content=\"article\" \/>\n<meta property=\"og:title\" content=\"Cooperaci\u00f3n para la promoci\u00f3n de la intralog\u00edstica - Loginfo24\" \/>\n<meta property=\"og:description\" content=\"La cooperaci\u00f3n entre los creadores de negocios y EUROEXPO Messe- und Kongress GmbH fomenta la visibilidad de la intralog\u00edstica y entusiasma a los j\u00f3venes talentos por el sector\" \/>\n<meta property=\"og:url\" content=\"https:\/\/loginfo24.com\/es\/2025\/12\/19\/cooperacion-para-la-promocion-de-la-intralogistica\/\" \/>\n<meta property=\"og:site_name\" content=\"Loginfo24\" \/>\n<meta property=\"article:publisher\" content=\"https:\/\/www.facebook.com\/people\/Loginfo24\/100057360583332\/\" \/>\n<meta property=\"article:published_time\" content=\"2025-12-19T10:51:57+00:00\" \/>\n<meta property=\"article:modified_time\" content=\"2025-12-29T13:31:51+00:00\" \/>\n<meta property=\"og:image\" content=\"https:\/\/loginfo24.com\/wp-content\/uploads\/sites\/7\/2025\/12\/vcsPRAsset_3515919_361647_42cc3e0b-589f-4ba3-822c-4691d65ecdd4_0-scaled-aspect-ratio-1400-788-scaled-1.jpg\" \/>\n\t<meta property=\"og:image:width\" content=\"2560\" \/>\n\t<meta property=\"og:image:height\" content=\"1441\" \/>\n\t<meta property=\"og:image:type\" content=\"image\/jpeg\" \/>\n<meta name=\"author\" content=\"Jeremy Soland\" \/>\n<meta name=\"twitter:card\" content=\"summary_large_image\" \/>\n<meta name=\"twitter:label1\" content=\"Escrito por\" \/>\n\t<meta name=\"twitter:data1\" content=\"Jeremy Soland\" \/>\n\t<meta name=\"twitter:label2\" content=\"Tiempo de lectura\" \/>\n\t<meta name=\"twitter:data2\" content=\"2 minuto\" \/>\n<script type=\"application\/ld+json\" class=\"yoast-schema-graph\">{\"@context\":\"https:\\\/\\\/schema.org\",\"@graph\":[{\"@type\":\"Article\",\"@id\":\"https:\\\/\\\/loginfo24.com\\\/es\\\/2025\\\/12\\\/19\\\/cooperacion-para-la-promocion-de-la-intralogistica\\\/#article\",\"isPartOf\":{\"@id\":\"https:\\\/\\\/loginfo24.com\\\/es\\\/2025\\\/12\\\/19\\\/cooperacion-para-la-promocion-de-la-intralogistica\\\/\"},\"author\":{\"name\":\"Jeremy Soland\",\"@id\":\"https:\\\/\\\/loginfo24.com\\\/es\\\/#\\\/schema\\\/person\\\/41d36b5474b623392fa613e97e2363fa\"},\"headline\":\"Cooperaci\u00f3n para la promoci\u00f3n de la intralog\u00edstica\",\"datePublished\":\"2025-12-19T10:51:57+00:00\",\"dateModified\":\"2025-12-29T13:31:51+00:00\",\"mainEntityOfPage\":{\"@id\":\"https:\\\/\\\/loginfo24.com\\\/es\\\/2025\\\/12\\\/19\\\/cooperacion-para-la-promocion-de-la-intralogistica\\\/\"},\"wordCount\":436,\"commentCount\":0,\"publisher\":{\"@id\":\"https:\\\/\\\/loginfo24.com\\\/es\\\/#organization\"},\"image\":{\"@id\":\"https:\\\/\\\/loginfo24.com\\\/es\\\/2025\\\/12\\\/19\\\/cooperacion-para-la-promocion-de-la-intralogistica\\\/#primaryimage\"},\"thumbnailUrl\":\"https:\\\/\\\/loginfo24.com\\\/wp-content\\\/uploads\\\/sites\\\/7\\\/2025\\\/12\\\/vcsPRAsset_3515919_361647_42cc3e0b-589f-4ba3-822c-4691d65ecdd4_0-scaled-aspect-ratio-1400-788-scaled-1.jpg\",\"keywords\":[\"1. Deutsch: Intralogistik\",\"digitale Transformation Logistik\",\"EUROEXPO Messe\",\"Fachkr\u00e4ftemangel\",\"Karrierechancen Logistik\",\"LogiMAT 2026\",\"Logistikdienstleister\",\"Messe Stuttgart\",\"Nachwuchsf\u00f6rderung\",\"Studien zur Arbeitswelt\",\"Transportbranche\",\"Wirtschaftsmacher\"],\"articleSection\":[\"Personas y empresas\"],\"inLanguage\":\"es\",\"potentialAction\":[{\"@type\":\"CommentAction\",\"name\":\"Comment\",\"target\":[\"https:\\\/\\\/loginfo24.com\\\/es\\\/2025\\\/12\\\/19\\\/cooperacion-para-la-promocion-de-la-intralogistica\\\/#respond\"]}]},{\"@type\":\"WebPage\",\"@id\":\"https:\\\/\\\/loginfo24.com\\\/es\\\/2025\\\/12\\\/19\\\/cooperacion-para-la-promocion-de-la-intralogistica\\\/\",\"url\":\"https:\\\/\\\/loginfo24.com\\\/es\\\/2025\\\/12\\\/19\\\/cooperacion-para-la-promocion-de-la-intralogistica\\\/\",\"name\":\"Cooperaci\u00f3n para la promoci\u00f3n de la intralog\u00edstica - Loginfo24\",\"isPartOf\":{\"@id\":\"https:\\\/\\\/loginfo24.com\\\/es\\\/#website\"},\"primaryImageOfPage\":{\"@id\":\"https:\\\/\\\/loginfo24.com\\\/es\\\/2025\\\/12\\\/19\\\/cooperacion-para-la-promocion-de-la-intralogistica\\\/#primaryimage\"},\"image\":{\"@id\":\"https:\\\/\\\/loginfo24.com\\\/es\\\/2025\\\/12\\\/19\\\/cooperacion-para-la-promocion-de-la-intralogistica\\\/#primaryimage\"},\"thumbnailUrl\":\"https:\\\/\\\/loginfo24.com\\\/wp-content\\\/uploads\\\/sites\\\/7\\\/2025\\\/12\\\/vcsPRAsset_3515919_361647_42cc3e0b-589f-4ba3-822c-4691d65ecdd4_0-scaled-aspect-ratio-1400-788-scaled-1.jpg\",\"datePublished\":\"2025-12-19T10:51:57+00:00\",\"dateModified\":\"2025-12-29T13:31:51+00:00\",\"breadcrumb\":{\"@id\":\"https:\\\/\\\/loginfo24.com\\\/es\\\/2025\\\/12\\\/19\\\/cooperacion-para-la-promocion-de-la-intralogistica\\\/#breadcrumb\"},\"inLanguage\":\"es\",\"potentialAction\":[{\"@type\":\"ReadAction\",\"target\":[\"https:\\\/\\\/loginfo24.com\\\/es\\\/2025\\\/12\\\/19\\\/cooperacion-para-la-promocion-de-la-intralogistica\\\/\"]}]},{\"@type\":\"ImageObject\",\"inLanguage\":\"es\",\"@id\":\"https:\\\/\\\/loginfo24.com\\\/es\\\/2025\\\/12\\\/19\\\/cooperacion-para-la-promocion-de-la-intralogistica\\\/#primaryimage\",\"url\":\"https:\\\/\\\/loginfo24.com\\\/wp-content\\\/uploads\\\/sites\\\/7\\\/2025\\\/12\\\/vcsPRAsset_3515919_361647_42cc3e0b-589f-4ba3-822c-4691d65ecdd4_0-scaled-aspect-ratio-1400-788-scaled-1.jpg\",\"contentUrl\":\"https:\\\/\\\/loginfo24.com\\\/wp-content\\\/uploads\\\/sites\\\/7\\\/2025\\\/12\\\/vcsPRAsset_3515919_361647_42cc3e0b-589f-4ba3-822c-4691d65ecdd4_0-scaled-aspect-ratio-1400-788-scaled-1.jpg\",\"width\":2560,\"height\":1441},{\"@type\":\"BreadcrumbList\",\"@id\":\"https:\\\/\\\/loginfo24.com\\\/es\\\/2025\\\/12\\\/19\\\/cooperacion-para-la-promocion-de-la-intralogistica\\\/#breadcrumb\",\"itemListElement\":[{\"@type\":\"ListItem\",\"position\":1,\"name\":\"Startseite\",\"item\":\"https:\\\/\\\/loginfo24.com\\\/es\\\/\"},{\"@type\":\"ListItem\",\"position\":2,\"name\":\"Cooperaci\u00f3n para la promoci\u00f3n de la intralog\u00edstica\"}]},{\"@type\":\"WebSite\",\"@id\":\"https:\\\/\\\/loginfo24.com\\\/es\\\/#website\",\"url\":\"https:\\\/\\\/loginfo24.com\\\/es\\\/\",\"name\":\"Loginfo24\",\"description\":\"Loginfo24 es la plataforma dedicada a la log\u00edstica y las cadenas de suministro con informaci\u00f3n las 24 horas del d\u00eda.\",\"publisher\":{\"@id\":\"https:\\\/\\\/loginfo24.com\\\/es\\\/#organization\"},\"potentialAction\":[{\"@type\":\"SearchAction\",\"target\":{\"@type\":\"EntryPoint\",\"urlTemplate\":\"https:\\\/\\\/loginfo24.com\\\/es\\\/?s={search_term_string}\"},\"query-input\":{\"@type\":\"PropertyValueSpecification\",\"valueRequired\":true,\"valueName\":\"search_term_string\"}}],\"inLanguage\":\"es\"},{\"@type\":\"Organization\",\"@id\":\"https:\\\/\\\/loginfo24.com\\\/es\\\/#organization\",\"name\":\"Grupo Logismedia AG\",\"url\":\"https:\\\/\\\/loginfo24.com\\\/es\\\/\",\"logo\":{\"@type\":\"ImageObject\",\"inLanguage\":\"es\",\"@id\":\"https:\\\/\\\/loginfo24.com\\\/es\\\/#\\\/schema\\\/logo\\\/image\\\/\",\"url\":\"https:\\\/\\\/loginfo24.com\\\/wp-content\\\/uploads\\\/sites\\\/7\\\/2026\\\/01\\\/Logo_LogInfo24.png\",\"contentUrl\":\"https:\\\/\\\/loginfo24.com\\\/wp-content\\\/uploads\\\/sites\\\/7\\\/2026\\\/01\\\/Logo_LogInfo24.png\",\"width\":938,\"height\":351,\"caption\":\"Grupo Logismedia AG\"},\"image\":{\"@id\":\"https:\\\/\\\/loginfo24.com\\\/es\\\/#\\\/schema\\\/logo\\\/image\\\/\"},\"sameAs\":[\"https:\\\/\\\/www.facebook.com\\\/people\\\/Loginfo24\\\/100057360583332\\\/\",\"https:\\\/\\\/www.linkedin.com\\\/company\\\/lofinfo24\\\/\"]},{\"@type\":\"Person\",\"@id\":\"https:\\\/\\\/loginfo24.com\\\/es\\\/#\\\/schema\\\/person\\\/41d36b5474b623392fa613e97e2363fa\",\"name\":\"Jeremy Soland\",\"url\":\"https:\\\/\\\/loginfo24.com\\\/es\\\/author\\\/jeremy\\\/\"}]}<\/script>\n<!-- \/ Yoast SEO plugin. -->","yoast_head_json":{"title":"Cooperaci\u00f3n para la promoci\u00f3n de la intralog\u00edstica - Loginfo24","robots":{"index":"index","follow":"follow","max-snippet":"max-snippet:-1","max-image-preview":"max-image-preview:large","max-video-preview":"max-video-preview:-1"},"canonical":"https:\/\/loginfo24.com\/es\/2025\/12\/19\/cooperacion-para-la-promocion-de-la-intralogistica\/","og_locale":"es_ES","og_type":"article","og_title":"Cooperaci\u00f3n para la promoci\u00f3n de la intralog\u00edstica - Loginfo24","og_description":"La cooperaci\u00f3n entre los creadores de negocios y EUROEXPO Messe- und Kongress GmbH fomenta la visibilidad de la intralog\u00edstica y entusiasma a los j\u00f3venes talentos por el sector","og_url":"https:\/\/loginfo24.com\/es\/2025\/12\/19\/cooperacion-para-la-promocion-de-la-intralogistica\/","og_site_name":"Loginfo24","article_publisher":"https:\/\/www.facebook.com\/people\/Loginfo24\/100057360583332\/","article_published_time":"2025-12-19T10:51:57+00:00","article_modified_time":"2025-12-29T13:31:51+00:00","og_image":[{"width":2560,"height":1441,"url":"https:\/\/loginfo24.com\/wp-content\/uploads\/sites\/7\/2025\/12\/vcsPRAsset_3515919_361647_42cc3e0b-589f-4ba3-822c-4691d65ecdd4_0-scaled-aspect-ratio-1400-788-scaled-1.jpg","type":"image\/jpeg"}],"author":"Jeremy Soland","twitter_card":"summary_large_image","twitter_misc":{"Escrito por":"Jeremy Soland","Tiempo de lectura":"2 minuto"},"schema":{"@context":"https:\/\/schema.org","@graph":[{"@type":"Article","@id":"https:\/\/loginfo24.com\/es\/2025\/12\/19\/cooperacion-para-la-promocion-de-la-intralogistica\/#article","isPartOf":{"@id":"https:\/\/loginfo24.com\/es\/2025\/12\/19\/cooperacion-para-la-promocion-de-la-intralogistica\/"},"author":{"name":"Jeremy Soland","@id":"https:\/\/loginfo24.com\/es\/#\/schema\/person\/41d36b5474b623392fa613e97e2363fa"},"headline":"Cooperaci\u00f3n para la promoci\u00f3n de la intralog\u00edstica","datePublished":"2025-12-19T10:51:57+00:00","dateModified":"2025-12-29T13:31:51+00:00","mainEntityOfPage":{"@id":"https:\/\/loginfo24.com\/es\/2025\/12\/19\/cooperacion-para-la-promocion-de-la-intralogistica\/"},"wordCount":436,"commentCount":0,"publisher":{"@id":"https:\/\/loginfo24.com\/es\/#organization"},"image":{"@id":"https:\/\/loginfo24.com\/es\/2025\/12\/19\/cooperacion-para-la-promocion-de-la-intralogistica\/#primaryimage"},"thumbnailUrl":"https:\/\/loginfo24.com\/wp-content\/uploads\/sites\/7\/2025\/12\/vcsPRAsset_3515919_361647_42cc3e0b-589f-4ba3-822c-4691d65ecdd4_0-scaled-aspect-ratio-1400-788-scaled-1.jpg","keywords":["1. Deutsch: Intralogistik","digitale Transformation Logistik","EUROEXPO Messe","Fachkr\u00e4ftemangel","Karrierechancen Logistik","LogiMAT 2026","Logistikdienstleister","Messe Stuttgart","Nachwuchsf\u00f6rderung","Studien zur Arbeitswelt","Transportbranche","Wirtschaftsmacher"],"articleSection":["Personas y empresas"],"inLanguage":"es","potentialAction":[{"@type":"CommentAction","name":"Comment","target":["https:\/\/loginfo24.com\/es\/2025\/12\/19\/cooperacion-para-la-promocion-de-la-intralogistica\/#respond"]}]},{"@type":"WebPage","@id":"https:\/\/loginfo24.com\/es\/2025\/12\/19\/cooperacion-para-la-promocion-de-la-intralogistica\/","url":"https:\/\/loginfo24.com\/es\/2025\/12\/19\/cooperacion-para-la-promocion-de-la-intralogistica\/","name":"Cooperaci\u00f3n para la promoci\u00f3n de la intralog\u00edstica - Loginfo24","isPartOf":{"@id":"https:\/\/loginfo24.com\/es\/#website"},"primaryImageOfPage":{"@id":"https:\/\/loginfo24.com\/es\/2025\/12\/19\/cooperacion-para-la-promocion-de-la-intralogistica\/#primaryimage"},"image":{"@id":"https:\/\/loginfo24.com\/es\/2025\/12\/19\/cooperacion-para-la-promocion-de-la-intralogistica\/#primaryimage"},"thumbnailUrl":"https:\/\/loginfo24.com\/wp-content\/uploads\/sites\/7\/2025\/12\/vcsPRAsset_3515919_361647_42cc3e0b-589f-4ba3-822c-4691d65ecdd4_0-scaled-aspect-ratio-1400-788-scaled-1.jpg","datePublished":"2025-12-19T10:51:57+00:00","dateModified":"2025-12-29T13:31:51+00:00","breadcrumb":{"@id":"https:\/\/loginfo24.com\/es\/2025\/12\/19\/cooperacion-para-la-promocion-de-la-intralogistica\/#breadcrumb"},"inLanguage":"es","potentialAction":[{"@type":"ReadAction","target":["https:\/\/loginfo24.com\/es\/2025\/12\/19\/cooperacion-para-la-promocion-de-la-intralogistica\/"]}]},{"@type":"ImageObject","inLanguage":"es","@id":"https:\/\/loginfo24.com\/es\/2025\/12\/19\/cooperacion-para-la-promocion-de-la-intralogistica\/#primaryimage","url":"https:\/\/loginfo24.com\/wp-content\/uploads\/sites\/7\/2025\/12\/vcsPRAsset_3515919_361647_42cc3e0b-589f-4ba3-822c-4691d65ecdd4_0-scaled-aspect-ratio-1400-788-scaled-1.jpg","contentUrl":"https:\/\/loginfo24.com\/wp-content\/uploads\/sites\/7\/2025\/12\/vcsPRAsset_3515919_361647_42cc3e0b-589f-4ba3-822c-4691d65ecdd4_0-scaled-aspect-ratio-1400-788-scaled-1.jpg","width":2560,"height":1441},{"@type":"BreadcrumbList","@id":"https:\/\/loginfo24.com\/es\/2025\/12\/19\/cooperacion-para-la-promocion-de-la-intralogistica\/#breadcrumb","itemListElement":[{"@type":"ListItem","position":1,"name":"Startseite","item":"https:\/\/loginfo24.com\/es\/"},{"@type":"ListItem","position":2,"name":"Cooperaci\u00f3n para la promoci\u00f3n de la intralog\u00edstica"}]},{"@type":"WebSite","@id":"https:\/\/loginfo24.com\/es\/#website","url":"https:\/\/loginfo24.com\/es\/","name":"Loginfo24","description":"Loginfo24 es la plataforma dedicada a la log\u00edstica y las cadenas de suministro con informaci\u00f3n las 24 horas del d\u00eda.","publisher":{"@id":"https:\/\/loginfo24.com\/es\/#organization"},"potentialAction":[{"@type":"SearchAction","target":{"@type":"EntryPoint","urlTemplate":"https:\/\/loginfo24.com\/es\/?s={search_term_string}"},"query-input":{"@type":"PropertyValueSpecification","valueRequired":true,"valueName":"search_term_string"}}],"inLanguage":"es"},{"@type":"Organization","@id":"https:\/\/loginfo24.com\/es\/#organization","name":"Grupo Logismedia AG","url":"https:\/\/loginfo24.com\/es\/","logo":{"@type":"ImageObject","inLanguage":"es","@id":"https:\/\/loginfo24.com\/es\/#\/schema\/logo\/image\/","url":"https:\/\/loginfo24.com\/wp-content\/uploads\/sites\/7\/2026\/01\/Logo_LogInfo24.png","contentUrl":"https:\/\/loginfo24.com\/wp-content\/uploads\/sites\/7\/2026\/01\/Logo_LogInfo24.png","width":938,"height":351,"caption":"Grupo Logismedia AG"},"image":{"@id":"https:\/\/loginfo24.com\/es\/#\/schema\/logo\/image\/"},"sameAs":["https:\/\/www.facebook.com\/people\/Loginfo24\/100057360583332\/","https:\/\/www.linkedin.com\/company\/lofinfo24\/"]},{"@type":"Person","@id":"https:\/\/loginfo24.com\/es\/#\/schema\/person\/41d36b5474b623392fa613e97e2363fa","name":"Jeremy Soland","url":"https:\/\/loginfo24.com\/es\/author\/jeremy\/"}]}},"_links":{"self":[{"href":"https:\/\/loginfo24.com\/es\/wp-json\/wp\/v2\/posts\/68460","targetHints":{"allow":["GET"]}}],"collection":[{"href":"https:\/\/loginfo24.com\/es\/wp-json\/wp\/v2\/posts"}],"about":[{"href":"https:\/\/loginfo24.com\/es\/wp-json\/wp\/v2\/types\/post"}],"author":[{"embeddable":true,"href":"https:\/\/loginfo24.com\/es\/wp-json\/wp\/v2\/users\/10"}],"replies":[{"embeddable":true,"href":"https:\/\/loginfo24.com\/es\/wp-json\/wp\/v2\/comments?post=68460"}],"version-history":[{"count":3,"href":"https:\/\/loginfo24.com\/es\/wp-json\/wp\/v2\/posts\/68460\/revisions"}],"predecessor-version":[{"id":71521,"href":"https:\/\/loginfo24.com\/es\/wp-json\/wp\/v2\/posts\/68460\/revisions\/71521"}],"wp:featuredmedia":[{"embeddable":true,"href":"https:\/\/loginfo24.com\/es\/wp-json\/wp\/v2\/media\/68457"}],"wp:attachment":[{"href":"https:\/\/loginfo24.com\/es\/wp-json\/wp\/v2\/media?parent=68460"}],"wp:term":[{"taxonomy":"category","embeddable":true,"href":"https:\/\/loginfo24.com\/es\/wp-json\/wp\/v2\/categories?post=68460"},{"taxonomy":"post_tag","embeddable":true,"href":"https:\/\/loginfo24.com\/es\/wp-json\/wp\/v2\/tags?post=68460"}],"curies":[{"name":"wp","href":"https:\/\/api.w.org\/{rel}","templated":true}]}}