{"id":68377,"date":"2025-12-19T10:35:35","date_gmt":"2025-12-19T10:35:35","guid":{"rendered":"https:\/\/blog.brand-architecture.at\/2025\/12\/19\/jan-willem-venhuizen-sera-el-director-general\/"},"modified":"2025-12-29T14:19:55","modified_gmt":"2025-12-29T13:19:55","slug":"jan-willem-venhuizen-sera-el-director-general","status":"publish","type":"post","link":"https:\/\/loginfo24.com\/es\/2025\/12\/19\/jan-willem-venhuizen-sera-el-director-general\/","title":{"rendered":"Jan-Willem Venhuizen ser\u00e1 el director general"},"content":{"rendered":"<p>A finales de a\u00f1o, Jan-Willem Venhuizen asumir\u00e1 la direcci\u00f3n de Oudkerk B.V. en R\u00f3terdam. El hombre de 48 a\u00f1os ha trabajado desde 2019 como director adjunto en la empresa, que forma parte del grupo HGK. Junto con Huib ten Cate, el portavoz de la direcci\u00f3n, Venhuizen asumir\u00e1 ahora el liderazgo del proveedor de servicios log\u00edsticos.<\/p>\n<h2>Reorientaci\u00f3n de la direcci\u00f3n empresarial<\/h2>\n<p>Con el nombramiento de Venhuizen como director general, Oudkerk B.V. lleva a cabo una reorientaci\u00f3n integral en la direcci\u00f3n empresarial. Al mismo tiempo, la empresa se despide de Kees Potters, quien ha sido director general durante muchos a\u00f1os y ahora se retira. Markus Kr\u00e4mer, CEO de HGK Logistics and Intermodal GmbH, el socio de Oudkerk B.V., se expres\u00f3 positivamente sobre la sucesi\u00f3n: &#8222;Estoy muy contento de que hayamos encontrado una soluci\u00f3n tan viable. Jan-Willem Venhuizen es un experto en el mercado y un socio valorado por nuestros clientes.&#8220;<\/p>\n<p>Oudkerk B.V. ha estado activa durante m\u00e1s de 60 a\u00f1os en los puertos de los Pa\u00edses Bajos y B\u00e9lgica, y se ha consolidado como un socio de larga data de la industria offshore. La empresa desempe\u00f1a un papel importante en la realizaci\u00f3n de parques e\u00f3licos en el Mar del Norte, lo que contribuye al logro de los objetivos clim\u00e1ticos europeos. La experiencia y el conocimiento de Venhuizen se espera que ayuden a fortalecer a\u00fan m\u00e1s la posici\u00f3n de Oudkerk B.V. en este sector clave.<\/p>\n","protected":false},"excerpt":{"rendered":"<p>Jan-Willem Venhuizen asumir\u00e1 el cargo de director general de Oudkerk B.V. a partir del cambio de a\u00f1o y tomar\u00e1 la direcci\u00f3n del proveedor de servicios log\u00edsticos junto con Huib ten Cate.<\/p>\n","protected":false},"author":10,"featured_media":68374,"comment_status":"open","ping_status":"open","sticky":false,"template":"","format":"standard","meta":{"_acf_changed":false,"footnotes":""},"categories":[1603],"tags":[1874,1875,1876,1877,1878,1879,1880,1881,1882,1883,1884,1885],"class_list":["post-68377","post","type-post","status-publish","format-standard","has-post-thumbnail","hentry","category-personas-y-empresas","tag-1-deutsch-jan-willem-venhuizen","tag-europaeische-klimaziele","tag-geschaeftsfuehrung","tag-hgk-gruppe","tag-logistik-dienstleister","tag-marktkenner","tag-nachfolgeregelung","tag-neuausrichtung-unternehmensfuehrung","tag-offshore-industrie","tag-oudkerk-b-v","tag-rotterdam-hafen","tag-windparks-nordsee"],"acf":[],"yoast_head":"<!-- This site is optimized with the Yoast SEO plugin v27.3 - https:\/\/yoast.com\/product\/yoast-seo-wordpress\/ -->\n<title>Jan-Willem Venhuizen ser\u00e1 el director general - Loginfo24<\/title>\n<meta name=\"robots\" content=\"index, follow, max-snippet:-1, max-image-preview:large, max-video-preview:-1\" \/>\n<link rel=\"canonical\" href=\"https:\/\/loginfo24.com\/es\/2025\/12\/19\/jan-willem-venhuizen-sera-el-director-general\/\" \/>\n<meta property=\"og:locale\" content=\"es_ES\" \/>\n<meta property=\"og:type\" content=\"article\" \/>\n<meta property=\"og:title\" content=\"Jan-Willem Venhuizen ser\u00e1 el director general - Loginfo24\" \/>\n<meta property=\"og:description\" content=\"Jan-Willem Venhuizen asumir\u00e1 el cargo de director general de Oudkerk B.V. a partir del cambio de a\u00f1o y tomar\u00e1 la direcci\u00f3n del proveedor de servicios log\u00edsticos junto con Huib ten Cate.\" \/>\n<meta property=\"og:url\" content=\"https:\/\/loginfo24.com\/es\/2025\/12\/19\/jan-willem-venhuizen-sera-el-director-general\/\" \/>\n<meta property=\"og:site_name\" content=\"Loginfo24\" \/>\n<meta property=\"article:publisher\" content=\"https:\/\/www.facebook.com\/people\/Loginfo24\/100057360583332\/\" \/>\n<meta property=\"article:published_time\" content=\"2025-12-19T10:35:35+00:00\" \/>\n<meta property=\"article:modified_time\" content=\"2025-12-29T13:19:55+00:00\" \/>\n<meta property=\"og:image\" content=\"https:\/\/loginfo24.com\/wp-content\/uploads\/sites\/7\/2025\/12\/Jan-Willem-Venhuizen-aspect-ratio-1400-788.jpg\" \/>\n\t<meta property=\"og:image:width\" content=\"1920\" \/>\n\t<meta property=\"og:image:height\" content=\"1081\" \/>\n\t<meta property=\"og:image:type\" content=\"image\/jpeg\" \/>\n<meta name=\"author\" content=\"Jeremy Soland\" \/>\n<meta name=\"twitter:card\" content=\"summary_large_image\" \/>\n<meta name=\"twitter:label1\" content=\"Escrito por\" \/>\n\t<meta name=\"twitter:data1\" content=\"Jeremy Soland\" \/>\n\t<meta name=\"twitter:label2\" content=\"Tiempo de lectura\" \/>\n\t<meta name=\"twitter:data2\" content=\"1 minuto\" \/>\n<script type=\"application\/ld+json\" class=\"yoast-schema-graph\">{\"@context\":\"https:\\\/\\\/schema.org\",\"@graph\":[{\"@type\":\"Article\",\"@id\":\"https:\\\/\\\/loginfo24.com\\\/es\\\/2025\\\/12\\\/19\\\/jan-willem-venhuizen-sera-el-director-general\\\/#article\",\"isPartOf\":{\"@id\":\"https:\\\/\\\/loginfo24.com\\\/es\\\/2025\\\/12\\\/19\\\/jan-willem-venhuizen-sera-el-director-general\\\/\"},\"author\":{\"name\":\"Jeremy Soland\",\"@id\":\"https:\\\/\\\/loginfo24.com\\\/es\\\/#\\\/schema\\\/person\\\/41d36b5474b623392fa613e97e2363fa\"},\"headline\":\"Jan-Willem Venhuizen ser\u00e1 el director general\",\"datePublished\":\"2025-12-19T10:35:35+00:00\",\"dateModified\":\"2025-12-29T13:19:55+00:00\",\"mainEntityOfPage\":{\"@id\":\"https:\\\/\\\/loginfo24.com\\\/es\\\/2025\\\/12\\\/19\\\/jan-willem-venhuizen-sera-el-director-general\\\/\"},\"wordCount\":265,\"commentCount\":0,\"publisher\":{\"@id\":\"https:\\\/\\\/loginfo24.com\\\/es\\\/#organization\"},\"image\":{\"@id\":\"https:\\\/\\\/loginfo24.com\\\/es\\\/2025\\\/12\\\/19\\\/jan-willem-venhuizen-sera-el-director-general\\\/#primaryimage\"},\"thumbnailUrl\":\"https:\\\/\\\/loginfo24.com\\\/wp-content\\\/uploads\\\/sites\\\/7\\\/2025\\\/12\\\/Jan-Willem-Venhuizen-aspect-ratio-1400-788.jpg\",\"keywords\":[\"1. Deutsch: Jan-Willem Venhuizen\",\"europ\u00e4ische Klimaziele\",\"Gesch\u00e4ftsf\u00fchrung\",\"HGK-Gruppe\",\"Logistik-Dienstleister\",\"Marktkenner\",\"Nachfolgeregelung\",\"Neuausrichtung Unternehmensf\u00fchrung\",\"Offshore-Industrie\",\"Oudkerk B.V.\",\"Rotterdam Hafen\",\"Windparks Nordsee\"],\"articleSection\":[\"Personas y empresas\"],\"inLanguage\":\"es\",\"potentialAction\":[{\"@type\":\"CommentAction\",\"name\":\"Comment\",\"target\":[\"https:\\\/\\\/loginfo24.com\\\/es\\\/2025\\\/12\\\/19\\\/jan-willem-venhuizen-sera-el-director-general\\\/#respond\"]}]},{\"@type\":\"WebPage\",\"@id\":\"https:\\\/\\\/loginfo24.com\\\/es\\\/2025\\\/12\\\/19\\\/jan-willem-venhuizen-sera-el-director-general\\\/\",\"url\":\"https:\\\/\\\/loginfo24.com\\\/es\\\/2025\\\/12\\\/19\\\/jan-willem-venhuizen-sera-el-director-general\\\/\",\"name\":\"Jan-Willem Venhuizen ser\u00e1 el director general - Loginfo24\",\"isPartOf\":{\"@id\":\"https:\\\/\\\/loginfo24.com\\\/es\\\/#website\"},\"primaryImageOfPage\":{\"@id\":\"https:\\\/\\\/loginfo24.com\\\/es\\\/2025\\\/12\\\/19\\\/jan-willem-venhuizen-sera-el-director-general\\\/#primaryimage\"},\"image\":{\"@id\":\"https:\\\/\\\/loginfo24.com\\\/es\\\/2025\\\/12\\\/19\\\/jan-willem-venhuizen-sera-el-director-general\\\/#primaryimage\"},\"thumbnailUrl\":\"https:\\\/\\\/loginfo24.com\\\/wp-content\\\/uploads\\\/sites\\\/7\\\/2025\\\/12\\\/Jan-Willem-Venhuizen-aspect-ratio-1400-788.jpg\",\"datePublished\":\"2025-12-19T10:35:35+00:00\",\"dateModified\":\"2025-12-29T13:19:55+00:00\",\"breadcrumb\":{\"@id\":\"https:\\\/\\\/loginfo24.com\\\/es\\\/2025\\\/12\\\/19\\\/jan-willem-venhuizen-sera-el-director-general\\\/#breadcrumb\"},\"inLanguage\":\"es\",\"potentialAction\":[{\"@type\":\"ReadAction\",\"target\":[\"https:\\\/\\\/loginfo24.com\\\/es\\\/2025\\\/12\\\/19\\\/jan-willem-venhuizen-sera-el-director-general\\\/\"]}]},{\"@type\":\"ImageObject\",\"inLanguage\":\"es\",\"@id\":\"https:\\\/\\\/loginfo24.com\\\/es\\\/2025\\\/12\\\/19\\\/jan-willem-venhuizen-sera-el-director-general\\\/#primaryimage\",\"url\":\"https:\\\/\\\/loginfo24.com\\\/wp-content\\\/uploads\\\/sites\\\/7\\\/2025\\\/12\\\/Jan-Willem-Venhuizen-aspect-ratio-1400-788.jpg\",\"contentUrl\":\"https:\\\/\\\/loginfo24.com\\\/wp-content\\\/uploads\\\/sites\\\/7\\\/2025\\\/12\\\/Jan-Willem-Venhuizen-aspect-ratio-1400-788.jpg\",\"width\":1920,\"height\":1081},{\"@type\":\"BreadcrumbList\",\"@id\":\"https:\\\/\\\/loginfo24.com\\\/es\\\/2025\\\/12\\\/19\\\/jan-willem-venhuizen-sera-el-director-general\\\/#breadcrumb\",\"itemListElement\":[{\"@type\":\"ListItem\",\"position\":1,\"name\":\"Startseite\",\"item\":\"https:\\\/\\\/loginfo24.com\\\/es\\\/\"},{\"@type\":\"ListItem\",\"position\":2,\"name\":\"Jan-Willem Venhuizen ser\u00e1 el director general\"}]},{\"@type\":\"WebSite\",\"@id\":\"https:\\\/\\\/loginfo24.com\\\/es\\\/#website\",\"url\":\"https:\\\/\\\/loginfo24.com\\\/es\\\/\",\"name\":\"Loginfo24\",\"description\":\"Loginfo24 es la plataforma dedicada a la log\u00edstica y las cadenas de suministro con informaci\u00f3n las 24 horas del d\u00eda.\",\"publisher\":{\"@id\":\"https:\\\/\\\/loginfo24.com\\\/es\\\/#organization\"},\"potentialAction\":[{\"@type\":\"SearchAction\",\"target\":{\"@type\":\"EntryPoint\",\"urlTemplate\":\"https:\\\/\\\/loginfo24.com\\\/es\\\/?s={search_term_string}\"},\"query-input\":{\"@type\":\"PropertyValueSpecification\",\"valueRequired\":true,\"valueName\":\"search_term_string\"}}],\"inLanguage\":\"es\"},{\"@type\":\"Organization\",\"@id\":\"https:\\\/\\\/loginfo24.com\\\/es\\\/#organization\",\"name\":\"Grupo Logismedia AG\",\"url\":\"https:\\\/\\\/loginfo24.com\\\/es\\\/\",\"logo\":{\"@type\":\"ImageObject\",\"inLanguage\":\"es\",\"@id\":\"https:\\\/\\\/loginfo24.com\\\/es\\\/#\\\/schema\\\/logo\\\/image\\\/\",\"url\":\"https:\\\/\\\/loginfo24.com\\\/wp-content\\\/uploads\\\/sites\\\/7\\\/2026\\\/01\\\/Logo_LogInfo24.png\",\"contentUrl\":\"https:\\\/\\\/loginfo24.com\\\/wp-content\\\/uploads\\\/sites\\\/7\\\/2026\\\/01\\\/Logo_LogInfo24.png\",\"width\":938,\"height\":351,\"caption\":\"Grupo Logismedia AG\"},\"image\":{\"@id\":\"https:\\\/\\\/loginfo24.com\\\/es\\\/#\\\/schema\\\/logo\\\/image\\\/\"},\"sameAs\":[\"https:\\\/\\\/www.facebook.com\\\/people\\\/Loginfo24\\\/100057360583332\\\/\",\"https:\\\/\\\/www.linkedin.com\\\/company\\\/lofinfo24\\\/\"]},{\"@type\":\"Person\",\"@id\":\"https:\\\/\\\/loginfo24.com\\\/es\\\/#\\\/schema\\\/person\\\/41d36b5474b623392fa613e97e2363fa\",\"name\":\"Jeremy Soland\",\"url\":\"https:\\\/\\\/loginfo24.com\\\/es\\\/author\\\/jeremy\\\/\"}]}<\/script>\n<!-- \/ Yoast SEO plugin. -->","yoast_head_json":{"title":"Jan-Willem Venhuizen ser\u00e1 el director general - Loginfo24","robots":{"index":"index","follow":"follow","max-snippet":"max-snippet:-1","max-image-preview":"max-image-preview:large","max-video-preview":"max-video-preview:-1"},"canonical":"https:\/\/loginfo24.com\/es\/2025\/12\/19\/jan-willem-venhuizen-sera-el-director-general\/","og_locale":"es_ES","og_type":"article","og_title":"Jan-Willem Venhuizen ser\u00e1 el director general - Loginfo24","og_description":"Jan-Willem Venhuizen asumir\u00e1 el cargo de director general de Oudkerk B.V. a partir del cambio de a\u00f1o y tomar\u00e1 la direcci\u00f3n del proveedor de servicios log\u00edsticos junto con Huib ten Cate.","og_url":"https:\/\/loginfo24.com\/es\/2025\/12\/19\/jan-willem-venhuizen-sera-el-director-general\/","og_site_name":"Loginfo24","article_publisher":"https:\/\/www.facebook.com\/people\/Loginfo24\/100057360583332\/","article_published_time":"2025-12-19T10:35:35+00:00","article_modified_time":"2025-12-29T13:19:55+00:00","og_image":[{"width":1920,"height":1081,"url":"https:\/\/loginfo24.com\/wp-content\/uploads\/sites\/7\/2025\/12\/Jan-Willem-Venhuizen-aspect-ratio-1400-788.jpg","type":"image\/jpeg"}],"author":"Jeremy Soland","twitter_card":"summary_large_image","twitter_misc":{"Escrito por":"Jeremy Soland","Tiempo de lectura":"1 minuto"},"schema":{"@context":"https:\/\/schema.org","@graph":[{"@type":"Article","@id":"https:\/\/loginfo24.com\/es\/2025\/12\/19\/jan-willem-venhuizen-sera-el-director-general\/#article","isPartOf":{"@id":"https:\/\/loginfo24.com\/es\/2025\/12\/19\/jan-willem-venhuizen-sera-el-director-general\/"},"author":{"name":"Jeremy Soland","@id":"https:\/\/loginfo24.com\/es\/#\/schema\/person\/41d36b5474b623392fa613e97e2363fa"},"headline":"Jan-Willem Venhuizen ser\u00e1 el director general","datePublished":"2025-12-19T10:35:35+00:00","dateModified":"2025-12-29T13:19:55+00:00","mainEntityOfPage":{"@id":"https:\/\/loginfo24.com\/es\/2025\/12\/19\/jan-willem-venhuizen-sera-el-director-general\/"},"wordCount":265,"commentCount":0,"publisher":{"@id":"https:\/\/loginfo24.com\/es\/#organization"},"image":{"@id":"https:\/\/loginfo24.com\/es\/2025\/12\/19\/jan-willem-venhuizen-sera-el-director-general\/#primaryimage"},"thumbnailUrl":"https:\/\/loginfo24.com\/wp-content\/uploads\/sites\/7\/2025\/12\/Jan-Willem-Venhuizen-aspect-ratio-1400-788.jpg","keywords":["1. Deutsch: Jan-Willem Venhuizen","europ\u00e4ische Klimaziele","Gesch\u00e4ftsf\u00fchrung","HGK-Gruppe","Logistik-Dienstleister","Marktkenner","Nachfolgeregelung","Neuausrichtung Unternehmensf\u00fchrung","Offshore-Industrie","Oudkerk B.V.","Rotterdam Hafen","Windparks Nordsee"],"articleSection":["Personas y empresas"],"inLanguage":"es","potentialAction":[{"@type":"CommentAction","name":"Comment","target":["https:\/\/loginfo24.com\/es\/2025\/12\/19\/jan-willem-venhuizen-sera-el-director-general\/#respond"]}]},{"@type":"WebPage","@id":"https:\/\/loginfo24.com\/es\/2025\/12\/19\/jan-willem-venhuizen-sera-el-director-general\/","url":"https:\/\/loginfo24.com\/es\/2025\/12\/19\/jan-willem-venhuizen-sera-el-director-general\/","name":"Jan-Willem Venhuizen ser\u00e1 el director general - Loginfo24","isPartOf":{"@id":"https:\/\/loginfo24.com\/es\/#website"},"primaryImageOfPage":{"@id":"https:\/\/loginfo24.com\/es\/2025\/12\/19\/jan-willem-venhuizen-sera-el-director-general\/#primaryimage"},"image":{"@id":"https:\/\/loginfo24.com\/es\/2025\/12\/19\/jan-willem-venhuizen-sera-el-director-general\/#primaryimage"},"thumbnailUrl":"https:\/\/loginfo24.com\/wp-content\/uploads\/sites\/7\/2025\/12\/Jan-Willem-Venhuizen-aspect-ratio-1400-788.jpg","datePublished":"2025-12-19T10:35:35+00:00","dateModified":"2025-12-29T13:19:55+00:00","breadcrumb":{"@id":"https:\/\/loginfo24.com\/es\/2025\/12\/19\/jan-willem-venhuizen-sera-el-director-general\/#breadcrumb"},"inLanguage":"es","potentialAction":[{"@type":"ReadAction","target":["https:\/\/loginfo24.com\/es\/2025\/12\/19\/jan-willem-venhuizen-sera-el-director-general\/"]}]},{"@type":"ImageObject","inLanguage":"es","@id":"https:\/\/loginfo24.com\/es\/2025\/12\/19\/jan-willem-venhuizen-sera-el-director-general\/#primaryimage","url":"https:\/\/loginfo24.com\/wp-content\/uploads\/sites\/7\/2025\/12\/Jan-Willem-Venhuizen-aspect-ratio-1400-788.jpg","contentUrl":"https:\/\/loginfo24.com\/wp-content\/uploads\/sites\/7\/2025\/12\/Jan-Willem-Venhuizen-aspect-ratio-1400-788.jpg","width":1920,"height":1081},{"@type":"BreadcrumbList","@id":"https:\/\/loginfo24.com\/es\/2025\/12\/19\/jan-willem-venhuizen-sera-el-director-general\/#breadcrumb","itemListElement":[{"@type":"ListItem","position":1,"name":"Startseite","item":"https:\/\/loginfo24.com\/es\/"},{"@type":"ListItem","position":2,"name":"Jan-Willem Venhuizen ser\u00e1 el director general"}]},{"@type":"WebSite","@id":"https:\/\/loginfo24.com\/es\/#website","url":"https:\/\/loginfo24.com\/es\/","name":"Loginfo24","description":"Loginfo24 es la plataforma dedicada a la log\u00edstica y las cadenas de suministro con informaci\u00f3n las 24 horas del d\u00eda.","publisher":{"@id":"https:\/\/loginfo24.com\/es\/#organization"},"potentialAction":[{"@type":"SearchAction","target":{"@type":"EntryPoint","urlTemplate":"https:\/\/loginfo24.com\/es\/?s={search_term_string}"},"query-input":{"@type":"PropertyValueSpecification","valueRequired":true,"valueName":"search_term_string"}}],"inLanguage":"es"},{"@type":"Organization","@id":"https:\/\/loginfo24.com\/es\/#organization","name":"Grupo Logismedia AG","url":"https:\/\/loginfo24.com\/es\/","logo":{"@type":"ImageObject","inLanguage":"es","@id":"https:\/\/loginfo24.com\/es\/#\/schema\/logo\/image\/","url":"https:\/\/loginfo24.com\/wp-content\/uploads\/sites\/7\/2026\/01\/Logo_LogInfo24.png","contentUrl":"https:\/\/loginfo24.com\/wp-content\/uploads\/sites\/7\/2026\/01\/Logo_LogInfo24.png","width":938,"height":351,"caption":"Grupo Logismedia AG"},"image":{"@id":"https:\/\/loginfo24.com\/es\/#\/schema\/logo\/image\/"},"sameAs":["https:\/\/www.facebook.com\/people\/Loginfo24\/100057360583332\/","https:\/\/www.linkedin.com\/company\/lofinfo24\/"]},{"@type":"Person","@id":"https:\/\/loginfo24.com\/es\/#\/schema\/person\/41d36b5474b623392fa613e97e2363fa","name":"Jeremy Soland","url":"https:\/\/loginfo24.com\/es\/author\/jeremy\/"}]}},"_links":{"self":[{"href":"https:\/\/loginfo24.com\/es\/wp-json\/wp\/v2\/posts\/68377","targetHints":{"allow":["GET"]}}],"collection":[{"href":"https:\/\/loginfo24.com\/es\/wp-json\/wp\/v2\/posts"}],"about":[{"href":"https:\/\/loginfo24.com\/es\/wp-json\/wp\/v2\/types\/post"}],"author":[{"embeddable":true,"href":"https:\/\/loginfo24.com\/es\/wp-json\/wp\/v2\/users\/10"}],"replies":[{"embeddable":true,"href":"https:\/\/loginfo24.com\/es\/wp-json\/wp\/v2\/comments?post=68377"}],"version-history":[{"count":2,"href":"https:\/\/loginfo24.com\/es\/wp-json\/wp\/v2\/posts\/68377\/revisions"}],"predecessor-version":[{"id":71493,"href":"https:\/\/loginfo24.com\/es\/wp-json\/wp\/v2\/posts\/68377\/revisions\/71493"}],"wp:featuredmedia":[{"embeddable":true,"href":"https:\/\/loginfo24.com\/es\/wp-json\/wp\/v2\/media\/68374"}],"wp:attachment":[{"href":"https:\/\/loginfo24.com\/es\/wp-json\/wp\/v2\/media?parent=68377"}],"wp:term":[{"taxonomy":"category","embeddable":true,"href":"https:\/\/loginfo24.com\/es\/wp-json\/wp\/v2\/categories?post=68377"},{"taxonomy":"post_tag","embeddable":true,"href":"https:\/\/loginfo24.com\/es\/wp-json\/wp\/v2\/tags?post=68377"}],"curies":[{"name":"wp","href":"https:\/\/api.w.org\/{rel}","templated":true}]}}