{"id":68234,"date":"2025-02-27T17:35:45","date_gmt":"2025-02-27T16:35:45","guid":{"rendered":"https:\/\/blog.brand-architecture.at\/2025\/02\/27\/gruber-logistics-completa-la-integracion-de-zust-bachmeier\/"},"modified":"2025-02-27T17:35:45","modified_gmt":"2025-02-27T16:35:45","slug":"gruber-logistics-completa-la-integracion-de-zust-bachmeier","status":"publish","type":"post","link":"https:\/\/loginfo24.com\/es\/2025\/02\/27\/gruber-logistics-completa-la-integracion-de-zust-bachmeier\/","title":{"rendered":"Gruber Logistics completa la integraci\u00f3n de Z\u00fcst &amp; Bachmeier"},"content":{"rendered":"<h5><strong>Gruber Logistics complet\u00f3 la integraci\u00f3n de Z\u00fcst &amp; Bachmeier Project GmbH en su grupo empresarial a principios de 2025. Desde el comienzo de este a\u00f1o, el especialista en cargas de proyecto opera como Gruber Logistics Project GmbH. Este fue el \u00faltimo paso de la incorporaci\u00f3n. Con la adquisici\u00f3n de Universal Transport en oto\u00f1o de 2022, la empresa Z\u00fcst &amp; Bachmeier tambi\u00e9n se convirti\u00f3 en parte del grupo Gruber Logistics.<\/strong><\/h5>\n<p>(Auer\/N\u00faremberg) Desde 1911, la empresa especializada en cargas de proyecto realiza transportes complejos a nivel mundial para sus clientes, combinando diferentes medios de transporte para una gesti\u00f3n eficiente. El proceso de sincronizaci\u00f3n de marcas, ahora finalizado, marca la conclusi\u00f3n del proyecto de integraci\u00f3n iniciado en 2022. Martin Gruber, CEO de Gruber Logistics, resume el valor a\u00f1adido de las adquisiciones de Universal Transport y, por ende, de Z\u00fcst &amp; Bachmeier para su empresa: \u00abLa competencia global y el know-how de Z\u00fcst &amp; Bachmeier Project ampl\u00edan nuestras perspectivas y abren nuevas oportunidades de crecimiento en un segmento especializado de la log\u00edstica.\u00bb<\/p>\n<p>Los clientes de Gruber Logistics en el \u00e1rea de Project Cargo Solutions \u2013 bajo este nuevo nombre se comercializa Z\u00fcst &amp; Bachmeier \u2013 contin\u00faan benefici\u00e1ndose de las estructuras probadas: las ubicaciones, las personas de contacto y los procesos permanecen sin cambios. La sucursal de N\u00faremberg est\u00e1 dirigida por Andreas W\u00f6hler, mientras que Marcel Zare lidera la sucursal de D\u00fcsseldorf.<\/p>\n<p>Un componente central de Gruber Logistics sigue siendo el enfoque de transporte multimodal. \u00abTrabajamos con todos los modos de transporte y ofrecemos una amplia gama de soluciones. Un buen ejemplo de esto es la terminal que operamos en el puerto interior de N\u00faremberg, que nos permite gestionar cargas de proyecto a trav\u00e9s de v\u00edas fluviales interiores\u00bb, dice Andreas W\u00f6hler, jefe de la sucursal de N\u00faremberg. Desde noviembre de 2024, se transportar\u00e1n desde Franconia 13 transformadores de 197 toneladas cada uno por v\u00eda fluvial a Krefeld, cuya finalizaci\u00f3n est\u00e1 prevista para marzo de 2025. El \u00faltimo tramo hasta el destino en Meerbusch se realizar\u00e1 nuevamente por cami\u00f3n. Gruber Logistics utiliza su propio equipo para el transporte y la descarga.<\/p>\n<h5>Acceso directo a toda la cartera de servicios<\/h5>\n<p>Con la integraci\u00f3n completa de Z\u00fcst &amp; Bachmeier Project, los clientes obtienen acceso directo a toda la cartera de servicios de Gruber Logistics. Esto incluye, adem\u00e1s de transportes pesados y sobredimensionados con equipo propio, cargas completas y parciales, transportes de carga consolidada, productos de carga a\u00e9rea y mar\u00edtima, log\u00edstica de proyectos, montajes industriales y la llamada ingenier\u00eda in-house.<\/p>\n<p>\u00abA trav\u00e9s de nuestros servicios de carga de proyecto, nuestros clientes se benefician de soluciones de transporte optimizadas a lo largo de las cadenas log\u00edsticas globales. El uso de los recursos de Gruber Logistics para el transporte de mercanc\u00edas sobredimensionadas y pesadas ampl\u00eda nuestras capacidades operativas\u00bb, enfatiza Marcel Zare, jefe de la sucursal en D\u00fcsseldorf.<\/p>\n<p>Foto: \u00a9 Gruber Logistics<\/p>\n","protected":false},"excerpt":{"rendered":"<p>Gruber Logistics complet\u00f3 la integraci\u00f3n de Z\u00fcst &amp; Bachmeier Project GmbH en su grupo empresarial a principios de 2025. Desde el comienzo de este a\u00f1o, el<span class=\"excerpt-hellip\"> [\u2026]<\/span><\/p>\n","protected":false},"author":0,"featured_media":5356,"comment_status":"open","ping_status":"open","sticky":false,"template":"","format":"standard","meta":{"_acf_changed":false,"footnotes":""},"categories":[1557,1561],"tags":[],"class_list":["post-68234","post","type-post","status-publish","format-standard","has-post-thumbnail","hentry","category-forwarding-logistics","category-regions"],"acf":[],"yoast_head":"<!-- This site is optimized with the Yoast SEO plugin v27.3 - https:\/\/yoast.com\/product\/yoast-seo-wordpress\/ -->\n<title>Gruber Logistics completa la integraci\u00f3n de Z\u00fcst &amp; Bachmeier - Loginfo24<\/title>\n<meta name=\"robots\" content=\"index, follow, max-snippet:-1, max-image-preview:large, max-video-preview:-1\" \/>\n<link rel=\"canonical\" href=\"https:\/\/loginfo24.com\/es\/2025\/02\/27\/gruber-logistics-completa-la-integracion-de-zust-bachmeier\/\" \/>\n<meta property=\"og:locale\" content=\"es_ES\" \/>\n<meta property=\"og:type\" content=\"article\" \/>\n<meta property=\"og:title\" content=\"Gruber Logistics completa la integraci\u00f3n de Z\u00fcst &amp; Bachmeier - Loginfo24\" \/>\n<meta property=\"og:description\" content=\"Gruber Logistics complet\u00f3 la integraci\u00f3n de Z\u00fcst &amp; Bachmeier Project GmbH en su grupo empresarial a principios de 2025. Desde el comienzo de este a\u00f1o, el [\u2026]\" \/>\n<meta property=\"og:url\" content=\"https:\/\/loginfo24.com\/es\/2025\/02\/27\/gruber-logistics-completa-la-integracion-de-zust-bachmeier\/\" \/>\n<meta property=\"og:site_name\" content=\"Loginfo24\" \/>\n<meta property=\"article:publisher\" content=\"https:\/\/www.facebook.com\/people\/Loginfo24\/100057360583332\/\" \/>\n<meta property=\"article:published_time\" content=\"2025-02-27T16:35:45+00:00\" \/>\n<meta property=\"og:image\" content=\"https:\/\/loginfo24.com\/wp-content\/uploads\/sites\/7\/2025\/12\/Gruber_27.2.25.jpg\" \/>\n\t<meta property=\"og:image:width\" content=\"1223\" \/>\n\t<meta property=\"og:image:height\" content=\"763\" \/>\n\t<meta property=\"og:image:type\" content=\"image\/jpeg\" \/>\n<meta name=\"twitter:card\" content=\"summary_large_image\" \/>\n<meta name=\"twitter:label1\" content=\"Tiempo de lectura\" \/>\n\t<meta name=\"twitter:data1\" content=\"3 minuto\" \/>\n<script type=\"application\/ld+json\" class=\"yoast-schema-graph\">{\"@context\":\"https:\\\/\\\/schema.org\",\"@graph\":[{\"@type\":\"Article\",\"@id\":\"https:\\\/\\\/loginfo24.com\\\/es\\\/2025\\\/02\\\/27\\\/gruber-logistics-completa-la-integracion-de-zust-bachmeier\\\/#article\",\"isPartOf\":{\"@id\":\"https:\\\/\\\/loginfo24.com\\\/es\\\/2025\\\/02\\\/27\\\/gruber-logistics-completa-la-integracion-de-zust-bachmeier\\\/\"},\"author\":{\"name\":\"\",\"@id\":\"\"},\"headline\":\"Gruber Logistics completa la integraci\u00f3n de Z\u00fcst &amp; Bachmeier\",\"datePublished\":\"2025-02-27T16:35:45+00:00\",\"mainEntityOfPage\":{\"@id\":\"https:\\\/\\\/loginfo24.com\\\/es\\\/2025\\\/02\\\/27\\\/gruber-logistics-completa-la-integracion-de-zust-bachmeier\\\/\"},\"wordCount\":516,\"commentCount\":0,\"publisher\":{\"@id\":\"https:\\\/\\\/loginfo24.com\\\/es\\\/#organization\"},\"image\":{\"@id\":\"https:\\\/\\\/loginfo24.com\\\/es\\\/2025\\\/02\\\/27\\\/gruber-logistics-completa-la-integracion-de-zust-bachmeier\\\/#primaryimage\"},\"thumbnailUrl\":\"https:\\\/\\\/loginfo24.com\\\/wp-content\\\/uploads\\\/sites\\\/7\\\/2025\\\/12\\\/Gruber_27.2.25.jpg\",\"articleSection\":[\"Forwarding &amp; Logistics\",\"Regions\"],\"inLanguage\":\"es\",\"potentialAction\":[{\"@type\":\"CommentAction\",\"name\":\"Comment\",\"target\":[\"https:\\\/\\\/loginfo24.com\\\/es\\\/2025\\\/02\\\/27\\\/gruber-logistics-completa-la-integracion-de-zust-bachmeier\\\/#respond\"]}]},{\"@type\":\"WebPage\",\"@id\":\"https:\\\/\\\/loginfo24.com\\\/es\\\/2025\\\/02\\\/27\\\/gruber-logistics-completa-la-integracion-de-zust-bachmeier\\\/\",\"url\":\"https:\\\/\\\/loginfo24.com\\\/es\\\/2025\\\/02\\\/27\\\/gruber-logistics-completa-la-integracion-de-zust-bachmeier\\\/\",\"name\":\"Gruber Logistics completa la integraci\u00f3n de Z\u00fcst &amp; Bachmeier - Loginfo24\",\"isPartOf\":{\"@id\":\"https:\\\/\\\/loginfo24.com\\\/es\\\/#website\"},\"primaryImageOfPage\":{\"@id\":\"https:\\\/\\\/loginfo24.com\\\/es\\\/2025\\\/02\\\/27\\\/gruber-logistics-completa-la-integracion-de-zust-bachmeier\\\/#primaryimage\"},\"image\":{\"@id\":\"https:\\\/\\\/loginfo24.com\\\/es\\\/2025\\\/02\\\/27\\\/gruber-logistics-completa-la-integracion-de-zust-bachmeier\\\/#primaryimage\"},\"thumbnailUrl\":\"https:\\\/\\\/loginfo24.com\\\/wp-content\\\/uploads\\\/sites\\\/7\\\/2025\\\/12\\\/Gruber_27.2.25.jpg\",\"datePublished\":\"2025-02-27T16:35:45+00:00\",\"breadcrumb\":{\"@id\":\"https:\\\/\\\/loginfo24.com\\\/es\\\/2025\\\/02\\\/27\\\/gruber-logistics-completa-la-integracion-de-zust-bachmeier\\\/#breadcrumb\"},\"inLanguage\":\"es\",\"potentialAction\":[{\"@type\":\"ReadAction\",\"target\":[\"https:\\\/\\\/loginfo24.com\\\/es\\\/2025\\\/02\\\/27\\\/gruber-logistics-completa-la-integracion-de-zust-bachmeier\\\/\"]}]},{\"@type\":\"ImageObject\",\"inLanguage\":\"es\",\"@id\":\"https:\\\/\\\/loginfo24.com\\\/es\\\/2025\\\/02\\\/27\\\/gruber-logistics-completa-la-integracion-de-zust-bachmeier\\\/#primaryimage\",\"url\":\"https:\\\/\\\/loginfo24.com\\\/wp-content\\\/uploads\\\/sites\\\/7\\\/2025\\\/12\\\/Gruber_27.2.25.jpg\",\"contentUrl\":\"https:\\\/\\\/loginfo24.com\\\/wp-content\\\/uploads\\\/sites\\\/7\\\/2025\\\/12\\\/Gruber_27.2.25.jpg\",\"width\":1223,\"height\":763},{\"@type\":\"BreadcrumbList\",\"@id\":\"https:\\\/\\\/loginfo24.com\\\/es\\\/2025\\\/02\\\/27\\\/gruber-logistics-completa-la-integracion-de-zust-bachmeier\\\/#breadcrumb\",\"itemListElement\":[{\"@type\":\"ListItem\",\"position\":1,\"name\":\"Startseite\",\"item\":\"https:\\\/\\\/loginfo24.com\\\/es\\\/\"},{\"@type\":\"ListItem\",\"position\":2,\"name\":\"Gruber Logistics completa la integraci\u00f3n de Z\u00fcst &amp; Bachmeier\"}]},{\"@type\":\"WebSite\",\"@id\":\"https:\\\/\\\/loginfo24.com\\\/es\\\/#website\",\"url\":\"https:\\\/\\\/loginfo24.com\\\/es\\\/\",\"name\":\"Loginfo24\",\"description\":\"Loginfo24 es la plataforma dedicada a la log\u00edstica y las cadenas de suministro con informaci\u00f3n las 24 horas del d\u00eda.\",\"publisher\":{\"@id\":\"https:\\\/\\\/loginfo24.com\\\/es\\\/#organization\"},\"potentialAction\":[{\"@type\":\"SearchAction\",\"target\":{\"@type\":\"EntryPoint\",\"urlTemplate\":\"https:\\\/\\\/loginfo24.com\\\/es\\\/?s={search_term_string}\"},\"query-input\":{\"@type\":\"PropertyValueSpecification\",\"valueRequired\":true,\"valueName\":\"search_term_string\"}}],\"inLanguage\":\"es\"},{\"@type\":\"Organization\",\"@id\":\"https:\\\/\\\/loginfo24.com\\\/es\\\/#organization\",\"name\":\"Grupo Logismedia AG\",\"url\":\"https:\\\/\\\/loginfo24.com\\\/es\\\/\",\"logo\":{\"@type\":\"ImageObject\",\"inLanguage\":\"es\",\"@id\":\"https:\\\/\\\/loginfo24.com\\\/es\\\/#\\\/schema\\\/logo\\\/image\\\/\",\"url\":\"https:\\\/\\\/loginfo24.com\\\/wp-content\\\/uploads\\\/sites\\\/7\\\/2026\\\/01\\\/Logo_LogInfo24.png\",\"contentUrl\":\"https:\\\/\\\/loginfo24.com\\\/wp-content\\\/uploads\\\/sites\\\/7\\\/2026\\\/01\\\/Logo_LogInfo24.png\",\"width\":938,\"height\":351,\"caption\":\"Grupo Logismedia AG\"},\"image\":{\"@id\":\"https:\\\/\\\/loginfo24.com\\\/es\\\/#\\\/schema\\\/logo\\\/image\\\/\"},\"sameAs\":[\"https:\\\/\\\/www.facebook.com\\\/people\\\/Loginfo24\\\/100057360583332\\\/\",\"https:\\\/\\\/www.linkedin.com\\\/company\\\/lofinfo24\\\/\"]}]}<\/script>\n<!-- \/ Yoast SEO plugin. -->","yoast_head_json":{"title":"Gruber Logistics completa la integraci\u00f3n de Z\u00fcst &amp; Bachmeier - Loginfo24","robots":{"index":"index","follow":"follow","max-snippet":"max-snippet:-1","max-image-preview":"max-image-preview:large","max-video-preview":"max-video-preview:-1"},"canonical":"https:\/\/loginfo24.com\/es\/2025\/02\/27\/gruber-logistics-completa-la-integracion-de-zust-bachmeier\/","og_locale":"es_ES","og_type":"article","og_title":"Gruber Logistics completa la integraci\u00f3n de Z\u00fcst &amp; Bachmeier - Loginfo24","og_description":"Gruber Logistics complet\u00f3 la integraci\u00f3n de Z\u00fcst &amp; Bachmeier Project GmbH en su grupo empresarial a principios de 2025. Desde el comienzo de este a\u00f1o, el [\u2026]","og_url":"https:\/\/loginfo24.com\/es\/2025\/02\/27\/gruber-logistics-completa-la-integracion-de-zust-bachmeier\/","og_site_name":"Loginfo24","article_publisher":"https:\/\/www.facebook.com\/people\/Loginfo24\/100057360583332\/","article_published_time":"2025-02-27T16:35:45+00:00","og_image":[{"width":1223,"height":763,"url":"https:\/\/loginfo24.com\/wp-content\/uploads\/sites\/7\/2025\/12\/Gruber_27.2.25.jpg","type":"image\/jpeg"}],"twitter_card":"summary_large_image","twitter_misc":{"Tiempo de lectura":"3 minuto"},"schema":{"@context":"https:\/\/schema.org","@graph":[{"@type":"Article","@id":"https:\/\/loginfo24.com\/es\/2025\/02\/27\/gruber-logistics-completa-la-integracion-de-zust-bachmeier\/#article","isPartOf":{"@id":"https:\/\/loginfo24.com\/es\/2025\/02\/27\/gruber-logistics-completa-la-integracion-de-zust-bachmeier\/"},"author":{"name":"","@id":""},"headline":"Gruber Logistics completa la integraci\u00f3n de Z\u00fcst &amp; Bachmeier","datePublished":"2025-02-27T16:35:45+00:00","mainEntityOfPage":{"@id":"https:\/\/loginfo24.com\/es\/2025\/02\/27\/gruber-logistics-completa-la-integracion-de-zust-bachmeier\/"},"wordCount":516,"commentCount":0,"publisher":{"@id":"https:\/\/loginfo24.com\/es\/#organization"},"image":{"@id":"https:\/\/loginfo24.com\/es\/2025\/02\/27\/gruber-logistics-completa-la-integracion-de-zust-bachmeier\/#primaryimage"},"thumbnailUrl":"https:\/\/loginfo24.com\/wp-content\/uploads\/sites\/7\/2025\/12\/Gruber_27.2.25.jpg","articleSection":["Forwarding &amp; Logistics","Regions"],"inLanguage":"es","potentialAction":[{"@type":"CommentAction","name":"Comment","target":["https:\/\/loginfo24.com\/es\/2025\/02\/27\/gruber-logistics-completa-la-integracion-de-zust-bachmeier\/#respond"]}]},{"@type":"WebPage","@id":"https:\/\/loginfo24.com\/es\/2025\/02\/27\/gruber-logistics-completa-la-integracion-de-zust-bachmeier\/","url":"https:\/\/loginfo24.com\/es\/2025\/02\/27\/gruber-logistics-completa-la-integracion-de-zust-bachmeier\/","name":"Gruber Logistics completa la integraci\u00f3n de Z\u00fcst &amp; Bachmeier - Loginfo24","isPartOf":{"@id":"https:\/\/loginfo24.com\/es\/#website"},"primaryImageOfPage":{"@id":"https:\/\/loginfo24.com\/es\/2025\/02\/27\/gruber-logistics-completa-la-integracion-de-zust-bachmeier\/#primaryimage"},"image":{"@id":"https:\/\/loginfo24.com\/es\/2025\/02\/27\/gruber-logistics-completa-la-integracion-de-zust-bachmeier\/#primaryimage"},"thumbnailUrl":"https:\/\/loginfo24.com\/wp-content\/uploads\/sites\/7\/2025\/12\/Gruber_27.2.25.jpg","datePublished":"2025-02-27T16:35:45+00:00","breadcrumb":{"@id":"https:\/\/loginfo24.com\/es\/2025\/02\/27\/gruber-logistics-completa-la-integracion-de-zust-bachmeier\/#breadcrumb"},"inLanguage":"es","potentialAction":[{"@type":"ReadAction","target":["https:\/\/loginfo24.com\/es\/2025\/02\/27\/gruber-logistics-completa-la-integracion-de-zust-bachmeier\/"]}]},{"@type":"ImageObject","inLanguage":"es","@id":"https:\/\/loginfo24.com\/es\/2025\/02\/27\/gruber-logistics-completa-la-integracion-de-zust-bachmeier\/#primaryimage","url":"https:\/\/loginfo24.com\/wp-content\/uploads\/sites\/7\/2025\/12\/Gruber_27.2.25.jpg","contentUrl":"https:\/\/loginfo24.com\/wp-content\/uploads\/sites\/7\/2025\/12\/Gruber_27.2.25.jpg","width":1223,"height":763},{"@type":"BreadcrumbList","@id":"https:\/\/loginfo24.com\/es\/2025\/02\/27\/gruber-logistics-completa-la-integracion-de-zust-bachmeier\/#breadcrumb","itemListElement":[{"@type":"ListItem","position":1,"name":"Startseite","item":"https:\/\/loginfo24.com\/es\/"},{"@type":"ListItem","position":2,"name":"Gruber Logistics completa la integraci\u00f3n de Z\u00fcst &amp; Bachmeier"}]},{"@type":"WebSite","@id":"https:\/\/loginfo24.com\/es\/#website","url":"https:\/\/loginfo24.com\/es\/","name":"Loginfo24","description":"Loginfo24 es la plataforma dedicada a la log\u00edstica y las cadenas de suministro con informaci\u00f3n las 24 horas del d\u00eda.","publisher":{"@id":"https:\/\/loginfo24.com\/es\/#organization"},"potentialAction":[{"@type":"SearchAction","target":{"@type":"EntryPoint","urlTemplate":"https:\/\/loginfo24.com\/es\/?s={search_term_string}"},"query-input":{"@type":"PropertyValueSpecification","valueRequired":true,"valueName":"search_term_string"}}],"inLanguage":"es"},{"@type":"Organization","@id":"https:\/\/loginfo24.com\/es\/#organization","name":"Grupo Logismedia AG","url":"https:\/\/loginfo24.com\/es\/","logo":{"@type":"ImageObject","inLanguage":"es","@id":"https:\/\/loginfo24.com\/es\/#\/schema\/logo\/image\/","url":"https:\/\/loginfo24.com\/wp-content\/uploads\/sites\/7\/2026\/01\/Logo_LogInfo24.png","contentUrl":"https:\/\/loginfo24.com\/wp-content\/uploads\/sites\/7\/2026\/01\/Logo_LogInfo24.png","width":938,"height":351,"caption":"Grupo Logismedia AG"},"image":{"@id":"https:\/\/loginfo24.com\/es\/#\/schema\/logo\/image\/"},"sameAs":["https:\/\/www.facebook.com\/people\/Loginfo24\/100057360583332\/","https:\/\/www.linkedin.com\/company\/lofinfo24\/"]}]}},"_links":{"self":[{"href":"https:\/\/loginfo24.com\/es\/wp-json\/wp\/v2\/posts\/68234","targetHints":{"allow":["GET"]}}],"collection":[{"href":"https:\/\/loginfo24.com\/es\/wp-json\/wp\/v2\/posts"}],"about":[{"href":"https:\/\/loginfo24.com\/es\/wp-json\/wp\/v2\/types\/post"}],"replies":[{"embeddable":true,"href":"https:\/\/loginfo24.com\/es\/wp-json\/wp\/v2\/comments?post=68234"}],"version-history":[{"count":0,"href":"https:\/\/loginfo24.com\/es\/wp-json\/wp\/v2\/posts\/68234\/revisions"}],"wp:featuredmedia":[{"embeddable":true,"href":"https:\/\/loginfo24.com\/es\/wp-json\/wp\/v2\/media\/5356"}],"wp:attachment":[{"href":"https:\/\/loginfo24.com\/es\/wp-json\/wp\/v2\/media?parent=68234"}],"wp:term":[{"taxonomy":"category","embeddable":true,"href":"https:\/\/loginfo24.com\/es\/wp-json\/wp\/v2\/categories?post=68234"},{"taxonomy":"post_tag","embeddable":true,"href":"https:\/\/loginfo24.com\/es\/wp-json\/wp\/v2\/tags?post=68234"}],"curies":[{"name":"wp","href":"https:\/\/api.w.org\/{rel}","templated":true}]}}