{"id":68089,"date":"2025-02-14T19:33:23","date_gmt":"2025-02-14T18:33:23","guid":{"rendered":"https:\/\/blog.brand-architecture.at\/2025\/02\/14\/balm-publica-la-edicion-anual-trafico-de-peaje-compacto-2024\/"},"modified":"2025-02-14T19:33:23","modified_gmt":"2025-02-14T18:33:23","slug":"balm-publica-la-edicion-anual-trafico-de-peaje-compacto-2024","status":"publish","type":"post","link":"https:\/\/loginfo24.com\/es\/2025\/02\/14\/balm-publica-la-edicion-anual-trafico-de-peaje-compacto-2024\/","title":{"rendered":"BALM publica la edici\u00f3n anual \u00abTr\u00e1fico de peaje COMPACTO\u00bb 2024"},"content":{"rendered":"<h5>La Oficina Federal de Log\u00edstica y Movilidad (BALM) resume en la edici\u00f3n anual del formato \u00abTr\u00e1fico de peaje COMPACTO\u00bb para el a\u00f1o 2024 los desarrollos del transporte de mercanc\u00edas por carretera bas\u00e1ndose en los datos de peaje de camiones de manera comprimida y clara. La distancia recorrida por veh\u00edculos con al menos cuatro ejes en autopistas se mantiene en 2024 a un nivel similar al de 2023, aunque un 2,0 % por debajo del promedio de los \u00faltimos cinco a\u00f1os.<\/h5>\n<p>(K\u00f6ln) Aproximadamente el 97 % de la distancia recorrida es realizada por veh\u00edculos Euro 6. Esta proporci\u00f3n ha ido aumentando continuamente desde 2013 y se situ\u00f3 en aproximadamente 97 %, alrededor de 2 puntos porcentuales por encima del valor del a\u00f1o anterior. La flota de camiones utilizada en Alemania se vuelve as\u00ed m\u00e1s limpia y moderna.<\/p>\n<h5>Proporci\u00f3n de distancia recorrida de veh\u00edculos residentes y no residentes en un nivel casi igual<\/h5>\n<p>La proporci\u00f3n de distancia recorrida por veh\u00edculos no residentes ha disminuido en 2024 en 0,1 puntos porcentuales. Ambas proporciones se sit\u00faan en alrededor del 50 %.<\/p>\n<h5>Mayor proporci\u00f3n de distancia recorrida en Baviera<\/h5>\n<p>Aproximadamente la mitad de la distancia recorrida en 2024 corresponde a los tres estados federales de Baviera (19,9 %), Renania del Norte-Westfalia (17,5 %) y Baja Sajonia (13,1 %). En comparaci\u00f3n con el a\u00f1o anterior, la mayor\u00eda de los estados federales no presentan cambios o solo cambios marginales en la proporci\u00f3n de distancia recorrida.<\/p>\n<h5>La <strong>distancia de peaje en 2024 fue de 40,1 mil millones de kil\u00f3metros<\/strong><\/h5>\n<p>En 2024, los veh\u00edculos de carga sujetos a peaje recorrieron aproximadamente 40,1 mil millones de kil\u00f3metros en la red de carreteras de peaje (alrededor de 52,000 km) en Alemania. Esto representa un 1,2 % m\u00e1s que en 2023.<\/p>\n<p>Si se diferencia la distancia recorrida seg\u00fan los estados de matriculaci\u00f3n de los veh\u00edculos, los camiones alemanes recorrieron en 2024 aproximadamente 23,0 mil millones de kil\u00f3metros sujetos a peaje, lo que representa un aumento de aproximadamente 2,0 % en comparaci\u00f3n con el a\u00f1o anterior. La distancia recorrida sujeta a peaje por veh\u00edculos de otros estados de matriculaci\u00f3n fue de aproximadamente 17,2 mil millones de km, es decir, un 0,3 % m\u00e1s en comparaci\u00f3n con 2023.<\/p>\n<p>Cabe se\u00f1alar que desde el 01.07.2024, tambi\u00e9n los veh\u00edculos con una masa total t\u00e9cnicamente permitida de 3,5 t estar\u00e1n sujetos a peaje.<\/p>\n<h4><a href=\"https:\/\/www.balm.bund.de\/DE\/Service\/Open-Data\/Mautdaten-Tabellenwerk\/Tabellenwerk_inhalt.html?nn=541380\" target=\"_blank\" rel=\"noopener\">M\u00e1s datos e informaci\u00f3n se pueden encontrar en la edici\u00f3n anual<\/a><\/h4>\n<p>Foto: \u00a9 BALM<\/p>\n","protected":false},"excerpt":{"rendered":"<p>La Oficina Federal de Log\u00edstica y Movilidad (BALM) resume en la edici\u00f3n anual del formato \u00abTr\u00e1fico de peaje COMPACTO\u00bb para el a\u00f1o 2024 los desarrollos del<span class=\"excerpt-hellip\"> [\u2026]<\/span><\/p>\n","protected":false},"author":0,"featured_media":5400,"comment_status":"open","ping_status":"open","sticky":false,"template":"","format":"standard","meta":{"_acf_changed":false,"footnotes":""},"categories":[1557,1556,1561],"tags":[],"class_list":["post-68089","post","type-post","status-publish","format-standard","has-post-thumbnail","hentry","category-forwarding-logistics","category-intermodal-road","category-regions"],"acf":[],"yoast_head":"<!-- This site is optimized with the Yoast SEO plugin v27.3 - https:\/\/yoast.com\/product\/yoast-seo-wordpress\/ -->\n<title>BALM publica la edici\u00f3n anual &quot;Tr\u00e1fico de peaje COMPACTO&quot; 2024 - Loginfo24<\/title>\n<meta name=\"robots\" content=\"index, follow, max-snippet:-1, max-image-preview:large, max-video-preview:-1\" \/>\n<link rel=\"canonical\" href=\"https:\/\/loginfo24.com\/es\/2025\/02\/14\/balm-publica-la-edicion-anual-trafico-de-peaje-compacto-2024\/\" \/>\n<meta property=\"og:locale\" content=\"es_ES\" \/>\n<meta property=\"og:type\" content=\"article\" \/>\n<meta property=\"og:title\" content=\"BALM publica la edici\u00f3n anual &quot;Tr\u00e1fico de peaje COMPACTO&quot; 2024 - Loginfo24\" \/>\n<meta property=\"og:description\" content=\"La Oficina Federal de Log\u00edstica y Movilidad (BALM) resume en la edici\u00f3n anual del formato \u00abTr\u00e1fico de peaje COMPACTO\u00bb para el a\u00f1o 2024 los desarrollos del [\u2026]\" \/>\n<meta property=\"og:url\" content=\"https:\/\/loginfo24.com\/es\/2025\/02\/14\/balm-publica-la-edicion-anual-trafico-de-peaje-compacto-2024\/\" \/>\n<meta property=\"og:site_name\" content=\"Loginfo24\" \/>\n<meta property=\"article:publisher\" content=\"https:\/\/www.facebook.com\/people\/Loginfo24\/100057360583332\/\" \/>\n<meta property=\"article:published_time\" content=\"2025-02-14T18:33:23+00:00\" \/>\n<meta property=\"og:image\" content=\"https:\/\/loginfo24.com\/wp-content\/uploads\/sites\/7\/2025\/12\/BALM_14.2.25.jpg\" \/>\n\t<meta property=\"og:image:width\" content=\"727\" \/>\n\t<meta property=\"og:image:height\" content=\"480\" \/>\n\t<meta property=\"og:image:type\" content=\"image\/jpeg\" \/>\n<meta name=\"twitter:card\" content=\"summary_large_image\" \/>\n<meta name=\"twitter:label1\" content=\"Tiempo de lectura\" \/>\n\t<meta name=\"twitter:data1\" content=\"2 minuto\" \/>\n<script type=\"application\/ld+json\" class=\"yoast-schema-graph\">{\"@context\":\"https:\\\/\\\/schema.org\",\"@graph\":[{\"@type\":\"Article\",\"@id\":\"https:\\\/\\\/loginfo24.com\\\/es\\\/2025\\\/02\\\/14\\\/balm-publica-la-edicion-anual-trafico-de-peaje-compacto-2024\\\/#article\",\"isPartOf\":{\"@id\":\"https:\\\/\\\/loginfo24.com\\\/es\\\/2025\\\/02\\\/14\\\/balm-publica-la-edicion-anual-trafico-de-peaje-compacto-2024\\\/\"},\"author\":{\"name\":\"\",\"@id\":\"\"},\"headline\":\"BALM publica la edici\u00f3n anual \u00abTr\u00e1fico de peaje COMPACTO\u00bb 2024\",\"datePublished\":\"2025-02-14T18:33:23+00:00\",\"mainEntityOfPage\":{\"@id\":\"https:\\\/\\\/loginfo24.com\\\/es\\\/2025\\\/02\\\/14\\\/balm-publica-la-edicion-anual-trafico-de-peaje-compacto-2024\\\/\"},\"wordCount\":414,\"commentCount\":0,\"publisher\":{\"@id\":\"https:\\\/\\\/loginfo24.com\\\/es\\\/#organization\"},\"image\":{\"@id\":\"https:\\\/\\\/loginfo24.com\\\/es\\\/2025\\\/02\\\/14\\\/balm-publica-la-edicion-anual-trafico-de-peaje-compacto-2024\\\/#primaryimage\"},\"thumbnailUrl\":\"https:\\\/\\\/loginfo24.com\\\/wp-content\\\/uploads\\\/sites\\\/7\\\/2025\\\/12\\\/BALM_14.2.25.jpg\",\"articleSection\":[\"Forwarding &amp; Logistics\",\"Intermodal \\\/ Road\",\"Regions\"],\"inLanguage\":\"es\",\"potentialAction\":[{\"@type\":\"CommentAction\",\"name\":\"Comment\",\"target\":[\"https:\\\/\\\/loginfo24.com\\\/es\\\/2025\\\/02\\\/14\\\/balm-publica-la-edicion-anual-trafico-de-peaje-compacto-2024\\\/#respond\"]}]},{\"@type\":\"WebPage\",\"@id\":\"https:\\\/\\\/loginfo24.com\\\/es\\\/2025\\\/02\\\/14\\\/balm-publica-la-edicion-anual-trafico-de-peaje-compacto-2024\\\/\",\"url\":\"https:\\\/\\\/loginfo24.com\\\/es\\\/2025\\\/02\\\/14\\\/balm-publica-la-edicion-anual-trafico-de-peaje-compacto-2024\\\/\",\"name\":\"BALM publica la edici\u00f3n anual \\\"Tr\u00e1fico de peaje COMPACTO\\\" 2024 - Loginfo24\",\"isPartOf\":{\"@id\":\"https:\\\/\\\/loginfo24.com\\\/es\\\/#website\"},\"primaryImageOfPage\":{\"@id\":\"https:\\\/\\\/loginfo24.com\\\/es\\\/2025\\\/02\\\/14\\\/balm-publica-la-edicion-anual-trafico-de-peaje-compacto-2024\\\/#primaryimage\"},\"image\":{\"@id\":\"https:\\\/\\\/loginfo24.com\\\/es\\\/2025\\\/02\\\/14\\\/balm-publica-la-edicion-anual-trafico-de-peaje-compacto-2024\\\/#primaryimage\"},\"thumbnailUrl\":\"https:\\\/\\\/loginfo24.com\\\/wp-content\\\/uploads\\\/sites\\\/7\\\/2025\\\/12\\\/BALM_14.2.25.jpg\",\"datePublished\":\"2025-02-14T18:33:23+00:00\",\"breadcrumb\":{\"@id\":\"https:\\\/\\\/loginfo24.com\\\/es\\\/2025\\\/02\\\/14\\\/balm-publica-la-edicion-anual-trafico-de-peaje-compacto-2024\\\/#breadcrumb\"},\"inLanguage\":\"es\",\"potentialAction\":[{\"@type\":\"ReadAction\",\"target\":[\"https:\\\/\\\/loginfo24.com\\\/es\\\/2025\\\/02\\\/14\\\/balm-publica-la-edicion-anual-trafico-de-peaje-compacto-2024\\\/\"]}]},{\"@type\":\"ImageObject\",\"inLanguage\":\"es\",\"@id\":\"https:\\\/\\\/loginfo24.com\\\/es\\\/2025\\\/02\\\/14\\\/balm-publica-la-edicion-anual-trafico-de-peaje-compacto-2024\\\/#primaryimage\",\"url\":\"https:\\\/\\\/loginfo24.com\\\/wp-content\\\/uploads\\\/sites\\\/7\\\/2025\\\/12\\\/BALM_14.2.25.jpg\",\"contentUrl\":\"https:\\\/\\\/loginfo24.com\\\/wp-content\\\/uploads\\\/sites\\\/7\\\/2025\\\/12\\\/BALM_14.2.25.jpg\",\"width\":727,\"height\":480},{\"@type\":\"BreadcrumbList\",\"@id\":\"https:\\\/\\\/loginfo24.com\\\/es\\\/2025\\\/02\\\/14\\\/balm-publica-la-edicion-anual-trafico-de-peaje-compacto-2024\\\/#breadcrumb\",\"itemListElement\":[{\"@type\":\"ListItem\",\"position\":1,\"name\":\"Startseite\",\"item\":\"https:\\\/\\\/loginfo24.com\\\/es\\\/\"},{\"@type\":\"ListItem\",\"position\":2,\"name\":\"BALM publica la edici\u00f3n anual \u00abTr\u00e1fico de peaje COMPACTO\u00bb 2024\"}]},{\"@type\":\"WebSite\",\"@id\":\"https:\\\/\\\/loginfo24.com\\\/es\\\/#website\",\"url\":\"https:\\\/\\\/loginfo24.com\\\/es\\\/\",\"name\":\"Loginfo24\",\"description\":\"Loginfo24 es la plataforma dedicada a la log\u00edstica y las cadenas de suministro con informaci\u00f3n las 24 horas del d\u00eda.\",\"publisher\":{\"@id\":\"https:\\\/\\\/loginfo24.com\\\/es\\\/#organization\"},\"potentialAction\":[{\"@type\":\"SearchAction\",\"target\":{\"@type\":\"EntryPoint\",\"urlTemplate\":\"https:\\\/\\\/loginfo24.com\\\/es\\\/?s={search_term_string}\"},\"query-input\":{\"@type\":\"PropertyValueSpecification\",\"valueRequired\":true,\"valueName\":\"search_term_string\"}}],\"inLanguage\":\"es\"},{\"@type\":\"Organization\",\"@id\":\"https:\\\/\\\/loginfo24.com\\\/es\\\/#organization\",\"name\":\"Grupo Logismedia AG\",\"url\":\"https:\\\/\\\/loginfo24.com\\\/es\\\/\",\"logo\":{\"@type\":\"ImageObject\",\"inLanguage\":\"es\",\"@id\":\"https:\\\/\\\/loginfo24.com\\\/es\\\/#\\\/schema\\\/logo\\\/image\\\/\",\"url\":\"https:\\\/\\\/loginfo24.com\\\/wp-content\\\/uploads\\\/sites\\\/7\\\/2026\\\/01\\\/Logo_LogInfo24.png\",\"contentUrl\":\"https:\\\/\\\/loginfo24.com\\\/wp-content\\\/uploads\\\/sites\\\/7\\\/2026\\\/01\\\/Logo_LogInfo24.png\",\"width\":938,\"height\":351,\"caption\":\"Grupo Logismedia AG\"},\"image\":{\"@id\":\"https:\\\/\\\/loginfo24.com\\\/es\\\/#\\\/schema\\\/logo\\\/image\\\/\"},\"sameAs\":[\"https:\\\/\\\/www.facebook.com\\\/people\\\/Loginfo24\\\/100057360583332\\\/\",\"https:\\\/\\\/www.linkedin.com\\\/company\\\/lofinfo24\\\/\"]}]}<\/script>\n<!-- \/ Yoast SEO plugin. -->","yoast_head_json":{"title":"BALM publica la edici\u00f3n anual \"Tr\u00e1fico de peaje COMPACTO\" 2024 - Loginfo24","robots":{"index":"index","follow":"follow","max-snippet":"max-snippet:-1","max-image-preview":"max-image-preview:large","max-video-preview":"max-video-preview:-1"},"canonical":"https:\/\/loginfo24.com\/es\/2025\/02\/14\/balm-publica-la-edicion-anual-trafico-de-peaje-compacto-2024\/","og_locale":"es_ES","og_type":"article","og_title":"BALM publica la edici\u00f3n anual \"Tr\u00e1fico de peaje COMPACTO\" 2024 - Loginfo24","og_description":"La Oficina Federal de Log\u00edstica y Movilidad (BALM) resume en la edici\u00f3n anual del formato \u00abTr\u00e1fico de peaje COMPACTO\u00bb para el a\u00f1o 2024 los desarrollos del [\u2026]","og_url":"https:\/\/loginfo24.com\/es\/2025\/02\/14\/balm-publica-la-edicion-anual-trafico-de-peaje-compacto-2024\/","og_site_name":"Loginfo24","article_publisher":"https:\/\/www.facebook.com\/people\/Loginfo24\/100057360583332\/","article_published_time":"2025-02-14T18:33:23+00:00","og_image":[{"width":727,"height":480,"url":"https:\/\/loginfo24.com\/wp-content\/uploads\/sites\/7\/2025\/12\/BALM_14.2.25.jpg","type":"image\/jpeg"}],"twitter_card":"summary_large_image","twitter_misc":{"Tiempo de lectura":"2 minuto"},"schema":{"@context":"https:\/\/schema.org","@graph":[{"@type":"Article","@id":"https:\/\/loginfo24.com\/es\/2025\/02\/14\/balm-publica-la-edicion-anual-trafico-de-peaje-compacto-2024\/#article","isPartOf":{"@id":"https:\/\/loginfo24.com\/es\/2025\/02\/14\/balm-publica-la-edicion-anual-trafico-de-peaje-compacto-2024\/"},"author":{"name":"","@id":""},"headline":"BALM publica la edici\u00f3n anual \u00abTr\u00e1fico de peaje COMPACTO\u00bb 2024","datePublished":"2025-02-14T18:33:23+00:00","mainEntityOfPage":{"@id":"https:\/\/loginfo24.com\/es\/2025\/02\/14\/balm-publica-la-edicion-anual-trafico-de-peaje-compacto-2024\/"},"wordCount":414,"commentCount":0,"publisher":{"@id":"https:\/\/loginfo24.com\/es\/#organization"},"image":{"@id":"https:\/\/loginfo24.com\/es\/2025\/02\/14\/balm-publica-la-edicion-anual-trafico-de-peaje-compacto-2024\/#primaryimage"},"thumbnailUrl":"https:\/\/loginfo24.com\/wp-content\/uploads\/sites\/7\/2025\/12\/BALM_14.2.25.jpg","articleSection":["Forwarding &amp; Logistics","Intermodal \/ Road","Regions"],"inLanguage":"es","potentialAction":[{"@type":"CommentAction","name":"Comment","target":["https:\/\/loginfo24.com\/es\/2025\/02\/14\/balm-publica-la-edicion-anual-trafico-de-peaje-compacto-2024\/#respond"]}]},{"@type":"WebPage","@id":"https:\/\/loginfo24.com\/es\/2025\/02\/14\/balm-publica-la-edicion-anual-trafico-de-peaje-compacto-2024\/","url":"https:\/\/loginfo24.com\/es\/2025\/02\/14\/balm-publica-la-edicion-anual-trafico-de-peaje-compacto-2024\/","name":"BALM publica la edici\u00f3n anual \"Tr\u00e1fico de peaje COMPACTO\" 2024 - Loginfo24","isPartOf":{"@id":"https:\/\/loginfo24.com\/es\/#website"},"primaryImageOfPage":{"@id":"https:\/\/loginfo24.com\/es\/2025\/02\/14\/balm-publica-la-edicion-anual-trafico-de-peaje-compacto-2024\/#primaryimage"},"image":{"@id":"https:\/\/loginfo24.com\/es\/2025\/02\/14\/balm-publica-la-edicion-anual-trafico-de-peaje-compacto-2024\/#primaryimage"},"thumbnailUrl":"https:\/\/loginfo24.com\/wp-content\/uploads\/sites\/7\/2025\/12\/BALM_14.2.25.jpg","datePublished":"2025-02-14T18:33:23+00:00","breadcrumb":{"@id":"https:\/\/loginfo24.com\/es\/2025\/02\/14\/balm-publica-la-edicion-anual-trafico-de-peaje-compacto-2024\/#breadcrumb"},"inLanguage":"es","potentialAction":[{"@type":"ReadAction","target":["https:\/\/loginfo24.com\/es\/2025\/02\/14\/balm-publica-la-edicion-anual-trafico-de-peaje-compacto-2024\/"]}]},{"@type":"ImageObject","inLanguage":"es","@id":"https:\/\/loginfo24.com\/es\/2025\/02\/14\/balm-publica-la-edicion-anual-trafico-de-peaje-compacto-2024\/#primaryimage","url":"https:\/\/loginfo24.com\/wp-content\/uploads\/sites\/7\/2025\/12\/BALM_14.2.25.jpg","contentUrl":"https:\/\/loginfo24.com\/wp-content\/uploads\/sites\/7\/2025\/12\/BALM_14.2.25.jpg","width":727,"height":480},{"@type":"BreadcrumbList","@id":"https:\/\/loginfo24.com\/es\/2025\/02\/14\/balm-publica-la-edicion-anual-trafico-de-peaje-compacto-2024\/#breadcrumb","itemListElement":[{"@type":"ListItem","position":1,"name":"Startseite","item":"https:\/\/loginfo24.com\/es\/"},{"@type":"ListItem","position":2,"name":"BALM publica la edici\u00f3n anual \u00abTr\u00e1fico de peaje COMPACTO\u00bb 2024"}]},{"@type":"WebSite","@id":"https:\/\/loginfo24.com\/es\/#website","url":"https:\/\/loginfo24.com\/es\/","name":"Loginfo24","description":"Loginfo24 es la plataforma dedicada a la log\u00edstica y las cadenas de suministro con informaci\u00f3n las 24 horas del d\u00eda.","publisher":{"@id":"https:\/\/loginfo24.com\/es\/#organization"},"potentialAction":[{"@type":"SearchAction","target":{"@type":"EntryPoint","urlTemplate":"https:\/\/loginfo24.com\/es\/?s={search_term_string}"},"query-input":{"@type":"PropertyValueSpecification","valueRequired":true,"valueName":"search_term_string"}}],"inLanguage":"es"},{"@type":"Organization","@id":"https:\/\/loginfo24.com\/es\/#organization","name":"Grupo Logismedia AG","url":"https:\/\/loginfo24.com\/es\/","logo":{"@type":"ImageObject","inLanguage":"es","@id":"https:\/\/loginfo24.com\/es\/#\/schema\/logo\/image\/","url":"https:\/\/loginfo24.com\/wp-content\/uploads\/sites\/7\/2026\/01\/Logo_LogInfo24.png","contentUrl":"https:\/\/loginfo24.com\/wp-content\/uploads\/sites\/7\/2026\/01\/Logo_LogInfo24.png","width":938,"height":351,"caption":"Grupo Logismedia AG"},"image":{"@id":"https:\/\/loginfo24.com\/es\/#\/schema\/logo\/image\/"},"sameAs":["https:\/\/www.facebook.com\/people\/Loginfo24\/100057360583332\/","https:\/\/www.linkedin.com\/company\/lofinfo24\/"]}]}},"_links":{"self":[{"href":"https:\/\/loginfo24.com\/es\/wp-json\/wp\/v2\/posts\/68089","targetHints":{"allow":["GET"]}}],"collection":[{"href":"https:\/\/loginfo24.com\/es\/wp-json\/wp\/v2\/posts"}],"about":[{"href":"https:\/\/loginfo24.com\/es\/wp-json\/wp\/v2\/types\/post"}],"replies":[{"embeddable":true,"href":"https:\/\/loginfo24.com\/es\/wp-json\/wp\/v2\/comments?post=68089"}],"version-history":[{"count":0,"href":"https:\/\/loginfo24.com\/es\/wp-json\/wp\/v2\/posts\/68089\/revisions"}],"wp:featuredmedia":[{"embeddable":true,"href":"https:\/\/loginfo24.com\/es\/wp-json\/wp\/v2\/media\/5400"}],"wp:attachment":[{"href":"https:\/\/loginfo24.com\/es\/wp-json\/wp\/v2\/media?parent=68089"}],"wp:term":[{"taxonomy":"category","embeddable":true,"href":"https:\/\/loginfo24.com\/es\/wp-json\/wp\/v2\/categories?post=68089"},{"taxonomy":"post_tag","embeddable":true,"href":"https:\/\/loginfo24.com\/es\/wp-json\/wp\/v2\/tags?post=68089"}],"curies":[{"name":"wp","href":"https:\/\/api.w.org\/{rel}","templated":true}]}}