{"id":68077,"date":"2025-02-13T21:18:05","date_gmt":"2025-02-13T20:18:05","guid":{"rendered":"https:\/\/blog.brand-architecture.at\/2025\/02\/13\/la-perdida-en-sbb-cargo-sera-mas-pronunciada-en-2024-de-lo-esperado\/"},"modified":"2025-02-13T21:18:05","modified_gmt":"2025-02-13T20:18:05","slug":"la-perdida-en-sbb-cargo-sera-mas-pronunciada-en-2024-de-lo-esperado","status":"publish","type":"post","link":"https:\/\/loginfo24.com\/es\/2025\/02\/13\/la-perdida-en-sbb-cargo-sera-mas-pronunciada-en-2024-de-lo-esperado\/","title":{"rendered":"La p\u00e9rdida en SBB Cargo ser\u00e1 m\u00e1s pronunciada en 2024 de lo esperado"},"content":{"rendered":"<h5><strong>El SEV, sindicato del personal de transporte, informa hoy sobre una inminente reducci\u00f3n de personal en SBB Cargo Suiza. El hecho es que el resultado ha empeorado a\u00fan m\u00e1s en el \u00faltimo a\u00f1o y las cantidades transportadas han disminuido. SBB Cargo Suiza se adapta al mercado. Hasta finales de 2025, SBB Cargo Suiza eliminar\u00e1 alrededor de 80 puestos de trabajo a tiempo completo. La reducci\u00f3n se llevar\u00e1 a cabo en la medida de lo posible a trav\u00e9s de cambios dentro de SBB o mediante la fluctuaci\u00f3n natural. SBB emplea a alrededor de 35,500 empleados, que son casi 600 m\u00e1s que el a\u00f1o anterior.<\/strong><\/h5>\n<p>(Berna) El transporte de mercanc\u00edas de SBB Cargo Suiza reporta para el pasado 2024 una p\u00e9rdida significativamente mayor de lo esperado. Las principales razones son de naturaleza c\u00edclica y est\u00e1n relacionadas con la situaci\u00f3n econ\u00f3mica cada vez m\u00e1s dif\u00edcil: menos clientes realizan menos transportes con SBB Cargo Suiza.<\/p>\n<p>La empresa reacciona a esto reduciendo sus propios costos, aumentando los ingresos y la ocupaci\u00f3n, as\u00ed como invirtiendo de manera espec\u00edfica. Concretamente, SBB Cargo Suiza eliminar\u00e1 el exceso existente y, por lo tanto, alrededor de 80 puestos de trabajo a tiempo completo hasta finales de 2025. Esto afecta a puestos en la administraci\u00f3n y al personal operativo. SBB Cargo Suiza emplea alrededor de 2,250 puestos a tiempo completo.<\/p>\n<p>SBB est\u00e1 en un estrecho intercambio con los socios sociales. La reducci\u00f3n de personal debe llevarse a cabo de la manera m\u00e1s socialmente responsable posible, a trav\u00e9s de cambios dentro de SBB, mediante fluctuaciones naturales como jubilaciones; los despidos son la excepci\u00f3n. La demograf\u00eda y la escasez de mano de obra en muchas profesiones ayudan en este proceso.<\/p>\n<p>SBB emplea a alrededor de 35,500 empleados, que son casi 600 m\u00e1s que el a\u00f1o anterior. De este modo, se ha compensado el d\u00e9ficit, se han internalizado puestos externos y se ha tenido en cuenta el creciente volumen de construcci\u00f3n. La mayor\u00eda de los puestos creados en los \u00faltimos a\u00f1os son en el \u00e1rea operativa, como personal de locomotoras y trenes, ingenieros, t\u00e9cnicas, artesanos o IT. Donde ya no se necesitan puestos, SBB los elimina. Esto se debe a la baja demanda y a los malos resultados actuales de SBB Cargo Suiza.<\/p>\n<h5><strong>Hacer que el transporte de mercanc\u00edas est\u00e9 preparado para el futuro<\/strong><\/h5>\n<p>SBB apuesta por un transporte de mercanc\u00edas ferroviario fuerte y sostenible. Para ello, lo reorienta fundamentalmente. El concepto \u00abSuisse Cargo Logistics\u00bb sirve como marco para esta reorientaci\u00f3n, donde el tren se utilizar\u00e1 para largas distancias y el transporte de mercanc\u00edas pesadas, donde sea solicitado por los clientes. A trav\u00e9s de inversiones en una flota moderna, automatizaci\u00f3n y un nuevo modelo de producci\u00f3n, SBB reducir\u00e1 los costos en 60 millones de CHF y se enfocar\u00e1 en asociaciones s\u00f3lidas con los clientes con una oferta confiable a precios que cubren costos.<\/p>\n<h5>M\u00e1s informaci\u00f3n en la conferencia de prensa anual del 6 de marzo de 2025<\/h5>\n<p>Para la reestructuraci\u00f3n del transporte de carga de vagones individuales, SBB cuenta con un apoyo financiero temporal del gobierno. Esto se basa en la revisi\u00f3n total de la ley de transporte de mercanc\u00edas. Despu\u00e9s de la transformaci\u00f3n, el transporte de mercanc\u00edas de SBB operar\u00e1 de manera independiente, podr\u00e1 realizar reinversiones y cumplir con los objetivos del gobierno, sin el apoyo del sector p\u00fablico o de la casa matriz SBB. SBB presentar\u00e1 la situaci\u00f3n y discutir\u00e1 las medidas planificadas de manera m\u00e1s concreta en el marco de la conferencia de prensa anual el 6 de marzo de 2025.<\/p>\n<p>Foto: \u00a9 SBB<\/p>\n","protected":false},"excerpt":{"rendered":"<p>El SEV, sindicato del personal de transporte, informa hoy sobre una inminente reducci\u00f3n de personal en SBB Cargo Suiza. El hecho es que el resultado ha<span class=\"excerpt-hellip\"> [\u2026]<\/span><\/p>\n","protected":false},"author":0,"featured_media":5404,"comment_status":"open","ping_status":"open","sticky":false,"template":"","format":"standard","meta":{"_acf_changed":false,"footnotes":""},"categories":[1665,1557,1561],"tags":[],"class_list":["post-68077","post","type-post","status-publish","format-standard","has-post-thumbnail","hentry","category-categories","category-forwarding-logistics","category-regions"],"acf":[],"yoast_head":"<!-- This site is optimized with the Yoast SEO plugin v27.3 - https:\/\/yoast.com\/product\/yoast-seo-wordpress\/ -->\n<title>La p\u00e9rdida en SBB Cargo ser\u00e1 m\u00e1s pronunciada en 2024 de lo esperado - Loginfo24<\/title>\n<meta name=\"robots\" content=\"index, follow, max-snippet:-1, max-image-preview:large, max-video-preview:-1\" \/>\n<link rel=\"canonical\" href=\"https:\/\/loginfo24.com\/es\/2025\/02\/13\/la-perdida-en-sbb-cargo-sera-mas-pronunciada-en-2024-de-lo-esperado\/\" \/>\n<meta property=\"og:locale\" content=\"es_ES\" \/>\n<meta property=\"og:type\" content=\"article\" \/>\n<meta property=\"og:title\" content=\"La p\u00e9rdida en SBB Cargo ser\u00e1 m\u00e1s pronunciada en 2024 de lo esperado - Loginfo24\" \/>\n<meta property=\"og:description\" content=\"El SEV, sindicato del personal de transporte, informa hoy sobre una inminente reducci\u00f3n de personal en SBB Cargo Suiza. El hecho es que el resultado ha [\u2026]\" \/>\n<meta property=\"og:url\" content=\"https:\/\/loginfo24.com\/es\/2025\/02\/13\/la-perdida-en-sbb-cargo-sera-mas-pronunciada-en-2024-de-lo-esperado\/\" \/>\n<meta property=\"og:site_name\" content=\"Loginfo24\" \/>\n<meta property=\"article:publisher\" content=\"https:\/\/www.facebook.com\/people\/Loginfo24\/100057360583332\/\" \/>\n<meta property=\"article:published_time\" content=\"2025-02-13T20:18:05+00:00\" \/>\n<meta property=\"og:image\" content=\"https:\/\/loginfo24.com\/wp-content\/uploads\/sites\/7\/2025\/12\/SBB_Cargo_13.2.25.jpg\" \/>\n\t<meta property=\"og:image:width\" content=\"1279\" \/>\n\t<meta property=\"og:image:height\" content=\"778\" \/>\n\t<meta property=\"og:image:type\" content=\"image\/jpeg\" \/>\n<meta name=\"twitter:card\" content=\"summary_large_image\" \/>\n<meta name=\"twitter:label1\" content=\"Tiempo de lectura\" \/>\n\t<meta name=\"twitter:data1\" content=\"3 minuto\" \/>\n<script type=\"application\/ld+json\" class=\"yoast-schema-graph\">{\"@context\":\"https:\\\/\\\/schema.org\",\"@graph\":[{\"@type\":\"Article\",\"@id\":\"https:\\\/\\\/loginfo24.com\\\/es\\\/2025\\\/02\\\/13\\\/la-perdida-en-sbb-cargo-sera-mas-pronunciada-en-2024-de-lo-esperado\\\/#article\",\"isPartOf\":{\"@id\":\"https:\\\/\\\/loginfo24.com\\\/es\\\/2025\\\/02\\\/13\\\/la-perdida-en-sbb-cargo-sera-mas-pronunciada-en-2024-de-lo-esperado\\\/\"},\"author\":{\"name\":\"\",\"@id\":\"\"},\"headline\":\"La p\u00e9rdida en SBB Cargo ser\u00e1 m\u00e1s pronunciada en 2024 de lo esperado\",\"datePublished\":\"2025-02-13T20:18:05+00:00\",\"mainEntityOfPage\":{\"@id\":\"https:\\\/\\\/loginfo24.com\\\/es\\\/2025\\\/02\\\/13\\\/la-perdida-en-sbb-cargo-sera-mas-pronunciada-en-2024-de-lo-esperado\\\/\"},\"wordCount\":632,\"commentCount\":0,\"publisher\":{\"@id\":\"https:\\\/\\\/loginfo24.com\\\/es\\\/#organization\"},\"image\":{\"@id\":\"https:\\\/\\\/loginfo24.com\\\/es\\\/2025\\\/02\\\/13\\\/la-perdida-en-sbb-cargo-sera-mas-pronunciada-en-2024-de-lo-esperado\\\/#primaryimage\"},\"thumbnailUrl\":\"https:\\\/\\\/loginfo24.com\\\/wp-content\\\/uploads\\\/sites\\\/7\\\/2025\\\/12\\\/SBB_Cargo_13.2.25.jpg\",\"articleSection\":[\"Categories\",\"Forwarding &amp; Logistics\",\"Regions\"],\"inLanguage\":\"es\",\"potentialAction\":[{\"@type\":\"CommentAction\",\"name\":\"Comment\",\"target\":[\"https:\\\/\\\/loginfo24.com\\\/es\\\/2025\\\/02\\\/13\\\/la-perdida-en-sbb-cargo-sera-mas-pronunciada-en-2024-de-lo-esperado\\\/#respond\"]}]},{\"@type\":\"WebPage\",\"@id\":\"https:\\\/\\\/loginfo24.com\\\/es\\\/2025\\\/02\\\/13\\\/la-perdida-en-sbb-cargo-sera-mas-pronunciada-en-2024-de-lo-esperado\\\/\",\"url\":\"https:\\\/\\\/loginfo24.com\\\/es\\\/2025\\\/02\\\/13\\\/la-perdida-en-sbb-cargo-sera-mas-pronunciada-en-2024-de-lo-esperado\\\/\",\"name\":\"La p\u00e9rdida en SBB Cargo ser\u00e1 m\u00e1s pronunciada en 2024 de lo esperado - Loginfo24\",\"isPartOf\":{\"@id\":\"https:\\\/\\\/loginfo24.com\\\/es\\\/#website\"},\"primaryImageOfPage\":{\"@id\":\"https:\\\/\\\/loginfo24.com\\\/es\\\/2025\\\/02\\\/13\\\/la-perdida-en-sbb-cargo-sera-mas-pronunciada-en-2024-de-lo-esperado\\\/#primaryimage\"},\"image\":{\"@id\":\"https:\\\/\\\/loginfo24.com\\\/es\\\/2025\\\/02\\\/13\\\/la-perdida-en-sbb-cargo-sera-mas-pronunciada-en-2024-de-lo-esperado\\\/#primaryimage\"},\"thumbnailUrl\":\"https:\\\/\\\/loginfo24.com\\\/wp-content\\\/uploads\\\/sites\\\/7\\\/2025\\\/12\\\/SBB_Cargo_13.2.25.jpg\",\"datePublished\":\"2025-02-13T20:18:05+00:00\",\"breadcrumb\":{\"@id\":\"https:\\\/\\\/loginfo24.com\\\/es\\\/2025\\\/02\\\/13\\\/la-perdida-en-sbb-cargo-sera-mas-pronunciada-en-2024-de-lo-esperado\\\/#breadcrumb\"},\"inLanguage\":\"es\",\"potentialAction\":[{\"@type\":\"ReadAction\",\"target\":[\"https:\\\/\\\/loginfo24.com\\\/es\\\/2025\\\/02\\\/13\\\/la-perdida-en-sbb-cargo-sera-mas-pronunciada-en-2024-de-lo-esperado\\\/\"]}]},{\"@type\":\"ImageObject\",\"inLanguage\":\"es\",\"@id\":\"https:\\\/\\\/loginfo24.com\\\/es\\\/2025\\\/02\\\/13\\\/la-perdida-en-sbb-cargo-sera-mas-pronunciada-en-2024-de-lo-esperado\\\/#primaryimage\",\"url\":\"https:\\\/\\\/loginfo24.com\\\/wp-content\\\/uploads\\\/sites\\\/7\\\/2025\\\/12\\\/SBB_Cargo_13.2.25.jpg\",\"contentUrl\":\"https:\\\/\\\/loginfo24.com\\\/wp-content\\\/uploads\\\/sites\\\/7\\\/2025\\\/12\\\/SBB_Cargo_13.2.25.jpg\",\"width\":1279,\"height\":778},{\"@type\":\"BreadcrumbList\",\"@id\":\"https:\\\/\\\/loginfo24.com\\\/es\\\/2025\\\/02\\\/13\\\/la-perdida-en-sbb-cargo-sera-mas-pronunciada-en-2024-de-lo-esperado\\\/#breadcrumb\",\"itemListElement\":[{\"@type\":\"ListItem\",\"position\":1,\"name\":\"Startseite\",\"item\":\"https:\\\/\\\/loginfo24.com\\\/es\\\/\"},{\"@type\":\"ListItem\",\"position\":2,\"name\":\"La p\u00e9rdida en SBB Cargo ser\u00e1 m\u00e1s pronunciada en 2024 de lo esperado\"}]},{\"@type\":\"WebSite\",\"@id\":\"https:\\\/\\\/loginfo24.com\\\/es\\\/#website\",\"url\":\"https:\\\/\\\/loginfo24.com\\\/es\\\/\",\"name\":\"Loginfo24\",\"description\":\"Loginfo24 es la plataforma dedicada a la log\u00edstica y las cadenas de suministro con informaci\u00f3n las 24 horas del d\u00eda.\",\"publisher\":{\"@id\":\"https:\\\/\\\/loginfo24.com\\\/es\\\/#organization\"},\"potentialAction\":[{\"@type\":\"SearchAction\",\"target\":{\"@type\":\"EntryPoint\",\"urlTemplate\":\"https:\\\/\\\/loginfo24.com\\\/es\\\/?s={search_term_string}\"},\"query-input\":{\"@type\":\"PropertyValueSpecification\",\"valueRequired\":true,\"valueName\":\"search_term_string\"}}],\"inLanguage\":\"es\"},{\"@type\":\"Organization\",\"@id\":\"https:\\\/\\\/loginfo24.com\\\/es\\\/#organization\",\"name\":\"Grupo Logismedia AG\",\"url\":\"https:\\\/\\\/loginfo24.com\\\/es\\\/\",\"logo\":{\"@type\":\"ImageObject\",\"inLanguage\":\"es\",\"@id\":\"https:\\\/\\\/loginfo24.com\\\/es\\\/#\\\/schema\\\/logo\\\/image\\\/\",\"url\":\"https:\\\/\\\/loginfo24.com\\\/wp-content\\\/uploads\\\/sites\\\/7\\\/2026\\\/01\\\/Logo_LogInfo24.png\",\"contentUrl\":\"https:\\\/\\\/loginfo24.com\\\/wp-content\\\/uploads\\\/sites\\\/7\\\/2026\\\/01\\\/Logo_LogInfo24.png\",\"width\":938,\"height\":351,\"caption\":\"Grupo Logismedia AG\"},\"image\":{\"@id\":\"https:\\\/\\\/loginfo24.com\\\/es\\\/#\\\/schema\\\/logo\\\/image\\\/\"},\"sameAs\":[\"https:\\\/\\\/www.facebook.com\\\/people\\\/Loginfo24\\\/100057360583332\\\/\",\"https:\\\/\\\/www.linkedin.com\\\/company\\\/lofinfo24\\\/\"]}]}<\/script>\n<!-- \/ Yoast SEO plugin. -->","yoast_head_json":{"title":"La p\u00e9rdida en SBB Cargo ser\u00e1 m\u00e1s pronunciada en 2024 de lo esperado - Loginfo24","robots":{"index":"index","follow":"follow","max-snippet":"max-snippet:-1","max-image-preview":"max-image-preview:large","max-video-preview":"max-video-preview:-1"},"canonical":"https:\/\/loginfo24.com\/es\/2025\/02\/13\/la-perdida-en-sbb-cargo-sera-mas-pronunciada-en-2024-de-lo-esperado\/","og_locale":"es_ES","og_type":"article","og_title":"La p\u00e9rdida en SBB Cargo ser\u00e1 m\u00e1s pronunciada en 2024 de lo esperado - Loginfo24","og_description":"El SEV, sindicato del personal de transporte, informa hoy sobre una inminente reducci\u00f3n de personal en SBB Cargo Suiza. El hecho es que el resultado ha [\u2026]","og_url":"https:\/\/loginfo24.com\/es\/2025\/02\/13\/la-perdida-en-sbb-cargo-sera-mas-pronunciada-en-2024-de-lo-esperado\/","og_site_name":"Loginfo24","article_publisher":"https:\/\/www.facebook.com\/people\/Loginfo24\/100057360583332\/","article_published_time":"2025-02-13T20:18:05+00:00","og_image":[{"width":1279,"height":778,"url":"https:\/\/loginfo24.com\/wp-content\/uploads\/sites\/7\/2025\/12\/SBB_Cargo_13.2.25.jpg","type":"image\/jpeg"}],"twitter_card":"summary_large_image","twitter_misc":{"Tiempo de lectura":"3 minuto"},"schema":{"@context":"https:\/\/schema.org","@graph":[{"@type":"Article","@id":"https:\/\/loginfo24.com\/es\/2025\/02\/13\/la-perdida-en-sbb-cargo-sera-mas-pronunciada-en-2024-de-lo-esperado\/#article","isPartOf":{"@id":"https:\/\/loginfo24.com\/es\/2025\/02\/13\/la-perdida-en-sbb-cargo-sera-mas-pronunciada-en-2024-de-lo-esperado\/"},"author":{"name":"","@id":""},"headline":"La p\u00e9rdida en SBB Cargo ser\u00e1 m\u00e1s pronunciada en 2024 de lo esperado","datePublished":"2025-02-13T20:18:05+00:00","mainEntityOfPage":{"@id":"https:\/\/loginfo24.com\/es\/2025\/02\/13\/la-perdida-en-sbb-cargo-sera-mas-pronunciada-en-2024-de-lo-esperado\/"},"wordCount":632,"commentCount":0,"publisher":{"@id":"https:\/\/loginfo24.com\/es\/#organization"},"image":{"@id":"https:\/\/loginfo24.com\/es\/2025\/02\/13\/la-perdida-en-sbb-cargo-sera-mas-pronunciada-en-2024-de-lo-esperado\/#primaryimage"},"thumbnailUrl":"https:\/\/loginfo24.com\/wp-content\/uploads\/sites\/7\/2025\/12\/SBB_Cargo_13.2.25.jpg","articleSection":["Categories","Forwarding &amp; Logistics","Regions"],"inLanguage":"es","potentialAction":[{"@type":"CommentAction","name":"Comment","target":["https:\/\/loginfo24.com\/es\/2025\/02\/13\/la-perdida-en-sbb-cargo-sera-mas-pronunciada-en-2024-de-lo-esperado\/#respond"]}]},{"@type":"WebPage","@id":"https:\/\/loginfo24.com\/es\/2025\/02\/13\/la-perdida-en-sbb-cargo-sera-mas-pronunciada-en-2024-de-lo-esperado\/","url":"https:\/\/loginfo24.com\/es\/2025\/02\/13\/la-perdida-en-sbb-cargo-sera-mas-pronunciada-en-2024-de-lo-esperado\/","name":"La p\u00e9rdida en SBB Cargo ser\u00e1 m\u00e1s pronunciada en 2024 de lo esperado - Loginfo24","isPartOf":{"@id":"https:\/\/loginfo24.com\/es\/#website"},"primaryImageOfPage":{"@id":"https:\/\/loginfo24.com\/es\/2025\/02\/13\/la-perdida-en-sbb-cargo-sera-mas-pronunciada-en-2024-de-lo-esperado\/#primaryimage"},"image":{"@id":"https:\/\/loginfo24.com\/es\/2025\/02\/13\/la-perdida-en-sbb-cargo-sera-mas-pronunciada-en-2024-de-lo-esperado\/#primaryimage"},"thumbnailUrl":"https:\/\/loginfo24.com\/wp-content\/uploads\/sites\/7\/2025\/12\/SBB_Cargo_13.2.25.jpg","datePublished":"2025-02-13T20:18:05+00:00","breadcrumb":{"@id":"https:\/\/loginfo24.com\/es\/2025\/02\/13\/la-perdida-en-sbb-cargo-sera-mas-pronunciada-en-2024-de-lo-esperado\/#breadcrumb"},"inLanguage":"es","potentialAction":[{"@type":"ReadAction","target":["https:\/\/loginfo24.com\/es\/2025\/02\/13\/la-perdida-en-sbb-cargo-sera-mas-pronunciada-en-2024-de-lo-esperado\/"]}]},{"@type":"ImageObject","inLanguage":"es","@id":"https:\/\/loginfo24.com\/es\/2025\/02\/13\/la-perdida-en-sbb-cargo-sera-mas-pronunciada-en-2024-de-lo-esperado\/#primaryimage","url":"https:\/\/loginfo24.com\/wp-content\/uploads\/sites\/7\/2025\/12\/SBB_Cargo_13.2.25.jpg","contentUrl":"https:\/\/loginfo24.com\/wp-content\/uploads\/sites\/7\/2025\/12\/SBB_Cargo_13.2.25.jpg","width":1279,"height":778},{"@type":"BreadcrumbList","@id":"https:\/\/loginfo24.com\/es\/2025\/02\/13\/la-perdida-en-sbb-cargo-sera-mas-pronunciada-en-2024-de-lo-esperado\/#breadcrumb","itemListElement":[{"@type":"ListItem","position":1,"name":"Startseite","item":"https:\/\/loginfo24.com\/es\/"},{"@type":"ListItem","position":2,"name":"La p\u00e9rdida en SBB Cargo ser\u00e1 m\u00e1s pronunciada en 2024 de lo esperado"}]},{"@type":"WebSite","@id":"https:\/\/loginfo24.com\/es\/#website","url":"https:\/\/loginfo24.com\/es\/","name":"Loginfo24","description":"Loginfo24 es la plataforma dedicada a la log\u00edstica y las cadenas de suministro con informaci\u00f3n las 24 horas del d\u00eda.","publisher":{"@id":"https:\/\/loginfo24.com\/es\/#organization"},"potentialAction":[{"@type":"SearchAction","target":{"@type":"EntryPoint","urlTemplate":"https:\/\/loginfo24.com\/es\/?s={search_term_string}"},"query-input":{"@type":"PropertyValueSpecification","valueRequired":true,"valueName":"search_term_string"}}],"inLanguage":"es"},{"@type":"Organization","@id":"https:\/\/loginfo24.com\/es\/#organization","name":"Grupo Logismedia AG","url":"https:\/\/loginfo24.com\/es\/","logo":{"@type":"ImageObject","inLanguage":"es","@id":"https:\/\/loginfo24.com\/es\/#\/schema\/logo\/image\/","url":"https:\/\/loginfo24.com\/wp-content\/uploads\/sites\/7\/2026\/01\/Logo_LogInfo24.png","contentUrl":"https:\/\/loginfo24.com\/wp-content\/uploads\/sites\/7\/2026\/01\/Logo_LogInfo24.png","width":938,"height":351,"caption":"Grupo Logismedia AG"},"image":{"@id":"https:\/\/loginfo24.com\/es\/#\/schema\/logo\/image\/"},"sameAs":["https:\/\/www.facebook.com\/people\/Loginfo24\/100057360583332\/","https:\/\/www.linkedin.com\/company\/lofinfo24\/"]}]}},"_links":{"self":[{"href":"https:\/\/loginfo24.com\/es\/wp-json\/wp\/v2\/posts\/68077","targetHints":{"allow":["GET"]}}],"collection":[{"href":"https:\/\/loginfo24.com\/es\/wp-json\/wp\/v2\/posts"}],"about":[{"href":"https:\/\/loginfo24.com\/es\/wp-json\/wp\/v2\/types\/post"}],"replies":[{"embeddable":true,"href":"https:\/\/loginfo24.com\/es\/wp-json\/wp\/v2\/comments?post=68077"}],"version-history":[{"count":0,"href":"https:\/\/loginfo24.com\/es\/wp-json\/wp\/v2\/posts\/68077\/revisions"}],"wp:featuredmedia":[{"embeddable":true,"href":"https:\/\/loginfo24.com\/es\/wp-json\/wp\/v2\/media\/5404"}],"wp:attachment":[{"href":"https:\/\/loginfo24.com\/es\/wp-json\/wp\/v2\/media?parent=68077"}],"wp:term":[{"taxonomy":"category","embeddable":true,"href":"https:\/\/loginfo24.com\/es\/wp-json\/wp\/v2\/categories?post=68077"},{"taxonomy":"post_tag","embeddable":true,"href":"https:\/\/loginfo24.com\/es\/wp-json\/wp\/v2\/tags?post=68077"}],"curies":[{"name":"wp","href":"https:\/\/api.w.org\/{rel}","templated":true}]}}