{"id":67989,"date":"2025-02-08T17:47:52","date_gmt":"2025-02-08T16:47:52","guid":{"rendered":"https:\/\/blog.brand-architecture.at\/2025\/02\/08\/la-asociacion-de-transportistas-de-baviera-critica-el-comportamiento-de-ver-di\/"},"modified":"2025-02-08T17:47:52","modified_gmt":"2025-02-08T16:47:52","slug":"la-asociacion-de-transportistas-de-baviera-critica-el-comportamiento-de-ver-di","status":"publish","type":"post","link":"https:\/\/loginfo24.com\/es\/2025\/02\/08\/la-asociacion-de-transportistas-de-baviera-critica-el-comportamiento-de-ver-di\/","title":{"rendered":"La Asociaci\u00f3n de Transportistas de Baviera critica el comportamiento de ver.di"},"content":{"rendered":"<h5>La LBS \u2013 Asociaci\u00f3n de Transportistas de Baviera e.V. espera reanudar las negociaciones salariales con ver.di tras una pausa de semanas en las conversaciones. La LBS hab\u00eda mejorado su oferta justo antes de interrumpir las negociaciones. La asociaci\u00f3n espera ahora que el sindicato ver.di reduzca sus demandas m\u00e1ximas y reanude las negociaciones.<\/h5>\n<p>(M\u00fanich) \u00abEstamos ansiosos por saber con qu\u00e9 propuestas el sindicato quiere reanudar el di\u00e1logo\u00bb, dice la directora general de LBS, Sabine Lehmann. \u00abDespu\u00e9s de que nosotros, como empleadores, mejoramos nuestra oferta en la \u00faltima conversaci\u00f3n antes de interrumpir las negociaciones en diciembre \u2013 y al hacerlo, llegamos a los l\u00edmites de lo que es econ\u00f3micamente aceptable \u2013 ahora esperamos que la parte de los trabajadores se aleje de sus demandas m\u00e1ximas y nos haga concesiones en las negociaciones. Para nosotros, &#8216;negociar&#8217; no significa que uno se quede quieto y los dem\u00e1s tengan que moverse\u00bb, dice Lehmann. \u00abAunque esto parece ser actualmente la nueva estrategia en muchos casos.\u00bb<\/p>\n<p>Se ha demostrado que fue ver.di quien termin\u00f3 las conversaciones \u2013 sin mostrar ninguna disposici\u00f3n a ceder y insistiendo en demandas m\u00e1ximas; mientras que los empleadores ya se hab\u00edan movido significativamente. Lehmann se\u00f1ala que los aumentos de 90,00 euros a partir del 01.02.2024 y otros 80,00 euros a partir del 01.07.2024 han beneficiado a todos los empleados en las empresas sujetas a convenios colectivos el a\u00f1o pasado. Este aumento significativo en el a\u00f1o que acaba de concluir, que representa una carga considerable para las empresas en tiempos econ\u00f3micamente dif\u00edciles, es completamente ignorado por ver.di.<\/p>\n<p>La asociaci\u00f3n sectorial b\u00e1vara enfatiza que las negociaciones actuales est\u00e1n guiadas por el reconocimiento de que el transporte y la log\u00edstica, como proveedores de servicios transversales, dependen directamente del desarrollo econ\u00f3mico general. \u00abEl desarrollo de las industrias clave en Alemania ya muestra una tendencia a la baja a corto plazo, y los escenarios geopol\u00edticos \u2013 incluida la anunciada pol\u00edtica de altos aranceles de EE. UU. \u2013 no permiten esperar una relajaci\u00f3n duradera\u00bb, explica Lehmann. \u00abPor lo tanto, el per\u00edodo en el que debe entrar en vigor el nuevo convenio colectivo est\u00e1 marcado por se\u00f1ales negativas. Desde esta perspectiva, entendemos nuestra oferta, a diferencia del sindicato, como justa, porque queremos permitir a nuestros empleados un aumento salarial adecuado en todos los sectores y \u00e1reas de trabajo.\u00bb<\/p>\n<h5>LBS rechaza las demandas<\/h5>\n<p>Las acusaciones de que la LBS se opone a una soluci\u00f3n justa y quiere \u00abdevaluar\u00bb el trabajo de los empleados del sector son rechazadas en\u00e9rgicamente por la asociaci\u00f3n. La metodolog\u00eda de acusar al socio de negociaci\u00f3n de \u00abbloqueo\u00bb o de un \u00abdictado de condiciones\u00bb, sin poder justificarlo concretamente, \u00abpuede ser un estilo aceptado en la campa\u00f1a electoral. Pero no es adecuado como base de negociaci\u00f3n\u00bb, comenta Lehmann. \u00abEl \u00e9xito de cada empresa individual depende directamente de la buena colaboraci\u00f3n en las empresas y del reconocimiento del rendimiento individual. Cada una de nuestras empresas miembro es consciente de esto. Al mismo tiempo, una pol\u00edtica empresarial orientada a la sostenibilidad tambi\u00e9n requiere una gesti\u00f3n empresarial cuidadosa \u2013 desde los costos laborales hasta las inversiones en protecci\u00f3n clim\u00e1tica y la garant\u00eda de la competitividad.\u00bb Los empleadores tambi\u00e9n se ven responsables de la viabilidad futura \u2013 tanto de las empresas como de los puestos de trabajo, incluso en tiempos econ\u00f3micamente dif\u00edciles: \u00abEsto est\u00e1 inextricablemente ligado para nosotros.\u00bb<\/p>\n<p>Dado que el sindicato ha promovido repetidamente el objetivo de un convenio colectivo \u00abmoderno\u00bb, la LBS se\u00f1ala como ejemplo: Definir la atractividad de las profesiones de formaci\u00f3n \u00fanicamente a trav\u00e9s de un aumento de salario contradice precisamente esta modernidad. \u00bfC\u00f3mo puede ser que incluso entre las profesiones de formaci\u00f3n mejor pagadas, como controladores a\u00e9reos, mec\u00e1nicos de barcos, polic\u00edas, administradores o empleados de seguros sociales, en 2024 no se pudieron cubrir todos los puestos ofrecidos? \u00abUn convenio colectivo en el sector de la formaci\u00f3n que se reduce \u00fanicamente a euros y c\u00e9ntimos est\u00e1 lejos de ser moderno, ya que no tiene en cuenta la flexibilidad y la individualidad de los conceptos de formaci\u00f3n, que proporcionan perspectivas seguras a largo plazo para la nueva generaci\u00f3n de trabajadores\u00bb, dice Lehmann. Adem\u00e1s, la LBS se\u00f1ala que las remuneraciones de formaci\u00f3n tarifarias en Baviera son las m\u00e1s altas del pa\u00eds.<\/p>\n<h5>Elaborar un resultado conjunto y constructivo<\/h5>\n<p>En el inter\u00e9s de una pol\u00edtica salarial integral y orientada al futuro, la LBS invita al sindicato a trabajar juntos para elaborar un resultado conjunto y constructivo, bajo una perspectiva realista del entorno econ\u00f3mico y las perspectivas de los empleados. La LBS considera que el anuncio de huelgas por parte de ver.di para el 18 de febrero antes de este paso es una pol\u00edtica de escaparate que carece de justificaci\u00f3n.<\/p>\n<p>Foto: \u00a9 Loginfo24<\/p>\n","protected":false},"excerpt":{"rendered":"<p>La LBS \u2013 Asociaci\u00f3n de Transportistas de Baviera e.V. espera reanudar las negociaciones salariales con ver.di tras una pausa de semanas en las conversaciones. La LBS<span class=\"excerpt-hellip\"> [\u2026]<\/span><\/p>\n","protected":false},"author":0,"featured_media":5440,"comment_status":"open","ping_status":"open","sticky":false,"template":"","format":"standard","meta":{"_acf_changed":false,"footnotes":""},"categories":[1557,1556,1561],"tags":[],"class_list":["post-67989","post","type-post","status-publish","format-standard","has-post-thumbnail","hentry","category-forwarding-logistics","category-intermodal-road","category-regions"],"acf":[],"yoast_head":"<!-- This site is optimized with the Yoast SEO plugin v27.3 - https:\/\/yoast.com\/product\/yoast-seo-wordpress\/ -->\n<title>La Asociaci\u00f3n de Transportistas de Baviera critica el comportamiento de ver.di - Loginfo24<\/title>\n<meta name=\"robots\" content=\"index, follow, max-snippet:-1, max-image-preview:large, max-video-preview:-1\" \/>\n<link rel=\"canonical\" href=\"https:\/\/loginfo24.com\/es\/2025\/02\/08\/la-asociacion-de-transportistas-de-baviera-critica-el-comportamiento-de-ver-di\/\" \/>\n<meta property=\"og:locale\" content=\"es_ES\" \/>\n<meta property=\"og:type\" content=\"article\" \/>\n<meta property=\"og:title\" content=\"La Asociaci\u00f3n de Transportistas de Baviera critica el comportamiento de ver.di - Loginfo24\" \/>\n<meta property=\"og:description\" content=\"La LBS \u2013 Asociaci\u00f3n de Transportistas de Baviera e.V. espera reanudar las negociaciones salariales con ver.di tras una pausa de semanas en las conversaciones. La LBS [\u2026]\" \/>\n<meta property=\"og:url\" content=\"https:\/\/loginfo24.com\/es\/2025\/02\/08\/la-asociacion-de-transportistas-de-baviera-critica-el-comportamiento-de-ver-di\/\" \/>\n<meta property=\"og:site_name\" content=\"Loginfo24\" \/>\n<meta property=\"article:publisher\" content=\"https:\/\/www.facebook.com\/people\/Loginfo24\/100057360583332\/\" \/>\n<meta property=\"article:published_time\" content=\"2025-02-08T16:47:52+00:00\" \/>\n<meta property=\"og:image\" content=\"https:\/\/loginfo24.com\/wp-content\/uploads\/sites\/7\/2025\/12\/LKW_Autobahn_Stau.jpg\" \/>\n\t<meta property=\"og:image:width\" content=\"1472\" \/>\n\t<meta property=\"og:image:height\" content=\"970\" \/>\n\t<meta property=\"og:image:type\" content=\"image\/jpeg\" \/>\n<meta name=\"twitter:card\" content=\"summary_large_image\" \/>\n<meta name=\"twitter:label1\" content=\"Tiempo de lectura\" \/>\n\t<meta name=\"twitter:data1\" content=\"4 minuto\" \/>\n<script type=\"application\/ld+json\" class=\"yoast-schema-graph\">{\"@context\":\"https:\\\/\\\/schema.org\",\"@graph\":[{\"@type\":\"Article\",\"@id\":\"https:\\\/\\\/loginfo24.com\\\/es\\\/2025\\\/02\\\/08\\\/la-asociacion-de-transportistas-de-baviera-critica-el-comportamiento-de-ver-di\\\/#article\",\"isPartOf\":{\"@id\":\"https:\\\/\\\/loginfo24.com\\\/es\\\/2025\\\/02\\\/08\\\/la-asociacion-de-transportistas-de-baviera-critica-el-comportamiento-de-ver-di\\\/\"},\"author\":{\"name\":\"\",\"@id\":\"\"},\"headline\":\"La Asociaci\u00f3n de Transportistas de Baviera critica el comportamiento de ver.di\",\"datePublished\":\"2025-02-08T16:47:52+00:00\",\"mainEntityOfPage\":{\"@id\":\"https:\\\/\\\/loginfo24.com\\\/es\\\/2025\\\/02\\\/08\\\/la-asociacion-de-transportistas-de-baviera-critica-el-comportamiento-de-ver-di\\\/\"},\"wordCount\":842,\"commentCount\":0,\"publisher\":{\"@id\":\"https:\\\/\\\/loginfo24.com\\\/es\\\/#organization\"},\"image\":{\"@id\":\"https:\\\/\\\/loginfo24.com\\\/es\\\/2025\\\/02\\\/08\\\/la-asociacion-de-transportistas-de-baviera-critica-el-comportamiento-de-ver-di\\\/#primaryimage\"},\"thumbnailUrl\":\"https:\\\/\\\/loginfo24.com\\\/wp-content\\\/uploads\\\/sites\\\/7\\\/2025\\\/12\\\/LKW_Autobahn_Stau.jpg\",\"articleSection\":[\"Forwarding &amp; Logistics\",\"Intermodal \\\/ Road\",\"Regions\"],\"inLanguage\":\"es\",\"potentialAction\":[{\"@type\":\"CommentAction\",\"name\":\"Comment\",\"target\":[\"https:\\\/\\\/loginfo24.com\\\/es\\\/2025\\\/02\\\/08\\\/la-asociacion-de-transportistas-de-baviera-critica-el-comportamiento-de-ver-di\\\/#respond\"]}]},{\"@type\":\"WebPage\",\"@id\":\"https:\\\/\\\/loginfo24.com\\\/es\\\/2025\\\/02\\\/08\\\/la-asociacion-de-transportistas-de-baviera-critica-el-comportamiento-de-ver-di\\\/\",\"url\":\"https:\\\/\\\/loginfo24.com\\\/es\\\/2025\\\/02\\\/08\\\/la-asociacion-de-transportistas-de-baviera-critica-el-comportamiento-de-ver-di\\\/\",\"name\":\"La Asociaci\u00f3n de Transportistas de Baviera critica el comportamiento de ver.di - Loginfo24\",\"isPartOf\":{\"@id\":\"https:\\\/\\\/loginfo24.com\\\/es\\\/#website\"},\"primaryImageOfPage\":{\"@id\":\"https:\\\/\\\/loginfo24.com\\\/es\\\/2025\\\/02\\\/08\\\/la-asociacion-de-transportistas-de-baviera-critica-el-comportamiento-de-ver-di\\\/#primaryimage\"},\"image\":{\"@id\":\"https:\\\/\\\/loginfo24.com\\\/es\\\/2025\\\/02\\\/08\\\/la-asociacion-de-transportistas-de-baviera-critica-el-comportamiento-de-ver-di\\\/#primaryimage\"},\"thumbnailUrl\":\"https:\\\/\\\/loginfo24.com\\\/wp-content\\\/uploads\\\/sites\\\/7\\\/2025\\\/12\\\/LKW_Autobahn_Stau.jpg\",\"datePublished\":\"2025-02-08T16:47:52+00:00\",\"breadcrumb\":{\"@id\":\"https:\\\/\\\/loginfo24.com\\\/es\\\/2025\\\/02\\\/08\\\/la-asociacion-de-transportistas-de-baviera-critica-el-comportamiento-de-ver-di\\\/#breadcrumb\"},\"inLanguage\":\"es\",\"potentialAction\":[{\"@type\":\"ReadAction\",\"target\":[\"https:\\\/\\\/loginfo24.com\\\/es\\\/2025\\\/02\\\/08\\\/la-asociacion-de-transportistas-de-baviera-critica-el-comportamiento-de-ver-di\\\/\"]}]},{\"@type\":\"ImageObject\",\"inLanguage\":\"es\",\"@id\":\"https:\\\/\\\/loginfo24.com\\\/es\\\/2025\\\/02\\\/08\\\/la-asociacion-de-transportistas-de-baviera-critica-el-comportamiento-de-ver-di\\\/#primaryimage\",\"url\":\"https:\\\/\\\/loginfo24.com\\\/wp-content\\\/uploads\\\/sites\\\/7\\\/2025\\\/12\\\/LKW_Autobahn_Stau.jpg\",\"contentUrl\":\"https:\\\/\\\/loginfo24.com\\\/wp-content\\\/uploads\\\/sites\\\/7\\\/2025\\\/12\\\/LKW_Autobahn_Stau.jpg\",\"width\":1472,\"height\":970},{\"@type\":\"BreadcrumbList\",\"@id\":\"https:\\\/\\\/loginfo24.com\\\/es\\\/2025\\\/02\\\/08\\\/la-asociacion-de-transportistas-de-baviera-critica-el-comportamiento-de-ver-di\\\/#breadcrumb\",\"itemListElement\":[{\"@type\":\"ListItem\",\"position\":1,\"name\":\"Startseite\",\"item\":\"https:\\\/\\\/loginfo24.com\\\/es\\\/\"},{\"@type\":\"ListItem\",\"position\":2,\"name\":\"La Asociaci\u00f3n de Transportistas de Baviera critica el comportamiento de ver.di\"}]},{\"@type\":\"WebSite\",\"@id\":\"https:\\\/\\\/loginfo24.com\\\/es\\\/#website\",\"url\":\"https:\\\/\\\/loginfo24.com\\\/es\\\/\",\"name\":\"Loginfo24\",\"description\":\"Loginfo24 es la plataforma dedicada a la log\u00edstica y las cadenas de suministro con informaci\u00f3n las 24 horas del d\u00eda.\",\"publisher\":{\"@id\":\"https:\\\/\\\/loginfo24.com\\\/es\\\/#organization\"},\"potentialAction\":[{\"@type\":\"SearchAction\",\"target\":{\"@type\":\"EntryPoint\",\"urlTemplate\":\"https:\\\/\\\/loginfo24.com\\\/es\\\/?s={search_term_string}\"},\"query-input\":{\"@type\":\"PropertyValueSpecification\",\"valueRequired\":true,\"valueName\":\"search_term_string\"}}],\"inLanguage\":\"es\"},{\"@type\":\"Organization\",\"@id\":\"https:\\\/\\\/loginfo24.com\\\/es\\\/#organization\",\"name\":\"Grupo Logismedia AG\",\"url\":\"https:\\\/\\\/loginfo24.com\\\/es\\\/\",\"logo\":{\"@type\":\"ImageObject\",\"inLanguage\":\"es\",\"@id\":\"https:\\\/\\\/loginfo24.com\\\/es\\\/#\\\/schema\\\/logo\\\/image\\\/\",\"url\":\"https:\\\/\\\/loginfo24.com\\\/wp-content\\\/uploads\\\/sites\\\/7\\\/2026\\\/01\\\/Logo_LogInfo24.png\",\"contentUrl\":\"https:\\\/\\\/loginfo24.com\\\/wp-content\\\/uploads\\\/sites\\\/7\\\/2026\\\/01\\\/Logo_LogInfo24.png\",\"width\":938,\"height\":351,\"caption\":\"Grupo Logismedia AG\"},\"image\":{\"@id\":\"https:\\\/\\\/loginfo24.com\\\/es\\\/#\\\/schema\\\/logo\\\/image\\\/\"},\"sameAs\":[\"https:\\\/\\\/www.facebook.com\\\/people\\\/Loginfo24\\\/100057360583332\\\/\",\"https:\\\/\\\/www.linkedin.com\\\/company\\\/lofinfo24\\\/\"]}]}<\/script>\n<!-- \/ Yoast SEO plugin. -->","yoast_head_json":{"title":"La Asociaci\u00f3n de Transportistas de Baviera critica el comportamiento de ver.di - Loginfo24","robots":{"index":"index","follow":"follow","max-snippet":"max-snippet:-1","max-image-preview":"max-image-preview:large","max-video-preview":"max-video-preview:-1"},"canonical":"https:\/\/loginfo24.com\/es\/2025\/02\/08\/la-asociacion-de-transportistas-de-baviera-critica-el-comportamiento-de-ver-di\/","og_locale":"es_ES","og_type":"article","og_title":"La Asociaci\u00f3n de Transportistas de Baviera critica el comportamiento de ver.di - Loginfo24","og_description":"La LBS \u2013 Asociaci\u00f3n de Transportistas de Baviera e.V. espera reanudar las negociaciones salariales con ver.di tras una pausa de semanas en las conversaciones. La LBS [\u2026]","og_url":"https:\/\/loginfo24.com\/es\/2025\/02\/08\/la-asociacion-de-transportistas-de-baviera-critica-el-comportamiento-de-ver-di\/","og_site_name":"Loginfo24","article_publisher":"https:\/\/www.facebook.com\/people\/Loginfo24\/100057360583332\/","article_published_time":"2025-02-08T16:47:52+00:00","og_image":[{"width":1472,"height":970,"url":"https:\/\/loginfo24.com\/wp-content\/uploads\/sites\/7\/2025\/12\/LKW_Autobahn_Stau.jpg","type":"image\/jpeg"}],"twitter_card":"summary_large_image","twitter_misc":{"Tiempo de lectura":"4 minuto"},"schema":{"@context":"https:\/\/schema.org","@graph":[{"@type":"Article","@id":"https:\/\/loginfo24.com\/es\/2025\/02\/08\/la-asociacion-de-transportistas-de-baviera-critica-el-comportamiento-de-ver-di\/#article","isPartOf":{"@id":"https:\/\/loginfo24.com\/es\/2025\/02\/08\/la-asociacion-de-transportistas-de-baviera-critica-el-comportamiento-de-ver-di\/"},"author":{"name":"","@id":""},"headline":"La Asociaci\u00f3n de Transportistas de Baviera critica el comportamiento de ver.di","datePublished":"2025-02-08T16:47:52+00:00","mainEntityOfPage":{"@id":"https:\/\/loginfo24.com\/es\/2025\/02\/08\/la-asociacion-de-transportistas-de-baviera-critica-el-comportamiento-de-ver-di\/"},"wordCount":842,"commentCount":0,"publisher":{"@id":"https:\/\/loginfo24.com\/es\/#organization"},"image":{"@id":"https:\/\/loginfo24.com\/es\/2025\/02\/08\/la-asociacion-de-transportistas-de-baviera-critica-el-comportamiento-de-ver-di\/#primaryimage"},"thumbnailUrl":"https:\/\/loginfo24.com\/wp-content\/uploads\/sites\/7\/2025\/12\/LKW_Autobahn_Stau.jpg","articleSection":["Forwarding &amp; Logistics","Intermodal \/ Road","Regions"],"inLanguage":"es","potentialAction":[{"@type":"CommentAction","name":"Comment","target":["https:\/\/loginfo24.com\/es\/2025\/02\/08\/la-asociacion-de-transportistas-de-baviera-critica-el-comportamiento-de-ver-di\/#respond"]}]},{"@type":"WebPage","@id":"https:\/\/loginfo24.com\/es\/2025\/02\/08\/la-asociacion-de-transportistas-de-baviera-critica-el-comportamiento-de-ver-di\/","url":"https:\/\/loginfo24.com\/es\/2025\/02\/08\/la-asociacion-de-transportistas-de-baviera-critica-el-comportamiento-de-ver-di\/","name":"La Asociaci\u00f3n de Transportistas de Baviera critica el comportamiento de ver.di - Loginfo24","isPartOf":{"@id":"https:\/\/loginfo24.com\/es\/#website"},"primaryImageOfPage":{"@id":"https:\/\/loginfo24.com\/es\/2025\/02\/08\/la-asociacion-de-transportistas-de-baviera-critica-el-comportamiento-de-ver-di\/#primaryimage"},"image":{"@id":"https:\/\/loginfo24.com\/es\/2025\/02\/08\/la-asociacion-de-transportistas-de-baviera-critica-el-comportamiento-de-ver-di\/#primaryimage"},"thumbnailUrl":"https:\/\/loginfo24.com\/wp-content\/uploads\/sites\/7\/2025\/12\/LKW_Autobahn_Stau.jpg","datePublished":"2025-02-08T16:47:52+00:00","breadcrumb":{"@id":"https:\/\/loginfo24.com\/es\/2025\/02\/08\/la-asociacion-de-transportistas-de-baviera-critica-el-comportamiento-de-ver-di\/#breadcrumb"},"inLanguage":"es","potentialAction":[{"@type":"ReadAction","target":["https:\/\/loginfo24.com\/es\/2025\/02\/08\/la-asociacion-de-transportistas-de-baviera-critica-el-comportamiento-de-ver-di\/"]}]},{"@type":"ImageObject","inLanguage":"es","@id":"https:\/\/loginfo24.com\/es\/2025\/02\/08\/la-asociacion-de-transportistas-de-baviera-critica-el-comportamiento-de-ver-di\/#primaryimage","url":"https:\/\/loginfo24.com\/wp-content\/uploads\/sites\/7\/2025\/12\/LKW_Autobahn_Stau.jpg","contentUrl":"https:\/\/loginfo24.com\/wp-content\/uploads\/sites\/7\/2025\/12\/LKW_Autobahn_Stau.jpg","width":1472,"height":970},{"@type":"BreadcrumbList","@id":"https:\/\/loginfo24.com\/es\/2025\/02\/08\/la-asociacion-de-transportistas-de-baviera-critica-el-comportamiento-de-ver-di\/#breadcrumb","itemListElement":[{"@type":"ListItem","position":1,"name":"Startseite","item":"https:\/\/loginfo24.com\/es\/"},{"@type":"ListItem","position":2,"name":"La Asociaci\u00f3n de Transportistas de Baviera critica el comportamiento de ver.di"}]},{"@type":"WebSite","@id":"https:\/\/loginfo24.com\/es\/#website","url":"https:\/\/loginfo24.com\/es\/","name":"Loginfo24","description":"Loginfo24 es la plataforma dedicada a la log\u00edstica y las cadenas de suministro con informaci\u00f3n las 24 horas del d\u00eda.","publisher":{"@id":"https:\/\/loginfo24.com\/es\/#organization"},"potentialAction":[{"@type":"SearchAction","target":{"@type":"EntryPoint","urlTemplate":"https:\/\/loginfo24.com\/es\/?s={search_term_string}"},"query-input":{"@type":"PropertyValueSpecification","valueRequired":true,"valueName":"search_term_string"}}],"inLanguage":"es"},{"@type":"Organization","@id":"https:\/\/loginfo24.com\/es\/#organization","name":"Grupo Logismedia AG","url":"https:\/\/loginfo24.com\/es\/","logo":{"@type":"ImageObject","inLanguage":"es","@id":"https:\/\/loginfo24.com\/es\/#\/schema\/logo\/image\/","url":"https:\/\/loginfo24.com\/wp-content\/uploads\/sites\/7\/2026\/01\/Logo_LogInfo24.png","contentUrl":"https:\/\/loginfo24.com\/wp-content\/uploads\/sites\/7\/2026\/01\/Logo_LogInfo24.png","width":938,"height":351,"caption":"Grupo Logismedia AG"},"image":{"@id":"https:\/\/loginfo24.com\/es\/#\/schema\/logo\/image\/"},"sameAs":["https:\/\/www.facebook.com\/people\/Loginfo24\/100057360583332\/","https:\/\/www.linkedin.com\/company\/lofinfo24\/"]}]}},"_links":{"self":[{"href":"https:\/\/loginfo24.com\/es\/wp-json\/wp\/v2\/posts\/67989","targetHints":{"allow":["GET"]}}],"collection":[{"href":"https:\/\/loginfo24.com\/es\/wp-json\/wp\/v2\/posts"}],"about":[{"href":"https:\/\/loginfo24.com\/es\/wp-json\/wp\/v2\/types\/post"}],"replies":[{"embeddable":true,"href":"https:\/\/loginfo24.com\/es\/wp-json\/wp\/v2\/comments?post=67989"}],"version-history":[{"count":0,"href":"https:\/\/loginfo24.com\/es\/wp-json\/wp\/v2\/posts\/67989\/revisions"}],"wp:featuredmedia":[{"embeddable":true,"href":"https:\/\/loginfo24.com\/es\/wp-json\/wp\/v2\/media\/5440"}],"wp:attachment":[{"href":"https:\/\/loginfo24.com\/es\/wp-json\/wp\/v2\/media?parent=67989"}],"wp:term":[{"taxonomy":"category","embeddable":true,"href":"https:\/\/loginfo24.com\/es\/wp-json\/wp\/v2\/categories?post=67989"},{"taxonomy":"post_tag","embeddable":true,"href":"https:\/\/loginfo24.com\/es\/wp-json\/wp\/v2\/tags?post=67989"}],"curies":[{"name":"wp","href":"https:\/\/api.w.org\/{rel}","templated":true}]}}