{"id":67775,"date":"2025-01-19T09:58:07","date_gmt":"2025-01-19T08:58:07","guid":{"rendered":"https:\/\/blog.brand-architecture.at\/2025\/01\/19\/la-logistica-combate-la-leucemia-con-la-iniciativa-blut-transportiert-e-v\/"},"modified":"2025-01-19T09:58:07","modified_gmt":"2025-01-19T08:58:07","slug":"la-logistica-combate-la-leucemia-con-la-iniciativa-blut-transportiert-e-v","status":"publish","type":"post","link":"https:\/\/loginfo24.com\/es\/2025\/01\/19\/la-logistica-combate-la-leucemia-con-la-iniciativa-blut-transportiert-e-v\/","title":{"rendered":"La log\u00edstica combate la leucemia con la iniciativa \u00abBlut transportiert e.V.\u00bb"},"content":{"rendered":"<h5><strong>La iniciativa \u00abBlut transportiert\u00bb es una asociaci\u00f3n de empresas del sector log\u00edstico con un objetivo com\u00fan: quieren apoyar activamente la lucha contra la leucemia y otras enfermedades del sistema hematopoy\u00e9tico, \u00a1y lo hacen actuando!<\/strong><\/h5>\n<p>Von: Andreas M\u00fcller<\/p>\n<p>(Osnabr\u00fcck) La asociaci\u00f3n \u00abBlut transportiert e.V.\u00bb es una iniciativa del sector log\u00edstico que se fund\u00f3 en 2020. Los hilos se unen en el NOSTA Group en Osnabr\u00fcck, donde el CEO Nicolas Gallenkamp es el iniciador de esta organizaci\u00f3n sin fines de lucro. En una conversaci\u00f3n con Loginfo24, explica los puntos clave de la iniciativa.<\/p>\n<p><strong>Loginfo24:<\/strong> <strong>Nicolas Gallenkamp: \u00bfCu\u00e1l fue el desencadenante para la creaci\u00f3n de la iniciativa \u00abBlut transportiert e.V.\u00bb?<\/strong><\/p>\n<p><strong><em>Nicolas Gallenkamp:<\/em><\/strong><em> Mi hermana menor falleci\u00f3 hace 19 a\u00f1os a la edad de 19 a\u00f1os debido a leucemia aguda. En busca de respuestas sobre el porqu\u00e9, me he ocupado intensamente de esta enfermedad. Dado que la sangre suministra al cuerpo y la log\u00edstica tambi\u00e9n abastece a los clientes con mercanc\u00edas, surgi\u00f3 el nombre y la iniciativa \u00abBlut transportiert\u00bb. La log\u00edstica, como la tercera industria m\u00e1s grande en Alemania con alrededor de 3 millones de empleados, es un enorme grupo objetivo con muchas empresas, y as\u00ed podemos alcanzar suficiente atenci\u00f3n.<\/em><\/p>\n<p><strong>\u00bfPuede explicarnos qu\u00e9 es \u00abBlut transportiert\u00bb y cu\u00e1l es el objetivo de la iniciativa?<\/strong><\/p>\n<p><em>\u00abBlut transportiert e.V.\u00bb es una asociaci\u00f3n sin fines de lucro que se fund\u00f3 en 2020 como iniciativa y se registr\u00f3 oficialmente en 2022. Somos una uni\u00f3n de m\u00e1s de 50 empresas del sector log\u00edstico en toda Alemania. Nuestro objetivo com\u00fan es apoyar activamente la lucha contra la leucemia y otras enfermedades del sistema hematopoy\u00e9tico. Logramos esto organizando campa\u00f1as de donaci\u00f3n de sangre y tipificaci\u00f3n de c\u00e9lulas madre, eventos ben\u00e9ficos y participando en eventos de caridad.<\/em><\/p>\n<p><strong><em> <\/em><\/strong><strong>\u00bfC\u00f3mo pueden las empresas formar parte de su iniciativa?<\/strong><\/p>\n<p><em>Las empresas que deseen unirse a nosotros son bienvenidas. Esperamos que nuestros socios realicen al menos una acci\u00f3n al a\u00f1o para apoyar nuestro objetivo com\u00fan. El tipo de acci\u00f3n puede variar: desde llamados a la donaci\u00f3n de sangre hasta campa\u00f1as de tipificaci\u00f3n o recaudaci\u00f3n de fondos o eventos de caridad. Ofrecemos apoyo en la planificaci\u00f3n y ejecuci\u00f3n de estas acciones y proporcionamos materiales publicitarios.<\/em><\/p>\n<p><strong>\u00bfQu\u00e9 papel juega el sector log\u00edstico en este contexto?<\/strong><\/p>\n<p><em>El sector log\u00edstico es la columna vertebral de nuestra econom\u00eda y sociedad. Nuestras empresas asociadas utilizan sus recursos y redes para transportar donaciones vitales y organizar acciones. A trav\u00e9s de nuestro compromiso conjunto, mostramos que la log\u00edstica no solo mueve mercanc\u00edas, sino que tambi\u00e9n transporta esperanza y vida.<\/em><\/p>\n<p><strong>\u00bfQu\u00e9 apoyo reciben de las autoridades?<\/strong><\/p>\n<p><em>Estamos muy contentos de que el Dr. Volker Wissing, Ministro Federal de Digitalizaci\u00f3n y Transporte, haya asumido el patrocinio de nuestra iniciativa. En su mensaje de saludo, enfatiza la importancia de la econom\u00eda log\u00edstica y elogia nuestro compromiso en la lucha contra enfermedades graves.<\/em><\/p>\n<p><strong>\u00bfC\u00f3mo pueden las personas privadas apoyar su iniciativa?<\/strong><\/p>\n<p><em>Las personas privadas pueden apoyarnos siguiendo nuestros canales de redes sociales y compartiendo nuestras publicaciones para dar a conocer la iniciativa. Adem\u00e1s, pueden establecer contacto con empresas log\u00edsticas en su regi\u00f3n y as\u00ed ayudarnos a expandir nuestra red.<\/em><\/p>\n<h4><strong>M\u00e1s informaci\u00f3n: <\/strong><a href=\"https:\/\/www.blut-transportiert.de\/\"><strong>https:\/\/www.blut-transportiert.de<\/strong><\/a><\/h4>\n<p>Foto: \u00a9 NOSTA<\/p>\n","protected":false},"excerpt":{"rendered":"<p>La iniciativa \u00abBlut transportiert\u00bb es una asociaci\u00f3n de empresas del sector log\u00edstico con un objetivo com\u00fan: quieren apoyar activamente la lucha contra la leucemia y otras<span class=\"excerpt-hellip\"> [\u2026]<\/span><\/p>\n","protected":false},"author":0,"featured_media":5516,"comment_status":"open","ping_status":"open","sticky":false,"template":"","format":"standard","meta":{"_acf_changed":false,"footnotes":""},"categories":[1561],"tags":[],"class_list":["post-67775","post","type-post","status-publish","format-standard","has-post-thumbnail","hentry","category-regions"],"acf":[],"yoast_head":"<!-- This site is optimized with the Yoast SEO plugin v27.3 - https:\/\/yoast.com\/product\/yoast-seo-wordpress\/ -->\n<title>La log\u00edstica combate la leucemia con la iniciativa &quot;Blut transportiert e.V.&quot; - Loginfo24<\/title>\n<meta name=\"robots\" content=\"index, follow, max-snippet:-1, max-image-preview:large, max-video-preview:-1\" \/>\n<link rel=\"canonical\" href=\"https:\/\/loginfo24.com\/es\/2025\/01\/19\/la-logistica-combate-la-leucemia-con-la-iniciativa-blut-transportiert-e-v\/\" \/>\n<meta property=\"og:locale\" content=\"es_ES\" \/>\n<meta property=\"og:type\" content=\"article\" \/>\n<meta property=\"og:title\" content=\"La log\u00edstica combate la leucemia con la iniciativa &quot;Blut transportiert e.V.&quot; - Loginfo24\" \/>\n<meta property=\"og:description\" content=\"La iniciativa \u00abBlut transportiert\u00bb es una asociaci\u00f3n de empresas del sector log\u00edstico con un objetivo com\u00fan: quieren apoyar activamente la lucha contra la leucemia y otras [\u2026]\" \/>\n<meta property=\"og:url\" content=\"https:\/\/loginfo24.com\/es\/2025\/01\/19\/la-logistica-combate-la-leucemia-con-la-iniciativa-blut-transportiert-e-v\/\" \/>\n<meta property=\"og:site_name\" content=\"Loginfo24\" \/>\n<meta property=\"article:publisher\" content=\"https:\/\/www.facebook.com\/people\/Loginfo24\/100057360583332\/\" \/>\n<meta property=\"article:published_time\" content=\"2025-01-19T08:58:07+00:00\" \/>\n<meta property=\"og:image\" content=\"https:\/\/loginfo24.com\/wp-content\/uploads\/sites\/7\/2025\/12\/Blut_transportiert_17.1.25.jpg\" \/>\n\t<meta property=\"og:image:width\" content=\"1408\" \/>\n\t<meta property=\"og:image:height\" content=\"938\" \/>\n\t<meta property=\"og:image:type\" content=\"image\/jpeg\" \/>\n<meta name=\"twitter:card\" content=\"summary_large_image\" \/>\n<meta name=\"twitter:label1\" content=\"Tiempo de lectura\" \/>\n\t<meta name=\"twitter:data1\" content=\"3 minuto\" \/>\n<script type=\"application\/ld+json\" class=\"yoast-schema-graph\">{\"@context\":\"https:\\\/\\\/schema.org\",\"@graph\":[{\"@type\":\"Article\",\"@id\":\"https:\\\/\\\/loginfo24.com\\\/es\\\/2025\\\/01\\\/19\\\/la-logistica-combate-la-leucemia-con-la-iniciativa-blut-transportiert-e-v\\\/#article\",\"isPartOf\":{\"@id\":\"https:\\\/\\\/loginfo24.com\\\/es\\\/2025\\\/01\\\/19\\\/la-logistica-combate-la-leucemia-con-la-iniciativa-blut-transportiert-e-v\\\/\"},\"author\":{\"name\":\"\",\"@id\":\"\"},\"headline\":\"La log\u00edstica combate la leucemia con la iniciativa \u00abBlut transportiert e.V.\u00bb\",\"datePublished\":\"2025-01-19T08:58:07+00:00\",\"mainEntityOfPage\":{\"@id\":\"https:\\\/\\\/loginfo24.com\\\/es\\\/2025\\\/01\\\/19\\\/la-logistica-combate-la-leucemia-con-la-iniciativa-blut-transportiert-e-v\\\/\"},\"wordCount\":588,\"commentCount\":0,\"publisher\":{\"@id\":\"https:\\\/\\\/loginfo24.com\\\/es\\\/#organization\"},\"image\":{\"@id\":\"https:\\\/\\\/loginfo24.com\\\/es\\\/2025\\\/01\\\/19\\\/la-logistica-combate-la-leucemia-con-la-iniciativa-blut-transportiert-e-v\\\/#primaryimage\"},\"thumbnailUrl\":\"https:\\\/\\\/loginfo24.com\\\/wp-content\\\/uploads\\\/sites\\\/7\\\/2025\\\/12\\\/Blut_transportiert_17.1.25.jpg\",\"articleSection\":[\"Regions\"],\"inLanguage\":\"es\",\"potentialAction\":[{\"@type\":\"CommentAction\",\"name\":\"Comment\",\"target\":[\"https:\\\/\\\/loginfo24.com\\\/es\\\/2025\\\/01\\\/19\\\/la-logistica-combate-la-leucemia-con-la-iniciativa-blut-transportiert-e-v\\\/#respond\"]}]},{\"@type\":\"WebPage\",\"@id\":\"https:\\\/\\\/loginfo24.com\\\/es\\\/2025\\\/01\\\/19\\\/la-logistica-combate-la-leucemia-con-la-iniciativa-blut-transportiert-e-v\\\/\",\"url\":\"https:\\\/\\\/loginfo24.com\\\/es\\\/2025\\\/01\\\/19\\\/la-logistica-combate-la-leucemia-con-la-iniciativa-blut-transportiert-e-v\\\/\",\"name\":\"La log\u00edstica combate la leucemia con la iniciativa \\\"Blut transportiert e.V.\\\" - Loginfo24\",\"isPartOf\":{\"@id\":\"https:\\\/\\\/loginfo24.com\\\/es\\\/#website\"},\"primaryImageOfPage\":{\"@id\":\"https:\\\/\\\/loginfo24.com\\\/es\\\/2025\\\/01\\\/19\\\/la-logistica-combate-la-leucemia-con-la-iniciativa-blut-transportiert-e-v\\\/#primaryimage\"},\"image\":{\"@id\":\"https:\\\/\\\/loginfo24.com\\\/es\\\/2025\\\/01\\\/19\\\/la-logistica-combate-la-leucemia-con-la-iniciativa-blut-transportiert-e-v\\\/#primaryimage\"},\"thumbnailUrl\":\"https:\\\/\\\/loginfo24.com\\\/wp-content\\\/uploads\\\/sites\\\/7\\\/2025\\\/12\\\/Blut_transportiert_17.1.25.jpg\",\"datePublished\":\"2025-01-19T08:58:07+00:00\",\"breadcrumb\":{\"@id\":\"https:\\\/\\\/loginfo24.com\\\/es\\\/2025\\\/01\\\/19\\\/la-logistica-combate-la-leucemia-con-la-iniciativa-blut-transportiert-e-v\\\/#breadcrumb\"},\"inLanguage\":\"es\",\"potentialAction\":[{\"@type\":\"ReadAction\",\"target\":[\"https:\\\/\\\/loginfo24.com\\\/es\\\/2025\\\/01\\\/19\\\/la-logistica-combate-la-leucemia-con-la-iniciativa-blut-transportiert-e-v\\\/\"]}]},{\"@type\":\"ImageObject\",\"inLanguage\":\"es\",\"@id\":\"https:\\\/\\\/loginfo24.com\\\/es\\\/2025\\\/01\\\/19\\\/la-logistica-combate-la-leucemia-con-la-iniciativa-blut-transportiert-e-v\\\/#primaryimage\",\"url\":\"https:\\\/\\\/loginfo24.com\\\/wp-content\\\/uploads\\\/sites\\\/7\\\/2025\\\/12\\\/Blut_transportiert_17.1.25.jpg\",\"contentUrl\":\"https:\\\/\\\/loginfo24.com\\\/wp-content\\\/uploads\\\/sites\\\/7\\\/2025\\\/12\\\/Blut_transportiert_17.1.25.jpg\",\"width\":1408,\"height\":938},{\"@type\":\"BreadcrumbList\",\"@id\":\"https:\\\/\\\/loginfo24.com\\\/es\\\/2025\\\/01\\\/19\\\/la-logistica-combate-la-leucemia-con-la-iniciativa-blut-transportiert-e-v\\\/#breadcrumb\",\"itemListElement\":[{\"@type\":\"ListItem\",\"position\":1,\"name\":\"Startseite\",\"item\":\"https:\\\/\\\/loginfo24.com\\\/es\\\/\"},{\"@type\":\"ListItem\",\"position\":2,\"name\":\"La log\u00edstica combate la leucemia con la iniciativa \u00abBlut transportiert e.V.\u00bb\"}]},{\"@type\":\"WebSite\",\"@id\":\"https:\\\/\\\/loginfo24.com\\\/es\\\/#website\",\"url\":\"https:\\\/\\\/loginfo24.com\\\/es\\\/\",\"name\":\"Loginfo24\",\"description\":\"Loginfo24 es la plataforma dedicada a la log\u00edstica y las cadenas de suministro con informaci\u00f3n las 24 horas del d\u00eda.\",\"publisher\":{\"@id\":\"https:\\\/\\\/loginfo24.com\\\/es\\\/#organization\"},\"potentialAction\":[{\"@type\":\"SearchAction\",\"target\":{\"@type\":\"EntryPoint\",\"urlTemplate\":\"https:\\\/\\\/loginfo24.com\\\/es\\\/?s={search_term_string}\"},\"query-input\":{\"@type\":\"PropertyValueSpecification\",\"valueRequired\":true,\"valueName\":\"search_term_string\"}}],\"inLanguage\":\"es\"},{\"@type\":\"Organization\",\"@id\":\"https:\\\/\\\/loginfo24.com\\\/es\\\/#organization\",\"name\":\"Grupo Logismedia AG\",\"url\":\"https:\\\/\\\/loginfo24.com\\\/es\\\/\",\"logo\":{\"@type\":\"ImageObject\",\"inLanguage\":\"es\",\"@id\":\"https:\\\/\\\/loginfo24.com\\\/es\\\/#\\\/schema\\\/logo\\\/image\\\/\",\"url\":\"https:\\\/\\\/loginfo24.com\\\/wp-content\\\/uploads\\\/sites\\\/7\\\/2026\\\/01\\\/Logo_LogInfo24.png\",\"contentUrl\":\"https:\\\/\\\/loginfo24.com\\\/wp-content\\\/uploads\\\/sites\\\/7\\\/2026\\\/01\\\/Logo_LogInfo24.png\",\"width\":938,\"height\":351,\"caption\":\"Grupo Logismedia AG\"},\"image\":{\"@id\":\"https:\\\/\\\/loginfo24.com\\\/es\\\/#\\\/schema\\\/logo\\\/image\\\/\"},\"sameAs\":[\"https:\\\/\\\/www.facebook.com\\\/people\\\/Loginfo24\\\/100057360583332\\\/\",\"https:\\\/\\\/www.linkedin.com\\\/company\\\/lofinfo24\\\/\"]}]}<\/script>\n<!-- \/ Yoast SEO plugin. -->","yoast_head_json":{"title":"La log\u00edstica combate la leucemia con la iniciativa \"Blut transportiert e.V.\" - Loginfo24","robots":{"index":"index","follow":"follow","max-snippet":"max-snippet:-1","max-image-preview":"max-image-preview:large","max-video-preview":"max-video-preview:-1"},"canonical":"https:\/\/loginfo24.com\/es\/2025\/01\/19\/la-logistica-combate-la-leucemia-con-la-iniciativa-blut-transportiert-e-v\/","og_locale":"es_ES","og_type":"article","og_title":"La log\u00edstica combate la leucemia con la iniciativa \"Blut transportiert e.V.\" - Loginfo24","og_description":"La iniciativa \u00abBlut transportiert\u00bb es una asociaci\u00f3n de empresas del sector log\u00edstico con un objetivo com\u00fan: quieren apoyar activamente la lucha contra la leucemia y otras [\u2026]","og_url":"https:\/\/loginfo24.com\/es\/2025\/01\/19\/la-logistica-combate-la-leucemia-con-la-iniciativa-blut-transportiert-e-v\/","og_site_name":"Loginfo24","article_publisher":"https:\/\/www.facebook.com\/people\/Loginfo24\/100057360583332\/","article_published_time":"2025-01-19T08:58:07+00:00","og_image":[{"width":1408,"height":938,"url":"https:\/\/loginfo24.com\/wp-content\/uploads\/sites\/7\/2025\/12\/Blut_transportiert_17.1.25.jpg","type":"image\/jpeg"}],"twitter_card":"summary_large_image","twitter_misc":{"Tiempo de lectura":"3 minuto"},"schema":{"@context":"https:\/\/schema.org","@graph":[{"@type":"Article","@id":"https:\/\/loginfo24.com\/es\/2025\/01\/19\/la-logistica-combate-la-leucemia-con-la-iniciativa-blut-transportiert-e-v\/#article","isPartOf":{"@id":"https:\/\/loginfo24.com\/es\/2025\/01\/19\/la-logistica-combate-la-leucemia-con-la-iniciativa-blut-transportiert-e-v\/"},"author":{"name":"","@id":""},"headline":"La log\u00edstica combate la leucemia con la iniciativa \u00abBlut transportiert e.V.\u00bb","datePublished":"2025-01-19T08:58:07+00:00","mainEntityOfPage":{"@id":"https:\/\/loginfo24.com\/es\/2025\/01\/19\/la-logistica-combate-la-leucemia-con-la-iniciativa-blut-transportiert-e-v\/"},"wordCount":588,"commentCount":0,"publisher":{"@id":"https:\/\/loginfo24.com\/es\/#organization"},"image":{"@id":"https:\/\/loginfo24.com\/es\/2025\/01\/19\/la-logistica-combate-la-leucemia-con-la-iniciativa-blut-transportiert-e-v\/#primaryimage"},"thumbnailUrl":"https:\/\/loginfo24.com\/wp-content\/uploads\/sites\/7\/2025\/12\/Blut_transportiert_17.1.25.jpg","articleSection":["Regions"],"inLanguage":"es","potentialAction":[{"@type":"CommentAction","name":"Comment","target":["https:\/\/loginfo24.com\/es\/2025\/01\/19\/la-logistica-combate-la-leucemia-con-la-iniciativa-blut-transportiert-e-v\/#respond"]}]},{"@type":"WebPage","@id":"https:\/\/loginfo24.com\/es\/2025\/01\/19\/la-logistica-combate-la-leucemia-con-la-iniciativa-blut-transportiert-e-v\/","url":"https:\/\/loginfo24.com\/es\/2025\/01\/19\/la-logistica-combate-la-leucemia-con-la-iniciativa-blut-transportiert-e-v\/","name":"La log\u00edstica combate la leucemia con la iniciativa \"Blut transportiert e.V.\" - Loginfo24","isPartOf":{"@id":"https:\/\/loginfo24.com\/es\/#website"},"primaryImageOfPage":{"@id":"https:\/\/loginfo24.com\/es\/2025\/01\/19\/la-logistica-combate-la-leucemia-con-la-iniciativa-blut-transportiert-e-v\/#primaryimage"},"image":{"@id":"https:\/\/loginfo24.com\/es\/2025\/01\/19\/la-logistica-combate-la-leucemia-con-la-iniciativa-blut-transportiert-e-v\/#primaryimage"},"thumbnailUrl":"https:\/\/loginfo24.com\/wp-content\/uploads\/sites\/7\/2025\/12\/Blut_transportiert_17.1.25.jpg","datePublished":"2025-01-19T08:58:07+00:00","breadcrumb":{"@id":"https:\/\/loginfo24.com\/es\/2025\/01\/19\/la-logistica-combate-la-leucemia-con-la-iniciativa-blut-transportiert-e-v\/#breadcrumb"},"inLanguage":"es","potentialAction":[{"@type":"ReadAction","target":["https:\/\/loginfo24.com\/es\/2025\/01\/19\/la-logistica-combate-la-leucemia-con-la-iniciativa-blut-transportiert-e-v\/"]}]},{"@type":"ImageObject","inLanguage":"es","@id":"https:\/\/loginfo24.com\/es\/2025\/01\/19\/la-logistica-combate-la-leucemia-con-la-iniciativa-blut-transportiert-e-v\/#primaryimage","url":"https:\/\/loginfo24.com\/wp-content\/uploads\/sites\/7\/2025\/12\/Blut_transportiert_17.1.25.jpg","contentUrl":"https:\/\/loginfo24.com\/wp-content\/uploads\/sites\/7\/2025\/12\/Blut_transportiert_17.1.25.jpg","width":1408,"height":938},{"@type":"BreadcrumbList","@id":"https:\/\/loginfo24.com\/es\/2025\/01\/19\/la-logistica-combate-la-leucemia-con-la-iniciativa-blut-transportiert-e-v\/#breadcrumb","itemListElement":[{"@type":"ListItem","position":1,"name":"Startseite","item":"https:\/\/loginfo24.com\/es\/"},{"@type":"ListItem","position":2,"name":"La log\u00edstica combate la leucemia con la iniciativa \u00abBlut transportiert e.V.\u00bb"}]},{"@type":"WebSite","@id":"https:\/\/loginfo24.com\/es\/#website","url":"https:\/\/loginfo24.com\/es\/","name":"Loginfo24","description":"Loginfo24 es la plataforma dedicada a la log\u00edstica y las cadenas de suministro con informaci\u00f3n las 24 horas del d\u00eda.","publisher":{"@id":"https:\/\/loginfo24.com\/es\/#organization"},"potentialAction":[{"@type":"SearchAction","target":{"@type":"EntryPoint","urlTemplate":"https:\/\/loginfo24.com\/es\/?s={search_term_string}"},"query-input":{"@type":"PropertyValueSpecification","valueRequired":true,"valueName":"search_term_string"}}],"inLanguage":"es"},{"@type":"Organization","@id":"https:\/\/loginfo24.com\/es\/#organization","name":"Grupo Logismedia AG","url":"https:\/\/loginfo24.com\/es\/","logo":{"@type":"ImageObject","inLanguage":"es","@id":"https:\/\/loginfo24.com\/es\/#\/schema\/logo\/image\/","url":"https:\/\/loginfo24.com\/wp-content\/uploads\/sites\/7\/2026\/01\/Logo_LogInfo24.png","contentUrl":"https:\/\/loginfo24.com\/wp-content\/uploads\/sites\/7\/2026\/01\/Logo_LogInfo24.png","width":938,"height":351,"caption":"Grupo Logismedia AG"},"image":{"@id":"https:\/\/loginfo24.com\/es\/#\/schema\/logo\/image\/"},"sameAs":["https:\/\/www.facebook.com\/people\/Loginfo24\/100057360583332\/","https:\/\/www.linkedin.com\/company\/lofinfo24\/"]}]}},"_links":{"self":[{"href":"https:\/\/loginfo24.com\/es\/wp-json\/wp\/v2\/posts\/67775","targetHints":{"allow":["GET"]}}],"collection":[{"href":"https:\/\/loginfo24.com\/es\/wp-json\/wp\/v2\/posts"}],"about":[{"href":"https:\/\/loginfo24.com\/es\/wp-json\/wp\/v2\/types\/post"}],"replies":[{"embeddable":true,"href":"https:\/\/loginfo24.com\/es\/wp-json\/wp\/v2\/comments?post=67775"}],"version-history":[{"count":0,"href":"https:\/\/loginfo24.com\/es\/wp-json\/wp\/v2\/posts\/67775\/revisions"}],"wp:featuredmedia":[{"embeddable":true,"href":"https:\/\/loginfo24.com\/es\/wp-json\/wp\/v2\/media\/5516"}],"wp:attachment":[{"href":"https:\/\/loginfo24.com\/es\/wp-json\/wp\/v2\/media?parent=67775"}],"wp:term":[{"taxonomy":"category","embeddable":true,"href":"https:\/\/loginfo24.com\/es\/wp-json\/wp\/v2\/categories?post=67775"},{"taxonomy":"post_tag","embeddable":true,"href":"https:\/\/loginfo24.com\/es\/wp-json\/wp\/v2\/tags?post=67775"}],"curies":[{"name":"wp","href":"https:\/\/api.w.org\/{rel}","templated":true}]}}