{"id":67494,"date":"2024-12-08T19:06:11","date_gmt":"2024-12-08T18:06:11","guid":{"rendered":"https:\/\/blog.brand-architecture.at\/2024\/12\/08\/milence-instala-por-primera-vez-puntos-de-carga-para-camiones-electricos-en-alemania\/"},"modified":"2024-12-08T19:06:11","modified_gmt":"2024-12-08T18:06:11","slug":"milence-instala-por-primera-vez-puntos-de-carga-para-camiones-electricos-en-alemania","status":"publish","type":"post","link":"https:\/\/loginfo24.com\/es\/2024\/12\/08\/milence-instala-por-primera-vez-puntos-de-carga-para-camiones-electricos-en-alemania\/","title":{"rendered":"Milence instala por primera vez puntos de carga para camiones el\u00e9ctricos en Alemania"},"content":{"rendered":"<h5><strong>Milence, la empresa conjunta entre Daimler Truck, TRATON GROUP y Volvo Group, ha inaugurado oficialmente dos modernos puntos de carga p\u00fablicos cerca de Leipzig en Alemania, el mayor mercado de transporte por carretera de Europa. Estos puntos de carga, estrat\u00e9gicamente ubicados en los principales corredores de mercanc\u00edas, conectar\u00e1n Berl\u00edn con el sur de Alemania y Polonia, marcando un hito importante en la misi\u00f3n de Milence de acelerar el transporte por carretera libre de f\u00f3siles.<\/strong><\/h5>\n<p>(\u00c1msterdam) Los nuevos hubs operativos ofrecen una alta potencia de hasta 400 kW y est\u00e1n dise\u00f1ados para optimizar la conectividad y la comodidad para los conductores:<\/p>\n<p>Hermsdorfer Kreuz, Turingia: Situado en la autopista A4 entre Polonia y Fr\u00e1ncfort del Meno, este punto de carga estrat\u00e9gicamente ubicado cuenta con ocho tomas de carga y sirve como un importante nodo para el transporte de mercanc\u00edas. Ofrece acceso universal para todos los camiones el\u00e9ctricos de alto rendimiento, independientemente del fabricante. Ubicado en la A9 entre Berl\u00edn y Leipzig y con cuatro bah\u00edas de carga, este punto se encuentra junto a un \u00e1rea de estacionamiento segura para camiones con comodidades de primera clase como \u00e1reas de descanso, duchas y ba\u00f1os.<\/p>\n<p>Milence en Vockerode, Sajonia-Anhalt: Con m\u00e1s del 30% del transporte de mercanc\u00edas por carretera europeo cruzando sus fronteras, Alemania es un pilar fundamental de la estrategia de Milence. A estos hubs se sumar\u00e1n pronto otros en Kassel Lohfelden, Coblenza, Himmelkron, H\u00fcttenberg, Kirchberg an der Jagst y Recklinghausen, as\u00ed como m\u00e1s centros en 10 mercados para satisfacer la creciente demanda de infraestructura de carga el\u00e9ctrica para el transporte por carretera.<\/p>\n<h5>Demanda creciente del mercado<\/h5>\n<p>En la inauguraci\u00f3n, la CEO de Milence, Anja van Niersen, declar\u00f3: \u201cLa apertura de nuestros primeros dos hubs en Alemania es una prueba de nuestro compromiso de mantenernos al d\u00eda con la creciente demanda del mercado por una infraestructura de carga el\u00e9ctrica confiable y accesible. Como mercado dominante para el transporte por carretera en Europa, Alemania es crucial para la transici\u00f3n hacia un transporte por carretera libre de f\u00f3siles. Estamos decididos a mantener este impulso y a colaborar con todos los actores locales para priorizar y construir la infraestructura en l\u00ednea con la demanda del mercado.\u201d<\/p>\n<p>Hartmut H\u00f6ppner, secretario de estado del Ministerio Federal de Digital y Transporte, que asisti\u00f3 a la inauguraci\u00f3n, a\u00f1adi\u00f3: \u201cNo hay camiones el\u00e9ctricos sin infraestructura de carga: el nuevo punto de carga para camiones el\u00e9ctricos de bater\u00eda en Hermsdorfer Kreuz es un paso importante de Milence para ampliar la infraestructura de carga r\u00e1pida p\u00fablica para veh\u00edculos comerciales pesados. La expansi\u00f3n de esta infraestructura es un componente clave para el exitoso despegue de los camiones el\u00e9ctricos en la log\u00edstica. Valoramos la contribuci\u00f3n de Milence, que complementa nuestros propios esfuerzos para crear una red de carga r\u00e1pida integral, basada en la demanda y confiable para camiones a lo largo de las carreteras federales. Nuestro objetivo debe ser crear las condiciones para que los camiones el\u00e9ctricos puedan operar de manera econ\u00f3micamente exitosa en la industria del transporte. El compromiso de Milence es una contribuci\u00f3n importante.\u201d<\/p>\n<h5><strong>M\u00faltiples opciones de pago y precios transparentes<\/strong><\/h5>\n<p>Milence garantiza accesibilidad y transparencia para todos los usuarios con un robusto sistema de pago. Las asociaciones con proveedores de servicios de movilidad el\u00e9ctrica (eMSPs) permiten a los conductores pagar con una variedad de tarjetas de carga. Tambi\u00e9n est\u00e1n disponibles opciones de pago directo a trav\u00e9s de la aplicaci\u00f3n de Milence y tarjetas bancarias. La tarifa est\u00e1ndar es de 0,399 \u20ac por kWh (sin IVA), con detalles de precios en la aplicaci\u00f3n de Milence y en cada punto de carga.<\/p>\n<p>Los hubs de Milence est\u00e1n construidos con un enfoque en la sostenibilidad. Todas las estaciones de carga consumen un 100% de energ\u00eda verde, y las pr\u00e1cticas de construcci\u00f3n priorizan la reducci\u00f3n de CO2, incluyendo soluciones de concreto innovadoras que garantizan una vida \u00fatil de 30 a\u00f1os con un impacto ambiental m\u00ednimo.<\/p>\n<h5><strong>Mejorar la experiencia del conductor<\/strong><\/h5>\n<p>Adem\u00e1s de la carga de alto rendimiento, los hubs de Milence ofrecen un entorno seguro y c\u00f3modo para los conductores. Las comodidades incluyen estacionamientos seguros con control de acceso, \u00e1reas iluminadas, vigilancia por c\u00e1maras, Wi-Fi y facilidades para descanso y refrigerio, creando una experiencia de carga \u00f3ptima para los conductores y sus veh\u00edculos.<\/p>\n<p>Foto: \u00a9 Milence<\/p>\n","protected":false},"excerpt":{"rendered":"<p>Milence, la empresa conjunta entre Daimler Truck, TRATON GROUP y Volvo Group, ha inaugurado oficialmente dos modernos puntos de carga p\u00fablicos cerca de Leipzig en Alemania,<span class=\"excerpt-hellip\"> [\u2026]<\/span><\/p>\n","protected":false},"author":0,"featured_media":5629,"comment_status":"open","ping_status":"open","sticky":false,"template":"","format":"standard","meta":{"_acf_changed":false,"footnotes":""},"categories":[1557,1561],"tags":[],"class_list":["post-67494","post","type-post","status-publish","format-standard","has-post-thumbnail","hentry","category-forwarding-logistics","category-regions"],"acf":[],"yoast_head":"<!-- This site is optimized with the Yoast SEO plugin v27.3 - https:\/\/yoast.com\/product\/yoast-seo-wordpress\/ -->\n<title>Milence instala por primera vez puntos de carga para camiones el\u00e9ctricos en Alemania - Loginfo24<\/title>\n<meta name=\"robots\" content=\"index, follow, max-snippet:-1, max-image-preview:large, max-video-preview:-1\" \/>\n<link rel=\"canonical\" href=\"https:\/\/loginfo24.com\/es\/2024\/12\/08\/milence-instala-por-primera-vez-puntos-de-carga-para-camiones-electricos-en-alemania\/\" \/>\n<meta property=\"og:locale\" content=\"es_ES\" \/>\n<meta property=\"og:type\" content=\"article\" \/>\n<meta property=\"og:title\" content=\"Milence instala por primera vez puntos de carga para camiones el\u00e9ctricos en Alemania - Loginfo24\" \/>\n<meta property=\"og:description\" content=\"Milence, la empresa conjunta entre Daimler Truck, TRATON GROUP y Volvo Group, ha inaugurado oficialmente dos modernos puntos de carga p\u00fablicos cerca de Leipzig en Alemania, [\u2026]\" \/>\n<meta property=\"og:url\" content=\"https:\/\/loginfo24.com\/es\/2024\/12\/08\/milence-instala-por-primera-vez-puntos-de-carga-para-camiones-electricos-en-alemania\/\" \/>\n<meta property=\"og:site_name\" content=\"Loginfo24\" \/>\n<meta property=\"article:publisher\" content=\"https:\/\/www.facebook.com\/people\/Loginfo24\/100057360583332\/\" \/>\n<meta property=\"article:published_time\" content=\"2024-12-08T18:06:11+00:00\" \/>\n<meta property=\"og:image\" content=\"https:\/\/loginfo24.com\/wp-content\/uploads\/sites\/7\/2025\/12\/Milence_8.12.24.jpg\" \/>\n\t<meta property=\"og:image:width\" content=\"1366\" \/>\n\t<meta property=\"og:image:height\" content=\"839\" \/>\n\t<meta property=\"og:image:type\" content=\"image\/jpeg\" \/>\n<meta name=\"twitter:card\" content=\"summary_large_image\" \/>\n<meta name=\"twitter:label1\" content=\"Tiempo de lectura\" \/>\n\t<meta name=\"twitter:data1\" content=\"4 minuto\" \/>\n<script type=\"application\/ld+json\" class=\"yoast-schema-graph\">{\"@context\":\"https:\\\/\\\/schema.org\",\"@graph\":[{\"@type\":\"Article\",\"@id\":\"https:\\\/\\\/loginfo24.com\\\/es\\\/2024\\\/12\\\/08\\\/milence-instala-por-primera-vez-puntos-de-carga-para-camiones-electricos-en-alemania\\\/#article\",\"isPartOf\":{\"@id\":\"https:\\\/\\\/loginfo24.com\\\/es\\\/2024\\\/12\\\/08\\\/milence-instala-por-primera-vez-puntos-de-carga-para-camiones-electricos-en-alemania\\\/\"},\"author\":{\"name\":\"\",\"@id\":\"\"},\"headline\":\"Milence instala por primera vez puntos de carga para camiones el\u00e9ctricos en Alemania\",\"datePublished\":\"2024-12-08T18:06:11+00:00\",\"mainEntityOfPage\":{\"@id\":\"https:\\\/\\\/loginfo24.com\\\/es\\\/2024\\\/12\\\/08\\\/milence-instala-por-primera-vez-puntos-de-carga-para-camiones-electricos-en-alemania\\\/\"},\"wordCount\":769,\"commentCount\":0,\"publisher\":{\"@id\":\"https:\\\/\\\/loginfo24.com\\\/es\\\/#organization\"},\"image\":{\"@id\":\"https:\\\/\\\/loginfo24.com\\\/es\\\/2024\\\/12\\\/08\\\/milence-instala-por-primera-vez-puntos-de-carga-para-camiones-electricos-en-alemania\\\/#primaryimage\"},\"thumbnailUrl\":\"https:\\\/\\\/loginfo24.com\\\/wp-content\\\/uploads\\\/sites\\\/7\\\/2025\\\/12\\\/Milence_8.12.24.jpg\",\"articleSection\":[\"Forwarding &amp; Logistics\",\"Regions\"],\"inLanguage\":\"es\",\"potentialAction\":[{\"@type\":\"CommentAction\",\"name\":\"Comment\",\"target\":[\"https:\\\/\\\/loginfo24.com\\\/es\\\/2024\\\/12\\\/08\\\/milence-instala-por-primera-vez-puntos-de-carga-para-camiones-electricos-en-alemania\\\/#respond\"]}]},{\"@type\":\"WebPage\",\"@id\":\"https:\\\/\\\/loginfo24.com\\\/es\\\/2024\\\/12\\\/08\\\/milence-instala-por-primera-vez-puntos-de-carga-para-camiones-electricos-en-alemania\\\/\",\"url\":\"https:\\\/\\\/loginfo24.com\\\/es\\\/2024\\\/12\\\/08\\\/milence-instala-por-primera-vez-puntos-de-carga-para-camiones-electricos-en-alemania\\\/\",\"name\":\"Milence instala por primera vez puntos de carga para camiones el\u00e9ctricos en Alemania - Loginfo24\",\"isPartOf\":{\"@id\":\"https:\\\/\\\/loginfo24.com\\\/es\\\/#website\"},\"primaryImageOfPage\":{\"@id\":\"https:\\\/\\\/loginfo24.com\\\/es\\\/2024\\\/12\\\/08\\\/milence-instala-por-primera-vez-puntos-de-carga-para-camiones-electricos-en-alemania\\\/#primaryimage\"},\"image\":{\"@id\":\"https:\\\/\\\/loginfo24.com\\\/es\\\/2024\\\/12\\\/08\\\/milence-instala-por-primera-vez-puntos-de-carga-para-camiones-electricos-en-alemania\\\/#primaryimage\"},\"thumbnailUrl\":\"https:\\\/\\\/loginfo24.com\\\/wp-content\\\/uploads\\\/sites\\\/7\\\/2025\\\/12\\\/Milence_8.12.24.jpg\",\"datePublished\":\"2024-12-08T18:06:11+00:00\",\"breadcrumb\":{\"@id\":\"https:\\\/\\\/loginfo24.com\\\/es\\\/2024\\\/12\\\/08\\\/milence-instala-por-primera-vez-puntos-de-carga-para-camiones-electricos-en-alemania\\\/#breadcrumb\"},\"inLanguage\":\"es\",\"potentialAction\":[{\"@type\":\"ReadAction\",\"target\":[\"https:\\\/\\\/loginfo24.com\\\/es\\\/2024\\\/12\\\/08\\\/milence-instala-por-primera-vez-puntos-de-carga-para-camiones-electricos-en-alemania\\\/\"]}]},{\"@type\":\"ImageObject\",\"inLanguage\":\"es\",\"@id\":\"https:\\\/\\\/loginfo24.com\\\/es\\\/2024\\\/12\\\/08\\\/milence-instala-por-primera-vez-puntos-de-carga-para-camiones-electricos-en-alemania\\\/#primaryimage\",\"url\":\"https:\\\/\\\/loginfo24.com\\\/wp-content\\\/uploads\\\/sites\\\/7\\\/2025\\\/12\\\/Milence_8.12.24.jpg\",\"contentUrl\":\"https:\\\/\\\/loginfo24.com\\\/wp-content\\\/uploads\\\/sites\\\/7\\\/2025\\\/12\\\/Milence_8.12.24.jpg\",\"width\":1366,\"height\":839},{\"@type\":\"BreadcrumbList\",\"@id\":\"https:\\\/\\\/loginfo24.com\\\/es\\\/2024\\\/12\\\/08\\\/milence-instala-por-primera-vez-puntos-de-carga-para-camiones-electricos-en-alemania\\\/#breadcrumb\",\"itemListElement\":[{\"@type\":\"ListItem\",\"position\":1,\"name\":\"Startseite\",\"item\":\"https:\\\/\\\/loginfo24.com\\\/es\\\/\"},{\"@type\":\"ListItem\",\"position\":2,\"name\":\"Milence instala por primera vez puntos de carga para camiones el\u00e9ctricos en Alemania\"}]},{\"@type\":\"WebSite\",\"@id\":\"https:\\\/\\\/loginfo24.com\\\/es\\\/#website\",\"url\":\"https:\\\/\\\/loginfo24.com\\\/es\\\/\",\"name\":\"Loginfo24\",\"description\":\"Loginfo24 es la plataforma dedicada a la log\u00edstica y las cadenas de suministro con informaci\u00f3n las 24 horas del d\u00eda.\",\"publisher\":{\"@id\":\"https:\\\/\\\/loginfo24.com\\\/es\\\/#organization\"},\"potentialAction\":[{\"@type\":\"SearchAction\",\"target\":{\"@type\":\"EntryPoint\",\"urlTemplate\":\"https:\\\/\\\/loginfo24.com\\\/es\\\/?s={search_term_string}\"},\"query-input\":{\"@type\":\"PropertyValueSpecification\",\"valueRequired\":true,\"valueName\":\"search_term_string\"}}],\"inLanguage\":\"es\"},{\"@type\":\"Organization\",\"@id\":\"https:\\\/\\\/loginfo24.com\\\/es\\\/#organization\",\"name\":\"Grupo Logismedia AG\",\"url\":\"https:\\\/\\\/loginfo24.com\\\/es\\\/\",\"logo\":{\"@type\":\"ImageObject\",\"inLanguage\":\"es\",\"@id\":\"https:\\\/\\\/loginfo24.com\\\/es\\\/#\\\/schema\\\/logo\\\/image\\\/\",\"url\":\"https:\\\/\\\/loginfo24.com\\\/wp-content\\\/uploads\\\/sites\\\/7\\\/2026\\\/01\\\/Logo_LogInfo24.png\",\"contentUrl\":\"https:\\\/\\\/loginfo24.com\\\/wp-content\\\/uploads\\\/sites\\\/7\\\/2026\\\/01\\\/Logo_LogInfo24.png\",\"width\":938,\"height\":351,\"caption\":\"Grupo Logismedia AG\"},\"image\":{\"@id\":\"https:\\\/\\\/loginfo24.com\\\/es\\\/#\\\/schema\\\/logo\\\/image\\\/\"},\"sameAs\":[\"https:\\\/\\\/www.facebook.com\\\/people\\\/Loginfo24\\\/100057360583332\\\/\",\"https:\\\/\\\/www.linkedin.com\\\/company\\\/lofinfo24\\\/\"]}]}<\/script>\n<!-- \/ Yoast SEO plugin. -->","yoast_head_json":{"title":"Milence instala por primera vez puntos de carga para camiones el\u00e9ctricos en Alemania - Loginfo24","robots":{"index":"index","follow":"follow","max-snippet":"max-snippet:-1","max-image-preview":"max-image-preview:large","max-video-preview":"max-video-preview:-1"},"canonical":"https:\/\/loginfo24.com\/es\/2024\/12\/08\/milence-instala-por-primera-vez-puntos-de-carga-para-camiones-electricos-en-alemania\/","og_locale":"es_ES","og_type":"article","og_title":"Milence instala por primera vez puntos de carga para camiones el\u00e9ctricos en Alemania - Loginfo24","og_description":"Milence, la empresa conjunta entre Daimler Truck, TRATON GROUP y Volvo Group, ha inaugurado oficialmente dos modernos puntos de carga p\u00fablicos cerca de Leipzig en Alemania, [\u2026]","og_url":"https:\/\/loginfo24.com\/es\/2024\/12\/08\/milence-instala-por-primera-vez-puntos-de-carga-para-camiones-electricos-en-alemania\/","og_site_name":"Loginfo24","article_publisher":"https:\/\/www.facebook.com\/people\/Loginfo24\/100057360583332\/","article_published_time":"2024-12-08T18:06:11+00:00","og_image":[{"width":1366,"height":839,"url":"https:\/\/loginfo24.com\/wp-content\/uploads\/sites\/7\/2025\/12\/Milence_8.12.24.jpg","type":"image\/jpeg"}],"twitter_card":"summary_large_image","twitter_misc":{"Tiempo de lectura":"4 minuto"},"schema":{"@context":"https:\/\/schema.org","@graph":[{"@type":"Article","@id":"https:\/\/loginfo24.com\/es\/2024\/12\/08\/milence-instala-por-primera-vez-puntos-de-carga-para-camiones-electricos-en-alemania\/#article","isPartOf":{"@id":"https:\/\/loginfo24.com\/es\/2024\/12\/08\/milence-instala-por-primera-vez-puntos-de-carga-para-camiones-electricos-en-alemania\/"},"author":{"name":"","@id":""},"headline":"Milence instala por primera vez puntos de carga para camiones el\u00e9ctricos en Alemania","datePublished":"2024-12-08T18:06:11+00:00","mainEntityOfPage":{"@id":"https:\/\/loginfo24.com\/es\/2024\/12\/08\/milence-instala-por-primera-vez-puntos-de-carga-para-camiones-electricos-en-alemania\/"},"wordCount":769,"commentCount":0,"publisher":{"@id":"https:\/\/loginfo24.com\/es\/#organization"},"image":{"@id":"https:\/\/loginfo24.com\/es\/2024\/12\/08\/milence-instala-por-primera-vez-puntos-de-carga-para-camiones-electricos-en-alemania\/#primaryimage"},"thumbnailUrl":"https:\/\/loginfo24.com\/wp-content\/uploads\/sites\/7\/2025\/12\/Milence_8.12.24.jpg","articleSection":["Forwarding &amp; Logistics","Regions"],"inLanguage":"es","potentialAction":[{"@type":"CommentAction","name":"Comment","target":["https:\/\/loginfo24.com\/es\/2024\/12\/08\/milence-instala-por-primera-vez-puntos-de-carga-para-camiones-electricos-en-alemania\/#respond"]}]},{"@type":"WebPage","@id":"https:\/\/loginfo24.com\/es\/2024\/12\/08\/milence-instala-por-primera-vez-puntos-de-carga-para-camiones-electricos-en-alemania\/","url":"https:\/\/loginfo24.com\/es\/2024\/12\/08\/milence-instala-por-primera-vez-puntos-de-carga-para-camiones-electricos-en-alemania\/","name":"Milence instala por primera vez puntos de carga para camiones el\u00e9ctricos en Alemania - Loginfo24","isPartOf":{"@id":"https:\/\/loginfo24.com\/es\/#website"},"primaryImageOfPage":{"@id":"https:\/\/loginfo24.com\/es\/2024\/12\/08\/milence-instala-por-primera-vez-puntos-de-carga-para-camiones-electricos-en-alemania\/#primaryimage"},"image":{"@id":"https:\/\/loginfo24.com\/es\/2024\/12\/08\/milence-instala-por-primera-vez-puntos-de-carga-para-camiones-electricos-en-alemania\/#primaryimage"},"thumbnailUrl":"https:\/\/loginfo24.com\/wp-content\/uploads\/sites\/7\/2025\/12\/Milence_8.12.24.jpg","datePublished":"2024-12-08T18:06:11+00:00","breadcrumb":{"@id":"https:\/\/loginfo24.com\/es\/2024\/12\/08\/milence-instala-por-primera-vez-puntos-de-carga-para-camiones-electricos-en-alemania\/#breadcrumb"},"inLanguage":"es","potentialAction":[{"@type":"ReadAction","target":["https:\/\/loginfo24.com\/es\/2024\/12\/08\/milence-instala-por-primera-vez-puntos-de-carga-para-camiones-electricos-en-alemania\/"]}]},{"@type":"ImageObject","inLanguage":"es","@id":"https:\/\/loginfo24.com\/es\/2024\/12\/08\/milence-instala-por-primera-vez-puntos-de-carga-para-camiones-electricos-en-alemania\/#primaryimage","url":"https:\/\/loginfo24.com\/wp-content\/uploads\/sites\/7\/2025\/12\/Milence_8.12.24.jpg","contentUrl":"https:\/\/loginfo24.com\/wp-content\/uploads\/sites\/7\/2025\/12\/Milence_8.12.24.jpg","width":1366,"height":839},{"@type":"BreadcrumbList","@id":"https:\/\/loginfo24.com\/es\/2024\/12\/08\/milence-instala-por-primera-vez-puntos-de-carga-para-camiones-electricos-en-alemania\/#breadcrumb","itemListElement":[{"@type":"ListItem","position":1,"name":"Startseite","item":"https:\/\/loginfo24.com\/es\/"},{"@type":"ListItem","position":2,"name":"Milence instala por primera vez puntos de carga para camiones el\u00e9ctricos en Alemania"}]},{"@type":"WebSite","@id":"https:\/\/loginfo24.com\/es\/#website","url":"https:\/\/loginfo24.com\/es\/","name":"Loginfo24","description":"Loginfo24 es la plataforma dedicada a la log\u00edstica y las cadenas de suministro con informaci\u00f3n las 24 horas del d\u00eda.","publisher":{"@id":"https:\/\/loginfo24.com\/es\/#organization"},"potentialAction":[{"@type":"SearchAction","target":{"@type":"EntryPoint","urlTemplate":"https:\/\/loginfo24.com\/es\/?s={search_term_string}"},"query-input":{"@type":"PropertyValueSpecification","valueRequired":true,"valueName":"search_term_string"}}],"inLanguage":"es"},{"@type":"Organization","@id":"https:\/\/loginfo24.com\/es\/#organization","name":"Grupo Logismedia AG","url":"https:\/\/loginfo24.com\/es\/","logo":{"@type":"ImageObject","inLanguage":"es","@id":"https:\/\/loginfo24.com\/es\/#\/schema\/logo\/image\/","url":"https:\/\/loginfo24.com\/wp-content\/uploads\/sites\/7\/2026\/01\/Logo_LogInfo24.png","contentUrl":"https:\/\/loginfo24.com\/wp-content\/uploads\/sites\/7\/2026\/01\/Logo_LogInfo24.png","width":938,"height":351,"caption":"Grupo Logismedia AG"},"image":{"@id":"https:\/\/loginfo24.com\/es\/#\/schema\/logo\/image\/"},"sameAs":["https:\/\/www.facebook.com\/people\/Loginfo24\/100057360583332\/","https:\/\/www.linkedin.com\/company\/lofinfo24\/"]}]}},"_links":{"self":[{"href":"https:\/\/loginfo24.com\/es\/wp-json\/wp\/v2\/posts\/67494","targetHints":{"allow":["GET"]}}],"collection":[{"href":"https:\/\/loginfo24.com\/es\/wp-json\/wp\/v2\/posts"}],"about":[{"href":"https:\/\/loginfo24.com\/es\/wp-json\/wp\/v2\/types\/post"}],"replies":[{"embeddable":true,"href":"https:\/\/loginfo24.com\/es\/wp-json\/wp\/v2\/comments?post=67494"}],"version-history":[{"count":0,"href":"https:\/\/loginfo24.com\/es\/wp-json\/wp\/v2\/posts\/67494\/revisions"}],"wp:featuredmedia":[{"embeddable":true,"href":"https:\/\/loginfo24.com\/es\/wp-json\/wp\/v2\/media\/5629"}],"wp:attachment":[{"href":"https:\/\/loginfo24.com\/es\/wp-json\/wp\/v2\/media?parent=67494"}],"wp:term":[{"taxonomy":"category","embeddable":true,"href":"https:\/\/loginfo24.com\/es\/wp-json\/wp\/v2\/categories?post=67494"},{"taxonomy":"post_tag","embeddable":true,"href":"https:\/\/loginfo24.com\/es\/wp-json\/wp\/v2\/tags?post=67494"}],"curies":[{"name":"wp","href":"https:\/\/api.w.org\/{rel}","templated":true}]}}