{"id":66062,"date":"2024-08-04T12:53:29","date_gmt":"2024-08-04T10:53:29","guid":{"rendered":"https:\/\/blog.brand-architecture.at\/2024\/08\/04\/michael-lockener-es-nombrado-director-de-operaciones-en-trans-o-flex\/"},"modified":"2024-08-04T12:53:29","modified_gmt":"2024-08-04T10:53:29","slug":"michael-lockener-es-nombrado-director-de-operaciones-en-trans-o-flex","status":"publish","type":"post","link":"https:\/\/loginfo24.com\/es\/2024\/08\/04\/michael-lockener-es-nombrado-director-de-operaciones-en-trans-o-flex\/","title":{"rendered":"Michael L\u00f6ckener es nombrado Director de Operaciones en trans-o-flex"},"content":{"rendered":"<h5>A partir del 1 de agosto de 2024, Michael L\u00f6ckener ha sido nombrado Director de Operaciones de trans-o-flex Verwaltungs GmbH. La empresa gestiona las diferentes sociedades de trans-o-flex en Alemania y Austria, que se especializan en transporte y log\u00edstica para la industria farmac\u00e9utica y de salud, as\u00ed como para cosm\u00e9ticos, electr\u00f3nica de consumo y otros bienes sensibles.<\/h5>\n<p>(Weinheim) \u00abCon el nombramiento como Director en trans-o-flex Verwaltungs GmbH, Michael L\u00f6ckener puede aplicar su experiencia y conocimientos de manera \u00f3ptima, y en la direcci\u00f3n tenemos una clara y transparente distribuci\u00f3n de tareas\u00bb, dice Martin Reder, CEO de trans-o-flex. Adem\u00e1s del nuevo integrante L\u00f6ckener, la direcci\u00f3n sigue compuesta por Martin Reder (CEO), Michael Schmidt (Finanzas) y Eugen G\u00fcnther (Ventas).<\/p>\n<p>El L\u00f6ckener, de 61 a\u00f1os, ha estado trabajando para trans-o-flex desde abril de 2015. Comenz\u00f3 en la funci\u00f3n de Gerente de Operaciones Regional del Norte y r\u00e1pidamente asumi\u00f3 responsabilidades de direcci\u00f3n en filiales de trans-o-flex. As\u00ed, en julio de 2018 fue nombrado Director de la trans-o-flex ThermoMed, especializada en el transporte de medicamentos a temperatura controlada. En abril de 2019, asumi\u00f3 adem\u00e1s la direcci\u00f3n de trans-o-flex Training &amp; Service GmbH, que desarrolla conceptos de formaci\u00f3n y capacitaci\u00f3n para trans-o-flex y ofrece formaci\u00f3n para empleados, as\u00ed como entrenamientos para conductores. Desde enero de 2022, tambi\u00e9n ha sido responsable del negocio operativo diario de trans-o-flex Express GmbH &amp; Co. KGaA como Director de \u00c1rea de Operaciones.<\/p>\n<h5>Las responsabilidades de direcci\u00f3n en las filiales se mantienen<\/h5>\n<p>Sus responsabilidades de direcci\u00f3n para las filiales de trans-o-flex tambi\u00e9n se mantendr\u00e1n en su nueva funci\u00f3n. Antes de unirse a trans-o-flex, el comerciante de transporte y economista del transporte trabaj\u00f3 en diversas funciones en los proveedores de log\u00edstica Fiege, TNT y GLS.<\/p>\n<p>Foto: \u00a9 trans-o-flex<\/p>\n","protected":false},"excerpt":{"rendered":"<p>A partir del 1 de agosto de 2024, Michael L\u00f6ckener ha sido nombrado Director de Operaciones de trans-o-flex Verwaltungs GmbH. La empresa gestiona las diferentes sociedades<span class=\"excerpt-hellip\"> [\u2026]<\/span><\/p>\n","protected":false},"author":0,"featured_media":6200,"comment_status":"open","ping_status":"open","sticky":false,"template":"","format":"standard","meta":{"_acf_changed":false,"footnotes":""},"categories":[1557,1556,1561],"tags":[],"class_list":["post-66062","post","type-post","status-publish","format-standard","has-post-thumbnail","hentry","category-forwarding-logistics","category-intermodal-road","category-regions"],"acf":[],"yoast_head":"<!-- This site is optimized with the Yoast SEO plugin v27.3 - https:\/\/yoast.com\/product\/yoast-seo-wordpress\/ -->\n<title>Michael L\u00f6ckener es nombrado Director de Operaciones en trans-o-flex - Loginfo24<\/title>\n<meta name=\"robots\" content=\"index, follow, max-snippet:-1, max-image-preview:large, max-video-preview:-1\" \/>\n<link rel=\"canonical\" href=\"https:\/\/loginfo24.com\/es\/2024\/08\/04\/michael-lockener-es-nombrado-director-de-operaciones-en-trans-o-flex\/\" \/>\n<meta property=\"og:locale\" content=\"es_ES\" \/>\n<meta property=\"og:type\" content=\"article\" \/>\n<meta property=\"og:title\" content=\"Michael L\u00f6ckener es nombrado Director de Operaciones en trans-o-flex - Loginfo24\" \/>\n<meta property=\"og:description\" content=\"A partir del 1 de agosto de 2024, Michael L\u00f6ckener ha sido nombrado Director de Operaciones de trans-o-flex Verwaltungs GmbH. La empresa gestiona las diferentes sociedades [\u2026]\" \/>\n<meta property=\"og:url\" content=\"https:\/\/loginfo24.com\/es\/2024\/08\/04\/michael-lockener-es-nombrado-director-de-operaciones-en-trans-o-flex\/\" \/>\n<meta property=\"og:site_name\" content=\"Loginfo24\" \/>\n<meta property=\"article:publisher\" content=\"https:\/\/www.facebook.com\/people\/Loginfo24\/100057360583332\/\" \/>\n<meta property=\"article:published_time\" content=\"2024-08-04T10:53:29+00:00\" \/>\n<meta property=\"og:image\" content=\"https:\/\/loginfo24.com\/wp-content\/uploads\/sites\/7\/2025\/12\/trans-o-flex_4.8.24.jpg\" \/>\n\t<meta property=\"og:image:width\" content=\"1474\" \/>\n\t<meta property=\"og:image:height\" content=\"936\" \/>\n\t<meta property=\"og:image:type\" content=\"image\/jpeg\" \/>\n<meta name=\"twitter:card\" content=\"summary_large_image\" \/>\n<meta name=\"twitter:label1\" content=\"Tiempo de lectura\" \/>\n\t<meta name=\"twitter:data1\" content=\"2 minuto\" \/>\n<script type=\"application\/ld+json\" class=\"yoast-schema-graph\">{\"@context\":\"https:\\\/\\\/schema.org\",\"@graph\":[{\"@type\":\"Article\",\"@id\":\"https:\\\/\\\/loginfo24.com\\\/es\\\/2024\\\/08\\\/04\\\/michael-lockener-es-nombrado-director-de-operaciones-en-trans-o-flex\\\/#article\",\"isPartOf\":{\"@id\":\"https:\\\/\\\/loginfo24.com\\\/es\\\/2024\\\/08\\\/04\\\/michael-lockener-es-nombrado-director-de-operaciones-en-trans-o-flex\\\/\"},\"author\":{\"name\":\"\",\"@id\":\"\"},\"headline\":\"Michael L\u00f6ckener es nombrado Director de Operaciones en trans-o-flex\",\"datePublished\":\"2024-08-04T10:53:29+00:00\",\"mainEntityOfPage\":{\"@id\":\"https:\\\/\\\/loginfo24.com\\\/es\\\/2024\\\/08\\\/04\\\/michael-lockener-es-nombrado-director-de-operaciones-en-trans-o-flex\\\/\"},\"wordCount\":315,\"commentCount\":0,\"publisher\":{\"@id\":\"https:\\\/\\\/loginfo24.com\\\/es\\\/#organization\"},\"image\":{\"@id\":\"https:\\\/\\\/loginfo24.com\\\/es\\\/2024\\\/08\\\/04\\\/michael-lockener-es-nombrado-director-de-operaciones-en-trans-o-flex\\\/#primaryimage\"},\"thumbnailUrl\":\"https:\\\/\\\/loginfo24.com\\\/wp-content\\\/uploads\\\/sites\\\/7\\\/2025\\\/12\\\/trans-o-flex_4.8.24.jpg\",\"articleSection\":[\"Forwarding &amp; Logistics\",\"Intermodal \\\/ Road\",\"Regions\"],\"inLanguage\":\"es\",\"potentialAction\":[{\"@type\":\"CommentAction\",\"name\":\"Comment\",\"target\":[\"https:\\\/\\\/loginfo24.com\\\/es\\\/2024\\\/08\\\/04\\\/michael-lockener-es-nombrado-director-de-operaciones-en-trans-o-flex\\\/#respond\"]}]},{\"@type\":\"WebPage\",\"@id\":\"https:\\\/\\\/loginfo24.com\\\/es\\\/2024\\\/08\\\/04\\\/michael-lockener-es-nombrado-director-de-operaciones-en-trans-o-flex\\\/\",\"url\":\"https:\\\/\\\/loginfo24.com\\\/es\\\/2024\\\/08\\\/04\\\/michael-lockener-es-nombrado-director-de-operaciones-en-trans-o-flex\\\/\",\"name\":\"Michael L\u00f6ckener es nombrado Director de Operaciones en trans-o-flex - Loginfo24\",\"isPartOf\":{\"@id\":\"https:\\\/\\\/loginfo24.com\\\/es\\\/#website\"},\"primaryImageOfPage\":{\"@id\":\"https:\\\/\\\/loginfo24.com\\\/es\\\/2024\\\/08\\\/04\\\/michael-lockener-es-nombrado-director-de-operaciones-en-trans-o-flex\\\/#primaryimage\"},\"image\":{\"@id\":\"https:\\\/\\\/loginfo24.com\\\/es\\\/2024\\\/08\\\/04\\\/michael-lockener-es-nombrado-director-de-operaciones-en-trans-o-flex\\\/#primaryimage\"},\"thumbnailUrl\":\"https:\\\/\\\/loginfo24.com\\\/wp-content\\\/uploads\\\/sites\\\/7\\\/2025\\\/12\\\/trans-o-flex_4.8.24.jpg\",\"datePublished\":\"2024-08-04T10:53:29+00:00\",\"breadcrumb\":{\"@id\":\"https:\\\/\\\/loginfo24.com\\\/es\\\/2024\\\/08\\\/04\\\/michael-lockener-es-nombrado-director-de-operaciones-en-trans-o-flex\\\/#breadcrumb\"},\"inLanguage\":\"es\",\"potentialAction\":[{\"@type\":\"ReadAction\",\"target\":[\"https:\\\/\\\/loginfo24.com\\\/es\\\/2024\\\/08\\\/04\\\/michael-lockener-es-nombrado-director-de-operaciones-en-trans-o-flex\\\/\"]}]},{\"@type\":\"ImageObject\",\"inLanguage\":\"es\",\"@id\":\"https:\\\/\\\/loginfo24.com\\\/es\\\/2024\\\/08\\\/04\\\/michael-lockener-es-nombrado-director-de-operaciones-en-trans-o-flex\\\/#primaryimage\",\"url\":\"https:\\\/\\\/loginfo24.com\\\/wp-content\\\/uploads\\\/sites\\\/7\\\/2025\\\/12\\\/trans-o-flex_4.8.24.jpg\",\"contentUrl\":\"https:\\\/\\\/loginfo24.com\\\/wp-content\\\/uploads\\\/sites\\\/7\\\/2025\\\/12\\\/trans-o-flex_4.8.24.jpg\",\"width\":1474,\"height\":936},{\"@type\":\"BreadcrumbList\",\"@id\":\"https:\\\/\\\/loginfo24.com\\\/es\\\/2024\\\/08\\\/04\\\/michael-lockener-es-nombrado-director-de-operaciones-en-trans-o-flex\\\/#breadcrumb\",\"itemListElement\":[{\"@type\":\"ListItem\",\"position\":1,\"name\":\"Startseite\",\"item\":\"https:\\\/\\\/loginfo24.com\\\/es\\\/\"},{\"@type\":\"ListItem\",\"position\":2,\"name\":\"Michael L\u00f6ckener es nombrado Director de Operaciones en trans-o-flex\"}]},{\"@type\":\"WebSite\",\"@id\":\"https:\\\/\\\/loginfo24.com\\\/es\\\/#website\",\"url\":\"https:\\\/\\\/loginfo24.com\\\/es\\\/\",\"name\":\"Loginfo24\",\"description\":\"Loginfo24 es la plataforma dedicada a la log\u00edstica y las cadenas de suministro con informaci\u00f3n las 24 horas del d\u00eda.\",\"publisher\":{\"@id\":\"https:\\\/\\\/loginfo24.com\\\/es\\\/#organization\"},\"potentialAction\":[{\"@type\":\"SearchAction\",\"target\":{\"@type\":\"EntryPoint\",\"urlTemplate\":\"https:\\\/\\\/loginfo24.com\\\/es\\\/?s={search_term_string}\"},\"query-input\":{\"@type\":\"PropertyValueSpecification\",\"valueRequired\":true,\"valueName\":\"search_term_string\"}}],\"inLanguage\":\"es\"},{\"@type\":\"Organization\",\"@id\":\"https:\\\/\\\/loginfo24.com\\\/es\\\/#organization\",\"name\":\"Grupo Logismedia AG\",\"url\":\"https:\\\/\\\/loginfo24.com\\\/es\\\/\",\"logo\":{\"@type\":\"ImageObject\",\"inLanguage\":\"es\",\"@id\":\"https:\\\/\\\/loginfo24.com\\\/es\\\/#\\\/schema\\\/logo\\\/image\\\/\",\"url\":\"https:\\\/\\\/loginfo24.com\\\/wp-content\\\/uploads\\\/sites\\\/7\\\/2026\\\/01\\\/Logo_LogInfo24.png\",\"contentUrl\":\"https:\\\/\\\/loginfo24.com\\\/wp-content\\\/uploads\\\/sites\\\/7\\\/2026\\\/01\\\/Logo_LogInfo24.png\",\"width\":938,\"height\":351,\"caption\":\"Grupo Logismedia AG\"},\"image\":{\"@id\":\"https:\\\/\\\/loginfo24.com\\\/es\\\/#\\\/schema\\\/logo\\\/image\\\/\"},\"sameAs\":[\"https:\\\/\\\/www.facebook.com\\\/people\\\/Loginfo24\\\/100057360583332\\\/\",\"https:\\\/\\\/www.linkedin.com\\\/company\\\/lofinfo24\\\/\"]}]}<\/script>\n<!-- \/ Yoast SEO plugin. -->","yoast_head_json":{"title":"Michael L\u00f6ckener es nombrado Director de Operaciones en trans-o-flex - Loginfo24","robots":{"index":"index","follow":"follow","max-snippet":"max-snippet:-1","max-image-preview":"max-image-preview:large","max-video-preview":"max-video-preview:-1"},"canonical":"https:\/\/loginfo24.com\/es\/2024\/08\/04\/michael-lockener-es-nombrado-director-de-operaciones-en-trans-o-flex\/","og_locale":"es_ES","og_type":"article","og_title":"Michael L\u00f6ckener es nombrado Director de Operaciones en trans-o-flex - Loginfo24","og_description":"A partir del 1 de agosto de 2024, Michael L\u00f6ckener ha sido nombrado Director de Operaciones de trans-o-flex Verwaltungs GmbH. La empresa gestiona las diferentes sociedades [\u2026]","og_url":"https:\/\/loginfo24.com\/es\/2024\/08\/04\/michael-lockener-es-nombrado-director-de-operaciones-en-trans-o-flex\/","og_site_name":"Loginfo24","article_publisher":"https:\/\/www.facebook.com\/people\/Loginfo24\/100057360583332\/","article_published_time":"2024-08-04T10:53:29+00:00","og_image":[{"width":1474,"height":936,"url":"https:\/\/loginfo24.com\/wp-content\/uploads\/sites\/7\/2025\/12\/trans-o-flex_4.8.24.jpg","type":"image\/jpeg"}],"twitter_card":"summary_large_image","twitter_misc":{"Tiempo de lectura":"2 minuto"},"schema":{"@context":"https:\/\/schema.org","@graph":[{"@type":"Article","@id":"https:\/\/loginfo24.com\/es\/2024\/08\/04\/michael-lockener-es-nombrado-director-de-operaciones-en-trans-o-flex\/#article","isPartOf":{"@id":"https:\/\/loginfo24.com\/es\/2024\/08\/04\/michael-lockener-es-nombrado-director-de-operaciones-en-trans-o-flex\/"},"author":{"name":"","@id":""},"headline":"Michael L\u00f6ckener es nombrado Director de Operaciones en trans-o-flex","datePublished":"2024-08-04T10:53:29+00:00","mainEntityOfPage":{"@id":"https:\/\/loginfo24.com\/es\/2024\/08\/04\/michael-lockener-es-nombrado-director-de-operaciones-en-trans-o-flex\/"},"wordCount":315,"commentCount":0,"publisher":{"@id":"https:\/\/loginfo24.com\/es\/#organization"},"image":{"@id":"https:\/\/loginfo24.com\/es\/2024\/08\/04\/michael-lockener-es-nombrado-director-de-operaciones-en-trans-o-flex\/#primaryimage"},"thumbnailUrl":"https:\/\/loginfo24.com\/wp-content\/uploads\/sites\/7\/2025\/12\/trans-o-flex_4.8.24.jpg","articleSection":["Forwarding &amp; Logistics","Intermodal \/ Road","Regions"],"inLanguage":"es","potentialAction":[{"@type":"CommentAction","name":"Comment","target":["https:\/\/loginfo24.com\/es\/2024\/08\/04\/michael-lockener-es-nombrado-director-de-operaciones-en-trans-o-flex\/#respond"]}]},{"@type":"WebPage","@id":"https:\/\/loginfo24.com\/es\/2024\/08\/04\/michael-lockener-es-nombrado-director-de-operaciones-en-trans-o-flex\/","url":"https:\/\/loginfo24.com\/es\/2024\/08\/04\/michael-lockener-es-nombrado-director-de-operaciones-en-trans-o-flex\/","name":"Michael L\u00f6ckener es nombrado Director de Operaciones en trans-o-flex - Loginfo24","isPartOf":{"@id":"https:\/\/loginfo24.com\/es\/#website"},"primaryImageOfPage":{"@id":"https:\/\/loginfo24.com\/es\/2024\/08\/04\/michael-lockener-es-nombrado-director-de-operaciones-en-trans-o-flex\/#primaryimage"},"image":{"@id":"https:\/\/loginfo24.com\/es\/2024\/08\/04\/michael-lockener-es-nombrado-director-de-operaciones-en-trans-o-flex\/#primaryimage"},"thumbnailUrl":"https:\/\/loginfo24.com\/wp-content\/uploads\/sites\/7\/2025\/12\/trans-o-flex_4.8.24.jpg","datePublished":"2024-08-04T10:53:29+00:00","breadcrumb":{"@id":"https:\/\/loginfo24.com\/es\/2024\/08\/04\/michael-lockener-es-nombrado-director-de-operaciones-en-trans-o-flex\/#breadcrumb"},"inLanguage":"es","potentialAction":[{"@type":"ReadAction","target":["https:\/\/loginfo24.com\/es\/2024\/08\/04\/michael-lockener-es-nombrado-director-de-operaciones-en-trans-o-flex\/"]}]},{"@type":"ImageObject","inLanguage":"es","@id":"https:\/\/loginfo24.com\/es\/2024\/08\/04\/michael-lockener-es-nombrado-director-de-operaciones-en-trans-o-flex\/#primaryimage","url":"https:\/\/loginfo24.com\/wp-content\/uploads\/sites\/7\/2025\/12\/trans-o-flex_4.8.24.jpg","contentUrl":"https:\/\/loginfo24.com\/wp-content\/uploads\/sites\/7\/2025\/12\/trans-o-flex_4.8.24.jpg","width":1474,"height":936},{"@type":"BreadcrumbList","@id":"https:\/\/loginfo24.com\/es\/2024\/08\/04\/michael-lockener-es-nombrado-director-de-operaciones-en-trans-o-flex\/#breadcrumb","itemListElement":[{"@type":"ListItem","position":1,"name":"Startseite","item":"https:\/\/loginfo24.com\/es\/"},{"@type":"ListItem","position":2,"name":"Michael L\u00f6ckener es nombrado Director de Operaciones en trans-o-flex"}]},{"@type":"WebSite","@id":"https:\/\/loginfo24.com\/es\/#website","url":"https:\/\/loginfo24.com\/es\/","name":"Loginfo24","description":"Loginfo24 es la plataforma dedicada a la log\u00edstica y las cadenas de suministro con informaci\u00f3n las 24 horas del d\u00eda.","publisher":{"@id":"https:\/\/loginfo24.com\/es\/#organization"},"potentialAction":[{"@type":"SearchAction","target":{"@type":"EntryPoint","urlTemplate":"https:\/\/loginfo24.com\/es\/?s={search_term_string}"},"query-input":{"@type":"PropertyValueSpecification","valueRequired":true,"valueName":"search_term_string"}}],"inLanguage":"es"},{"@type":"Organization","@id":"https:\/\/loginfo24.com\/es\/#organization","name":"Grupo Logismedia AG","url":"https:\/\/loginfo24.com\/es\/","logo":{"@type":"ImageObject","inLanguage":"es","@id":"https:\/\/loginfo24.com\/es\/#\/schema\/logo\/image\/","url":"https:\/\/loginfo24.com\/wp-content\/uploads\/sites\/7\/2026\/01\/Logo_LogInfo24.png","contentUrl":"https:\/\/loginfo24.com\/wp-content\/uploads\/sites\/7\/2026\/01\/Logo_LogInfo24.png","width":938,"height":351,"caption":"Grupo Logismedia AG"},"image":{"@id":"https:\/\/loginfo24.com\/es\/#\/schema\/logo\/image\/"},"sameAs":["https:\/\/www.facebook.com\/people\/Loginfo24\/100057360583332\/","https:\/\/www.linkedin.com\/company\/lofinfo24\/"]}]}},"_links":{"self":[{"href":"https:\/\/loginfo24.com\/es\/wp-json\/wp\/v2\/posts\/66062","targetHints":{"allow":["GET"]}}],"collection":[{"href":"https:\/\/loginfo24.com\/es\/wp-json\/wp\/v2\/posts"}],"about":[{"href":"https:\/\/loginfo24.com\/es\/wp-json\/wp\/v2\/types\/post"}],"replies":[{"embeddable":true,"href":"https:\/\/loginfo24.com\/es\/wp-json\/wp\/v2\/comments?post=66062"}],"version-history":[{"count":0,"href":"https:\/\/loginfo24.com\/es\/wp-json\/wp\/v2\/posts\/66062\/revisions"}],"wp:featuredmedia":[{"embeddable":true,"href":"https:\/\/loginfo24.com\/es\/wp-json\/wp\/v2\/media\/6200"}],"wp:attachment":[{"href":"https:\/\/loginfo24.com\/es\/wp-json\/wp\/v2\/media?parent=66062"}],"wp:term":[{"taxonomy":"category","embeddable":true,"href":"https:\/\/loginfo24.com\/es\/wp-json\/wp\/v2\/categories?post=66062"},{"taxonomy":"post_tag","embeddable":true,"href":"https:\/\/loginfo24.com\/es\/wp-json\/wp\/v2\/tags?post=66062"}],"curies":[{"name":"wp","href":"https:\/\/api.w.org\/{rel}","templated":true}]}}