{"id":65960,"date":"2024-07-25T18:36:17","date_gmt":"2024-07-25T16:36:17","guid":{"rendered":"https:\/\/blog.brand-architecture.at\/2024\/07\/25\/las-ferrocarriles-de-carga-sobre-el-balance-semestral-de-deutsche-bahn\/"},"modified":"2024-07-25T18:36:17","modified_gmt":"2024-07-25T16:36:17","slug":"las-ferrocarriles-de-carga-sobre-el-balance-semestral-de-deutsche-bahn","status":"publish","type":"post","link":"https:\/\/loginfo24.com\/es\/2024\/07\/25\/las-ferrocarriles-de-carga-sobre-el-balance-semestral-de-deutsche-bahn\/","title":{"rendered":"LAS FERROCARRILES DE CARGA sobre el balance semestral de Deutsche Bahn"},"content":{"rendered":"<h5><strong>El grupo DB presenta hoy su balance semestral. Adem\u00e1s de los d\u00e9ficits en las empresas de transporte, los costos de mantenimiento de la infraestructura tambi\u00e9n contribuyen a las cifras rojas del grupo, costos que normalmente debe asumir el gobierno federal. Incluso si, a trav\u00e9s de acuerdos recientes, los costos adicionales derivados de los altos aumentos en los costos de construcci\u00f3n son compensados posteriormente por el gobierno federal en forma de aportaciones de capital, la DB es cada vez m\u00e1s llevada por el gobierno a \u00e1reas financieras de arenas movedizas.<\/strong><\/h5>\n<p>(Berl\u00edn) La continuaci\u00f3n o aceleraci\u00f3n de la actual estrategia de endeudamiento de la DB es irresponsable. La directora general de G\u00dcTERBAHNEN, Neele Wesseln, exigi\u00f3 al gobierno federal una financiaci\u00f3n sostenible para la infraestructura ferroviaria y advirti\u00f3 sobre bombas de tiempo financieras incontrolables a expensas de la generaci\u00f3n m\u00e1s joven: \u00abEsto no significa, sin embargo, que debamos apretar a\u00fan m\u00e1s el tornillo del ahorro. Al contrario: el gobierno federal y nadie m\u00e1s debe cumplir con su obligaci\u00f3n constitucional de garantizar el mantenimiento y la expansi\u00f3n de su red ferroviaria seg\u00fan el art\u00edculo 87 e. Rieles rotos y faltantes contradicen la formulaci\u00f3n de este mandato constitucional. Las aportaciones de capital o el debate reavivado sobre los pr\u00e9stamos del gobierno federal a la DB para la renovaci\u00f3n y expansi\u00f3n de la red son meras artima\u00f1as contables. Con esto, la generaci\u00f3n actual quiere desplazar su responsabilidad financiera ya sea a las generaciones futuras o a los clientes ferroviarios. Ni una cosa ni la otra est\u00e1 prevista en el art\u00edculo 87 e de la Constituci\u00f3n. Al fin y al cabo, el gobierno federal tambi\u00e9n financia sus carreteras principalmente con fondos fiscales generales y anuales.\u201d<\/p>\n<p>Wesseln tambi\u00e9n critic\u00f3 que la estructura de la deuda de la DB, que ha crecido r\u00e1pidamente en la \u00faltima d\u00e9cada hasta m\u00e1s de 34 mil millones de euros, es tambi\u00e9n un problema generacional. Wesseln: \u201cLas empresas de la DB, que son d\u00e9biles en competencia, y la cabeza de grupo aumentan la deuda cada vez m\u00e1s y esperan en secreto que el gobierno federal eventualmente sanee su empresa. Sin embargo, esta estrategia perjudica todo el sistema ferroviario en el mercado de transporte.\u201d<\/p>\n<h5>Faltan fondos para inversiones futuras<\/h5>\n<p>Debido a que subvenciones obsoletas, como el privilegio del impuesto sobre el di\u00e9sel, se mantienen incluso en situaciones desafiantes, faltan fondos para inversiones futuras. No es el freno de la deuda, sino una baja cuota estatal la que es la cifra pol\u00edtica central para el ministro de Finanzas, que gu\u00eda su comportamiento. Wesseln: \u201cEsto lleva cada vez m\u00e1s a que las inversiones necesarias en la expansi\u00f3n e incluso el mantenimiento de infraestructuras se vean obstaculizadas debido a la dif\u00edcil situaci\u00f3n presupuestaria. Los viajeros y las empresas sienten las consecuencias a trav\u00e9s de una calidad que sigue disminuyendo.\u201d<\/p>\n<p>Foto: \u00a9 Loginfo24<\/p>\n","protected":false},"excerpt":{"rendered":"<p>El grupo DB presenta hoy su balance semestral. Adem\u00e1s de los d\u00e9ficits en las empresas de transporte, los costos de mantenimiento de la infraestructura tambi\u00e9n contribuyen<span class=\"excerpt-hellip\"> [\u2026]<\/span><\/p>\n","protected":false},"author":0,"featured_media":6240,"comment_status":"open","ping_status":"open","sticky":false,"template":"","format":"standard","meta":{"_acf_changed":false,"footnotes":""},"categories":[1557,1561],"tags":[],"class_list":["post-65960","post","type-post","status-publish","format-standard","has-post-thumbnail","hentry","category-forwarding-logistics","category-regions"],"acf":[],"yoast_head":"<!-- This site is optimized with the Yoast SEO plugin v27.3 - https:\/\/yoast.com\/product\/yoast-seo-wordpress\/ -->\n<title>LAS FERROCARRILES DE CARGA sobre el balance semestral de Deutsche Bahn - Loginfo24<\/title>\n<meta name=\"robots\" content=\"index, follow, max-snippet:-1, max-image-preview:large, max-video-preview:-1\" \/>\n<link rel=\"canonical\" href=\"https:\/\/loginfo24.com\/es\/2024\/07\/25\/las-ferrocarriles-de-carga-sobre-el-balance-semestral-de-deutsche-bahn\/\" \/>\n<meta property=\"og:locale\" content=\"es_ES\" \/>\n<meta property=\"og:type\" content=\"article\" \/>\n<meta property=\"og:title\" content=\"LAS FERROCARRILES DE CARGA sobre el balance semestral de Deutsche Bahn - Loginfo24\" \/>\n<meta property=\"og:description\" content=\"El grupo DB presenta hoy su balance semestral. Adem\u00e1s de los d\u00e9ficits en las empresas de transporte, los costos de mantenimiento de la infraestructura tambi\u00e9n contribuyen [\u2026]\" \/>\n<meta property=\"og:url\" content=\"https:\/\/loginfo24.com\/es\/2024\/07\/25\/las-ferrocarriles-de-carga-sobre-el-balance-semestral-de-deutsche-bahn\/\" \/>\n<meta property=\"og:site_name\" content=\"Loginfo24\" \/>\n<meta property=\"article:publisher\" content=\"https:\/\/www.facebook.com\/people\/Loginfo24\/100057360583332\/\" \/>\n<meta property=\"article:published_time\" content=\"2024-07-25T16:36:17+00:00\" \/>\n<meta property=\"og:image\" content=\"https:\/\/loginfo24.com\/wp-content\/uploads\/sites\/7\/2025\/12\/Rangierbahnhof-2.jpg\" \/>\n\t<meta property=\"og:image:width\" content=\"1453\" \/>\n\t<meta property=\"og:image:height\" content=\"974\" \/>\n\t<meta property=\"og:image:type\" content=\"image\/jpeg\" \/>\n<meta name=\"twitter:card\" content=\"summary_large_image\" \/>\n<meta name=\"twitter:label1\" content=\"Tiempo de lectura\" \/>\n\t<meta name=\"twitter:data1\" content=\"3 minuto\" \/>\n<script type=\"application\/ld+json\" class=\"yoast-schema-graph\">{\"@context\":\"https:\\\/\\\/schema.org\",\"@graph\":[{\"@type\":\"Article\",\"@id\":\"https:\\\/\\\/loginfo24.com\\\/es\\\/2024\\\/07\\\/25\\\/las-ferrocarriles-de-carga-sobre-el-balance-semestral-de-deutsche-bahn\\\/#article\",\"isPartOf\":{\"@id\":\"https:\\\/\\\/loginfo24.com\\\/es\\\/2024\\\/07\\\/25\\\/las-ferrocarriles-de-carga-sobre-el-balance-semestral-de-deutsche-bahn\\\/\"},\"author\":{\"name\":\"\",\"@id\":\"\"},\"headline\":\"LAS FERROCARRILES DE CARGA sobre el balance semestral de Deutsche Bahn\",\"datePublished\":\"2024-07-25T16:36:17+00:00\",\"mainEntityOfPage\":{\"@id\":\"https:\\\/\\\/loginfo24.com\\\/es\\\/2024\\\/07\\\/25\\\/las-ferrocarriles-de-carga-sobre-el-balance-semestral-de-deutsche-bahn\\\/\"},\"wordCount\":515,\"commentCount\":0,\"publisher\":{\"@id\":\"https:\\\/\\\/loginfo24.com\\\/es\\\/#organization\"},\"image\":{\"@id\":\"https:\\\/\\\/loginfo24.com\\\/es\\\/2024\\\/07\\\/25\\\/las-ferrocarriles-de-carga-sobre-el-balance-semestral-de-deutsche-bahn\\\/#primaryimage\"},\"thumbnailUrl\":\"https:\\\/\\\/loginfo24.com\\\/wp-content\\\/uploads\\\/sites\\\/7\\\/2025\\\/12\\\/Rangierbahnhof-2.jpg\",\"articleSection\":[\"Forwarding &amp; Logistics\",\"Regions\"],\"inLanguage\":\"es\",\"potentialAction\":[{\"@type\":\"CommentAction\",\"name\":\"Comment\",\"target\":[\"https:\\\/\\\/loginfo24.com\\\/es\\\/2024\\\/07\\\/25\\\/las-ferrocarriles-de-carga-sobre-el-balance-semestral-de-deutsche-bahn\\\/#respond\"]}]},{\"@type\":\"WebPage\",\"@id\":\"https:\\\/\\\/loginfo24.com\\\/es\\\/2024\\\/07\\\/25\\\/las-ferrocarriles-de-carga-sobre-el-balance-semestral-de-deutsche-bahn\\\/\",\"url\":\"https:\\\/\\\/loginfo24.com\\\/es\\\/2024\\\/07\\\/25\\\/las-ferrocarriles-de-carga-sobre-el-balance-semestral-de-deutsche-bahn\\\/\",\"name\":\"LAS FERROCARRILES DE CARGA sobre el balance semestral de Deutsche Bahn - Loginfo24\",\"isPartOf\":{\"@id\":\"https:\\\/\\\/loginfo24.com\\\/es\\\/#website\"},\"primaryImageOfPage\":{\"@id\":\"https:\\\/\\\/loginfo24.com\\\/es\\\/2024\\\/07\\\/25\\\/las-ferrocarriles-de-carga-sobre-el-balance-semestral-de-deutsche-bahn\\\/#primaryimage\"},\"image\":{\"@id\":\"https:\\\/\\\/loginfo24.com\\\/es\\\/2024\\\/07\\\/25\\\/las-ferrocarriles-de-carga-sobre-el-balance-semestral-de-deutsche-bahn\\\/#primaryimage\"},\"thumbnailUrl\":\"https:\\\/\\\/loginfo24.com\\\/wp-content\\\/uploads\\\/sites\\\/7\\\/2025\\\/12\\\/Rangierbahnhof-2.jpg\",\"datePublished\":\"2024-07-25T16:36:17+00:00\",\"breadcrumb\":{\"@id\":\"https:\\\/\\\/loginfo24.com\\\/es\\\/2024\\\/07\\\/25\\\/las-ferrocarriles-de-carga-sobre-el-balance-semestral-de-deutsche-bahn\\\/#breadcrumb\"},\"inLanguage\":\"es\",\"potentialAction\":[{\"@type\":\"ReadAction\",\"target\":[\"https:\\\/\\\/loginfo24.com\\\/es\\\/2024\\\/07\\\/25\\\/las-ferrocarriles-de-carga-sobre-el-balance-semestral-de-deutsche-bahn\\\/\"]}]},{\"@type\":\"ImageObject\",\"inLanguage\":\"es\",\"@id\":\"https:\\\/\\\/loginfo24.com\\\/es\\\/2024\\\/07\\\/25\\\/las-ferrocarriles-de-carga-sobre-el-balance-semestral-de-deutsche-bahn\\\/#primaryimage\",\"url\":\"https:\\\/\\\/loginfo24.com\\\/wp-content\\\/uploads\\\/sites\\\/7\\\/2025\\\/12\\\/Rangierbahnhof-2.jpg\",\"contentUrl\":\"https:\\\/\\\/loginfo24.com\\\/wp-content\\\/uploads\\\/sites\\\/7\\\/2025\\\/12\\\/Rangierbahnhof-2.jpg\",\"width\":1453,\"height\":974},{\"@type\":\"BreadcrumbList\",\"@id\":\"https:\\\/\\\/loginfo24.com\\\/es\\\/2024\\\/07\\\/25\\\/las-ferrocarriles-de-carga-sobre-el-balance-semestral-de-deutsche-bahn\\\/#breadcrumb\",\"itemListElement\":[{\"@type\":\"ListItem\",\"position\":1,\"name\":\"Startseite\",\"item\":\"https:\\\/\\\/loginfo24.com\\\/es\\\/\"},{\"@type\":\"ListItem\",\"position\":2,\"name\":\"LAS FERROCARRILES DE CARGA sobre el balance semestral de Deutsche Bahn\"}]},{\"@type\":\"WebSite\",\"@id\":\"https:\\\/\\\/loginfo24.com\\\/es\\\/#website\",\"url\":\"https:\\\/\\\/loginfo24.com\\\/es\\\/\",\"name\":\"Loginfo24\",\"description\":\"Loginfo24 es la plataforma dedicada a la log\u00edstica y las cadenas de suministro con informaci\u00f3n las 24 horas del d\u00eda.\",\"publisher\":{\"@id\":\"https:\\\/\\\/loginfo24.com\\\/es\\\/#organization\"},\"potentialAction\":[{\"@type\":\"SearchAction\",\"target\":{\"@type\":\"EntryPoint\",\"urlTemplate\":\"https:\\\/\\\/loginfo24.com\\\/es\\\/?s={search_term_string}\"},\"query-input\":{\"@type\":\"PropertyValueSpecification\",\"valueRequired\":true,\"valueName\":\"search_term_string\"}}],\"inLanguage\":\"es\"},{\"@type\":\"Organization\",\"@id\":\"https:\\\/\\\/loginfo24.com\\\/es\\\/#organization\",\"name\":\"Grupo Logismedia AG\",\"url\":\"https:\\\/\\\/loginfo24.com\\\/es\\\/\",\"logo\":{\"@type\":\"ImageObject\",\"inLanguage\":\"es\",\"@id\":\"https:\\\/\\\/loginfo24.com\\\/es\\\/#\\\/schema\\\/logo\\\/image\\\/\",\"url\":\"https:\\\/\\\/loginfo24.com\\\/wp-content\\\/uploads\\\/sites\\\/7\\\/2026\\\/01\\\/Logo_LogInfo24.png\",\"contentUrl\":\"https:\\\/\\\/loginfo24.com\\\/wp-content\\\/uploads\\\/sites\\\/7\\\/2026\\\/01\\\/Logo_LogInfo24.png\",\"width\":938,\"height\":351,\"caption\":\"Grupo Logismedia AG\"},\"image\":{\"@id\":\"https:\\\/\\\/loginfo24.com\\\/es\\\/#\\\/schema\\\/logo\\\/image\\\/\"},\"sameAs\":[\"https:\\\/\\\/www.facebook.com\\\/people\\\/Loginfo24\\\/100057360583332\\\/\",\"https:\\\/\\\/www.linkedin.com\\\/company\\\/lofinfo24\\\/\"]}]}<\/script>\n<!-- \/ Yoast SEO plugin. -->","yoast_head_json":{"title":"LAS FERROCARRILES DE CARGA sobre el balance semestral de Deutsche Bahn - Loginfo24","robots":{"index":"index","follow":"follow","max-snippet":"max-snippet:-1","max-image-preview":"max-image-preview:large","max-video-preview":"max-video-preview:-1"},"canonical":"https:\/\/loginfo24.com\/es\/2024\/07\/25\/las-ferrocarriles-de-carga-sobre-el-balance-semestral-de-deutsche-bahn\/","og_locale":"es_ES","og_type":"article","og_title":"LAS FERROCARRILES DE CARGA sobre el balance semestral de Deutsche Bahn - Loginfo24","og_description":"El grupo DB presenta hoy su balance semestral. Adem\u00e1s de los d\u00e9ficits en las empresas de transporte, los costos de mantenimiento de la infraestructura tambi\u00e9n contribuyen [\u2026]","og_url":"https:\/\/loginfo24.com\/es\/2024\/07\/25\/las-ferrocarriles-de-carga-sobre-el-balance-semestral-de-deutsche-bahn\/","og_site_name":"Loginfo24","article_publisher":"https:\/\/www.facebook.com\/people\/Loginfo24\/100057360583332\/","article_published_time":"2024-07-25T16:36:17+00:00","og_image":[{"width":1453,"height":974,"url":"https:\/\/loginfo24.com\/wp-content\/uploads\/sites\/7\/2025\/12\/Rangierbahnhof-2.jpg","type":"image\/jpeg"}],"twitter_card":"summary_large_image","twitter_misc":{"Tiempo de lectura":"3 minuto"},"schema":{"@context":"https:\/\/schema.org","@graph":[{"@type":"Article","@id":"https:\/\/loginfo24.com\/es\/2024\/07\/25\/las-ferrocarriles-de-carga-sobre-el-balance-semestral-de-deutsche-bahn\/#article","isPartOf":{"@id":"https:\/\/loginfo24.com\/es\/2024\/07\/25\/las-ferrocarriles-de-carga-sobre-el-balance-semestral-de-deutsche-bahn\/"},"author":{"name":"","@id":""},"headline":"LAS FERROCARRILES DE CARGA sobre el balance semestral de Deutsche Bahn","datePublished":"2024-07-25T16:36:17+00:00","mainEntityOfPage":{"@id":"https:\/\/loginfo24.com\/es\/2024\/07\/25\/las-ferrocarriles-de-carga-sobre-el-balance-semestral-de-deutsche-bahn\/"},"wordCount":515,"commentCount":0,"publisher":{"@id":"https:\/\/loginfo24.com\/es\/#organization"},"image":{"@id":"https:\/\/loginfo24.com\/es\/2024\/07\/25\/las-ferrocarriles-de-carga-sobre-el-balance-semestral-de-deutsche-bahn\/#primaryimage"},"thumbnailUrl":"https:\/\/loginfo24.com\/wp-content\/uploads\/sites\/7\/2025\/12\/Rangierbahnhof-2.jpg","articleSection":["Forwarding &amp; Logistics","Regions"],"inLanguage":"es","potentialAction":[{"@type":"CommentAction","name":"Comment","target":["https:\/\/loginfo24.com\/es\/2024\/07\/25\/las-ferrocarriles-de-carga-sobre-el-balance-semestral-de-deutsche-bahn\/#respond"]}]},{"@type":"WebPage","@id":"https:\/\/loginfo24.com\/es\/2024\/07\/25\/las-ferrocarriles-de-carga-sobre-el-balance-semestral-de-deutsche-bahn\/","url":"https:\/\/loginfo24.com\/es\/2024\/07\/25\/las-ferrocarriles-de-carga-sobre-el-balance-semestral-de-deutsche-bahn\/","name":"LAS FERROCARRILES DE CARGA sobre el balance semestral de Deutsche Bahn - Loginfo24","isPartOf":{"@id":"https:\/\/loginfo24.com\/es\/#website"},"primaryImageOfPage":{"@id":"https:\/\/loginfo24.com\/es\/2024\/07\/25\/las-ferrocarriles-de-carga-sobre-el-balance-semestral-de-deutsche-bahn\/#primaryimage"},"image":{"@id":"https:\/\/loginfo24.com\/es\/2024\/07\/25\/las-ferrocarriles-de-carga-sobre-el-balance-semestral-de-deutsche-bahn\/#primaryimage"},"thumbnailUrl":"https:\/\/loginfo24.com\/wp-content\/uploads\/sites\/7\/2025\/12\/Rangierbahnhof-2.jpg","datePublished":"2024-07-25T16:36:17+00:00","breadcrumb":{"@id":"https:\/\/loginfo24.com\/es\/2024\/07\/25\/las-ferrocarriles-de-carga-sobre-el-balance-semestral-de-deutsche-bahn\/#breadcrumb"},"inLanguage":"es","potentialAction":[{"@type":"ReadAction","target":["https:\/\/loginfo24.com\/es\/2024\/07\/25\/las-ferrocarriles-de-carga-sobre-el-balance-semestral-de-deutsche-bahn\/"]}]},{"@type":"ImageObject","inLanguage":"es","@id":"https:\/\/loginfo24.com\/es\/2024\/07\/25\/las-ferrocarriles-de-carga-sobre-el-balance-semestral-de-deutsche-bahn\/#primaryimage","url":"https:\/\/loginfo24.com\/wp-content\/uploads\/sites\/7\/2025\/12\/Rangierbahnhof-2.jpg","contentUrl":"https:\/\/loginfo24.com\/wp-content\/uploads\/sites\/7\/2025\/12\/Rangierbahnhof-2.jpg","width":1453,"height":974},{"@type":"BreadcrumbList","@id":"https:\/\/loginfo24.com\/es\/2024\/07\/25\/las-ferrocarriles-de-carga-sobre-el-balance-semestral-de-deutsche-bahn\/#breadcrumb","itemListElement":[{"@type":"ListItem","position":1,"name":"Startseite","item":"https:\/\/loginfo24.com\/es\/"},{"@type":"ListItem","position":2,"name":"LAS FERROCARRILES DE CARGA sobre el balance semestral de Deutsche Bahn"}]},{"@type":"WebSite","@id":"https:\/\/loginfo24.com\/es\/#website","url":"https:\/\/loginfo24.com\/es\/","name":"Loginfo24","description":"Loginfo24 es la plataforma dedicada a la log\u00edstica y las cadenas de suministro con informaci\u00f3n las 24 horas del d\u00eda.","publisher":{"@id":"https:\/\/loginfo24.com\/es\/#organization"},"potentialAction":[{"@type":"SearchAction","target":{"@type":"EntryPoint","urlTemplate":"https:\/\/loginfo24.com\/es\/?s={search_term_string}"},"query-input":{"@type":"PropertyValueSpecification","valueRequired":true,"valueName":"search_term_string"}}],"inLanguage":"es"},{"@type":"Organization","@id":"https:\/\/loginfo24.com\/es\/#organization","name":"Grupo Logismedia AG","url":"https:\/\/loginfo24.com\/es\/","logo":{"@type":"ImageObject","inLanguage":"es","@id":"https:\/\/loginfo24.com\/es\/#\/schema\/logo\/image\/","url":"https:\/\/loginfo24.com\/wp-content\/uploads\/sites\/7\/2026\/01\/Logo_LogInfo24.png","contentUrl":"https:\/\/loginfo24.com\/wp-content\/uploads\/sites\/7\/2026\/01\/Logo_LogInfo24.png","width":938,"height":351,"caption":"Grupo Logismedia AG"},"image":{"@id":"https:\/\/loginfo24.com\/es\/#\/schema\/logo\/image\/"},"sameAs":["https:\/\/www.facebook.com\/people\/Loginfo24\/100057360583332\/","https:\/\/www.linkedin.com\/company\/lofinfo24\/"]}]}},"_links":{"self":[{"href":"https:\/\/loginfo24.com\/es\/wp-json\/wp\/v2\/posts\/65960","targetHints":{"allow":["GET"]}}],"collection":[{"href":"https:\/\/loginfo24.com\/es\/wp-json\/wp\/v2\/posts"}],"about":[{"href":"https:\/\/loginfo24.com\/es\/wp-json\/wp\/v2\/types\/post"}],"replies":[{"embeddable":true,"href":"https:\/\/loginfo24.com\/es\/wp-json\/wp\/v2\/comments?post=65960"}],"version-history":[{"count":0,"href":"https:\/\/loginfo24.com\/es\/wp-json\/wp\/v2\/posts\/65960\/revisions"}],"wp:featuredmedia":[{"embeddable":true,"href":"https:\/\/loginfo24.com\/es\/wp-json\/wp\/v2\/media\/6240"}],"wp:attachment":[{"href":"https:\/\/loginfo24.com\/es\/wp-json\/wp\/v2\/media?parent=65960"}],"wp:term":[{"taxonomy":"category","embeddable":true,"href":"https:\/\/loginfo24.com\/es\/wp-json\/wp\/v2\/categories?post=65960"},{"taxonomy":"post_tag","embeddable":true,"href":"https:\/\/loginfo24.com\/es\/wp-json\/wp\/v2\/tags?post=65960"}],"curies":[{"name":"wp","href":"https:\/\/api.w.org\/{rel}","templated":true}]}}