{"id":65865,"date":"2024-07-18T13:09:41","date_gmt":"2024-07-18T11:09:41","guid":{"rendered":"https:\/\/blog.brand-architecture.at\/2024\/07\/18\/european-cargo-logistics-ecl-de-lubeck-cumple-25-anos\/"},"modified":"2024-07-18T13:09:41","modified_gmt":"2024-07-18T11:09:41","slug":"european-cargo-logistics-ecl-de-lubeck-cumple-25-anos","status":"publish","type":"post","link":"https:\/\/loginfo24.com\/es\/2024\/07\/18\/european-cargo-logistics-ecl-de-lubeck-cumple-25-anos\/","title":{"rendered":"European Cargo Logistics (ECL) de L\u00fcbeck cumple 25 a\u00f1os"},"content":{"rendered":"<h5>El 1 de julio, la empresa de log\u00edstica de carga European Cargo Logistics (ECL) de L\u00fcbeck, una filial de la L\u00fcbecker Hafen-Gesellschaft (LHG), celebr\u00f3 su 25 cumplea\u00f1os. Con este motivo, representantes de la IHK de L\u00fcbeck felicitaron ayer con un certificado. Una mirada a la cr\u00f3nica revela que las ra\u00edces de la empresa se remontan a\u00fan m\u00e1s atr\u00e1s. Todo comenz\u00f3 en 1970.<\/h5>\n<p>(L\u00fcbeck) En ese entonces, la industria finlandesa del papel y cart\u00f3n fund\u00f3 una empresa llamada \u00abImpaka\u00bb, que se encargaba de la distribuci\u00f3n de sus productos forestales desde el puerto de entrada de L\u00fcbeck a los clientes finales europeos. Con el tiempo, los socios cambiaron el nombre de la empresa a \u00abWarico\u00bb.<\/p>\n<p>Finalmente, en 1996, el grupo finland\u00e9s UPM Kymmene adquiri\u00f3 la empresa y la renombr\u00f3 como UPM Kymmene Distribution. El 1 de julio de 1999, UPM incorpor\u00f3 a la LHG para consolidar la colaboraci\u00f3n a largo plazo en el negocio de productos forestales. Se acord\u00f3 un nuevo nombre que promet\u00eda neutralidad: as\u00ed naci\u00f3 la European Cargo Logistics GmbH (ECL). Actualmente, la LHG posee el 100 por ciento de las acciones.<\/p>\n<p>La antigua empresa de log\u00edstica de papel se ha diversificado a lo largo de los a\u00f1os y ha desarrollado competencias principalmente en el \u00e1rea intermodal. ECL se ha comprometido durante muchos a\u00f1os a trasladar el transporte de mercanc\u00edas de la carretera al ferrocarril. Esto tiene un alto valor en la misi\u00f3n de la empresa. Con la red \u00abOne-Stop-Shop\u00bb, ECL ayuda a sus clientes a ahorrar diariamente cientos de toneladas de equivalentes de CO2 en comparaci\u00f3n con transportes por carretera equivalentes. Adem\u00e1s de la log\u00edstica tradicional de productos forestales, la oferta incluye transportes convencionales por ferrocarril y carretera, cargas parciales de camiones y tr\u00e1ficos de corta distancia.<\/p>\n<p>Tambi\u00e9n en la oferta de log\u00edstica se aplica: los transportes deben ser lo m\u00e1s respetuosos con el medio ambiente posible. No es casualidad que el \u00abverde\u00bb sea uno de los colores corporativos de ECL. Veh\u00edculos Euro 6 modernos y una planificaci\u00f3n eficiente de rutas con pocas cargas vac\u00edas son componentes para cumplir con este objetivo. Pero tambi\u00e9n se incluye la compensaci\u00f3n total de las emisiones causadas durante el transporte.<\/p>\n<p><img loading=\"lazy\" decoding=\"async\" class=\"wp-image-26538 size-full\" src=\"https:\/\/loginfo24.com\/wp-content\/uploads\/sites\/7\/2025\/12\/ECL_18.7.24_2-scaled-1.jpg\" alt=\"\" width=\"2209\" height=\"2560\" \/> R\u00fcdiger Schacht (IHK de L\u00fcbeck, a la izquierda) felicita al director de ECL, J\u00f6rg Ullrich, por el cumplea\u00f1os de la empresa de log\u00edstica<\/caption>\n<p>&nbsp;<\/p>\n<p>&nbsp;<\/p>\n<p>Hace algunos a\u00f1os, la empresa de log\u00edstica traslad\u00f3 sus oficinas de L\u00fcbeck a Travem\u00fcnde, a la casa del puerto en Skandinavienkai. Aqu\u00ed, el equipo de ECL est\u00e1 muy cerca de un \u00fanico punto de conexi\u00f3n log\u00edstica para tr\u00e1ficos RoRo, productos forestales, veh\u00edculos nuevos, transportes de mercanc\u00edas pesadas y, por supuesto, tr\u00e1ficos intermodales. Estos se realizan a trav\u00e9s de la terminal ferroviaria de Baltic Rail Gate, la filial del 50 por ciento de LHG y Kombiverkehr.<\/p>\n<h5>Un impulso adicional gracias a la extensi\u00f3n de la v\u00eda<\/h5>\n<p>El director J\u00f6rg Ullrich espera un impulso adicional para sus negocios gracias a la extensi\u00f3n de la v\u00eda que se est\u00e1 promoviendo actualmente en BRG. \u00abLos tr\u00e1ficos existentes podr\u00e1n gestionarse de manera a\u00fan m\u00e1s fluida, pero sobre todo tendremos mucho m\u00e1s margen para desarrollar nuevas l\u00edneas\u00bb, explica Ullrich. Si todo va seg\u00fan lo planeado, pronto podr\u00e1n circular trenes de hasta 740 metros. Gracias a los posibles trenes m\u00e1s largos y una tercera gr\u00faa, la capacidad aumentar\u00e1 a 240,000 unidades de transporte, generalmente remolques o contenedores. \u00abSigue siendo emocionante. Los tiempos no son f\u00e1ciles para las empresas de log\u00edstica medianas, pero soy optimista de que tambi\u00e9n podremos manejar bien los pr\u00f3ximos 25 a\u00f1os\u00bb, dice Ullrich.<\/p>\n<p>Fotos: \u00a9 ECL<\/p>\n","protected":false},"excerpt":{"rendered":"<p>El 1 de julio, la empresa de log\u00edstica de carga European Cargo Logistics (ECL) de L\u00fcbeck, una filial de la L\u00fcbecker Hafen-Gesellschaft (LHG), celebr\u00f3 su 25<span class=\"excerpt-hellip\"> [\u2026]<\/span><\/p>\n","protected":false},"author":0,"featured_media":0,"comment_status":"open","ping_status":"open","sticky":false,"template":"","format":"standard","meta":{"_acf_changed":false,"footnotes":""},"categories":[1557,1561],"tags":[],"class_list":["post-65865","post","type-post","status-publish","format-standard","hentry","category-forwarding-logistics","category-regions"],"acf":[],"yoast_head":"<!-- This site is optimized with the Yoast SEO plugin v27.3 - https:\/\/yoast.com\/product\/yoast-seo-wordpress\/ -->\n<title>European Cargo Logistics (ECL) de L\u00fcbeck cumple 25 a\u00f1os - Loginfo24<\/title>\n<meta name=\"robots\" content=\"index, follow, max-snippet:-1, max-image-preview:large, max-video-preview:-1\" \/>\n<link rel=\"canonical\" href=\"https:\/\/loginfo24.com\/es\/2024\/07\/18\/european-cargo-logistics-ecl-de-lubeck-cumple-25-anos\/\" \/>\n<meta property=\"og:locale\" content=\"es_ES\" \/>\n<meta property=\"og:type\" content=\"article\" \/>\n<meta property=\"og:title\" content=\"European Cargo Logistics (ECL) de L\u00fcbeck cumple 25 a\u00f1os - Loginfo24\" \/>\n<meta property=\"og:description\" content=\"El 1 de julio, la empresa de log\u00edstica de carga European Cargo Logistics (ECL) de L\u00fcbeck, una filial de la L\u00fcbecker Hafen-Gesellschaft (LHG), celebr\u00f3 su 25 [\u2026]\" \/>\n<meta property=\"og:url\" content=\"https:\/\/loginfo24.com\/es\/2024\/07\/18\/european-cargo-logistics-ecl-de-lubeck-cumple-25-anos\/\" \/>\n<meta property=\"og:site_name\" content=\"Loginfo24\" \/>\n<meta property=\"article:publisher\" content=\"https:\/\/www.facebook.com\/people\/Loginfo24\/100057360583332\/\" \/>\n<meta property=\"article:published_time\" content=\"2024-07-18T11:09:41+00:00\" \/>\n<meta property=\"og:image\" content=\"https:\/\/loginfo24.com\/wp-content\/uploads\/sites\/7\/2025\/12\/ECL_18.7.24_2-scaled-1.jpg\" \/>\n<meta name=\"twitter:card\" content=\"summary_large_image\" \/>\n<meta name=\"twitter:label1\" content=\"Tiempo de lectura\" \/>\n\t<meta name=\"twitter:data1\" content=\"3 minuto\" \/>\n<script type=\"application\/ld+json\" class=\"yoast-schema-graph\">{\"@context\":\"https:\\\/\\\/schema.org\",\"@graph\":[{\"@type\":\"Article\",\"@id\":\"https:\\\/\\\/loginfo24.com\\\/es\\\/2024\\\/07\\\/18\\\/european-cargo-logistics-ecl-de-lubeck-cumple-25-anos\\\/#article\",\"isPartOf\":{\"@id\":\"https:\\\/\\\/loginfo24.com\\\/es\\\/2024\\\/07\\\/18\\\/european-cargo-logistics-ecl-de-lubeck-cumple-25-anos\\\/\"},\"author\":{\"name\":\"\",\"@id\":\"\"},\"headline\":\"European Cargo Logistics (ECL) de L\u00fcbeck cumple 25 a\u00f1os\",\"datePublished\":\"2024-07-18T11:09:41+00:00\",\"mainEntityOfPage\":{\"@id\":\"https:\\\/\\\/loginfo24.com\\\/es\\\/2024\\\/07\\\/18\\\/european-cargo-logistics-ecl-de-lubeck-cumple-25-anos\\\/\"},\"wordCount\":657,\"commentCount\":0,\"publisher\":{\"@id\":\"https:\\\/\\\/loginfo24.com\\\/es\\\/#organization\"},\"image\":{\"@id\":\"https:\\\/\\\/loginfo24.com\\\/es\\\/2024\\\/07\\\/18\\\/european-cargo-logistics-ecl-de-lubeck-cumple-25-anos\\\/#primaryimage\"},\"thumbnailUrl\":\"https:\\\/\\\/loginfo24.com\\\/wp-content\\\/uploads\\\/sites\\\/7\\\/2025\\\/12\\\/ECL_18.7.24_2-scaled-1.jpg\",\"articleSection\":[\"Forwarding &amp; Logistics\",\"Regions\"],\"inLanguage\":\"es\",\"potentialAction\":[{\"@type\":\"CommentAction\",\"name\":\"Comment\",\"target\":[\"https:\\\/\\\/loginfo24.com\\\/es\\\/2024\\\/07\\\/18\\\/european-cargo-logistics-ecl-de-lubeck-cumple-25-anos\\\/#respond\"]}]},{\"@type\":\"WebPage\",\"@id\":\"https:\\\/\\\/loginfo24.com\\\/es\\\/2024\\\/07\\\/18\\\/european-cargo-logistics-ecl-de-lubeck-cumple-25-anos\\\/\",\"url\":\"https:\\\/\\\/loginfo24.com\\\/es\\\/2024\\\/07\\\/18\\\/european-cargo-logistics-ecl-de-lubeck-cumple-25-anos\\\/\",\"name\":\"European Cargo Logistics (ECL) de L\u00fcbeck cumple 25 a\u00f1os - Loginfo24\",\"isPartOf\":{\"@id\":\"https:\\\/\\\/loginfo24.com\\\/es\\\/#website\"},\"primaryImageOfPage\":{\"@id\":\"https:\\\/\\\/loginfo24.com\\\/es\\\/2024\\\/07\\\/18\\\/european-cargo-logistics-ecl-de-lubeck-cumple-25-anos\\\/#primaryimage\"},\"image\":{\"@id\":\"https:\\\/\\\/loginfo24.com\\\/es\\\/2024\\\/07\\\/18\\\/european-cargo-logistics-ecl-de-lubeck-cumple-25-anos\\\/#primaryimage\"},\"thumbnailUrl\":\"https:\\\/\\\/loginfo24.com\\\/wp-content\\\/uploads\\\/sites\\\/7\\\/2025\\\/12\\\/ECL_18.7.24_2-scaled-1.jpg\",\"datePublished\":\"2024-07-18T11:09:41+00:00\",\"breadcrumb\":{\"@id\":\"https:\\\/\\\/loginfo24.com\\\/es\\\/2024\\\/07\\\/18\\\/european-cargo-logistics-ecl-de-lubeck-cumple-25-anos\\\/#breadcrumb\"},\"inLanguage\":\"es\",\"potentialAction\":[{\"@type\":\"ReadAction\",\"target\":[\"https:\\\/\\\/loginfo24.com\\\/es\\\/2024\\\/07\\\/18\\\/european-cargo-logistics-ecl-de-lubeck-cumple-25-anos\\\/\"]}]},{\"@type\":\"ImageObject\",\"inLanguage\":\"es\",\"@id\":\"https:\\\/\\\/loginfo24.com\\\/es\\\/2024\\\/07\\\/18\\\/european-cargo-logistics-ecl-de-lubeck-cumple-25-anos\\\/#primaryimage\",\"url\":\"https:\\\/\\\/loginfo24.com\\\/wp-content\\\/uploads\\\/sites\\\/7\\\/2025\\\/12\\\/ECL_18.7.24_2-scaled-1.jpg\",\"contentUrl\":\"https:\\\/\\\/loginfo24.com\\\/wp-content\\\/uploads\\\/sites\\\/7\\\/2025\\\/12\\\/ECL_18.7.24_2-scaled-1.jpg\"},{\"@type\":\"BreadcrumbList\",\"@id\":\"https:\\\/\\\/loginfo24.com\\\/es\\\/2024\\\/07\\\/18\\\/european-cargo-logistics-ecl-de-lubeck-cumple-25-anos\\\/#breadcrumb\",\"itemListElement\":[{\"@type\":\"ListItem\",\"position\":1,\"name\":\"Startseite\",\"item\":\"https:\\\/\\\/loginfo24.com\\\/es\\\/\"},{\"@type\":\"ListItem\",\"position\":2,\"name\":\"European Cargo Logistics (ECL) de L\u00fcbeck cumple 25 a\u00f1os\"}]},{\"@type\":\"WebSite\",\"@id\":\"https:\\\/\\\/loginfo24.com\\\/es\\\/#website\",\"url\":\"https:\\\/\\\/loginfo24.com\\\/es\\\/\",\"name\":\"Loginfo24\",\"description\":\"Loginfo24 es la plataforma dedicada a la log\u00edstica y las cadenas de suministro con informaci\u00f3n las 24 horas del d\u00eda.\",\"publisher\":{\"@id\":\"https:\\\/\\\/loginfo24.com\\\/es\\\/#organization\"},\"potentialAction\":[{\"@type\":\"SearchAction\",\"target\":{\"@type\":\"EntryPoint\",\"urlTemplate\":\"https:\\\/\\\/loginfo24.com\\\/es\\\/?s={search_term_string}\"},\"query-input\":{\"@type\":\"PropertyValueSpecification\",\"valueRequired\":true,\"valueName\":\"search_term_string\"}}],\"inLanguage\":\"es\"},{\"@type\":\"Organization\",\"@id\":\"https:\\\/\\\/loginfo24.com\\\/es\\\/#organization\",\"name\":\"Grupo Logismedia AG\",\"url\":\"https:\\\/\\\/loginfo24.com\\\/es\\\/\",\"logo\":{\"@type\":\"ImageObject\",\"inLanguage\":\"es\",\"@id\":\"https:\\\/\\\/loginfo24.com\\\/es\\\/#\\\/schema\\\/logo\\\/image\\\/\",\"url\":\"https:\\\/\\\/loginfo24.com\\\/wp-content\\\/uploads\\\/sites\\\/7\\\/2026\\\/01\\\/Logo_LogInfo24.png\",\"contentUrl\":\"https:\\\/\\\/loginfo24.com\\\/wp-content\\\/uploads\\\/sites\\\/7\\\/2026\\\/01\\\/Logo_LogInfo24.png\",\"width\":938,\"height\":351,\"caption\":\"Grupo Logismedia AG\"},\"image\":{\"@id\":\"https:\\\/\\\/loginfo24.com\\\/es\\\/#\\\/schema\\\/logo\\\/image\\\/\"},\"sameAs\":[\"https:\\\/\\\/www.facebook.com\\\/people\\\/Loginfo24\\\/100057360583332\\\/\",\"https:\\\/\\\/www.linkedin.com\\\/company\\\/lofinfo24\\\/\"]}]}<\/script>\n<!-- \/ Yoast SEO plugin. -->","yoast_head_json":{"title":"European Cargo Logistics (ECL) de L\u00fcbeck cumple 25 a\u00f1os - Loginfo24","robots":{"index":"index","follow":"follow","max-snippet":"max-snippet:-1","max-image-preview":"max-image-preview:large","max-video-preview":"max-video-preview:-1"},"canonical":"https:\/\/loginfo24.com\/es\/2024\/07\/18\/european-cargo-logistics-ecl-de-lubeck-cumple-25-anos\/","og_locale":"es_ES","og_type":"article","og_title":"European Cargo Logistics (ECL) de L\u00fcbeck cumple 25 a\u00f1os - Loginfo24","og_description":"El 1 de julio, la empresa de log\u00edstica de carga European Cargo Logistics (ECL) de L\u00fcbeck, una filial de la L\u00fcbecker Hafen-Gesellschaft (LHG), celebr\u00f3 su 25 [\u2026]","og_url":"https:\/\/loginfo24.com\/es\/2024\/07\/18\/european-cargo-logistics-ecl-de-lubeck-cumple-25-anos\/","og_site_name":"Loginfo24","article_publisher":"https:\/\/www.facebook.com\/people\/Loginfo24\/100057360583332\/","article_published_time":"2024-07-18T11:09:41+00:00","og_image":[{"url":"https:\/\/loginfo24.com\/wp-content\/uploads\/sites\/7\/2025\/12\/ECL_18.7.24_2-scaled-1.jpg","type":"","width":"","height":""}],"twitter_card":"summary_large_image","twitter_misc":{"Tiempo de lectura":"3 minuto"},"schema":{"@context":"https:\/\/schema.org","@graph":[{"@type":"Article","@id":"https:\/\/loginfo24.com\/es\/2024\/07\/18\/european-cargo-logistics-ecl-de-lubeck-cumple-25-anos\/#article","isPartOf":{"@id":"https:\/\/loginfo24.com\/es\/2024\/07\/18\/european-cargo-logistics-ecl-de-lubeck-cumple-25-anos\/"},"author":{"name":"","@id":""},"headline":"European Cargo Logistics (ECL) de L\u00fcbeck cumple 25 a\u00f1os","datePublished":"2024-07-18T11:09:41+00:00","mainEntityOfPage":{"@id":"https:\/\/loginfo24.com\/es\/2024\/07\/18\/european-cargo-logistics-ecl-de-lubeck-cumple-25-anos\/"},"wordCount":657,"commentCount":0,"publisher":{"@id":"https:\/\/loginfo24.com\/es\/#organization"},"image":{"@id":"https:\/\/loginfo24.com\/es\/2024\/07\/18\/european-cargo-logistics-ecl-de-lubeck-cumple-25-anos\/#primaryimage"},"thumbnailUrl":"https:\/\/loginfo24.com\/wp-content\/uploads\/sites\/7\/2025\/12\/ECL_18.7.24_2-scaled-1.jpg","articleSection":["Forwarding &amp; Logistics","Regions"],"inLanguage":"es","potentialAction":[{"@type":"CommentAction","name":"Comment","target":["https:\/\/loginfo24.com\/es\/2024\/07\/18\/european-cargo-logistics-ecl-de-lubeck-cumple-25-anos\/#respond"]}]},{"@type":"WebPage","@id":"https:\/\/loginfo24.com\/es\/2024\/07\/18\/european-cargo-logistics-ecl-de-lubeck-cumple-25-anos\/","url":"https:\/\/loginfo24.com\/es\/2024\/07\/18\/european-cargo-logistics-ecl-de-lubeck-cumple-25-anos\/","name":"European Cargo Logistics (ECL) de L\u00fcbeck cumple 25 a\u00f1os - Loginfo24","isPartOf":{"@id":"https:\/\/loginfo24.com\/es\/#website"},"primaryImageOfPage":{"@id":"https:\/\/loginfo24.com\/es\/2024\/07\/18\/european-cargo-logistics-ecl-de-lubeck-cumple-25-anos\/#primaryimage"},"image":{"@id":"https:\/\/loginfo24.com\/es\/2024\/07\/18\/european-cargo-logistics-ecl-de-lubeck-cumple-25-anos\/#primaryimage"},"thumbnailUrl":"https:\/\/loginfo24.com\/wp-content\/uploads\/sites\/7\/2025\/12\/ECL_18.7.24_2-scaled-1.jpg","datePublished":"2024-07-18T11:09:41+00:00","breadcrumb":{"@id":"https:\/\/loginfo24.com\/es\/2024\/07\/18\/european-cargo-logistics-ecl-de-lubeck-cumple-25-anos\/#breadcrumb"},"inLanguage":"es","potentialAction":[{"@type":"ReadAction","target":["https:\/\/loginfo24.com\/es\/2024\/07\/18\/european-cargo-logistics-ecl-de-lubeck-cumple-25-anos\/"]}]},{"@type":"ImageObject","inLanguage":"es","@id":"https:\/\/loginfo24.com\/es\/2024\/07\/18\/european-cargo-logistics-ecl-de-lubeck-cumple-25-anos\/#primaryimage","url":"https:\/\/loginfo24.com\/wp-content\/uploads\/sites\/7\/2025\/12\/ECL_18.7.24_2-scaled-1.jpg","contentUrl":"https:\/\/loginfo24.com\/wp-content\/uploads\/sites\/7\/2025\/12\/ECL_18.7.24_2-scaled-1.jpg"},{"@type":"BreadcrumbList","@id":"https:\/\/loginfo24.com\/es\/2024\/07\/18\/european-cargo-logistics-ecl-de-lubeck-cumple-25-anos\/#breadcrumb","itemListElement":[{"@type":"ListItem","position":1,"name":"Startseite","item":"https:\/\/loginfo24.com\/es\/"},{"@type":"ListItem","position":2,"name":"European Cargo Logistics (ECL) de L\u00fcbeck cumple 25 a\u00f1os"}]},{"@type":"WebSite","@id":"https:\/\/loginfo24.com\/es\/#website","url":"https:\/\/loginfo24.com\/es\/","name":"Loginfo24","description":"Loginfo24 es la plataforma dedicada a la log\u00edstica y las cadenas de suministro con informaci\u00f3n las 24 horas del d\u00eda.","publisher":{"@id":"https:\/\/loginfo24.com\/es\/#organization"},"potentialAction":[{"@type":"SearchAction","target":{"@type":"EntryPoint","urlTemplate":"https:\/\/loginfo24.com\/es\/?s={search_term_string}"},"query-input":{"@type":"PropertyValueSpecification","valueRequired":true,"valueName":"search_term_string"}}],"inLanguage":"es"},{"@type":"Organization","@id":"https:\/\/loginfo24.com\/es\/#organization","name":"Grupo Logismedia AG","url":"https:\/\/loginfo24.com\/es\/","logo":{"@type":"ImageObject","inLanguage":"es","@id":"https:\/\/loginfo24.com\/es\/#\/schema\/logo\/image\/","url":"https:\/\/loginfo24.com\/wp-content\/uploads\/sites\/7\/2026\/01\/Logo_LogInfo24.png","contentUrl":"https:\/\/loginfo24.com\/wp-content\/uploads\/sites\/7\/2026\/01\/Logo_LogInfo24.png","width":938,"height":351,"caption":"Grupo Logismedia AG"},"image":{"@id":"https:\/\/loginfo24.com\/es\/#\/schema\/logo\/image\/"},"sameAs":["https:\/\/www.facebook.com\/people\/Loginfo24\/100057360583332\/","https:\/\/www.linkedin.com\/company\/lofinfo24\/"]}]}},"_links":{"self":[{"href":"https:\/\/loginfo24.com\/es\/wp-json\/wp\/v2\/posts\/65865","targetHints":{"allow":["GET"]}}],"collection":[{"href":"https:\/\/loginfo24.com\/es\/wp-json\/wp\/v2\/posts"}],"about":[{"href":"https:\/\/loginfo24.com\/es\/wp-json\/wp\/v2\/types\/post"}],"replies":[{"embeddable":true,"href":"https:\/\/loginfo24.com\/es\/wp-json\/wp\/v2\/comments?post=65865"}],"version-history":[{"count":0,"href":"https:\/\/loginfo24.com\/es\/wp-json\/wp\/v2\/posts\/65865\/revisions"}],"wp:attachment":[{"href":"https:\/\/loginfo24.com\/es\/wp-json\/wp\/v2\/media?parent=65865"}],"wp:term":[{"taxonomy":"category","embeddable":true,"href":"https:\/\/loginfo24.com\/es\/wp-json\/wp\/v2\/categories?post=65865"},{"taxonomy":"post_tag","embeddable":true,"href":"https:\/\/loginfo24.com\/es\/wp-json\/wp\/v2\/tags?post=65865"}],"curies":[{"name":"wp","href":"https:\/\/api.w.org\/{rel}","templated":true}]}}