{"id":64841,"date":"2024-04-12T14:53:49","date_gmt":"2024-04-12T12:53:49","guid":{"rendered":"https:\/\/blog.brand-architecture.at\/2024\/04\/12\/markus-egerer-sera-el-nuevo-director-general-de-la-red-vtl\/"},"modified":"2024-04-12T14:53:49","modified_gmt":"2024-04-12T12:53:49","slug":"markus-egerer-sera-el-nuevo-director-general-de-la-red-vtl","status":"publish","type":"post","link":"https:\/\/loginfo24.com\/es\/2024\/04\/12\/markus-egerer-sera-el-nuevo-director-general-de-la-red-vtl\/","title":{"rendered":"Markus Egerer ser\u00e1 el nuevo director general de la red VTL"},"content":{"rendered":"<h5><strong>La cooperaci\u00f3n de carga fraccionada VTL Vernetzte Transport Logistik GmbH de Fulda ha regulado la sucesi\u00f3n de la directora general Johanna Broese, quien dejar\u00e1 su cargo el 30.06.2024. El consejo de supervisi\u00f3n ha nombrado al Sr. Markus Egerer como nuevo director general a partir del 01.07.2024.<\/strong><\/h5>\n<p><img loading=\"lazy\" decoding=\"async\" class=\"size-medium wp-image-25822 alignleft\" src=\"https:\/\/loginfo24.com\/wp-content\/uploads\/sites\/7\/2025\/12\/VTL_12.4.24_0-300x300.jpg\" alt=\"\" width=\"300\" height=\"300\" \/>Despu\u00e9s de 18 a\u00f1os en diversas posiciones, desde la disposici\u00f3n hasta la direcci\u00f3n de expediciones, en Hans Geis, el Sr. Egerer se traslad\u00f3 a Palletways. All\u00ed se le confi\u00f3 la direcci\u00f3n de Operaciones y HUB en el centro de transbordo. En los \u00faltimos a\u00f1os, el hombre de 47 a\u00f1os ha trabajado como director general de la red de carga fraccionada 24plus.<\/p>\n<p>Con su amplia experiencia y conocimientos, el Sr. Egerer ser\u00e1 una valiosa adici\u00f3n para VTL. Estamos convencidos de que su experiencia y habilidades de liderazgo contribuir\u00e1n significativamente al \u00e9xito futuro de VTL.<\/p>\n<p>Foto: \u00a9 VTL<\/p>\n","protected":false},"excerpt":{"rendered":"<p>La cooperaci\u00f3n de carga fraccionada VTL Vernetzte Transport Logistik GmbH de Fulda ha regulado la sucesi\u00f3n de la directora general Johanna Broese, quien dejar\u00e1 su cargo<span class=\"excerpt-hellip\"> [\u2026]<\/span><\/p>\n","protected":false},"author":0,"featured_media":6695,"comment_status":"open","ping_status":"open","sticky":false,"template":"","format":"standard","meta":{"_acf_changed":false,"footnotes":""},"categories":[1557,1556,1561],"tags":[],"class_list":["post-64841","post","type-post","status-publish","format-standard","has-post-thumbnail","hentry","category-forwarding-logistics","category-intermodal-road","category-regions"],"acf":[],"yoast_head":"<!-- This site is optimized with the Yoast SEO plugin v27.3 - https:\/\/yoast.com\/product\/yoast-seo-wordpress\/ -->\n<title>Markus Egerer ser\u00e1 el nuevo director general de la red VTL - Loginfo24<\/title>\n<meta name=\"robots\" content=\"index, follow, max-snippet:-1, max-image-preview:large, max-video-preview:-1\" \/>\n<link rel=\"canonical\" href=\"https:\/\/loginfo24.com\/es\/2024\/04\/12\/markus-egerer-sera-el-nuevo-director-general-de-la-red-vtl\/\" \/>\n<meta property=\"og:locale\" content=\"es_ES\" \/>\n<meta property=\"og:type\" content=\"article\" \/>\n<meta property=\"og:title\" content=\"Markus Egerer ser\u00e1 el nuevo director general de la red VTL - Loginfo24\" \/>\n<meta property=\"og:description\" content=\"La cooperaci\u00f3n de carga fraccionada VTL Vernetzte Transport Logistik GmbH de Fulda ha regulado la sucesi\u00f3n de la directora general Johanna Broese, quien dejar\u00e1 su cargo [\u2026]\" \/>\n<meta property=\"og:url\" content=\"https:\/\/loginfo24.com\/es\/2024\/04\/12\/markus-egerer-sera-el-nuevo-director-general-de-la-red-vtl\/\" \/>\n<meta property=\"og:site_name\" content=\"Loginfo24\" \/>\n<meta property=\"article:publisher\" content=\"https:\/\/www.facebook.com\/people\/Loginfo24\/100057360583332\/\" \/>\n<meta property=\"article:published_time\" content=\"2024-04-12T12:53:49+00:00\" \/>\n<meta property=\"og:image\" content=\"https:\/\/loginfo24.com\/wp-content\/uploads\/sites\/7\/2025\/12\/VTL_12.4.24_1.jpg\" \/>\n\t<meta property=\"og:image:width\" content=\"1241\" \/>\n\t<meta property=\"og:image:height\" content=\"723\" \/>\n\t<meta property=\"og:image:type\" content=\"image\/jpeg\" \/>\n<meta name=\"twitter:card\" content=\"summary_large_image\" \/>\n<meta name=\"twitter:label1\" content=\"Tiempo de lectura\" \/>\n\t<meta name=\"twitter:data1\" content=\"1 minuto\" \/>\n<script type=\"application\/ld+json\" class=\"yoast-schema-graph\">{\"@context\":\"https:\\\/\\\/schema.org\",\"@graph\":[{\"@type\":\"Article\",\"@id\":\"https:\\\/\\\/loginfo24.com\\\/es\\\/2024\\\/04\\\/12\\\/markus-egerer-sera-el-nuevo-director-general-de-la-red-vtl\\\/#article\",\"isPartOf\":{\"@id\":\"https:\\\/\\\/loginfo24.com\\\/es\\\/2024\\\/04\\\/12\\\/markus-egerer-sera-el-nuevo-director-general-de-la-red-vtl\\\/\"},\"author\":{\"name\":\"\",\"@id\":\"\"},\"headline\":\"Markus Egerer ser\u00e1 el nuevo director general de la red VTL\",\"datePublished\":\"2024-04-12T12:53:49+00:00\",\"mainEntityOfPage\":{\"@id\":\"https:\\\/\\\/loginfo24.com\\\/es\\\/2024\\\/04\\\/12\\\/markus-egerer-sera-el-nuevo-director-general-de-la-red-vtl\\\/\"},\"wordCount\":160,\"commentCount\":0,\"publisher\":{\"@id\":\"https:\\\/\\\/loginfo24.com\\\/es\\\/#organization\"},\"image\":{\"@id\":\"https:\\\/\\\/loginfo24.com\\\/es\\\/2024\\\/04\\\/12\\\/markus-egerer-sera-el-nuevo-director-general-de-la-red-vtl\\\/#primaryimage\"},\"thumbnailUrl\":\"https:\\\/\\\/loginfo24.com\\\/wp-content\\\/uploads\\\/sites\\\/7\\\/2025\\\/12\\\/VTL_12.4.24_1.jpg\",\"articleSection\":[\"Forwarding &amp; Logistics\",\"Intermodal \\\/ Road\",\"Regions\"],\"inLanguage\":\"es\",\"potentialAction\":[{\"@type\":\"CommentAction\",\"name\":\"Comment\",\"target\":[\"https:\\\/\\\/loginfo24.com\\\/es\\\/2024\\\/04\\\/12\\\/markus-egerer-sera-el-nuevo-director-general-de-la-red-vtl\\\/#respond\"]}]},{\"@type\":\"WebPage\",\"@id\":\"https:\\\/\\\/loginfo24.com\\\/es\\\/2024\\\/04\\\/12\\\/markus-egerer-sera-el-nuevo-director-general-de-la-red-vtl\\\/\",\"url\":\"https:\\\/\\\/loginfo24.com\\\/es\\\/2024\\\/04\\\/12\\\/markus-egerer-sera-el-nuevo-director-general-de-la-red-vtl\\\/\",\"name\":\"Markus Egerer ser\u00e1 el nuevo director general de la red VTL - Loginfo24\",\"isPartOf\":{\"@id\":\"https:\\\/\\\/loginfo24.com\\\/es\\\/#website\"},\"primaryImageOfPage\":{\"@id\":\"https:\\\/\\\/loginfo24.com\\\/es\\\/2024\\\/04\\\/12\\\/markus-egerer-sera-el-nuevo-director-general-de-la-red-vtl\\\/#primaryimage\"},\"image\":{\"@id\":\"https:\\\/\\\/loginfo24.com\\\/es\\\/2024\\\/04\\\/12\\\/markus-egerer-sera-el-nuevo-director-general-de-la-red-vtl\\\/#primaryimage\"},\"thumbnailUrl\":\"https:\\\/\\\/loginfo24.com\\\/wp-content\\\/uploads\\\/sites\\\/7\\\/2025\\\/12\\\/VTL_12.4.24_1.jpg\",\"datePublished\":\"2024-04-12T12:53:49+00:00\",\"breadcrumb\":{\"@id\":\"https:\\\/\\\/loginfo24.com\\\/es\\\/2024\\\/04\\\/12\\\/markus-egerer-sera-el-nuevo-director-general-de-la-red-vtl\\\/#breadcrumb\"},\"inLanguage\":\"es\",\"potentialAction\":[{\"@type\":\"ReadAction\",\"target\":[\"https:\\\/\\\/loginfo24.com\\\/es\\\/2024\\\/04\\\/12\\\/markus-egerer-sera-el-nuevo-director-general-de-la-red-vtl\\\/\"]}]},{\"@type\":\"ImageObject\",\"inLanguage\":\"es\",\"@id\":\"https:\\\/\\\/loginfo24.com\\\/es\\\/2024\\\/04\\\/12\\\/markus-egerer-sera-el-nuevo-director-general-de-la-red-vtl\\\/#primaryimage\",\"url\":\"https:\\\/\\\/loginfo24.com\\\/wp-content\\\/uploads\\\/sites\\\/7\\\/2025\\\/12\\\/VTL_12.4.24_1.jpg\",\"contentUrl\":\"https:\\\/\\\/loginfo24.com\\\/wp-content\\\/uploads\\\/sites\\\/7\\\/2025\\\/12\\\/VTL_12.4.24_1.jpg\",\"width\":1241,\"height\":723},{\"@type\":\"BreadcrumbList\",\"@id\":\"https:\\\/\\\/loginfo24.com\\\/es\\\/2024\\\/04\\\/12\\\/markus-egerer-sera-el-nuevo-director-general-de-la-red-vtl\\\/#breadcrumb\",\"itemListElement\":[{\"@type\":\"ListItem\",\"position\":1,\"name\":\"Startseite\",\"item\":\"https:\\\/\\\/loginfo24.com\\\/es\\\/\"},{\"@type\":\"ListItem\",\"position\":2,\"name\":\"Markus Egerer ser\u00e1 el nuevo director general de la red VTL\"}]},{\"@type\":\"WebSite\",\"@id\":\"https:\\\/\\\/loginfo24.com\\\/es\\\/#website\",\"url\":\"https:\\\/\\\/loginfo24.com\\\/es\\\/\",\"name\":\"Loginfo24\",\"description\":\"Loginfo24 es la plataforma dedicada a la log\u00edstica y las cadenas de suministro con informaci\u00f3n las 24 horas del d\u00eda.\",\"publisher\":{\"@id\":\"https:\\\/\\\/loginfo24.com\\\/es\\\/#organization\"},\"potentialAction\":[{\"@type\":\"SearchAction\",\"target\":{\"@type\":\"EntryPoint\",\"urlTemplate\":\"https:\\\/\\\/loginfo24.com\\\/es\\\/?s={search_term_string}\"},\"query-input\":{\"@type\":\"PropertyValueSpecification\",\"valueRequired\":true,\"valueName\":\"search_term_string\"}}],\"inLanguage\":\"es\"},{\"@type\":\"Organization\",\"@id\":\"https:\\\/\\\/loginfo24.com\\\/es\\\/#organization\",\"name\":\"Grupo Logismedia AG\",\"url\":\"https:\\\/\\\/loginfo24.com\\\/es\\\/\",\"logo\":{\"@type\":\"ImageObject\",\"inLanguage\":\"es\",\"@id\":\"https:\\\/\\\/loginfo24.com\\\/es\\\/#\\\/schema\\\/logo\\\/image\\\/\",\"url\":\"https:\\\/\\\/loginfo24.com\\\/wp-content\\\/uploads\\\/sites\\\/7\\\/2026\\\/01\\\/Logo_LogInfo24.png\",\"contentUrl\":\"https:\\\/\\\/loginfo24.com\\\/wp-content\\\/uploads\\\/sites\\\/7\\\/2026\\\/01\\\/Logo_LogInfo24.png\",\"width\":938,\"height\":351,\"caption\":\"Grupo Logismedia AG\"},\"image\":{\"@id\":\"https:\\\/\\\/loginfo24.com\\\/es\\\/#\\\/schema\\\/logo\\\/image\\\/\"},\"sameAs\":[\"https:\\\/\\\/www.facebook.com\\\/people\\\/Loginfo24\\\/100057360583332\\\/\",\"https:\\\/\\\/www.linkedin.com\\\/company\\\/lofinfo24\\\/\"]}]}<\/script>\n<!-- \/ Yoast SEO plugin. -->","yoast_head_json":{"title":"Markus Egerer ser\u00e1 el nuevo director general de la red VTL - Loginfo24","robots":{"index":"index","follow":"follow","max-snippet":"max-snippet:-1","max-image-preview":"max-image-preview:large","max-video-preview":"max-video-preview:-1"},"canonical":"https:\/\/loginfo24.com\/es\/2024\/04\/12\/markus-egerer-sera-el-nuevo-director-general-de-la-red-vtl\/","og_locale":"es_ES","og_type":"article","og_title":"Markus Egerer ser\u00e1 el nuevo director general de la red VTL - Loginfo24","og_description":"La cooperaci\u00f3n de carga fraccionada VTL Vernetzte Transport Logistik GmbH de Fulda ha regulado la sucesi\u00f3n de la directora general Johanna Broese, quien dejar\u00e1 su cargo [\u2026]","og_url":"https:\/\/loginfo24.com\/es\/2024\/04\/12\/markus-egerer-sera-el-nuevo-director-general-de-la-red-vtl\/","og_site_name":"Loginfo24","article_publisher":"https:\/\/www.facebook.com\/people\/Loginfo24\/100057360583332\/","article_published_time":"2024-04-12T12:53:49+00:00","og_image":[{"width":1241,"height":723,"url":"https:\/\/loginfo24.com\/wp-content\/uploads\/sites\/7\/2025\/12\/VTL_12.4.24_1.jpg","type":"image\/jpeg"}],"twitter_card":"summary_large_image","twitter_misc":{"Tiempo de lectura":"1 minuto"},"schema":{"@context":"https:\/\/schema.org","@graph":[{"@type":"Article","@id":"https:\/\/loginfo24.com\/es\/2024\/04\/12\/markus-egerer-sera-el-nuevo-director-general-de-la-red-vtl\/#article","isPartOf":{"@id":"https:\/\/loginfo24.com\/es\/2024\/04\/12\/markus-egerer-sera-el-nuevo-director-general-de-la-red-vtl\/"},"author":{"name":"","@id":""},"headline":"Markus Egerer ser\u00e1 el nuevo director general de la red VTL","datePublished":"2024-04-12T12:53:49+00:00","mainEntityOfPage":{"@id":"https:\/\/loginfo24.com\/es\/2024\/04\/12\/markus-egerer-sera-el-nuevo-director-general-de-la-red-vtl\/"},"wordCount":160,"commentCount":0,"publisher":{"@id":"https:\/\/loginfo24.com\/es\/#organization"},"image":{"@id":"https:\/\/loginfo24.com\/es\/2024\/04\/12\/markus-egerer-sera-el-nuevo-director-general-de-la-red-vtl\/#primaryimage"},"thumbnailUrl":"https:\/\/loginfo24.com\/wp-content\/uploads\/sites\/7\/2025\/12\/VTL_12.4.24_1.jpg","articleSection":["Forwarding &amp; Logistics","Intermodal \/ Road","Regions"],"inLanguage":"es","potentialAction":[{"@type":"CommentAction","name":"Comment","target":["https:\/\/loginfo24.com\/es\/2024\/04\/12\/markus-egerer-sera-el-nuevo-director-general-de-la-red-vtl\/#respond"]}]},{"@type":"WebPage","@id":"https:\/\/loginfo24.com\/es\/2024\/04\/12\/markus-egerer-sera-el-nuevo-director-general-de-la-red-vtl\/","url":"https:\/\/loginfo24.com\/es\/2024\/04\/12\/markus-egerer-sera-el-nuevo-director-general-de-la-red-vtl\/","name":"Markus Egerer ser\u00e1 el nuevo director general de la red VTL - Loginfo24","isPartOf":{"@id":"https:\/\/loginfo24.com\/es\/#website"},"primaryImageOfPage":{"@id":"https:\/\/loginfo24.com\/es\/2024\/04\/12\/markus-egerer-sera-el-nuevo-director-general-de-la-red-vtl\/#primaryimage"},"image":{"@id":"https:\/\/loginfo24.com\/es\/2024\/04\/12\/markus-egerer-sera-el-nuevo-director-general-de-la-red-vtl\/#primaryimage"},"thumbnailUrl":"https:\/\/loginfo24.com\/wp-content\/uploads\/sites\/7\/2025\/12\/VTL_12.4.24_1.jpg","datePublished":"2024-04-12T12:53:49+00:00","breadcrumb":{"@id":"https:\/\/loginfo24.com\/es\/2024\/04\/12\/markus-egerer-sera-el-nuevo-director-general-de-la-red-vtl\/#breadcrumb"},"inLanguage":"es","potentialAction":[{"@type":"ReadAction","target":["https:\/\/loginfo24.com\/es\/2024\/04\/12\/markus-egerer-sera-el-nuevo-director-general-de-la-red-vtl\/"]}]},{"@type":"ImageObject","inLanguage":"es","@id":"https:\/\/loginfo24.com\/es\/2024\/04\/12\/markus-egerer-sera-el-nuevo-director-general-de-la-red-vtl\/#primaryimage","url":"https:\/\/loginfo24.com\/wp-content\/uploads\/sites\/7\/2025\/12\/VTL_12.4.24_1.jpg","contentUrl":"https:\/\/loginfo24.com\/wp-content\/uploads\/sites\/7\/2025\/12\/VTL_12.4.24_1.jpg","width":1241,"height":723},{"@type":"BreadcrumbList","@id":"https:\/\/loginfo24.com\/es\/2024\/04\/12\/markus-egerer-sera-el-nuevo-director-general-de-la-red-vtl\/#breadcrumb","itemListElement":[{"@type":"ListItem","position":1,"name":"Startseite","item":"https:\/\/loginfo24.com\/es\/"},{"@type":"ListItem","position":2,"name":"Markus Egerer ser\u00e1 el nuevo director general de la red VTL"}]},{"@type":"WebSite","@id":"https:\/\/loginfo24.com\/es\/#website","url":"https:\/\/loginfo24.com\/es\/","name":"Loginfo24","description":"Loginfo24 es la plataforma dedicada a la log\u00edstica y las cadenas de suministro con informaci\u00f3n las 24 horas del d\u00eda.","publisher":{"@id":"https:\/\/loginfo24.com\/es\/#organization"},"potentialAction":[{"@type":"SearchAction","target":{"@type":"EntryPoint","urlTemplate":"https:\/\/loginfo24.com\/es\/?s={search_term_string}"},"query-input":{"@type":"PropertyValueSpecification","valueRequired":true,"valueName":"search_term_string"}}],"inLanguage":"es"},{"@type":"Organization","@id":"https:\/\/loginfo24.com\/es\/#organization","name":"Grupo Logismedia AG","url":"https:\/\/loginfo24.com\/es\/","logo":{"@type":"ImageObject","inLanguage":"es","@id":"https:\/\/loginfo24.com\/es\/#\/schema\/logo\/image\/","url":"https:\/\/loginfo24.com\/wp-content\/uploads\/sites\/7\/2026\/01\/Logo_LogInfo24.png","contentUrl":"https:\/\/loginfo24.com\/wp-content\/uploads\/sites\/7\/2026\/01\/Logo_LogInfo24.png","width":938,"height":351,"caption":"Grupo Logismedia AG"},"image":{"@id":"https:\/\/loginfo24.com\/es\/#\/schema\/logo\/image\/"},"sameAs":["https:\/\/www.facebook.com\/people\/Loginfo24\/100057360583332\/","https:\/\/www.linkedin.com\/company\/lofinfo24\/"]}]}},"_links":{"self":[{"href":"https:\/\/loginfo24.com\/es\/wp-json\/wp\/v2\/posts\/64841","targetHints":{"allow":["GET"]}}],"collection":[{"href":"https:\/\/loginfo24.com\/es\/wp-json\/wp\/v2\/posts"}],"about":[{"href":"https:\/\/loginfo24.com\/es\/wp-json\/wp\/v2\/types\/post"}],"replies":[{"embeddable":true,"href":"https:\/\/loginfo24.com\/es\/wp-json\/wp\/v2\/comments?post=64841"}],"version-history":[{"count":0,"href":"https:\/\/loginfo24.com\/es\/wp-json\/wp\/v2\/posts\/64841\/revisions"}],"wp:featuredmedia":[{"embeddable":true,"href":"https:\/\/loginfo24.com\/es\/wp-json\/wp\/v2\/media\/6695"}],"wp:attachment":[{"href":"https:\/\/loginfo24.com\/es\/wp-json\/wp\/v2\/media?parent=64841"}],"wp:term":[{"taxonomy":"category","embeddable":true,"href":"https:\/\/loginfo24.com\/es\/wp-json\/wp\/v2\/categories?post=64841"},{"taxonomy":"post_tag","embeddable":true,"href":"https:\/\/loginfo24.com\/es\/wp-json\/wp\/v2\/tags?post=64841"}],"curies":[{"name":"wp","href":"https:\/\/api.w.org\/{rel}","templated":true}]}}