{"id":64641,"date":"2024-03-22T18:09:02","date_gmt":"2024-03-22T17:09:02","guid":{"rendered":"https:\/\/blog.brand-architecture.at\/2024\/03\/22\/el-concurso-de-bicicletas-de-gebruder-weiss-entra-en-su-tercera-ronda\/"},"modified":"2024-03-22T18:09:02","modified_gmt":"2024-03-22T17:09:02","slug":"el-concurso-de-bicicletas-de-gebruder-weiss-entra-en-su-tercera-ronda","status":"publish","type":"post","link":"https:\/\/loginfo24.com\/es\/2024\/03\/22\/el-concurso-de-bicicletas-de-gebruder-weiss-entra-en-su-tercera-ronda\/","title":{"rendered":"El concurso de bicicletas de Gebr\u00fcder Weiss entra en su tercera ronda"},"content":{"rendered":"<div class=\"pp-overflow-hidden pp-min-width-5\">\n<h5>Gebr\u00fcder Weiss tambi\u00e9n invita este a\u00f1o a su acci\u00f3n internacional de ciclismo \u00abGWcycles\u00bb. A partir del 25 de marzo, los entusiastas del ciclismo de todo el mundo volver\u00e1n a pedalear con fuerza. El objetivo de esta competencia deportiva es ambicioso: recorrer la distancia hasta la luna y volver en 2024. El desaf\u00edo para los participantes internacionales es superar los 768.800 kil\u00f3metros antes del 30 de septiembre.<\/h5>\n<p>(Lauterach) Al igual que en a\u00f1os anteriores, GWcycles combina el desaf\u00edo deportivo con la protecci\u00f3n del medio ambiente: la empresa de transporte internacional plantar\u00e1 7.000 \u00e1rboles en Nicaragua por cada kil\u00f3metro recorrido. En las dos competiciones anteriores, ya se han plantado un total de 13.000 \u00e1rboles en Togo y Nicaragua. Con los bosques corporativos, Gebr\u00fcder Weiss contribuye de manera importante y activa a un futuro respetuoso con el clima.<\/p>\n<p>\u00abEn Gebr\u00fcder Weiss estamos convencidos de la movilidad sostenible y, como empresa log\u00edstica global, nos entusiasma movernos juntos\u00bb, resume Frank Haas, director de comunicaci\u00f3n de Gebr\u00fcder Weiss, la motivaci\u00f3n y los objetivos de GWcycles. \u00abCon su disfrute del movimiento y la conciencia de contribuir activamente a la protecci\u00f3n del medio ambiente en bicicleta, nuestra comunidad ciclista ha logrado resultados impresionantes cada a\u00f1o. Estamos ansiosos por la competencia de este a\u00f1o.\u00bb<\/p>\n<p>Despu\u00e9s de que la acci\u00f3n del a\u00f1o pasado terminara con el sorprendente \u00e9xito de m\u00e1s de 15 vueltas al mundo, en 2024 los participantes se enfrentar\u00e1n a la distancia hasta la luna y de regreso. Como gran premio, Gebr\u00fcder Weiss sortear\u00e1 entre los 300 mejores ciclistas una bicicleta de gravel, as\u00ed como otros premios atractivos para siete desaf\u00edos diferentes. Todos pueden participar en la competencia. Los kil\u00f3metros recorridos se registran y suman con una aplicaci\u00f3n de ciclismo.<\/p>\n<h4><a href=\"https:\/\/www.gw-world.com\/de\/cycling-around-the-world\" target=\"_blank\" rel=\"noopener\"><strong>\u00a1Descarga la app ahora y participa!<\/strong><\/a><\/h4>\n<p>Foto: \u00a9 Gebr\u00fcder Weiss<\/p>\n<\/div>\n","protected":false},"excerpt":{"rendered":"<p>Gebr\u00fcder Weiss tambi\u00e9n invita este a\u00f1o a su acci\u00f3n internacional de ciclismo \u00abGWcycles\u00bb. A partir del 25 de marzo, los entusiastas del ciclismo de todo el<span class=\"excerpt-hellip\"> [\u2026]<\/span><\/p>\n","protected":false},"author":0,"featured_media":6771,"comment_status":"open","ping_status":"open","sticky":false,"template":"","format":"standard","meta":{"_acf_changed":false,"footnotes":""},"categories":[1561],"tags":[],"class_list":["post-64641","post","type-post","status-publish","format-standard","has-post-thumbnail","hentry","category-regions"],"acf":[],"yoast_head":"<!-- This site is optimized with the Yoast SEO plugin v27.3 - https:\/\/yoast.com\/product\/yoast-seo-wordpress\/ -->\n<title>El concurso de bicicletas de Gebr\u00fcder Weiss entra en su tercera ronda - Loginfo24<\/title>\n<meta name=\"robots\" content=\"index, follow, max-snippet:-1, max-image-preview:large, max-video-preview:-1\" \/>\n<link rel=\"canonical\" href=\"https:\/\/loginfo24.com\/es\/2024\/03\/22\/el-concurso-de-bicicletas-de-gebruder-weiss-entra-en-su-tercera-ronda\/\" \/>\n<meta property=\"og:locale\" content=\"es_ES\" \/>\n<meta property=\"og:type\" content=\"article\" \/>\n<meta property=\"og:title\" content=\"El concurso de bicicletas de Gebr\u00fcder Weiss entra en su tercera ronda - Loginfo24\" \/>\n<meta property=\"og:description\" content=\"Gebr\u00fcder Weiss tambi\u00e9n invita este a\u00f1o a su acci\u00f3n internacional de ciclismo \u00abGWcycles\u00bb. A partir del 25 de marzo, los entusiastas del ciclismo de todo el [\u2026]\" \/>\n<meta property=\"og:url\" content=\"https:\/\/loginfo24.com\/es\/2024\/03\/22\/el-concurso-de-bicicletas-de-gebruder-weiss-entra-en-su-tercera-ronda\/\" \/>\n<meta property=\"og:site_name\" content=\"Loginfo24\" \/>\n<meta property=\"article:publisher\" content=\"https:\/\/www.facebook.com\/people\/Loginfo24\/100057360583332\/\" \/>\n<meta property=\"article:published_time\" content=\"2024-03-22T17:09:02+00:00\" \/>\n<meta property=\"og:image\" content=\"https:\/\/loginfo24.com\/wp-content\/uploads\/sites\/7\/2025\/12\/Gebr_Weiss_22.3.24.jpg\" \/>\n\t<meta property=\"og:image:width\" content=\"1435\" \/>\n\t<meta property=\"og:image:height\" content=\"906\" \/>\n\t<meta property=\"og:image:type\" content=\"image\/jpeg\" \/>\n<meta name=\"twitter:card\" content=\"summary_large_image\" \/>\n<meta name=\"twitter:label1\" content=\"Tiempo de lectura\" \/>\n\t<meta name=\"twitter:data1\" content=\"2 minuto\" \/>\n<script type=\"application\/ld+json\" class=\"yoast-schema-graph\">{\"@context\":\"https:\\\/\\\/schema.org\",\"@graph\":[{\"@type\":\"Article\",\"@id\":\"https:\\\/\\\/loginfo24.com\\\/es\\\/2024\\\/03\\\/22\\\/el-concurso-de-bicicletas-de-gebruder-weiss-entra-en-su-tercera-ronda\\\/#article\",\"isPartOf\":{\"@id\":\"https:\\\/\\\/loginfo24.com\\\/es\\\/2024\\\/03\\\/22\\\/el-concurso-de-bicicletas-de-gebruder-weiss-entra-en-su-tercera-ronda\\\/\"},\"author\":{\"name\":\"\",\"@id\":\"\"},\"headline\":\"El concurso de bicicletas de Gebr\u00fcder Weiss entra en su tercera ronda\",\"datePublished\":\"2024-03-22T17:09:02+00:00\",\"mainEntityOfPage\":{\"@id\":\"https:\\\/\\\/loginfo24.com\\\/es\\\/2024\\\/03\\\/22\\\/el-concurso-de-bicicletas-de-gebruder-weiss-entra-en-su-tercera-ronda\\\/\"},\"wordCount\":325,\"commentCount\":0,\"publisher\":{\"@id\":\"https:\\\/\\\/loginfo24.com\\\/es\\\/#organization\"},\"image\":{\"@id\":\"https:\\\/\\\/loginfo24.com\\\/es\\\/2024\\\/03\\\/22\\\/el-concurso-de-bicicletas-de-gebruder-weiss-entra-en-su-tercera-ronda\\\/#primaryimage\"},\"thumbnailUrl\":\"https:\\\/\\\/loginfo24.com\\\/wp-content\\\/uploads\\\/sites\\\/7\\\/2025\\\/12\\\/Gebr_Weiss_22.3.24.jpg\",\"articleSection\":[\"Regions\"],\"inLanguage\":\"es\",\"potentialAction\":[{\"@type\":\"CommentAction\",\"name\":\"Comment\",\"target\":[\"https:\\\/\\\/loginfo24.com\\\/es\\\/2024\\\/03\\\/22\\\/el-concurso-de-bicicletas-de-gebruder-weiss-entra-en-su-tercera-ronda\\\/#respond\"]}]},{\"@type\":\"WebPage\",\"@id\":\"https:\\\/\\\/loginfo24.com\\\/es\\\/2024\\\/03\\\/22\\\/el-concurso-de-bicicletas-de-gebruder-weiss-entra-en-su-tercera-ronda\\\/\",\"url\":\"https:\\\/\\\/loginfo24.com\\\/es\\\/2024\\\/03\\\/22\\\/el-concurso-de-bicicletas-de-gebruder-weiss-entra-en-su-tercera-ronda\\\/\",\"name\":\"El concurso de bicicletas de Gebr\u00fcder Weiss entra en su tercera ronda - Loginfo24\",\"isPartOf\":{\"@id\":\"https:\\\/\\\/loginfo24.com\\\/es\\\/#website\"},\"primaryImageOfPage\":{\"@id\":\"https:\\\/\\\/loginfo24.com\\\/es\\\/2024\\\/03\\\/22\\\/el-concurso-de-bicicletas-de-gebruder-weiss-entra-en-su-tercera-ronda\\\/#primaryimage\"},\"image\":{\"@id\":\"https:\\\/\\\/loginfo24.com\\\/es\\\/2024\\\/03\\\/22\\\/el-concurso-de-bicicletas-de-gebruder-weiss-entra-en-su-tercera-ronda\\\/#primaryimage\"},\"thumbnailUrl\":\"https:\\\/\\\/loginfo24.com\\\/wp-content\\\/uploads\\\/sites\\\/7\\\/2025\\\/12\\\/Gebr_Weiss_22.3.24.jpg\",\"datePublished\":\"2024-03-22T17:09:02+00:00\",\"breadcrumb\":{\"@id\":\"https:\\\/\\\/loginfo24.com\\\/es\\\/2024\\\/03\\\/22\\\/el-concurso-de-bicicletas-de-gebruder-weiss-entra-en-su-tercera-ronda\\\/#breadcrumb\"},\"inLanguage\":\"es\",\"potentialAction\":[{\"@type\":\"ReadAction\",\"target\":[\"https:\\\/\\\/loginfo24.com\\\/es\\\/2024\\\/03\\\/22\\\/el-concurso-de-bicicletas-de-gebruder-weiss-entra-en-su-tercera-ronda\\\/\"]}]},{\"@type\":\"ImageObject\",\"inLanguage\":\"es\",\"@id\":\"https:\\\/\\\/loginfo24.com\\\/es\\\/2024\\\/03\\\/22\\\/el-concurso-de-bicicletas-de-gebruder-weiss-entra-en-su-tercera-ronda\\\/#primaryimage\",\"url\":\"https:\\\/\\\/loginfo24.com\\\/wp-content\\\/uploads\\\/sites\\\/7\\\/2025\\\/12\\\/Gebr_Weiss_22.3.24.jpg\",\"contentUrl\":\"https:\\\/\\\/loginfo24.com\\\/wp-content\\\/uploads\\\/sites\\\/7\\\/2025\\\/12\\\/Gebr_Weiss_22.3.24.jpg\",\"width\":1435,\"height\":906},{\"@type\":\"BreadcrumbList\",\"@id\":\"https:\\\/\\\/loginfo24.com\\\/es\\\/2024\\\/03\\\/22\\\/el-concurso-de-bicicletas-de-gebruder-weiss-entra-en-su-tercera-ronda\\\/#breadcrumb\",\"itemListElement\":[{\"@type\":\"ListItem\",\"position\":1,\"name\":\"Startseite\",\"item\":\"https:\\\/\\\/loginfo24.com\\\/es\\\/\"},{\"@type\":\"ListItem\",\"position\":2,\"name\":\"El concurso de bicicletas de Gebr\u00fcder Weiss entra en su tercera ronda\"}]},{\"@type\":\"WebSite\",\"@id\":\"https:\\\/\\\/loginfo24.com\\\/es\\\/#website\",\"url\":\"https:\\\/\\\/loginfo24.com\\\/es\\\/\",\"name\":\"Loginfo24\",\"description\":\"Loginfo24 es la plataforma dedicada a la log\u00edstica y las cadenas de suministro con informaci\u00f3n las 24 horas del d\u00eda.\",\"publisher\":{\"@id\":\"https:\\\/\\\/loginfo24.com\\\/es\\\/#organization\"},\"potentialAction\":[{\"@type\":\"SearchAction\",\"target\":{\"@type\":\"EntryPoint\",\"urlTemplate\":\"https:\\\/\\\/loginfo24.com\\\/es\\\/?s={search_term_string}\"},\"query-input\":{\"@type\":\"PropertyValueSpecification\",\"valueRequired\":true,\"valueName\":\"search_term_string\"}}],\"inLanguage\":\"es\"},{\"@type\":\"Organization\",\"@id\":\"https:\\\/\\\/loginfo24.com\\\/es\\\/#organization\",\"name\":\"Grupo Logismedia AG\",\"url\":\"https:\\\/\\\/loginfo24.com\\\/es\\\/\",\"logo\":{\"@type\":\"ImageObject\",\"inLanguage\":\"es\",\"@id\":\"https:\\\/\\\/loginfo24.com\\\/es\\\/#\\\/schema\\\/logo\\\/image\\\/\",\"url\":\"https:\\\/\\\/loginfo24.com\\\/wp-content\\\/uploads\\\/sites\\\/7\\\/2026\\\/01\\\/Logo_LogInfo24.png\",\"contentUrl\":\"https:\\\/\\\/loginfo24.com\\\/wp-content\\\/uploads\\\/sites\\\/7\\\/2026\\\/01\\\/Logo_LogInfo24.png\",\"width\":938,\"height\":351,\"caption\":\"Grupo Logismedia AG\"},\"image\":{\"@id\":\"https:\\\/\\\/loginfo24.com\\\/es\\\/#\\\/schema\\\/logo\\\/image\\\/\"},\"sameAs\":[\"https:\\\/\\\/www.facebook.com\\\/people\\\/Loginfo24\\\/100057360583332\\\/\",\"https:\\\/\\\/www.linkedin.com\\\/company\\\/lofinfo24\\\/\"]}]}<\/script>\n<!-- \/ Yoast SEO plugin. -->","yoast_head_json":{"title":"El concurso de bicicletas de Gebr\u00fcder Weiss entra en su tercera ronda - Loginfo24","robots":{"index":"index","follow":"follow","max-snippet":"max-snippet:-1","max-image-preview":"max-image-preview:large","max-video-preview":"max-video-preview:-1"},"canonical":"https:\/\/loginfo24.com\/es\/2024\/03\/22\/el-concurso-de-bicicletas-de-gebruder-weiss-entra-en-su-tercera-ronda\/","og_locale":"es_ES","og_type":"article","og_title":"El concurso de bicicletas de Gebr\u00fcder Weiss entra en su tercera ronda - Loginfo24","og_description":"Gebr\u00fcder Weiss tambi\u00e9n invita este a\u00f1o a su acci\u00f3n internacional de ciclismo \u00abGWcycles\u00bb. A partir del 25 de marzo, los entusiastas del ciclismo de todo el [\u2026]","og_url":"https:\/\/loginfo24.com\/es\/2024\/03\/22\/el-concurso-de-bicicletas-de-gebruder-weiss-entra-en-su-tercera-ronda\/","og_site_name":"Loginfo24","article_publisher":"https:\/\/www.facebook.com\/people\/Loginfo24\/100057360583332\/","article_published_time":"2024-03-22T17:09:02+00:00","og_image":[{"width":1435,"height":906,"url":"https:\/\/loginfo24.com\/wp-content\/uploads\/sites\/7\/2025\/12\/Gebr_Weiss_22.3.24.jpg","type":"image\/jpeg"}],"twitter_card":"summary_large_image","twitter_misc":{"Tiempo de lectura":"2 minuto"},"schema":{"@context":"https:\/\/schema.org","@graph":[{"@type":"Article","@id":"https:\/\/loginfo24.com\/es\/2024\/03\/22\/el-concurso-de-bicicletas-de-gebruder-weiss-entra-en-su-tercera-ronda\/#article","isPartOf":{"@id":"https:\/\/loginfo24.com\/es\/2024\/03\/22\/el-concurso-de-bicicletas-de-gebruder-weiss-entra-en-su-tercera-ronda\/"},"author":{"name":"","@id":""},"headline":"El concurso de bicicletas de Gebr\u00fcder Weiss entra en su tercera ronda","datePublished":"2024-03-22T17:09:02+00:00","mainEntityOfPage":{"@id":"https:\/\/loginfo24.com\/es\/2024\/03\/22\/el-concurso-de-bicicletas-de-gebruder-weiss-entra-en-su-tercera-ronda\/"},"wordCount":325,"commentCount":0,"publisher":{"@id":"https:\/\/loginfo24.com\/es\/#organization"},"image":{"@id":"https:\/\/loginfo24.com\/es\/2024\/03\/22\/el-concurso-de-bicicletas-de-gebruder-weiss-entra-en-su-tercera-ronda\/#primaryimage"},"thumbnailUrl":"https:\/\/loginfo24.com\/wp-content\/uploads\/sites\/7\/2025\/12\/Gebr_Weiss_22.3.24.jpg","articleSection":["Regions"],"inLanguage":"es","potentialAction":[{"@type":"CommentAction","name":"Comment","target":["https:\/\/loginfo24.com\/es\/2024\/03\/22\/el-concurso-de-bicicletas-de-gebruder-weiss-entra-en-su-tercera-ronda\/#respond"]}]},{"@type":"WebPage","@id":"https:\/\/loginfo24.com\/es\/2024\/03\/22\/el-concurso-de-bicicletas-de-gebruder-weiss-entra-en-su-tercera-ronda\/","url":"https:\/\/loginfo24.com\/es\/2024\/03\/22\/el-concurso-de-bicicletas-de-gebruder-weiss-entra-en-su-tercera-ronda\/","name":"El concurso de bicicletas de Gebr\u00fcder Weiss entra en su tercera ronda - Loginfo24","isPartOf":{"@id":"https:\/\/loginfo24.com\/es\/#website"},"primaryImageOfPage":{"@id":"https:\/\/loginfo24.com\/es\/2024\/03\/22\/el-concurso-de-bicicletas-de-gebruder-weiss-entra-en-su-tercera-ronda\/#primaryimage"},"image":{"@id":"https:\/\/loginfo24.com\/es\/2024\/03\/22\/el-concurso-de-bicicletas-de-gebruder-weiss-entra-en-su-tercera-ronda\/#primaryimage"},"thumbnailUrl":"https:\/\/loginfo24.com\/wp-content\/uploads\/sites\/7\/2025\/12\/Gebr_Weiss_22.3.24.jpg","datePublished":"2024-03-22T17:09:02+00:00","breadcrumb":{"@id":"https:\/\/loginfo24.com\/es\/2024\/03\/22\/el-concurso-de-bicicletas-de-gebruder-weiss-entra-en-su-tercera-ronda\/#breadcrumb"},"inLanguage":"es","potentialAction":[{"@type":"ReadAction","target":["https:\/\/loginfo24.com\/es\/2024\/03\/22\/el-concurso-de-bicicletas-de-gebruder-weiss-entra-en-su-tercera-ronda\/"]}]},{"@type":"ImageObject","inLanguage":"es","@id":"https:\/\/loginfo24.com\/es\/2024\/03\/22\/el-concurso-de-bicicletas-de-gebruder-weiss-entra-en-su-tercera-ronda\/#primaryimage","url":"https:\/\/loginfo24.com\/wp-content\/uploads\/sites\/7\/2025\/12\/Gebr_Weiss_22.3.24.jpg","contentUrl":"https:\/\/loginfo24.com\/wp-content\/uploads\/sites\/7\/2025\/12\/Gebr_Weiss_22.3.24.jpg","width":1435,"height":906},{"@type":"BreadcrumbList","@id":"https:\/\/loginfo24.com\/es\/2024\/03\/22\/el-concurso-de-bicicletas-de-gebruder-weiss-entra-en-su-tercera-ronda\/#breadcrumb","itemListElement":[{"@type":"ListItem","position":1,"name":"Startseite","item":"https:\/\/loginfo24.com\/es\/"},{"@type":"ListItem","position":2,"name":"El concurso de bicicletas de Gebr\u00fcder Weiss entra en su tercera ronda"}]},{"@type":"WebSite","@id":"https:\/\/loginfo24.com\/es\/#website","url":"https:\/\/loginfo24.com\/es\/","name":"Loginfo24","description":"Loginfo24 es la plataforma dedicada a la log\u00edstica y las cadenas de suministro con informaci\u00f3n las 24 horas del d\u00eda.","publisher":{"@id":"https:\/\/loginfo24.com\/es\/#organization"},"potentialAction":[{"@type":"SearchAction","target":{"@type":"EntryPoint","urlTemplate":"https:\/\/loginfo24.com\/es\/?s={search_term_string}"},"query-input":{"@type":"PropertyValueSpecification","valueRequired":true,"valueName":"search_term_string"}}],"inLanguage":"es"},{"@type":"Organization","@id":"https:\/\/loginfo24.com\/es\/#organization","name":"Grupo Logismedia AG","url":"https:\/\/loginfo24.com\/es\/","logo":{"@type":"ImageObject","inLanguage":"es","@id":"https:\/\/loginfo24.com\/es\/#\/schema\/logo\/image\/","url":"https:\/\/loginfo24.com\/wp-content\/uploads\/sites\/7\/2026\/01\/Logo_LogInfo24.png","contentUrl":"https:\/\/loginfo24.com\/wp-content\/uploads\/sites\/7\/2026\/01\/Logo_LogInfo24.png","width":938,"height":351,"caption":"Grupo Logismedia AG"},"image":{"@id":"https:\/\/loginfo24.com\/es\/#\/schema\/logo\/image\/"},"sameAs":["https:\/\/www.facebook.com\/people\/Loginfo24\/100057360583332\/","https:\/\/www.linkedin.com\/company\/lofinfo24\/"]}]}},"_links":{"self":[{"href":"https:\/\/loginfo24.com\/es\/wp-json\/wp\/v2\/posts\/64641","targetHints":{"allow":["GET"]}}],"collection":[{"href":"https:\/\/loginfo24.com\/es\/wp-json\/wp\/v2\/posts"}],"about":[{"href":"https:\/\/loginfo24.com\/es\/wp-json\/wp\/v2\/types\/post"}],"replies":[{"embeddable":true,"href":"https:\/\/loginfo24.com\/es\/wp-json\/wp\/v2\/comments?post=64641"}],"version-history":[{"count":0,"href":"https:\/\/loginfo24.com\/es\/wp-json\/wp\/v2\/posts\/64641\/revisions"}],"wp:featuredmedia":[{"embeddable":true,"href":"https:\/\/loginfo24.com\/es\/wp-json\/wp\/v2\/media\/6771"}],"wp:attachment":[{"href":"https:\/\/loginfo24.com\/es\/wp-json\/wp\/v2\/media?parent=64641"}],"wp:term":[{"taxonomy":"category","embeddable":true,"href":"https:\/\/loginfo24.com\/es\/wp-json\/wp\/v2\/categories?post=64641"},{"taxonomy":"post_tag","embeddable":true,"href":"https:\/\/loginfo24.com\/es\/wp-json\/wp\/v2\/tags?post=64641"}],"curies":[{"name":"wp","href":"https:\/\/api.w.org\/{rel}","templated":true}]}}