{"id":63306,"date":"2023-11-07T18:50:52","date_gmt":"2023-11-07T17:50:52","guid":{"rendered":"https:\/\/blog.brand-architecture.at\/2023\/11\/07\/lkz-prien-y-gle-con-asociacion-para-una-flota-de-vehiculos-climaticamente-neutra\/"},"modified":"2023-11-07T18:50:52","modified_gmt":"2023-11-07T17:50:52","slug":"lkz-prien-y-gle-con-asociacion-para-una-flota-de-vehiculos-climaticamente-neutra","status":"publish","type":"post","link":"https:\/\/loginfo24.com\/es\/2023\/11\/07\/lkz-prien-y-gle-con-asociacion-para-una-flota-de-vehiculos-climaticamente-neutra\/","title":{"rendered":"LKZ Prien y GLE con asociaci\u00f3n para una flota de veh\u00edculos clim\u00e1ticamente neutra"},"content":{"rendered":"<h5><strong>La consultor\u00eda log\u00edstica de Berl\u00edn, Green Logistics Enabler (GLE), es desde septiembre el nuevo socio del Centro de Competencia Log\u00edstica (LKZ) Prien. Al margen de la reuni\u00f3n de oto\u00f1o de LBT a mediados de octubre de 2023 en M\u00fanich, el propietario de GLE, Bruno Lukas, y la directora general de LKZ, la Dra. Petra Seebauer, anunciaron la colaboraci\u00f3n con un enfoque en Baviera y la regi\u00f3n alpina transfronteriza. Los socios apoyan a transportistas, empresas de transporte y cargadores con flotas de camiones propias, as\u00ed como a municipios de manera abierta a la tecnolog\u00eda y neutral en cuanto a fabricantes en la transici\u00f3n gradual hacia una flota de veh\u00edculos clim\u00e1ticamente neutra.<\/strong><\/h5>\n<p>(Prien\/Berl\u00edn) LKZ Prien GmbH y Green Logistics Enabler combinan sus competencias en la asesor\u00eda a clientes del sector del transporte y de la industria cargadora, as\u00ed como a municipios e instituciones con flotas de camiones propias. El enfoque est\u00e1 en el an\u00e1lisis de existencias y necesidades de flotas de camiones, incluyendo una consideraci\u00f3n integral de los procesos log\u00edsticos y la infraestructura de carga\/recarga. Junto con el cliente correspondiente, los socios elaboran un concepto de flota sostenible y apoyan en la adaptaci\u00f3n organizativa de los procesos log\u00edsticos. Si se desea, el equipo del proyecto tambi\u00e9n se encarga de la organizaci\u00f3n de pruebas con camiones el\u00e9ctricos o camiones con otros sistemas de propulsi\u00f3n alternativos.<\/p>\n<p>\u00abAcompa\u00f1amos a nuestros clientes de manera integral, desde el an\u00e1lisis de la flota y la concepci\u00f3n hasta la fase de prueba y la implementaci\u00f3n gradual\u00bb, explica la directora general de LKZ, la Dra. Petra Seebauer. \u00abUtilizamos nuestras sinergias de manera muy espec\u00edfica.\u00bb Los dos socios aportan sus competencias y \u00e1reas tem\u00e1ticas de tal manera que el cliente recibe un \u00abpaquete de 360 grados\u00bb de una sola mano: Los paquetes de asesor\u00eda individuales y personalizados de LKZ Prien GmbH abarcan desde el an\u00e1lisis y la optimizaci\u00f3n de procesos log\u00edsticos, la asesor\u00eda y desarrollo estrat\u00e9gico, as\u00ed como la asesor\u00eda sobre subvenciones hasta la asesor\u00eda de flotas. GLE aporta su larga experiencia en gesti\u00f3n de flotas y tecnolog\u00eda de veh\u00edculos comerciales. \u00abCon nuestra potente red, que consiste en fabricantes de veh\u00edculos, proveedores de infraestructura, oficinas de planificaci\u00f3n y empresas de instalaci\u00f3n, tambi\u00e9n acompa\u00f1amos la implementaci\u00f3n completa de una flota de veh\u00edculos clim\u00e1ticamente neutra. Trabajamos de manera neutral en cuanto a fabricantes y abierta a la tecnolog\u00eda\u00bb, enfatiza Bruno Lukas, fundador y propietario de GLE.<\/p>\n<h5>Adaptar la tecnolog\u00eda al caso de uso<\/h5>\n<p>La gama abarca desde propulsiones el\u00e9ctricas y de hidr\u00f3geno hasta combustibles alternativos como biog\u00e1s y HVO. Se implementa la tecnolog\u00eda que se adapta al caso de uso del cliente y que es econ\u00f3micamente viable. Talleres, informes de mercado y capacitaciones completan la oferta conjunta de LKZ y GLE.<\/p>\n<p>Foto: \u00a9 LKZ Prien \/ <em><strong>Pie de foto:<\/strong> Dra. Petra Seebauer, directora general de LKZ Prien GmbH, y Bruno Lukas, fundador y propietario de la consultor\u00eda log\u00edstica Green Logistics Enabler (GLE), Berl\u00edn<\/em><\/p>\n","protected":false},"excerpt":{"rendered":"<p>La consultor\u00eda log\u00edstica de Berl\u00edn, Green Logistics Enabler (GLE), es desde septiembre el nuevo socio del Centro de Competencia Log\u00edstica (LKZ) Prien. Al margen de la<span class=\"excerpt-hellip\"> [\u2026]<\/span><\/p>\n","protected":false},"author":0,"featured_media":7325,"comment_status":"open","ping_status":"open","sticky":false,"template":"","format":"standard","meta":{"_acf_changed":false,"footnotes":""},"categories":[1665,1557,1561],"tags":[],"class_list":["post-63306","post","type-post","status-publish","format-standard","has-post-thumbnail","hentry","category-categories","category-forwarding-logistics","category-regions"],"acf":[],"yoast_head":"<!-- This site is optimized with the Yoast SEO plugin v27.3 - https:\/\/yoast.com\/product\/yoast-seo-wordpress\/ -->\n<title>LKZ Prien y GLE con asociaci\u00f3n para una flota de veh\u00edculos clim\u00e1ticamente neutra - Loginfo24<\/title>\n<meta name=\"robots\" content=\"index, follow, max-snippet:-1, max-image-preview:large, max-video-preview:-1\" \/>\n<link rel=\"canonical\" href=\"https:\/\/loginfo24.com\/es\/2023\/11\/07\/lkz-prien-y-gle-con-asociacion-para-una-flota-de-vehiculos-climaticamente-neutra\/\" \/>\n<meta property=\"og:locale\" content=\"es_ES\" \/>\n<meta property=\"og:type\" content=\"article\" \/>\n<meta property=\"og:title\" content=\"LKZ Prien y GLE con asociaci\u00f3n para una flota de veh\u00edculos clim\u00e1ticamente neutra - Loginfo24\" \/>\n<meta property=\"og:description\" content=\"La consultor\u00eda log\u00edstica de Berl\u00edn, Green Logistics Enabler (GLE), es desde septiembre el nuevo socio del Centro de Competencia Log\u00edstica (LKZ) Prien. Al margen de la [\u2026]\" \/>\n<meta property=\"og:url\" content=\"https:\/\/loginfo24.com\/es\/2023\/11\/07\/lkz-prien-y-gle-con-asociacion-para-una-flota-de-vehiculos-climaticamente-neutra\/\" \/>\n<meta property=\"og:site_name\" content=\"Loginfo24\" \/>\n<meta property=\"article:publisher\" content=\"https:\/\/www.facebook.com\/people\/Loginfo24\/100057360583332\/\" \/>\n<meta property=\"article:published_time\" content=\"2023-11-07T17:50:52+00:00\" \/>\n<meta property=\"og:image\" content=\"https:\/\/loginfo24.com\/wp-content\/uploads\/sites\/7\/2025\/12\/LKZ_Prien_7.11.23.jpg\" \/>\n\t<meta property=\"og:image:width\" content=\"1213\" \/>\n\t<meta property=\"og:image:height\" content=\"842\" \/>\n\t<meta property=\"og:image:type\" content=\"image\/jpeg\" \/>\n<meta name=\"twitter:card\" content=\"summary_large_image\" \/>\n<meta name=\"twitter:label1\" content=\"Tiempo de lectura\" \/>\n\t<meta name=\"twitter:data1\" content=\"3 minuto\" \/>\n<script type=\"application\/ld+json\" class=\"yoast-schema-graph\">{\"@context\":\"https:\\\/\\\/schema.org\",\"@graph\":[{\"@type\":\"Article\",\"@id\":\"https:\\\/\\\/loginfo24.com\\\/es\\\/2023\\\/11\\\/07\\\/lkz-prien-y-gle-con-asociacion-para-una-flota-de-vehiculos-climaticamente-neutra\\\/#article\",\"isPartOf\":{\"@id\":\"https:\\\/\\\/loginfo24.com\\\/es\\\/2023\\\/11\\\/07\\\/lkz-prien-y-gle-con-asociacion-para-una-flota-de-vehiculos-climaticamente-neutra\\\/\"},\"author\":{\"name\":\"\",\"@id\":\"\"},\"headline\":\"LKZ Prien y GLE con asociaci\u00f3n para una flota de veh\u00edculos clim\u00e1ticamente neutra\",\"datePublished\":\"2023-11-07T17:50:52+00:00\",\"mainEntityOfPage\":{\"@id\":\"https:\\\/\\\/loginfo24.com\\\/es\\\/2023\\\/11\\\/07\\\/lkz-prien-y-gle-con-asociacion-para-una-flota-de-vehiculos-climaticamente-neutra\\\/\"},\"wordCount\":553,\"commentCount\":0,\"publisher\":{\"@id\":\"https:\\\/\\\/loginfo24.com\\\/es\\\/#organization\"},\"image\":{\"@id\":\"https:\\\/\\\/loginfo24.com\\\/es\\\/2023\\\/11\\\/07\\\/lkz-prien-y-gle-con-asociacion-para-una-flota-de-vehiculos-climaticamente-neutra\\\/#primaryimage\"},\"thumbnailUrl\":\"https:\\\/\\\/loginfo24.com\\\/wp-content\\\/uploads\\\/sites\\\/7\\\/2025\\\/12\\\/LKZ_Prien_7.11.23.jpg\",\"articleSection\":[\"Categories\",\"Forwarding &amp; Logistics\",\"Regions\"],\"inLanguage\":\"es\",\"potentialAction\":[{\"@type\":\"CommentAction\",\"name\":\"Comment\",\"target\":[\"https:\\\/\\\/loginfo24.com\\\/es\\\/2023\\\/11\\\/07\\\/lkz-prien-y-gle-con-asociacion-para-una-flota-de-vehiculos-climaticamente-neutra\\\/#respond\"]}]},{\"@type\":\"WebPage\",\"@id\":\"https:\\\/\\\/loginfo24.com\\\/es\\\/2023\\\/11\\\/07\\\/lkz-prien-y-gle-con-asociacion-para-una-flota-de-vehiculos-climaticamente-neutra\\\/\",\"url\":\"https:\\\/\\\/loginfo24.com\\\/es\\\/2023\\\/11\\\/07\\\/lkz-prien-y-gle-con-asociacion-para-una-flota-de-vehiculos-climaticamente-neutra\\\/\",\"name\":\"LKZ Prien y GLE con asociaci\u00f3n para una flota de veh\u00edculos clim\u00e1ticamente neutra - Loginfo24\",\"isPartOf\":{\"@id\":\"https:\\\/\\\/loginfo24.com\\\/es\\\/#website\"},\"primaryImageOfPage\":{\"@id\":\"https:\\\/\\\/loginfo24.com\\\/es\\\/2023\\\/11\\\/07\\\/lkz-prien-y-gle-con-asociacion-para-una-flota-de-vehiculos-climaticamente-neutra\\\/#primaryimage\"},\"image\":{\"@id\":\"https:\\\/\\\/loginfo24.com\\\/es\\\/2023\\\/11\\\/07\\\/lkz-prien-y-gle-con-asociacion-para-una-flota-de-vehiculos-climaticamente-neutra\\\/#primaryimage\"},\"thumbnailUrl\":\"https:\\\/\\\/loginfo24.com\\\/wp-content\\\/uploads\\\/sites\\\/7\\\/2025\\\/12\\\/LKZ_Prien_7.11.23.jpg\",\"datePublished\":\"2023-11-07T17:50:52+00:00\",\"breadcrumb\":{\"@id\":\"https:\\\/\\\/loginfo24.com\\\/es\\\/2023\\\/11\\\/07\\\/lkz-prien-y-gle-con-asociacion-para-una-flota-de-vehiculos-climaticamente-neutra\\\/#breadcrumb\"},\"inLanguage\":\"es\",\"potentialAction\":[{\"@type\":\"ReadAction\",\"target\":[\"https:\\\/\\\/loginfo24.com\\\/es\\\/2023\\\/11\\\/07\\\/lkz-prien-y-gle-con-asociacion-para-una-flota-de-vehiculos-climaticamente-neutra\\\/\"]}]},{\"@type\":\"ImageObject\",\"inLanguage\":\"es\",\"@id\":\"https:\\\/\\\/loginfo24.com\\\/es\\\/2023\\\/11\\\/07\\\/lkz-prien-y-gle-con-asociacion-para-una-flota-de-vehiculos-climaticamente-neutra\\\/#primaryimage\",\"url\":\"https:\\\/\\\/loginfo24.com\\\/wp-content\\\/uploads\\\/sites\\\/7\\\/2025\\\/12\\\/LKZ_Prien_7.11.23.jpg\",\"contentUrl\":\"https:\\\/\\\/loginfo24.com\\\/wp-content\\\/uploads\\\/sites\\\/7\\\/2025\\\/12\\\/LKZ_Prien_7.11.23.jpg\",\"width\":1213,\"height\":842},{\"@type\":\"BreadcrumbList\",\"@id\":\"https:\\\/\\\/loginfo24.com\\\/es\\\/2023\\\/11\\\/07\\\/lkz-prien-y-gle-con-asociacion-para-una-flota-de-vehiculos-climaticamente-neutra\\\/#breadcrumb\",\"itemListElement\":[{\"@type\":\"ListItem\",\"position\":1,\"name\":\"Startseite\",\"item\":\"https:\\\/\\\/loginfo24.com\\\/es\\\/\"},{\"@type\":\"ListItem\",\"position\":2,\"name\":\"LKZ Prien y GLE con asociaci\u00f3n para una flota de veh\u00edculos clim\u00e1ticamente neutra\"}]},{\"@type\":\"WebSite\",\"@id\":\"https:\\\/\\\/loginfo24.com\\\/es\\\/#website\",\"url\":\"https:\\\/\\\/loginfo24.com\\\/es\\\/\",\"name\":\"Loginfo24\",\"description\":\"Loginfo24 es la plataforma dedicada a la log\u00edstica y las cadenas de suministro con informaci\u00f3n las 24 horas del d\u00eda.\",\"publisher\":{\"@id\":\"https:\\\/\\\/loginfo24.com\\\/es\\\/#organization\"},\"potentialAction\":[{\"@type\":\"SearchAction\",\"target\":{\"@type\":\"EntryPoint\",\"urlTemplate\":\"https:\\\/\\\/loginfo24.com\\\/es\\\/?s={search_term_string}\"},\"query-input\":{\"@type\":\"PropertyValueSpecification\",\"valueRequired\":true,\"valueName\":\"search_term_string\"}}],\"inLanguage\":\"es\"},{\"@type\":\"Organization\",\"@id\":\"https:\\\/\\\/loginfo24.com\\\/es\\\/#organization\",\"name\":\"Grupo Logismedia AG\",\"url\":\"https:\\\/\\\/loginfo24.com\\\/es\\\/\",\"logo\":{\"@type\":\"ImageObject\",\"inLanguage\":\"es\",\"@id\":\"https:\\\/\\\/loginfo24.com\\\/es\\\/#\\\/schema\\\/logo\\\/image\\\/\",\"url\":\"https:\\\/\\\/loginfo24.com\\\/wp-content\\\/uploads\\\/sites\\\/7\\\/2026\\\/01\\\/Logo_LogInfo24.png\",\"contentUrl\":\"https:\\\/\\\/loginfo24.com\\\/wp-content\\\/uploads\\\/sites\\\/7\\\/2026\\\/01\\\/Logo_LogInfo24.png\",\"width\":938,\"height\":351,\"caption\":\"Grupo Logismedia AG\"},\"image\":{\"@id\":\"https:\\\/\\\/loginfo24.com\\\/es\\\/#\\\/schema\\\/logo\\\/image\\\/\"},\"sameAs\":[\"https:\\\/\\\/www.facebook.com\\\/people\\\/Loginfo24\\\/100057360583332\\\/\",\"https:\\\/\\\/www.linkedin.com\\\/company\\\/lofinfo24\\\/\"]}]}<\/script>\n<!-- \/ Yoast SEO plugin. -->","yoast_head_json":{"title":"LKZ Prien y GLE con asociaci\u00f3n para una flota de veh\u00edculos clim\u00e1ticamente neutra - Loginfo24","robots":{"index":"index","follow":"follow","max-snippet":"max-snippet:-1","max-image-preview":"max-image-preview:large","max-video-preview":"max-video-preview:-1"},"canonical":"https:\/\/loginfo24.com\/es\/2023\/11\/07\/lkz-prien-y-gle-con-asociacion-para-una-flota-de-vehiculos-climaticamente-neutra\/","og_locale":"es_ES","og_type":"article","og_title":"LKZ Prien y GLE con asociaci\u00f3n para una flota de veh\u00edculos clim\u00e1ticamente neutra - Loginfo24","og_description":"La consultor\u00eda log\u00edstica de Berl\u00edn, Green Logistics Enabler (GLE), es desde septiembre el nuevo socio del Centro de Competencia Log\u00edstica (LKZ) Prien. Al margen de la [\u2026]","og_url":"https:\/\/loginfo24.com\/es\/2023\/11\/07\/lkz-prien-y-gle-con-asociacion-para-una-flota-de-vehiculos-climaticamente-neutra\/","og_site_name":"Loginfo24","article_publisher":"https:\/\/www.facebook.com\/people\/Loginfo24\/100057360583332\/","article_published_time":"2023-11-07T17:50:52+00:00","og_image":[{"width":1213,"height":842,"url":"https:\/\/loginfo24.com\/wp-content\/uploads\/sites\/7\/2025\/12\/LKZ_Prien_7.11.23.jpg","type":"image\/jpeg"}],"twitter_card":"summary_large_image","twitter_misc":{"Tiempo de lectura":"3 minuto"},"schema":{"@context":"https:\/\/schema.org","@graph":[{"@type":"Article","@id":"https:\/\/loginfo24.com\/es\/2023\/11\/07\/lkz-prien-y-gle-con-asociacion-para-una-flota-de-vehiculos-climaticamente-neutra\/#article","isPartOf":{"@id":"https:\/\/loginfo24.com\/es\/2023\/11\/07\/lkz-prien-y-gle-con-asociacion-para-una-flota-de-vehiculos-climaticamente-neutra\/"},"author":{"name":"","@id":""},"headline":"LKZ Prien y GLE con asociaci\u00f3n para una flota de veh\u00edculos clim\u00e1ticamente neutra","datePublished":"2023-11-07T17:50:52+00:00","mainEntityOfPage":{"@id":"https:\/\/loginfo24.com\/es\/2023\/11\/07\/lkz-prien-y-gle-con-asociacion-para-una-flota-de-vehiculos-climaticamente-neutra\/"},"wordCount":553,"commentCount":0,"publisher":{"@id":"https:\/\/loginfo24.com\/es\/#organization"},"image":{"@id":"https:\/\/loginfo24.com\/es\/2023\/11\/07\/lkz-prien-y-gle-con-asociacion-para-una-flota-de-vehiculos-climaticamente-neutra\/#primaryimage"},"thumbnailUrl":"https:\/\/loginfo24.com\/wp-content\/uploads\/sites\/7\/2025\/12\/LKZ_Prien_7.11.23.jpg","articleSection":["Categories","Forwarding &amp; Logistics","Regions"],"inLanguage":"es","potentialAction":[{"@type":"CommentAction","name":"Comment","target":["https:\/\/loginfo24.com\/es\/2023\/11\/07\/lkz-prien-y-gle-con-asociacion-para-una-flota-de-vehiculos-climaticamente-neutra\/#respond"]}]},{"@type":"WebPage","@id":"https:\/\/loginfo24.com\/es\/2023\/11\/07\/lkz-prien-y-gle-con-asociacion-para-una-flota-de-vehiculos-climaticamente-neutra\/","url":"https:\/\/loginfo24.com\/es\/2023\/11\/07\/lkz-prien-y-gle-con-asociacion-para-una-flota-de-vehiculos-climaticamente-neutra\/","name":"LKZ Prien y GLE con asociaci\u00f3n para una flota de veh\u00edculos clim\u00e1ticamente neutra - Loginfo24","isPartOf":{"@id":"https:\/\/loginfo24.com\/es\/#website"},"primaryImageOfPage":{"@id":"https:\/\/loginfo24.com\/es\/2023\/11\/07\/lkz-prien-y-gle-con-asociacion-para-una-flota-de-vehiculos-climaticamente-neutra\/#primaryimage"},"image":{"@id":"https:\/\/loginfo24.com\/es\/2023\/11\/07\/lkz-prien-y-gle-con-asociacion-para-una-flota-de-vehiculos-climaticamente-neutra\/#primaryimage"},"thumbnailUrl":"https:\/\/loginfo24.com\/wp-content\/uploads\/sites\/7\/2025\/12\/LKZ_Prien_7.11.23.jpg","datePublished":"2023-11-07T17:50:52+00:00","breadcrumb":{"@id":"https:\/\/loginfo24.com\/es\/2023\/11\/07\/lkz-prien-y-gle-con-asociacion-para-una-flota-de-vehiculos-climaticamente-neutra\/#breadcrumb"},"inLanguage":"es","potentialAction":[{"@type":"ReadAction","target":["https:\/\/loginfo24.com\/es\/2023\/11\/07\/lkz-prien-y-gle-con-asociacion-para-una-flota-de-vehiculos-climaticamente-neutra\/"]}]},{"@type":"ImageObject","inLanguage":"es","@id":"https:\/\/loginfo24.com\/es\/2023\/11\/07\/lkz-prien-y-gle-con-asociacion-para-una-flota-de-vehiculos-climaticamente-neutra\/#primaryimage","url":"https:\/\/loginfo24.com\/wp-content\/uploads\/sites\/7\/2025\/12\/LKZ_Prien_7.11.23.jpg","contentUrl":"https:\/\/loginfo24.com\/wp-content\/uploads\/sites\/7\/2025\/12\/LKZ_Prien_7.11.23.jpg","width":1213,"height":842},{"@type":"BreadcrumbList","@id":"https:\/\/loginfo24.com\/es\/2023\/11\/07\/lkz-prien-y-gle-con-asociacion-para-una-flota-de-vehiculos-climaticamente-neutra\/#breadcrumb","itemListElement":[{"@type":"ListItem","position":1,"name":"Startseite","item":"https:\/\/loginfo24.com\/es\/"},{"@type":"ListItem","position":2,"name":"LKZ Prien y GLE con asociaci\u00f3n para una flota de veh\u00edculos clim\u00e1ticamente neutra"}]},{"@type":"WebSite","@id":"https:\/\/loginfo24.com\/es\/#website","url":"https:\/\/loginfo24.com\/es\/","name":"Loginfo24","description":"Loginfo24 es la plataforma dedicada a la log\u00edstica y las cadenas de suministro con informaci\u00f3n las 24 horas del d\u00eda.","publisher":{"@id":"https:\/\/loginfo24.com\/es\/#organization"},"potentialAction":[{"@type":"SearchAction","target":{"@type":"EntryPoint","urlTemplate":"https:\/\/loginfo24.com\/es\/?s={search_term_string}"},"query-input":{"@type":"PropertyValueSpecification","valueRequired":true,"valueName":"search_term_string"}}],"inLanguage":"es"},{"@type":"Organization","@id":"https:\/\/loginfo24.com\/es\/#organization","name":"Grupo Logismedia AG","url":"https:\/\/loginfo24.com\/es\/","logo":{"@type":"ImageObject","inLanguage":"es","@id":"https:\/\/loginfo24.com\/es\/#\/schema\/logo\/image\/","url":"https:\/\/loginfo24.com\/wp-content\/uploads\/sites\/7\/2026\/01\/Logo_LogInfo24.png","contentUrl":"https:\/\/loginfo24.com\/wp-content\/uploads\/sites\/7\/2026\/01\/Logo_LogInfo24.png","width":938,"height":351,"caption":"Grupo Logismedia AG"},"image":{"@id":"https:\/\/loginfo24.com\/es\/#\/schema\/logo\/image\/"},"sameAs":["https:\/\/www.facebook.com\/people\/Loginfo24\/100057360583332\/","https:\/\/www.linkedin.com\/company\/lofinfo24\/"]}]}},"_links":{"self":[{"href":"https:\/\/loginfo24.com\/es\/wp-json\/wp\/v2\/posts\/63306","targetHints":{"allow":["GET"]}}],"collection":[{"href":"https:\/\/loginfo24.com\/es\/wp-json\/wp\/v2\/posts"}],"about":[{"href":"https:\/\/loginfo24.com\/es\/wp-json\/wp\/v2\/types\/post"}],"replies":[{"embeddable":true,"href":"https:\/\/loginfo24.com\/es\/wp-json\/wp\/v2\/comments?post=63306"}],"version-history":[{"count":0,"href":"https:\/\/loginfo24.com\/es\/wp-json\/wp\/v2\/posts\/63306\/revisions"}],"wp:featuredmedia":[{"embeddable":true,"href":"https:\/\/loginfo24.com\/es\/wp-json\/wp\/v2\/media\/7325"}],"wp:attachment":[{"href":"https:\/\/loginfo24.com\/es\/wp-json\/wp\/v2\/media?parent=63306"}],"wp:term":[{"taxonomy":"category","embeddable":true,"href":"https:\/\/loginfo24.com\/es\/wp-json\/wp\/v2\/categories?post=63306"},{"taxonomy":"post_tag","embeddable":true,"href":"https:\/\/loginfo24.com\/es\/wp-json\/wp\/v2\/tags?post=63306"}],"curies":[{"name":"wp","href":"https:\/\/api.w.org\/{rel}","templated":true}]}}