{"id":62864,"date":"2023-09-28T18:49:18","date_gmt":"2023-09-28T16:49:18","guid":{"rendered":"https:\/\/blog.brand-architecture.at\/2023\/09\/28\/las-ferrocarriles-de-carga-con-propuestas-para-el-transporte-de-vagones-individuales\/"},"modified":"2023-09-28T18:49:18","modified_gmt":"2023-09-28T16:49:18","slug":"las-ferrocarriles-de-carga-con-propuestas-para-el-transporte-de-vagones-individuales","status":"publish","type":"post","link":"https:\/\/loginfo24.com\/es\/2023\/09\/28\/las-ferrocarriles-de-carga-con-propuestas-para-el-transporte-de-vagones-individuales\/","title":{"rendered":"LAS FERROCARRILES DE CARGA con propuestas para el transporte de vagones individuales"},"content":{"rendered":"<h5><strong>En las consultas sobre el presupuesto federal 2024, LAS FERROCARRILES DE CARGA han propuesto nueve medidas para reducir los problemas de infraestructura t\u00edpicos del transporte de vagones individuales y fortalecer nuevamente el servicio en la regi\u00f3n.<\/strong><\/h5>\n<p>(Berl\u00edn) Cuando se habla de \u00abpeque\u00f1os tama\u00f1os de env\u00edo\u00bb, la industria del transporte ferroviario de mercanc\u00edas se refiere a uno o pocos vagones de carga. Sin embargo, en la pr\u00e1ctica, esto equivale a la capacidad de transporte de dos a tres camiones pesados por cada vag\u00f3n de ferrocarril. Durante muchos a\u00f1os, el ferrocarril en este segmento, que tradicionalmente se denomina transporte de vagones individuales, ha estado en retroceso. Los vagones (grupos de vagones) agrupados en el llamado recorrido principal representaron recientemente solo el 14 por ciento del transporte ferroviario.<\/p>\n<p>A trav\u00e9s de la promoci\u00f3n del transporte de vagones individuales planificada por el gobierno, se busca fortalecer la oferta y trasladar el tr\u00e1fico de la carretera al ferrocarril. VDV y LAS FERROCARRILES DE CARGA ya hab\u00edan desarrollado hace un a\u00f1o una propuesta para la promoci\u00f3n de la \u00abprimera y \u00faltima milla\u00bb en el transporte ferroviario de mercanc\u00edas, con el fin de poder ofrecer la recogida y entrega de peque\u00f1os tama\u00f1os de env\u00edo de manera econ\u00f3mica y, por lo tanto, viable para m\u00e1s empresas industriales y comerciales. El director de LAS FERROCARRILES DE CARGA, Peter Westenberger, dijo en Berl\u00edn: \u00abCon la promoci\u00f3n de la primera y \u00faltima milla, se logra el crecimiento de volumen deseado por la pol\u00edtica a trav\u00e9s de, en primer lugar, m\u00e1s transportes a trav\u00e9s de los accesos ferroviarios utilizados hoy en d\u00eda. En segundo lugar, la reactivaci\u00f3n de muchos de los aproximadamente 40 por ciento de accesos que hoy est\u00e1n inactivos, pero operativos. Y en tercer lugar, m\u00e1s apoyo para la construcci\u00f3n de accesos promovida por el gobierno.\u00bb<\/p>\n<h5>Mejora sostenible en el lado de la infraestructura<\/h5>\n<p>LAS FERROCARRILES DE CARGA quieren que esta promoci\u00f3n de costos operativos, planificada en el Ministerio de Transporte como \u00abL\u00ednea de Promoci\u00f3n 1\u00bb, sea acompa\u00f1ada por una mejora sostenible en el lado de la infraestructura. Westenberger: \u00abLos fondos necesarios se pueden movilizar en el borrador del presupuesto.\u00bb El gabinete federal ha previsto un total de 300 millones de euros a partir de 2024 para la promoci\u00f3n del transporte de vagones individuales. Un apoyo previsto como \u00abL\u00ednea de Promoci\u00f3n 2\u00bb para el recorrido principal agrupado, desde la perspectiva de LAS FERROCARRILES DE CARGA, no contribuye al aumento del volumen total y la reubicaci\u00f3n. \u00abEl recorrido principal agrupado puede operar sin subsidios. El dinero deber\u00eda utilizarse mejor para inversiones en una infraestructura moderna. Si los costos de producci\u00f3n disminuyen, el transporte de vagones individuales se fortalecer\u00e1 econ\u00f3micamente como una alternativa al cami\u00f3n\u00bb, dijo Westenberger.<\/p>\n<p>Con hasta 200 millones de euros por a\u00f1o, seg\u00fan la propuesta de LAS FERROCARRILES DE CARGA, se modernizar\u00e1n y electrificar\u00e1n, entre otros, ramales a solicitud. Tambi\u00e9n se incluyen instalaciones de transbordo y accesos ferroviarios, la adquisici\u00f3n de locomotoras h\u00edbridas modernas y vagones especiales, la implementaci\u00f3n del sistema europeo de se\u00f1alizaci\u00f3n y seguridad ETCS y el aumento de las subvenciones de inversi\u00f3n muy solicitadas para la modernizaci\u00f3n de infraestructuras no estatales. Finalmente, LAS FERROCARRILES DE CARGA sugieren iniciar un experimento modelo m\u00e1s profundo para el Acoplamiento Autom\u00e1tico Digital y llevar a cabo la propuesta nunca realizada del plan maestro de transporte ferroviario de mercanc\u00edas de pagar la promoci\u00f3n de tarifas de ruta tambi\u00e9n en l\u00edneas que no pertenecen a la red de DB.<\/p>\n<h5>Las propuestas y los t\u00edtulos presupuestarios correspondientes para la presupuestaci\u00f3n en detalle:<\/h5>\n<ul>\n<li>Aumentar los fondos para la promoci\u00f3n de la adquisici\u00f3n de locomotoras de doble tracci\u00f3n en el t\u00edtulo presupuestario 892 06-332 (subsidios para la promoci\u00f3n de propulsiones alternativas en el transporte ferroviario)<\/li>\n<li>Aumentar los fondos para la electrificaci\u00f3n de accesos ferroviarios en el t\u00edtulo presupuestario 891 08 -742 (iniciativa de promoci\u00f3n \u00abFerrocarril El\u00e9ctrico\u00bb)<\/li>\n<li>Aumentar los fondos para instalaciones de servicio y puntos de carga en el t\u00edtulo presupuestario 892 42 -790 (subsidios de inversi\u00f3n a empresas privadas para la promoci\u00f3n de la nueva construcci\u00f3n y ampliaci\u00f3n, reactivaci\u00f3n y reemplazo de accesos ferroviarios y otras instalaciones del transporte ferroviario de mercanc\u00edas)<\/li>\n<li>Aumentar los fondos para el equipamiento de veh\u00edculos ETCS en el t\u00edtulo presupuestario 891 06 -742 (equipamiento de la infraestructura alemana y del material rodante con el sistema europeo de gesti\u00f3n del tr\u00e1fico ferroviario ERTMS (European Rail Traffic Management System))<\/li>\n<li>Aumentar los fondos para el programa federal \u00abFuturo del Transporte Ferroviario de Mercanc\u00edas\u00bb, incluida la promoci\u00f3n de la adquisici\u00f3n y equipamiento de vagones en el t\u00edtulo presupuestario 683 51 -742 (programa federal \u00abFuturo del Transporte Ferroviario de Mercanc\u00edas\u00bb)<\/li>\n<li>Aumentar el SGFFG y la extensi\u00f3n de la promoci\u00f3n de tarifas de ruta a infraestructuras ferroviarias no estatales en el t\u00edtulo presupuestario 891 51 -742 (subsidios de construcci\u00f3n para inversiones en las v\u00edas de ferrocarriles no estatales)<\/li>\n<li>Aumentar los fondos para acelerar la modernizaci\u00f3n de estaciones de se\u00f1alizaci\u00f3n en el t\u00edtulo presupuestario 891 01-742 (subsidios de construcci\u00f3n para inversiones del plan de necesidades ferroviarias)<\/li>\n<li>Aumentar los fondos para sistemas de diagn\u00f3stico digital (\u00abmonitorizaci\u00f3n de v\u00eda\u00bb) en el t\u00edtulo presupuestario 891 11-742 (subsidios de construcci\u00f3n para una contribuci\u00f3n de infraestructura para el mantenimiento de las v\u00edas de los ferrocarriles federales)<\/li>\n<\/ul>\n<p>Aumentar los fondos para la promoci\u00f3n de experimentos modelo para el desarrollo de un Acoplamiento Autom\u00e1tico en el t\u00edtulo presupuestario 545 01-719 (conferencias, reuniones, ferias y exposiciones)<\/p>\n<p>Foto: \u00a9 SBB Cargo<\/p>\n","protected":false},"excerpt":{"rendered":"<p>En las consultas sobre el presupuesto federal 2024, LAS FERROCARRILES DE CARGA han propuesto nueve medidas para reducir los problemas de infraestructura t\u00edpicos del transporte de<span class=\"excerpt-hellip\"> [\u2026]<\/span><\/p>\n","protected":false},"author":0,"featured_media":7518,"comment_status":"open","ping_status":"open","sticky":false,"template":"","format":"standard","meta":{"_acf_changed":false,"footnotes":""},"categories":[1557,1561],"tags":[],"class_list":["post-62864","post","type-post","status-publish","format-standard","has-post-thumbnail","hentry","category-forwarding-logistics","category-regions"],"acf":[],"yoast_head":"<!-- This site is optimized with the Yoast SEO plugin v27.3 - https:\/\/yoast.com\/product\/yoast-seo-wordpress\/ -->\n<title>LAS FERROCARRILES DE CARGA con propuestas para el transporte de vagones individuales - Loginfo24<\/title>\n<meta name=\"robots\" content=\"index, follow, max-snippet:-1, max-image-preview:large, max-video-preview:-1\" \/>\n<link rel=\"canonical\" href=\"https:\/\/loginfo24.com\/es\/2023\/09\/28\/las-ferrocarriles-de-carga-con-propuestas-para-el-transporte-de-vagones-individuales\/\" \/>\n<meta property=\"og:locale\" content=\"es_ES\" \/>\n<meta property=\"og:type\" content=\"article\" \/>\n<meta property=\"og:title\" content=\"LAS FERROCARRILES DE CARGA con propuestas para el transporte de vagones individuales - Loginfo24\" \/>\n<meta property=\"og:description\" content=\"En las consultas sobre el presupuesto federal 2024, LAS FERROCARRILES DE CARGA han propuesto nueve medidas para reducir los problemas de infraestructura t\u00edpicos del transporte de [\u2026]\" \/>\n<meta property=\"og:url\" content=\"https:\/\/loginfo24.com\/es\/2023\/09\/28\/las-ferrocarriles-de-carga-con-propuestas-para-el-transporte-de-vagones-individuales\/\" \/>\n<meta property=\"og:site_name\" content=\"Loginfo24\" \/>\n<meta property=\"article:publisher\" content=\"https:\/\/www.facebook.com\/people\/Loginfo24\/100057360583332\/\" \/>\n<meta property=\"article:published_time\" content=\"2023-09-28T16:49:18+00:00\" \/>\n<meta property=\"og:image\" content=\"https:\/\/loginfo24.com\/wp-content\/uploads\/sites\/7\/2025\/12\/Bahnwagon_SBB_copyright_SBB.jpg\" \/>\n\t<meta property=\"og:image:width\" content=\"1449\" \/>\n\t<meta property=\"og:image:height\" content=\"732\" \/>\n\t<meta property=\"og:image:type\" content=\"image\/jpeg\" \/>\n<meta name=\"twitter:card\" content=\"summary_large_image\" \/>\n<meta name=\"twitter:label1\" content=\"Tiempo de lectura\" \/>\n\t<meta name=\"twitter:data1\" content=\"5 minuto\" \/>\n<script type=\"application\/ld+json\" class=\"yoast-schema-graph\">{\"@context\":\"https:\\\/\\\/schema.org\",\"@graph\":[{\"@type\":\"Article\",\"@id\":\"https:\\\/\\\/loginfo24.com\\\/es\\\/2023\\\/09\\\/28\\\/las-ferrocarriles-de-carga-con-propuestas-para-el-transporte-de-vagones-individuales\\\/#article\",\"isPartOf\":{\"@id\":\"https:\\\/\\\/loginfo24.com\\\/es\\\/2023\\\/09\\\/28\\\/las-ferrocarriles-de-carga-con-propuestas-para-el-transporte-de-vagones-individuales\\\/\"},\"author\":{\"name\":\"\",\"@id\":\"\"},\"headline\":\"LAS FERROCARRILES DE CARGA con propuestas para el transporte de vagones individuales\",\"datePublished\":\"2023-09-28T16:49:18+00:00\",\"mainEntityOfPage\":{\"@id\":\"https:\\\/\\\/loginfo24.com\\\/es\\\/2023\\\/09\\\/28\\\/las-ferrocarriles-de-carga-con-propuestas-para-el-transporte-de-vagones-individuales\\\/\"},\"wordCount\":985,\"commentCount\":0,\"publisher\":{\"@id\":\"https:\\\/\\\/loginfo24.com\\\/es\\\/#organization\"},\"image\":{\"@id\":\"https:\\\/\\\/loginfo24.com\\\/es\\\/2023\\\/09\\\/28\\\/las-ferrocarriles-de-carga-con-propuestas-para-el-transporte-de-vagones-individuales\\\/#primaryimage\"},\"thumbnailUrl\":\"https:\\\/\\\/loginfo24.com\\\/wp-content\\\/uploads\\\/sites\\\/7\\\/2025\\\/12\\\/Bahnwagon_SBB_copyright_SBB.jpg\",\"articleSection\":[\"Forwarding &amp; Logistics\",\"Regions\"],\"inLanguage\":\"es\",\"potentialAction\":[{\"@type\":\"CommentAction\",\"name\":\"Comment\",\"target\":[\"https:\\\/\\\/loginfo24.com\\\/es\\\/2023\\\/09\\\/28\\\/las-ferrocarriles-de-carga-con-propuestas-para-el-transporte-de-vagones-individuales\\\/#respond\"]}]},{\"@type\":\"WebPage\",\"@id\":\"https:\\\/\\\/loginfo24.com\\\/es\\\/2023\\\/09\\\/28\\\/las-ferrocarriles-de-carga-con-propuestas-para-el-transporte-de-vagones-individuales\\\/\",\"url\":\"https:\\\/\\\/loginfo24.com\\\/es\\\/2023\\\/09\\\/28\\\/las-ferrocarriles-de-carga-con-propuestas-para-el-transporte-de-vagones-individuales\\\/\",\"name\":\"LAS FERROCARRILES DE CARGA con propuestas para el transporte de vagones individuales - Loginfo24\",\"isPartOf\":{\"@id\":\"https:\\\/\\\/loginfo24.com\\\/es\\\/#website\"},\"primaryImageOfPage\":{\"@id\":\"https:\\\/\\\/loginfo24.com\\\/es\\\/2023\\\/09\\\/28\\\/las-ferrocarriles-de-carga-con-propuestas-para-el-transporte-de-vagones-individuales\\\/#primaryimage\"},\"image\":{\"@id\":\"https:\\\/\\\/loginfo24.com\\\/es\\\/2023\\\/09\\\/28\\\/las-ferrocarriles-de-carga-con-propuestas-para-el-transporte-de-vagones-individuales\\\/#primaryimage\"},\"thumbnailUrl\":\"https:\\\/\\\/loginfo24.com\\\/wp-content\\\/uploads\\\/sites\\\/7\\\/2025\\\/12\\\/Bahnwagon_SBB_copyright_SBB.jpg\",\"datePublished\":\"2023-09-28T16:49:18+00:00\",\"breadcrumb\":{\"@id\":\"https:\\\/\\\/loginfo24.com\\\/es\\\/2023\\\/09\\\/28\\\/las-ferrocarriles-de-carga-con-propuestas-para-el-transporte-de-vagones-individuales\\\/#breadcrumb\"},\"inLanguage\":\"es\",\"potentialAction\":[{\"@type\":\"ReadAction\",\"target\":[\"https:\\\/\\\/loginfo24.com\\\/es\\\/2023\\\/09\\\/28\\\/las-ferrocarriles-de-carga-con-propuestas-para-el-transporte-de-vagones-individuales\\\/\"]}]},{\"@type\":\"ImageObject\",\"inLanguage\":\"es\",\"@id\":\"https:\\\/\\\/loginfo24.com\\\/es\\\/2023\\\/09\\\/28\\\/las-ferrocarriles-de-carga-con-propuestas-para-el-transporte-de-vagones-individuales\\\/#primaryimage\",\"url\":\"https:\\\/\\\/loginfo24.com\\\/wp-content\\\/uploads\\\/sites\\\/7\\\/2025\\\/12\\\/Bahnwagon_SBB_copyright_SBB.jpg\",\"contentUrl\":\"https:\\\/\\\/loginfo24.com\\\/wp-content\\\/uploads\\\/sites\\\/7\\\/2025\\\/12\\\/Bahnwagon_SBB_copyright_SBB.jpg\",\"width\":1449,\"height\":732},{\"@type\":\"BreadcrumbList\",\"@id\":\"https:\\\/\\\/loginfo24.com\\\/es\\\/2023\\\/09\\\/28\\\/las-ferrocarriles-de-carga-con-propuestas-para-el-transporte-de-vagones-individuales\\\/#breadcrumb\",\"itemListElement\":[{\"@type\":\"ListItem\",\"position\":1,\"name\":\"Startseite\",\"item\":\"https:\\\/\\\/loginfo24.com\\\/es\\\/\"},{\"@type\":\"ListItem\",\"position\":2,\"name\":\"LAS FERROCARRILES DE CARGA con propuestas para el transporte de vagones individuales\"}]},{\"@type\":\"WebSite\",\"@id\":\"https:\\\/\\\/loginfo24.com\\\/es\\\/#website\",\"url\":\"https:\\\/\\\/loginfo24.com\\\/es\\\/\",\"name\":\"Loginfo24\",\"description\":\"Loginfo24 es la plataforma dedicada a la log\u00edstica y las cadenas de suministro con informaci\u00f3n las 24 horas del d\u00eda.\",\"publisher\":{\"@id\":\"https:\\\/\\\/loginfo24.com\\\/es\\\/#organization\"},\"potentialAction\":[{\"@type\":\"SearchAction\",\"target\":{\"@type\":\"EntryPoint\",\"urlTemplate\":\"https:\\\/\\\/loginfo24.com\\\/es\\\/?s={search_term_string}\"},\"query-input\":{\"@type\":\"PropertyValueSpecification\",\"valueRequired\":true,\"valueName\":\"search_term_string\"}}],\"inLanguage\":\"es\"},{\"@type\":\"Organization\",\"@id\":\"https:\\\/\\\/loginfo24.com\\\/es\\\/#organization\",\"name\":\"Grupo Logismedia AG\",\"url\":\"https:\\\/\\\/loginfo24.com\\\/es\\\/\",\"logo\":{\"@type\":\"ImageObject\",\"inLanguage\":\"es\",\"@id\":\"https:\\\/\\\/loginfo24.com\\\/es\\\/#\\\/schema\\\/logo\\\/image\\\/\",\"url\":\"https:\\\/\\\/loginfo24.com\\\/wp-content\\\/uploads\\\/sites\\\/7\\\/2026\\\/01\\\/Logo_LogInfo24.png\",\"contentUrl\":\"https:\\\/\\\/loginfo24.com\\\/wp-content\\\/uploads\\\/sites\\\/7\\\/2026\\\/01\\\/Logo_LogInfo24.png\",\"width\":938,\"height\":351,\"caption\":\"Grupo Logismedia AG\"},\"image\":{\"@id\":\"https:\\\/\\\/loginfo24.com\\\/es\\\/#\\\/schema\\\/logo\\\/image\\\/\"},\"sameAs\":[\"https:\\\/\\\/www.facebook.com\\\/people\\\/Loginfo24\\\/100057360583332\\\/\",\"https:\\\/\\\/www.linkedin.com\\\/company\\\/lofinfo24\\\/\"]}]}<\/script>\n<!-- \/ Yoast SEO plugin. -->","yoast_head_json":{"title":"LAS FERROCARRILES DE CARGA con propuestas para el transporte de vagones individuales - Loginfo24","robots":{"index":"index","follow":"follow","max-snippet":"max-snippet:-1","max-image-preview":"max-image-preview:large","max-video-preview":"max-video-preview:-1"},"canonical":"https:\/\/loginfo24.com\/es\/2023\/09\/28\/las-ferrocarriles-de-carga-con-propuestas-para-el-transporte-de-vagones-individuales\/","og_locale":"es_ES","og_type":"article","og_title":"LAS FERROCARRILES DE CARGA con propuestas para el transporte de vagones individuales - Loginfo24","og_description":"En las consultas sobre el presupuesto federal 2024, LAS FERROCARRILES DE CARGA han propuesto nueve medidas para reducir los problemas de infraestructura t\u00edpicos del transporte de [\u2026]","og_url":"https:\/\/loginfo24.com\/es\/2023\/09\/28\/las-ferrocarriles-de-carga-con-propuestas-para-el-transporte-de-vagones-individuales\/","og_site_name":"Loginfo24","article_publisher":"https:\/\/www.facebook.com\/people\/Loginfo24\/100057360583332\/","article_published_time":"2023-09-28T16:49:18+00:00","og_image":[{"width":1449,"height":732,"url":"https:\/\/loginfo24.com\/wp-content\/uploads\/sites\/7\/2025\/12\/Bahnwagon_SBB_copyright_SBB.jpg","type":"image\/jpeg"}],"twitter_card":"summary_large_image","twitter_misc":{"Tiempo de lectura":"5 minuto"},"schema":{"@context":"https:\/\/schema.org","@graph":[{"@type":"Article","@id":"https:\/\/loginfo24.com\/es\/2023\/09\/28\/las-ferrocarriles-de-carga-con-propuestas-para-el-transporte-de-vagones-individuales\/#article","isPartOf":{"@id":"https:\/\/loginfo24.com\/es\/2023\/09\/28\/las-ferrocarriles-de-carga-con-propuestas-para-el-transporte-de-vagones-individuales\/"},"author":{"name":"","@id":""},"headline":"LAS FERROCARRILES DE CARGA con propuestas para el transporte de vagones individuales","datePublished":"2023-09-28T16:49:18+00:00","mainEntityOfPage":{"@id":"https:\/\/loginfo24.com\/es\/2023\/09\/28\/las-ferrocarriles-de-carga-con-propuestas-para-el-transporte-de-vagones-individuales\/"},"wordCount":985,"commentCount":0,"publisher":{"@id":"https:\/\/loginfo24.com\/es\/#organization"},"image":{"@id":"https:\/\/loginfo24.com\/es\/2023\/09\/28\/las-ferrocarriles-de-carga-con-propuestas-para-el-transporte-de-vagones-individuales\/#primaryimage"},"thumbnailUrl":"https:\/\/loginfo24.com\/wp-content\/uploads\/sites\/7\/2025\/12\/Bahnwagon_SBB_copyright_SBB.jpg","articleSection":["Forwarding &amp; Logistics","Regions"],"inLanguage":"es","potentialAction":[{"@type":"CommentAction","name":"Comment","target":["https:\/\/loginfo24.com\/es\/2023\/09\/28\/las-ferrocarriles-de-carga-con-propuestas-para-el-transporte-de-vagones-individuales\/#respond"]}]},{"@type":"WebPage","@id":"https:\/\/loginfo24.com\/es\/2023\/09\/28\/las-ferrocarriles-de-carga-con-propuestas-para-el-transporte-de-vagones-individuales\/","url":"https:\/\/loginfo24.com\/es\/2023\/09\/28\/las-ferrocarriles-de-carga-con-propuestas-para-el-transporte-de-vagones-individuales\/","name":"LAS FERROCARRILES DE CARGA con propuestas para el transporte de vagones individuales - Loginfo24","isPartOf":{"@id":"https:\/\/loginfo24.com\/es\/#website"},"primaryImageOfPage":{"@id":"https:\/\/loginfo24.com\/es\/2023\/09\/28\/las-ferrocarriles-de-carga-con-propuestas-para-el-transporte-de-vagones-individuales\/#primaryimage"},"image":{"@id":"https:\/\/loginfo24.com\/es\/2023\/09\/28\/las-ferrocarriles-de-carga-con-propuestas-para-el-transporte-de-vagones-individuales\/#primaryimage"},"thumbnailUrl":"https:\/\/loginfo24.com\/wp-content\/uploads\/sites\/7\/2025\/12\/Bahnwagon_SBB_copyright_SBB.jpg","datePublished":"2023-09-28T16:49:18+00:00","breadcrumb":{"@id":"https:\/\/loginfo24.com\/es\/2023\/09\/28\/las-ferrocarriles-de-carga-con-propuestas-para-el-transporte-de-vagones-individuales\/#breadcrumb"},"inLanguage":"es","potentialAction":[{"@type":"ReadAction","target":["https:\/\/loginfo24.com\/es\/2023\/09\/28\/las-ferrocarriles-de-carga-con-propuestas-para-el-transporte-de-vagones-individuales\/"]}]},{"@type":"ImageObject","inLanguage":"es","@id":"https:\/\/loginfo24.com\/es\/2023\/09\/28\/las-ferrocarriles-de-carga-con-propuestas-para-el-transporte-de-vagones-individuales\/#primaryimage","url":"https:\/\/loginfo24.com\/wp-content\/uploads\/sites\/7\/2025\/12\/Bahnwagon_SBB_copyright_SBB.jpg","contentUrl":"https:\/\/loginfo24.com\/wp-content\/uploads\/sites\/7\/2025\/12\/Bahnwagon_SBB_copyright_SBB.jpg","width":1449,"height":732},{"@type":"BreadcrumbList","@id":"https:\/\/loginfo24.com\/es\/2023\/09\/28\/las-ferrocarriles-de-carga-con-propuestas-para-el-transporte-de-vagones-individuales\/#breadcrumb","itemListElement":[{"@type":"ListItem","position":1,"name":"Startseite","item":"https:\/\/loginfo24.com\/es\/"},{"@type":"ListItem","position":2,"name":"LAS FERROCARRILES DE CARGA con propuestas para el transporte de vagones individuales"}]},{"@type":"WebSite","@id":"https:\/\/loginfo24.com\/es\/#website","url":"https:\/\/loginfo24.com\/es\/","name":"Loginfo24","description":"Loginfo24 es la plataforma dedicada a la log\u00edstica y las cadenas de suministro con informaci\u00f3n las 24 horas del d\u00eda.","publisher":{"@id":"https:\/\/loginfo24.com\/es\/#organization"},"potentialAction":[{"@type":"SearchAction","target":{"@type":"EntryPoint","urlTemplate":"https:\/\/loginfo24.com\/es\/?s={search_term_string}"},"query-input":{"@type":"PropertyValueSpecification","valueRequired":true,"valueName":"search_term_string"}}],"inLanguage":"es"},{"@type":"Organization","@id":"https:\/\/loginfo24.com\/es\/#organization","name":"Grupo Logismedia AG","url":"https:\/\/loginfo24.com\/es\/","logo":{"@type":"ImageObject","inLanguage":"es","@id":"https:\/\/loginfo24.com\/es\/#\/schema\/logo\/image\/","url":"https:\/\/loginfo24.com\/wp-content\/uploads\/sites\/7\/2026\/01\/Logo_LogInfo24.png","contentUrl":"https:\/\/loginfo24.com\/wp-content\/uploads\/sites\/7\/2026\/01\/Logo_LogInfo24.png","width":938,"height":351,"caption":"Grupo Logismedia AG"},"image":{"@id":"https:\/\/loginfo24.com\/es\/#\/schema\/logo\/image\/"},"sameAs":["https:\/\/www.facebook.com\/people\/Loginfo24\/100057360583332\/","https:\/\/www.linkedin.com\/company\/lofinfo24\/"]}]}},"_links":{"self":[{"href":"https:\/\/loginfo24.com\/es\/wp-json\/wp\/v2\/posts\/62864","targetHints":{"allow":["GET"]}}],"collection":[{"href":"https:\/\/loginfo24.com\/es\/wp-json\/wp\/v2\/posts"}],"about":[{"href":"https:\/\/loginfo24.com\/es\/wp-json\/wp\/v2\/types\/post"}],"replies":[{"embeddable":true,"href":"https:\/\/loginfo24.com\/es\/wp-json\/wp\/v2\/comments?post=62864"}],"version-history":[{"count":0,"href":"https:\/\/loginfo24.com\/es\/wp-json\/wp\/v2\/posts\/62864\/revisions"}],"wp:featuredmedia":[{"embeddable":true,"href":"https:\/\/loginfo24.com\/es\/wp-json\/wp\/v2\/media\/7518"}],"wp:attachment":[{"href":"https:\/\/loginfo24.com\/es\/wp-json\/wp\/v2\/media?parent=62864"}],"wp:term":[{"taxonomy":"category","embeddable":true,"href":"https:\/\/loginfo24.com\/es\/wp-json\/wp\/v2\/categories?post=62864"},{"taxonomy":"post_tag","embeddable":true,"href":"https:\/\/loginfo24.com\/es\/wp-json\/wp\/v2\/tags?post=62864"}],"curies":[{"name":"wp","href":"https:\/\/api.w.org\/{rel}","templated":true}]}}