{"id":62802,"date":"2023-09-23T18:13:03","date_gmt":"2023-09-23T16:13:03","guid":{"rendered":"https:\/\/blog.brand-architecture.at\/2023\/09\/23\/robert-reineke-es-nombrado-director-general-de-sct-gmbh\/"},"modified":"2023-09-23T18:13:03","modified_gmt":"2023-09-23T16:13:03","slug":"robert-reineke-es-nombrado-director-general-de-sct-gmbh","status":"publish","type":"post","link":"https:\/\/loginfo24.com\/es\/2023\/09\/23\/robert-reineke-es-nombrado-director-general-de-sct-gmbh\/","title":{"rendered":"Robert Reineke es nombrado director general de SCT GmbH"},"content":{"rendered":"<h5><strong>Robert Reineke es nombrado director general de SCT GmbH Supply Chain Technologies y fortalecer\u00e1 el equipo de liderazgo junto a Bernd Reineke y Andreas Capellmann. Robert Reineke ha estado trabajando desde 2012 con los expertos en software para la gesti\u00f3n de disposiciones y la planificaci\u00f3n de la producci\u00f3n.<\/strong><\/h5>\n<p>(Herzogenrath) Durante este tiempo, fue responsable, entre otras cosas, de la implementaci\u00f3n de una soluci\u00f3n PP\/DS basada en IA, as\u00ed como de la integraci\u00f3n de inteligencia artificial en el sistema de planificaci\u00f3n y programaci\u00f3n avanzada DISKOVER. El desarrollo continuo de esta oferta ser\u00e1 tambi\u00e9n uno de sus enfoques en el futuro.<\/p>\n<p>\u00abMe apasiona la optimizaci\u00f3n de la cadena de suministro y el uso de las tecnolog\u00edas y m\u00e9todos m\u00e1s recientes que pueden impulsar nuestra empresa en el din\u00e1mico mundo empresarial actual\u00bb, explica Reineke. \u00abEn un momento en que las innovaciones tecnol\u00f3gicas avanzan r\u00e1pidamente, veo como mi tarea posicionar a SCT como l\u00edder tecnol\u00f3gico en nuestro segmento de mercado. Tambi\u00e9n quiero expandir nuestra presencia a nivel nacional e internacional y establecer nuevas asociaciones para ampliar nuestra base de clientes\u00bb, subraya Reineke sus objetivos.<\/p>\n<p><img loading=\"lazy\" decoding=\"async\" class=\" wp-image-24248 alignleft\" src=\"https:\/\/loginfo24.com\/wp-content\/uploads\/sites\/7\/2025\/12\/SCT_23.9.23_2_3-230x300.jpg\" alt=\"\" width=\"94\" height=\"122\" \/>Reineke posee un amplio conocimiento en inform\u00e1tica, que adquiri\u00f3 durante su maestr\u00eda en inform\u00e1tica en la RWTH Aachen, as\u00ed como a trav\u00e9s de numerosos proyectos con clientes y el desarrollo de la oferta de software de SCT. Durante su tiempo en SCT, Reineke gan\u00f3 diversas perspectivas sobre las estructuras y procesos t\u00e9cnicos y comerciales tanto de SCT GmbH como de sus clientes. En estrecha colaboraci\u00f3n con ellos, desarroll\u00f3 soluciones y potenciales de optimizaci\u00f3n para sus procesos comerciales.<\/p>\n<p>Foto: \u00a9 SCT GmbH<\/p>\n","protected":false},"excerpt":{"rendered":"<p>Robert Reineke es nombrado director general de SCT GmbH Supply Chain Technologies y fortalecer\u00e1 el equipo de liderazgo junto a Bernd Reineke y Andreas Capellmann. Robert<span class=\"excerpt-hellip\"> [\u2026]<\/span><\/p>\n","protected":false},"author":0,"featured_media":7542,"comment_status":"open","ping_status":"open","sticky":false,"template":"","format":"standard","meta":{"_acf_changed":false,"footnotes":""},"categories":[1665,1557,1561],"tags":[],"class_list":["post-62802","post","type-post","status-publish","format-standard","has-post-thumbnail","hentry","category-categories","category-forwarding-logistics","category-regions"],"acf":[],"yoast_head":"<!-- This site is optimized with the Yoast SEO plugin v27.3 - https:\/\/yoast.com\/product\/yoast-seo-wordpress\/ -->\n<title>Robert Reineke es nombrado director general de SCT GmbH - Loginfo24<\/title>\n<meta name=\"robots\" content=\"index, follow, max-snippet:-1, max-image-preview:large, max-video-preview:-1\" \/>\n<link rel=\"canonical\" href=\"https:\/\/loginfo24.com\/es\/2023\/09\/23\/robert-reineke-es-nombrado-director-general-de-sct-gmbh\/\" \/>\n<meta property=\"og:locale\" content=\"es_ES\" \/>\n<meta property=\"og:type\" content=\"article\" \/>\n<meta property=\"og:title\" content=\"Robert Reineke es nombrado director general de SCT GmbH - Loginfo24\" \/>\n<meta property=\"og:description\" content=\"Robert Reineke es nombrado director general de SCT GmbH Supply Chain Technologies y fortalecer\u00e1 el equipo de liderazgo junto a Bernd Reineke y Andreas Capellmann. Robert [\u2026]\" \/>\n<meta property=\"og:url\" content=\"https:\/\/loginfo24.com\/es\/2023\/09\/23\/robert-reineke-es-nombrado-director-general-de-sct-gmbh\/\" \/>\n<meta property=\"og:site_name\" content=\"Loginfo24\" \/>\n<meta property=\"article:publisher\" content=\"https:\/\/www.facebook.com\/people\/Loginfo24\/100057360583332\/\" \/>\n<meta property=\"article:published_time\" content=\"2023-09-23T16:13:03+00:00\" \/>\n<meta property=\"og:image\" content=\"https:\/\/loginfo24.com\/wp-content\/uploads\/sites\/7\/2025\/12\/SCT_23.9.23.jpg\" \/>\n\t<meta property=\"og:image:width\" content=\"1282\" \/>\n\t<meta property=\"og:image:height\" content=\"721\" \/>\n\t<meta property=\"og:image:type\" content=\"image\/jpeg\" \/>\n<meta name=\"twitter:card\" content=\"summary_large_image\" \/>\n<meta name=\"twitter:label1\" content=\"Tiempo de lectura\" \/>\n\t<meta name=\"twitter:data1\" content=\"1 minuto\" \/>\n<script type=\"application\/ld+json\" class=\"yoast-schema-graph\">{\"@context\":\"https:\\\/\\\/schema.org\",\"@graph\":[{\"@type\":\"Article\",\"@id\":\"https:\\\/\\\/loginfo24.com\\\/es\\\/2023\\\/09\\\/23\\\/robert-reineke-es-nombrado-director-general-de-sct-gmbh\\\/#article\",\"isPartOf\":{\"@id\":\"https:\\\/\\\/loginfo24.com\\\/es\\\/2023\\\/09\\\/23\\\/robert-reineke-es-nombrado-director-general-de-sct-gmbh\\\/\"},\"author\":{\"name\":\"\",\"@id\":\"\"},\"headline\":\"Robert Reineke es nombrado director general de SCT GmbH\",\"datePublished\":\"2023-09-23T16:13:03+00:00\",\"mainEntityOfPage\":{\"@id\":\"https:\\\/\\\/loginfo24.com\\\/es\\\/2023\\\/09\\\/23\\\/robert-reineke-es-nombrado-director-general-de-sct-gmbh\\\/\"},\"wordCount\":295,\"commentCount\":0,\"publisher\":{\"@id\":\"https:\\\/\\\/loginfo24.com\\\/es\\\/#organization\"},\"image\":{\"@id\":\"https:\\\/\\\/loginfo24.com\\\/es\\\/2023\\\/09\\\/23\\\/robert-reineke-es-nombrado-director-general-de-sct-gmbh\\\/#primaryimage\"},\"thumbnailUrl\":\"https:\\\/\\\/loginfo24.com\\\/wp-content\\\/uploads\\\/sites\\\/7\\\/2025\\\/12\\\/SCT_23.9.23.jpg\",\"articleSection\":[\"Categories\",\"Forwarding &amp; Logistics\",\"Regions\"],\"inLanguage\":\"es\",\"potentialAction\":[{\"@type\":\"CommentAction\",\"name\":\"Comment\",\"target\":[\"https:\\\/\\\/loginfo24.com\\\/es\\\/2023\\\/09\\\/23\\\/robert-reineke-es-nombrado-director-general-de-sct-gmbh\\\/#respond\"]}]},{\"@type\":\"WebPage\",\"@id\":\"https:\\\/\\\/loginfo24.com\\\/es\\\/2023\\\/09\\\/23\\\/robert-reineke-es-nombrado-director-general-de-sct-gmbh\\\/\",\"url\":\"https:\\\/\\\/loginfo24.com\\\/es\\\/2023\\\/09\\\/23\\\/robert-reineke-es-nombrado-director-general-de-sct-gmbh\\\/\",\"name\":\"Robert Reineke es nombrado director general de SCT GmbH - Loginfo24\",\"isPartOf\":{\"@id\":\"https:\\\/\\\/loginfo24.com\\\/es\\\/#website\"},\"primaryImageOfPage\":{\"@id\":\"https:\\\/\\\/loginfo24.com\\\/es\\\/2023\\\/09\\\/23\\\/robert-reineke-es-nombrado-director-general-de-sct-gmbh\\\/#primaryimage\"},\"image\":{\"@id\":\"https:\\\/\\\/loginfo24.com\\\/es\\\/2023\\\/09\\\/23\\\/robert-reineke-es-nombrado-director-general-de-sct-gmbh\\\/#primaryimage\"},\"thumbnailUrl\":\"https:\\\/\\\/loginfo24.com\\\/wp-content\\\/uploads\\\/sites\\\/7\\\/2025\\\/12\\\/SCT_23.9.23.jpg\",\"datePublished\":\"2023-09-23T16:13:03+00:00\",\"breadcrumb\":{\"@id\":\"https:\\\/\\\/loginfo24.com\\\/es\\\/2023\\\/09\\\/23\\\/robert-reineke-es-nombrado-director-general-de-sct-gmbh\\\/#breadcrumb\"},\"inLanguage\":\"es\",\"potentialAction\":[{\"@type\":\"ReadAction\",\"target\":[\"https:\\\/\\\/loginfo24.com\\\/es\\\/2023\\\/09\\\/23\\\/robert-reineke-es-nombrado-director-general-de-sct-gmbh\\\/\"]}]},{\"@type\":\"ImageObject\",\"inLanguage\":\"es\",\"@id\":\"https:\\\/\\\/loginfo24.com\\\/es\\\/2023\\\/09\\\/23\\\/robert-reineke-es-nombrado-director-general-de-sct-gmbh\\\/#primaryimage\",\"url\":\"https:\\\/\\\/loginfo24.com\\\/wp-content\\\/uploads\\\/sites\\\/7\\\/2025\\\/12\\\/SCT_23.9.23.jpg\",\"contentUrl\":\"https:\\\/\\\/loginfo24.com\\\/wp-content\\\/uploads\\\/sites\\\/7\\\/2025\\\/12\\\/SCT_23.9.23.jpg\",\"width\":1282,\"height\":721},{\"@type\":\"BreadcrumbList\",\"@id\":\"https:\\\/\\\/loginfo24.com\\\/es\\\/2023\\\/09\\\/23\\\/robert-reineke-es-nombrado-director-general-de-sct-gmbh\\\/#breadcrumb\",\"itemListElement\":[{\"@type\":\"ListItem\",\"position\":1,\"name\":\"Startseite\",\"item\":\"https:\\\/\\\/loginfo24.com\\\/es\\\/\"},{\"@type\":\"ListItem\",\"position\":2,\"name\":\"Robert Reineke es nombrado director general de SCT GmbH\"}]},{\"@type\":\"WebSite\",\"@id\":\"https:\\\/\\\/loginfo24.com\\\/es\\\/#website\",\"url\":\"https:\\\/\\\/loginfo24.com\\\/es\\\/\",\"name\":\"Loginfo24\",\"description\":\"Loginfo24 es la plataforma dedicada a la log\u00edstica y las cadenas de suministro con informaci\u00f3n las 24 horas del d\u00eda.\",\"publisher\":{\"@id\":\"https:\\\/\\\/loginfo24.com\\\/es\\\/#organization\"},\"potentialAction\":[{\"@type\":\"SearchAction\",\"target\":{\"@type\":\"EntryPoint\",\"urlTemplate\":\"https:\\\/\\\/loginfo24.com\\\/es\\\/?s={search_term_string}\"},\"query-input\":{\"@type\":\"PropertyValueSpecification\",\"valueRequired\":true,\"valueName\":\"search_term_string\"}}],\"inLanguage\":\"es\"},{\"@type\":\"Organization\",\"@id\":\"https:\\\/\\\/loginfo24.com\\\/es\\\/#organization\",\"name\":\"Grupo Logismedia AG\",\"url\":\"https:\\\/\\\/loginfo24.com\\\/es\\\/\",\"logo\":{\"@type\":\"ImageObject\",\"inLanguage\":\"es\",\"@id\":\"https:\\\/\\\/loginfo24.com\\\/es\\\/#\\\/schema\\\/logo\\\/image\\\/\",\"url\":\"https:\\\/\\\/loginfo24.com\\\/wp-content\\\/uploads\\\/sites\\\/7\\\/2026\\\/01\\\/Logo_LogInfo24.png\",\"contentUrl\":\"https:\\\/\\\/loginfo24.com\\\/wp-content\\\/uploads\\\/sites\\\/7\\\/2026\\\/01\\\/Logo_LogInfo24.png\",\"width\":938,\"height\":351,\"caption\":\"Grupo Logismedia AG\"},\"image\":{\"@id\":\"https:\\\/\\\/loginfo24.com\\\/es\\\/#\\\/schema\\\/logo\\\/image\\\/\"},\"sameAs\":[\"https:\\\/\\\/www.facebook.com\\\/people\\\/Loginfo24\\\/100057360583332\\\/\",\"https:\\\/\\\/www.linkedin.com\\\/company\\\/lofinfo24\\\/\"]}]}<\/script>\n<!-- \/ Yoast SEO plugin. -->","yoast_head_json":{"title":"Robert Reineke es nombrado director general de SCT GmbH - Loginfo24","robots":{"index":"index","follow":"follow","max-snippet":"max-snippet:-1","max-image-preview":"max-image-preview:large","max-video-preview":"max-video-preview:-1"},"canonical":"https:\/\/loginfo24.com\/es\/2023\/09\/23\/robert-reineke-es-nombrado-director-general-de-sct-gmbh\/","og_locale":"es_ES","og_type":"article","og_title":"Robert Reineke es nombrado director general de SCT GmbH - Loginfo24","og_description":"Robert Reineke es nombrado director general de SCT GmbH Supply Chain Technologies y fortalecer\u00e1 el equipo de liderazgo junto a Bernd Reineke y Andreas Capellmann. Robert [\u2026]","og_url":"https:\/\/loginfo24.com\/es\/2023\/09\/23\/robert-reineke-es-nombrado-director-general-de-sct-gmbh\/","og_site_name":"Loginfo24","article_publisher":"https:\/\/www.facebook.com\/people\/Loginfo24\/100057360583332\/","article_published_time":"2023-09-23T16:13:03+00:00","og_image":[{"width":1282,"height":721,"url":"https:\/\/loginfo24.com\/wp-content\/uploads\/sites\/7\/2025\/12\/SCT_23.9.23.jpg","type":"image\/jpeg"}],"twitter_card":"summary_large_image","twitter_misc":{"Tiempo de lectura":"1 minuto"},"schema":{"@context":"https:\/\/schema.org","@graph":[{"@type":"Article","@id":"https:\/\/loginfo24.com\/es\/2023\/09\/23\/robert-reineke-es-nombrado-director-general-de-sct-gmbh\/#article","isPartOf":{"@id":"https:\/\/loginfo24.com\/es\/2023\/09\/23\/robert-reineke-es-nombrado-director-general-de-sct-gmbh\/"},"author":{"name":"","@id":""},"headline":"Robert Reineke es nombrado director general de SCT GmbH","datePublished":"2023-09-23T16:13:03+00:00","mainEntityOfPage":{"@id":"https:\/\/loginfo24.com\/es\/2023\/09\/23\/robert-reineke-es-nombrado-director-general-de-sct-gmbh\/"},"wordCount":295,"commentCount":0,"publisher":{"@id":"https:\/\/loginfo24.com\/es\/#organization"},"image":{"@id":"https:\/\/loginfo24.com\/es\/2023\/09\/23\/robert-reineke-es-nombrado-director-general-de-sct-gmbh\/#primaryimage"},"thumbnailUrl":"https:\/\/loginfo24.com\/wp-content\/uploads\/sites\/7\/2025\/12\/SCT_23.9.23.jpg","articleSection":["Categories","Forwarding &amp; Logistics","Regions"],"inLanguage":"es","potentialAction":[{"@type":"CommentAction","name":"Comment","target":["https:\/\/loginfo24.com\/es\/2023\/09\/23\/robert-reineke-es-nombrado-director-general-de-sct-gmbh\/#respond"]}]},{"@type":"WebPage","@id":"https:\/\/loginfo24.com\/es\/2023\/09\/23\/robert-reineke-es-nombrado-director-general-de-sct-gmbh\/","url":"https:\/\/loginfo24.com\/es\/2023\/09\/23\/robert-reineke-es-nombrado-director-general-de-sct-gmbh\/","name":"Robert Reineke es nombrado director general de SCT GmbH - Loginfo24","isPartOf":{"@id":"https:\/\/loginfo24.com\/es\/#website"},"primaryImageOfPage":{"@id":"https:\/\/loginfo24.com\/es\/2023\/09\/23\/robert-reineke-es-nombrado-director-general-de-sct-gmbh\/#primaryimage"},"image":{"@id":"https:\/\/loginfo24.com\/es\/2023\/09\/23\/robert-reineke-es-nombrado-director-general-de-sct-gmbh\/#primaryimage"},"thumbnailUrl":"https:\/\/loginfo24.com\/wp-content\/uploads\/sites\/7\/2025\/12\/SCT_23.9.23.jpg","datePublished":"2023-09-23T16:13:03+00:00","breadcrumb":{"@id":"https:\/\/loginfo24.com\/es\/2023\/09\/23\/robert-reineke-es-nombrado-director-general-de-sct-gmbh\/#breadcrumb"},"inLanguage":"es","potentialAction":[{"@type":"ReadAction","target":["https:\/\/loginfo24.com\/es\/2023\/09\/23\/robert-reineke-es-nombrado-director-general-de-sct-gmbh\/"]}]},{"@type":"ImageObject","inLanguage":"es","@id":"https:\/\/loginfo24.com\/es\/2023\/09\/23\/robert-reineke-es-nombrado-director-general-de-sct-gmbh\/#primaryimage","url":"https:\/\/loginfo24.com\/wp-content\/uploads\/sites\/7\/2025\/12\/SCT_23.9.23.jpg","contentUrl":"https:\/\/loginfo24.com\/wp-content\/uploads\/sites\/7\/2025\/12\/SCT_23.9.23.jpg","width":1282,"height":721},{"@type":"BreadcrumbList","@id":"https:\/\/loginfo24.com\/es\/2023\/09\/23\/robert-reineke-es-nombrado-director-general-de-sct-gmbh\/#breadcrumb","itemListElement":[{"@type":"ListItem","position":1,"name":"Startseite","item":"https:\/\/loginfo24.com\/es\/"},{"@type":"ListItem","position":2,"name":"Robert Reineke es nombrado director general de SCT GmbH"}]},{"@type":"WebSite","@id":"https:\/\/loginfo24.com\/es\/#website","url":"https:\/\/loginfo24.com\/es\/","name":"Loginfo24","description":"Loginfo24 es la plataforma dedicada a la log\u00edstica y las cadenas de suministro con informaci\u00f3n las 24 horas del d\u00eda.","publisher":{"@id":"https:\/\/loginfo24.com\/es\/#organization"},"potentialAction":[{"@type":"SearchAction","target":{"@type":"EntryPoint","urlTemplate":"https:\/\/loginfo24.com\/es\/?s={search_term_string}"},"query-input":{"@type":"PropertyValueSpecification","valueRequired":true,"valueName":"search_term_string"}}],"inLanguage":"es"},{"@type":"Organization","@id":"https:\/\/loginfo24.com\/es\/#organization","name":"Grupo Logismedia AG","url":"https:\/\/loginfo24.com\/es\/","logo":{"@type":"ImageObject","inLanguage":"es","@id":"https:\/\/loginfo24.com\/es\/#\/schema\/logo\/image\/","url":"https:\/\/loginfo24.com\/wp-content\/uploads\/sites\/7\/2026\/01\/Logo_LogInfo24.png","contentUrl":"https:\/\/loginfo24.com\/wp-content\/uploads\/sites\/7\/2026\/01\/Logo_LogInfo24.png","width":938,"height":351,"caption":"Grupo Logismedia AG"},"image":{"@id":"https:\/\/loginfo24.com\/es\/#\/schema\/logo\/image\/"},"sameAs":["https:\/\/www.facebook.com\/people\/Loginfo24\/100057360583332\/","https:\/\/www.linkedin.com\/company\/lofinfo24\/"]}]}},"_links":{"self":[{"href":"https:\/\/loginfo24.com\/es\/wp-json\/wp\/v2\/posts\/62802","targetHints":{"allow":["GET"]}}],"collection":[{"href":"https:\/\/loginfo24.com\/es\/wp-json\/wp\/v2\/posts"}],"about":[{"href":"https:\/\/loginfo24.com\/es\/wp-json\/wp\/v2\/types\/post"}],"replies":[{"embeddable":true,"href":"https:\/\/loginfo24.com\/es\/wp-json\/wp\/v2\/comments?post=62802"}],"version-history":[{"count":0,"href":"https:\/\/loginfo24.com\/es\/wp-json\/wp\/v2\/posts\/62802\/revisions"}],"wp:featuredmedia":[{"embeddable":true,"href":"https:\/\/loginfo24.com\/es\/wp-json\/wp\/v2\/media\/7542"}],"wp:attachment":[{"href":"https:\/\/loginfo24.com\/es\/wp-json\/wp\/v2\/media?parent=62802"}],"wp:term":[{"taxonomy":"category","embeddable":true,"href":"https:\/\/loginfo24.com\/es\/wp-json\/wp\/v2\/categories?post=62802"},{"taxonomy":"post_tag","embeddable":true,"href":"https:\/\/loginfo24.com\/es\/wp-json\/wp\/v2\/tags?post=62802"}],"curies":[{"name":"wp","href":"https:\/\/api.w.org\/{rel}","templated":true}]}}