{"id":62637,"date":"2023-09-08T20:30:44","date_gmt":"2023-09-08T18:30:44","guid":{"rendered":"https:\/\/blog.brand-architecture.at\/2023\/09\/08\/los-creadores-de-economia-inician-una-encuesta-sobre-la-escasez-de-mano-de-obra-cualificada\/"},"modified":"2023-09-08T20:30:44","modified_gmt":"2023-09-08T18:30:44","slug":"los-creadores-de-economia-inician-una-encuesta-sobre-la-escasez-de-mano-de-obra-cualificada","status":"publish","type":"post","link":"https:\/\/loginfo24.com\/es\/2023\/09\/08\/los-creadores-de-economia-inician-una-encuesta-sobre-la-escasez-de-mano-de-obra-cualificada\/","title":{"rendered":"Los creadores de econom\u00eda inician una encuesta sobre la escasez de mano de obra cualificada"},"content":{"rendered":"<h5>Los creadores de econom\u00eda inician una encuesta entre responsables de recursos humanos, entre otros temas, sobre la escasez de mano de obra cualificada en la log\u00edstica. La encuesta est\u00e1 disponible en l\u00ednea desde ahora. El objetivo de la encuesta es mostrar c\u00f3mo se encuentra actualmente la situaci\u00f3n del personal y qu\u00e9 se puede deducir de los resultados. El resultado de la encuesta se presentar\u00e1 el 18 de octubre en el marco del Congreso Alem\u00e1n de Log\u00edstica en Berl\u00edn.<\/h5>\n<p>(Bremen) Los creadores de econom\u00eda inician su <a href=\"https:\/\/u7061146.ct.sendgrid.net\/ls\/click?upn=4tNED-2FM8iDZJQyQ53jATUTm0f1nUsgqJnF2S8IcOnq5ldbNDTGKogjlOsxFirdI3Qxgi_tujpWh3b734P-2Frq4hFPWR56-2FcDDN-2F8jB2W6TW0iIkCCsmltv99gdorjBh-2FVLX1accL7ojHmy8sxG4gMlqF-2Bj8kF0yiN-2Bj4JcfD8oHw-2BEXcXgPW0BB53rrIePVXdQWz3oieg5d3EkccA-2FPbYe-2Bwqjj4jNd3uu2Mn5EXJBpKXLnpgBFQN6jgvlfsaG4gjU64R7a6uhAmsnc9uSOO6ENJtEciUb3W5znYyfeP308M-2BLZpf8VrcNKwksjO0eQWV6qH3bdE6TRDIeR2zUeMuK5W7E5IeMiByvZH-2FIF4sIxTUBEHinJFXlr4GLZUnJIeW5RtXpM0i7kMVNi22gTPRlaWNhoryKqJWsVe-2FVBc0xZY9XPuc-3D\" target=\"_blank\" rel=\"noopener\">https:\/\/www.surveymonkey.de\/r\/N5P6SZ6<\/a> con su encuesta en l\u00ednea cuantitativa entre responsables de personal seleccionados del sector log\u00edstico. La encuesta aborda, entre otros temas, c\u00f3mo la escasez de mano de obra cualificada afecta hoy y en el futuro al sector log\u00edstico, qu\u00e9 desaf\u00edos enfrentan los responsables de personal en el reclutamiento, qu\u00e9 requisitos plantean las solicitantes y solicitantes a sus futuros empleadores y qu\u00e9 estrategias han demostrado ser particularmente efectivas para hacer frente a la escasez de mano de obra cualificada y a la rotaci\u00f3n en las empresas. Los hallazgos de la encuesta deben proporcionar a los expertos en recursos humanos informaci\u00f3n importante para su trabajo diario.<\/p>\n<p>Los resultados se evaluar\u00e1n en cooperaci\u00f3n con la CBS Cologne Business School y se presentar\u00e1n durante una conferencia de prensa en el Congreso Alem\u00e1n de Log\u00edstica (DLK) el 18 de octubre de 2023 en Berl\u00edn. La encuesta en l\u00ednea entre responsables de recursos humanos del sector log\u00edstico comienza desde ahora.<\/p>\n<p><strong>Enlace a la encuesta:<\/strong> <a href=\"https:\/\/u7061146.ct.sendgrid.net\/ls\/click?upn=4tNED-2FM8iDZJQyQ53jATUTm0f1nUsgqJnF2S8IcOnq5ldbNDTGKogjlOsxFirdI3iXho_tujpWh3b734P-2Frq4hFPWR56-2FcDDN-2F8jB2W6TW0iIkCCsmltv99gdorjBh-2FVLX1accL7ojHmy8sxG4gMlqF-2Bj8kF0yiN-2Bj4JcfD8oHw-2BEXcXgPW0BB53rrIePVXdQWz3oieg5d3EkccA-2FPbYe-2Bwqjj4jNd3uu2Mn5EXJBpKXLnpgBFQN6jgvlfsaG4gjU64R7bCyKPZOopJlqhl9MqwJ2BarZykna521k-2BP5bPUFqeYCuUcF2CiHME34bmX9o28ZcifzymbeIpohJ6cO9WJzjkNEPQyAi30t5WMWqHkeHseQaVWhXD6SHPnVNlG5xto-2FJJQhi-2FG3HUEYKpE2cmuzbnCkxHQHjplofpt8HoQVRut8-3D\" target=\"_blank\" rel=\"noopener\">https:\/\/www.surveymonkey.de\/r\/N5P6SZ6<\/a><\/p>\n<p>Foto: \u00a9 Loginfo24<\/p>\n","protected":false},"excerpt":{"rendered":"<p>Los creadores de econom\u00eda inician una encuesta entre responsables de recursos humanos, entre otros temas, sobre la escasez de mano de obra cualificada en la log\u00edstica.<span class=\"excerpt-hellip\"> [\u2026]<\/span><\/p>\n","protected":false},"author":0,"featured_media":7611,"comment_status":"open","ping_status":"open","sticky":false,"template":"","format":"standard","meta":{"_acf_changed":false,"footnotes":""},"categories":[1665,1557,1561],"tags":[],"class_list":["post-62637","post","type-post","status-publish","format-standard","has-post-thumbnail","hentry","category-categories","category-forwarding-logistics","category-regions"],"acf":[],"yoast_head":"<!-- This site is optimized with the Yoast SEO plugin v27.3 - https:\/\/yoast.com\/product\/yoast-seo-wordpress\/ -->\n<title>Los creadores de econom\u00eda inician una encuesta sobre la escasez de mano de obra cualificada - Loginfo24<\/title>\n<meta name=\"robots\" content=\"index, follow, max-snippet:-1, max-image-preview:large, max-video-preview:-1\" \/>\n<link rel=\"canonical\" href=\"https:\/\/loginfo24.com\/es\/2023\/09\/08\/los-creadores-de-economia-inician-una-encuesta-sobre-la-escasez-de-mano-de-obra-cualificada\/\" \/>\n<meta property=\"og:locale\" content=\"es_ES\" \/>\n<meta property=\"og:type\" content=\"article\" \/>\n<meta property=\"og:title\" content=\"Los creadores de econom\u00eda inician una encuesta sobre la escasez de mano de obra cualificada - Loginfo24\" \/>\n<meta property=\"og:description\" content=\"Los creadores de econom\u00eda inician una encuesta entre responsables de recursos humanos, entre otros temas, sobre la escasez de mano de obra cualificada en la log\u00edstica. [\u2026]\" \/>\n<meta property=\"og:url\" content=\"https:\/\/loginfo24.com\/es\/2023\/09\/08\/los-creadores-de-economia-inician-una-encuesta-sobre-la-escasez-de-mano-de-obra-cualificada\/\" \/>\n<meta property=\"og:site_name\" content=\"Loginfo24\" \/>\n<meta property=\"article:publisher\" content=\"https:\/\/www.facebook.com\/people\/Loginfo24\/100057360583332\/\" \/>\n<meta property=\"article:published_time\" content=\"2023-09-08T18:30:44+00:00\" \/>\n<meta property=\"og:image\" content=\"https:\/\/loginfo24.com\/wp-content\/uploads\/sites\/7\/2025\/12\/Logistik_Personal_3.jpg\" \/>\n\t<meta property=\"og:image:width\" content=\"1210\" \/>\n\t<meta property=\"og:image:height\" content=\"788\" \/>\n\t<meta property=\"og:image:type\" content=\"image\/jpeg\" \/>\n<meta name=\"twitter:card\" content=\"summary_large_image\" \/>\n<meta name=\"twitter:label1\" content=\"Tiempo de lectura\" \/>\n\t<meta name=\"twitter:data1\" content=\"1 minuto\" \/>\n<script type=\"application\/ld+json\" class=\"yoast-schema-graph\">{\"@context\":\"https:\\\/\\\/schema.org\",\"@graph\":[{\"@type\":\"Article\",\"@id\":\"https:\\\/\\\/loginfo24.com\\\/es\\\/2023\\\/09\\\/08\\\/los-creadores-de-economia-inician-una-encuesta-sobre-la-escasez-de-mano-de-obra-cualificada\\\/#article\",\"isPartOf\":{\"@id\":\"https:\\\/\\\/loginfo24.com\\\/es\\\/2023\\\/09\\\/08\\\/los-creadores-de-economia-inician-una-encuesta-sobre-la-escasez-de-mano-de-obra-cualificada\\\/\"},\"author\":{\"name\":\"\",\"@id\":\"\"},\"headline\":\"Los creadores de econom\u00eda inician una encuesta sobre la escasez de mano de obra cualificada\",\"datePublished\":\"2023-09-08T18:30:44+00:00\",\"mainEntityOfPage\":{\"@id\":\"https:\\\/\\\/loginfo24.com\\\/es\\\/2023\\\/09\\\/08\\\/los-creadores-de-economia-inician-una-encuesta-sobre-la-escasez-de-mano-de-obra-cualificada\\\/\"},\"wordCount\":297,\"commentCount\":0,\"publisher\":{\"@id\":\"https:\\\/\\\/loginfo24.com\\\/es\\\/#organization\"},\"image\":{\"@id\":\"https:\\\/\\\/loginfo24.com\\\/es\\\/2023\\\/09\\\/08\\\/los-creadores-de-economia-inician-una-encuesta-sobre-la-escasez-de-mano-de-obra-cualificada\\\/#primaryimage\"},\"thumbnailUrl\":\"https:\\\/\\\/loginfo24.com\\\/wp-content\\\/uploads\\\/sites\\\/7\\\/2025\\\/12\\\/Logistik_Personal_3.jpg\",\"articleSection\":[\"Categories\",\"Forwarding &amp; Logistics\",\"Regions\"],\"inLanguage\":\"es\",\"potentialAction\":[{\"@type\":\"CommentAction\",\"name\":\"Comment\",\"target\":[\"https:\\\/\\\/loginfo24.com\\\/es\\\/2023\\\/09\\\/08\\\/los-creadores-de-economia-inician-una-encuesta-sobre-la-escasez-de-mano-de-obra-cualificada\\\/#respond\"]}]},{\"@type\":\"WebPage\",\"@id\":\"https:\\\/\\\/loginfo24.com\\\/es\\\/2023\\\/09\\\/08\\\/los-creadores-de-economia-inician-una-encuesta-sobre-la-escasez-de-mano-de-obra-cualificada\\\/\",\"url\":\"https:\\\/\\\/loginfo24.com\\\/es\\\/2023\\\/09\\\/08\\\/los-creadores-de-economia-inician-una-encuesta-sobre-la-escasez-de-mano-de-obra-cualificada\\\/\",\"name\":\"Los creadores de econom\u00eda inician una encuesta sobre la escasez de mano de obra cualificada - Loginfo24\",\"isPartOf\":{\"@id\":\"https:\\\/\\\/loginfo24.com\\\/es\\\/#website\"},\"primaryImageOfPage\":{\"@id\":\"https:\\\/\\\/loginfo24.com\\\/es\\\/2023\\\/09\\\/08\\\/los-creadores-de-economia-inician-una-encuesta-sobre-la-escasez-de-mano-de-obra-cualificada\\\/#primaryimage\"},\"image\":{\"@id\":\"https:\\\/\\\/loginfo24.com\\\/es\\\/2023\\\/09\\\/08\\\/los-creadores-de-economia-inician-una-encuesta-sobre-la-escasez-de-mano-de-obra-cualificada\\\/#primaryimage\"},\"thumbnailUrl\":\"https:\\\/\\\/loginfo24.com\\\/wp-content\\\/uploads\\\/sites\\\/7\\\/2025\\\/12\\\/Logistik_Personal_3.jpg\",\"datePublished\":\"2023-09-08T18:30:44+00:00\",\"breadcrumb\":{\"@id\":\"https:\\\/\\\/loginfo24.com\\\/es\\\/2023\\\/09\\\/08\\\/los-creadores-de-economia-inician-una-encuesta-sobre-la-escasez-de-mano-de-obra-cualificada\\\/#breadcrumb\"},\"inLanguage\":\"es\",\"potentialAction\":[{\"@type\":\"ReadAction\",\"target\":[\"https:\\\/\\\/loginfo24.com\\\/es\\\/2023\\\/09\\\/08\\\/los-creadores-de-economia-inician-una-encuesta-sobre-la-escasez-de-mano-de-obra-cualificada\\\/\"]}]},{\"@type\":\"ImageObject\",\"inLanguage\":\"es\",\"@id\":\"https:\\\/\\\/loginfo24.com\\\/es\\\/2023\\\/09\\\/08\\\/los-creadores-de-economia-inician-una-encuesta-sobre-la-escasez-de-mano-de-obra-cualificada\\\/#primaryimage\",\"url\":\"https:\\\/\\\/loginfo24.com\\\/wp-content\\\/uploads\\\/sites\\\/7\\\/2025\\\/12\\\/Logistik_Personal_3.jpg\",\"contentUrl\":\"https:\\\/\\\/loginfo24.com\\\/wp-content\\\/uploads\\\/sites\\\/7\\\/2025\\\/12\\\/Logistik_Personal_3.jpg\",\"width\":1210,\"height\":788},{\"@type\":\"BreadcrumbList\",\"@id\":\"https:\\\/\\\/loginfo24.com\\\/es\\\/2023\\\/09\\\/08\\\/los-creadores-de-economia-inician-una-encuesta-sobre-la-escasez-de-mano-de-obra-cualificada\\\/#breadcrumb\",\"itemListElement\":[{\"@type\":\"ListItem\",\"position\":1,\"name\":\"Startseite\",\"item\":\"https:\\\/\\\/loginfo24.com\\\/es\\\/\"},{\"@type\":\"ListItem\",\"position\":2,\"name\":\"Los creadores de econom\u00eda inician una encuesta sobre la escasez de mano de obra cualificada\"}]},{\"@type\":\"WebSite\",\"@id\":\"https:\\\/\\\/loginfo24.com\\\/es\\\/#website\",\"url\":\"https:\\\/\\\/loginfo24.com\\\/es\\\/\",\"name\":\"Loginfo24\",\"description\":\"Loginfo24 es la plataforma dedicada a la log\u00edstica y las cadenas de suministro con informaci\u00f3n las 24 horas del d\u00eda.\",\"publisher\":{\"@id\":\"https:\\\/\\\/loginfo24.com\\\/es\\\/#organization\"},\"potentialAction\":[{\"@type\":\"SearchAction\",\"target\":{\"@type\":\"EntryPoint\",\"urlTemplate\":\"https:\\\/\\\/loginfo24.com\\\/es\\\/?s={search_term_string}\"},\"query-input\":{\"@type\":\"PropertyValueSpecification\",\"valueRequired\":true,\"valueName\":\"search_term_string\"}}],\"inLanguage\":\"es\"},{\"@type\":\"Organization\",\"@id\":\"https:\\\/\\\/loginfo24.com\\\/es\\\/#organization\",\"name\":\"Grupo Logismedia AG\",\"url\":\"https:\\\/\\\/loginfo24.com\\\/es\\\/\",\"logo\":{\"@type\":\"ImageObject\",\"inLanguage\":\"es\",\"@id\":\"https:\\\/\\\/loginfo24.com\\\/es\\\/#\\\/schema\\\/logo\\\/image\\\/\",\"url\":\"https:\\\/\\\/loginfo24.com\\\/wp-content\\\/uploads\\\/sites\\\/7\\\/2026\\\/01\\\/Logo_LogInfo24.png\",\"contentUrl\":\"https:\\\/\\\/loginfo24.com\\\/wp-content\\\/uploads\\\/sites\\\/7\\\/2026\\\/01\\\/Logo_LogInfo24.png\",\"width\":938,\"height\":351,\"caption\":\"Grupo Logismedia AG\"},\"image\":{\"@id\":\"https:\\\/\\\/loginfo24.com\\\/es\\\/#\\\/schema\\\/logo\\\/image\\\/\"},\"sameAs\":[\"https:\\\/\\\/www.facebook.com\\\/people\\\/Loginfo24\\\/100057360583332\\\/\",\"https:\\\/\\\/www.linkedin.com\\\/company\\\/lofinfo24\\\/\"]}]}<\/script>\n<!-- \/ Yoast SEO plugin. -->","yoast_head_json":{"title":"Los creadores de econom\u00eda inician una encuesta sobre la escasez de mano de obra cualificada - Loginfo24","robots":{"index":"index","follow":"follow","max-snippet":"max-snippet:-1","max-image-preview":"max-image-preview:large","max-video-preview":"max-video-preview:-1"},"canonical":"https:\/\/loginfo24.com\/es\/2023\/09\/08\/los-creadores-de-economia-inician-una-encuesta-sobre-la-escasez-de-mano-de-obra-cualificada\/","og_locale":"es_ES","og_type":"article","og_title":"Los creadores de econom\u00eda inician una encuesta sobre la escasez de mano de obra cualificada - Loginfo24","og_description":"Los creadores de econom\u00eda inician una encuesta entre responsables de recursos humanos, entre otros temas, sobre la escasez de mano de obra cualificada en la log\u00edstica. [\u2026]","og_url":"https:\/\/loginfo24.com\/es\/2023\/09\/08\/los-creadores-de-economia-inician-una-encuesta-sobre-la-escasez-de-mano-de-obra-cualificada\/","og_site_name":"Loginfo24","article_publisher":"https:\/\/www.facebook.com\/people\/Loginfo24\/100057360583332\/","article_published_time":"2023-09-08T18:30:44+00:00","og_image":[{"width":1210,"height":788,"url":"https:\/\/loginfo24.com\/wp-content\/uploads\/sites\/7\/2025\/12\/Logistik_Personal_3.jpg","type":"image\/jpeg"}],"twitter_card":"summary_large_image","twitter_misc":{"Tiempo de lectura":"1 minuto"},"schema":{"@context":"https:\/\/schema.org","@graph":[{"@type":"Article","@id":"https:\/\/loginfo24.com\/es\/2023\/09\/08\/los-creadores-de-economia-inician-una-encuesta-sobre-la-escasez-de-mano-de-obra-cualificada\/#article","isPartOf":{"@id":"https:\/\/loginfo24.com\/es\/2023\/09\/08\/los-creadores-de-economia-inician-una-encuesta-sobre-la-escasez-de-mano-de-obra-cualificada\/"},"author":{"name":"","@id":""},"headline":"Los creadores de econom\u00eda inician una encuesta sobre la escasez de mano de obra cualificada","datePublished":"2023-09-08T18:30:44+00:00","mainEntityOfPage":{"@id":"https:\/\/loginfo24.com\/es\/2023\/09\/08\/los-creadores-de-economia-inician-una-encuesta-sobre-la-escasez-de-mano-de-obra-cualificada\/"},"wordCount":297,"commentCount":0,"publisher":{"@id":"https:\/\/loginfo24.com\/es\/#organization"},"image":{"@id":"https:\/\/loginfo24.com\/es\/2023\/09\/08\/los-creadores-de-economia-inician-una-encuesta-sobre-la-escasez-de-mano-de-obra-cualificada\/#primaryimage"},"thumbnailUrl":"https:\/\/loginfo24.com\/wp-content\/uploads\/sites\/7\/2025\/12\/Logistik_Personal_3.jpg","articleSection":["Categories","Forwarding &amp; Logistics","Regions"],"inLanguage":"es","potentialAction":[{"@type":"CommentAction","name":"Comment","target":["https:\/\/loginfo24.com\/es\/2023\/09\/08\/los-creadores-de-economia-inician-una-encuesta-sobre-la-escasez-de-mano-de-obra-cualificada\/#respond"]}]},{"@type":"WebPage","@id":"https:\/\/loginfo24.com\/es\/2023\/09\/08\/los-creadores-de-economia-inician-una-encuesta-sobre-la-escasez-de-mano-de-obra-cualificada\/","url":"https:\/\/loginfo24.com\/es\/2023\/09\/08\/los-creadores-de-economia-inician-una-encuesta-sobre-la-escasez-de-mano-de-obra-cualificada\/","name":"Los creadores de econom\u00eda inician una encuesta sobre la escasez de mano de obra cualificada - Loginfo24","isPartOf":{"@id":"https:\/\/loginfo24.com\/es\/#website"},"primaryImageOfPage":{"@id":"https:\/\/loginfo24.com\/es\/2023\/09\/08\/los-creadores-de-economia-inician-una-encuesta-sobre-la-escasez-de-mano-de-obra-cualificada\/#primaryimage"},"image":{"@id":"https:\/\/loginfo24.com\/es\/2023\/09\/08\/los-creadores-de-economia-inician-una-encuesta-sobre-la-escasez-de-mano-de-obra-cualificada\/#primaryimage"},"thumbnailUrl":"https:\/\/loginfo24.com\/wp-content\/uploads\/sites\/7\/2025\/12\/Logistik_Personal_3.jpg","datePublished":"2023-09-08T18:30:44+00:00","breadcrumb":{"@id":"https:\/\/loginfo24.com\/es\/2023\/09\/08\/los-creadores-de-economia-inician-una-encuesta-sobre-la-escasez-de-mano-de-obra-cualificada\/#breadcrumb"},"inLanguage":"es","potentialAction":[{"@type":"ReadAction","target":["https:\/\/loginfo24.com\/es\/2023\/09\/08\/los-creadores-de-economia-inician-una-encuesta-sobre-la-escasez-de-mano-de-obra-cualificada\/"]}]},{"@type":"ImageObject","inLanguage":"es","@id":"https:\/\/loginfo24.com\/es\/2023\/09\/08\/los-creadores-de-economia-inician-una-encuesta-sobre-la-escasez-de-mano-de-obra-cualificada\/#primaryimage","url":"https:\/\/loginfo24.com\/wp-content\/uploads\/sites\/7\/2025\/12\/Logistik_Personal_3.jpg","contentUrl":"https:\/\/loginfo24.com\/wp-content\/uploads\/sites\/7\/2025\/12\/Logistik_Personal_3.jpg","width":1210,"height":788},{"@type":"BreadcrumbList","@id":"https:\/\/loginfo24.com\/es\/2023\/09\/08\/los-creadores-de-economia-inician-una-encuesta-sobre-la-escasez-de-mano-de-obra-cualificada\/#breadcrumb","itemListElement":[{"@type":"ListItem","position":1,"name":"Startseite","item":"https:\/\/loginfo24.com\/es\/"},{"@type":"ListItem","position":2,"name":"Los creadores de econom\u00eda inician una encuesta sobre la escasez de mano de obra cualificada"}]},{"@type":"WebSite","@id":"https:\/\/loginfo24.com\/es\/#website","url":"https:\/\/loginfo24.com\/es\/","name":"Loginfo24","description":"Loginfo24 es la plataforma dedicada a la log\u00edstica y las cadenas de suministro con informaci\u00f3n las 24 horas del d\u00eda.","publisher":{"@id":"https:\/\/loginfo24.com\/es\/#organization"},"potentialAction":[{"@type":"SearchAction","target":{"@type":"EntryPoint","urlTemplate":"https:\/\/loginfo24.com\/es\/?s={search_term_string}"},"query-input":{"@type":"PropertyValueSpecification","valueRequired":true,"valueName":"search_term_string"}}],"inLanguage":"es"},{"@type":"Organization","@id":"https:\/\/loginfo24.com\/es\/#organization","name":"Grupo Logismedia AG","url":"https:\/\/loginfo24.com\/es\/","logo":{"@type":"ImageObject","inLanguage":"es","@id":"https:\/\/loginfo24.com\/es\/#\/schema\/logo\/image\/","url":"https:\/\/loginfo24.com\/wp-content\/uploads\/sites\/7\/2026\/01\/Logo_LogInfo24.png","contentUrl":"https:\/\/loginfo24.com\/wp-content\/uploads\/sites\/7\/2026\/01\/Logo_LogInfo24.png","width":938,"height":351,"caption":"Grupo Logismedia AG"},"image":{"@id":"https:\/\/loginfo24.com\/es\/#\/schema\/logo\/image\/"},"sameAs":["https:\/\/www.facebook.com\/people\/Loginfo24\/100057360583332\/","https:\/\/www.linkedin.com\/company\/lofinfo24\/"]}]}},"_links":{"self":[{"href":"https:\/\/loginfo24.com\/es\/wp-json\/wp\/v2\/posts\/62637","targetHints":{"allow":["GET"]}}],"collection":[{"href":"https:\/\/loginfo24.com\/es\/wp-json\/wp\/v2\/posts"}],"about":[{"href":"https:\/\/loginfo24.com\/es\/wp-json\/wp\/v2\/types\/post"}],"replies":[{"embeddable":true,"href":"https:\/\/loginfo24.com\/es\/wp-json\/wp\/v2\/comments?post=62637"}],"version-history":[{"count":0,"href":"https:\/\/loginfo24.com\/es\/wp-json\/wp\/v2\/posts\/62637\/revisions"}],"wp:featuredmedia":[{"embeddable":true,"href":"https:\/\/loginfo24.com\/es\/wp-json\/wp\/v2\/media\/7611"}],"wp:attachment":[{"href":"https:\/\/loginfo24.com\/es\/wp-json\/wp\/v2\/media?parent=62637"}],"wp:term":[{"taxonomy":"category","embeddable":true,"href":"https:\/\/loginfo24.com\/es\/wp-json\/wp\/v2\/categories?post=62637"},{"taxonomy":"post_tag","embeddable":true,"href":"https:\/\/loginfo24.com\/es\/wp-json\/wp\/v2\/tags?post=62637"}],"curies":[{"name":"wp","href":"https:\/\/api.w.org\/{rel}","templated":true}]}}