{"id":61545,"date":"2023-05-25T19:41:01","date_gmt":"2023-05-25T17:41:01","guid":{"rendered":"https:\/\/blog.brand-architecture.at\/2023\/05\/25\/dekra-arbeit-gmbh-se-ocupa-de-la-profesion-de-logistica\/"},"modified":"2023-05-25T19:41:01","modified_gmt":"2023-05-25T17:41:01","slug":"dekra-arbeit-gmbh-se-ocupa-de-la-profesion-de-logistica","status":"publish","type":"post","link":"https:\/\/loginfo24.com\/es\/2023\/05\/25\/dekra-arbeit-gmbh-se-ocupa-de-la-profesion-de-logistica\/","title":{"rendered":"DEKRA Arbeit GmbH se ocupa de la profesi\u00f3n de log\u00edstica"},"content":{"rendered":"<h5>La industria de la log\u00edstica es el tercer sector econ\u00f3mico m\u00e1s grande en Alemania y, por lo tanto, una de las fuerzas impulsoras m\u00e1s importantes del \u00e9xito econ\u00f3mico. Al mismo tiempo, ning\u00fan otro sector crece tan r\u00e1pida y velozmente como este. Sin embargo, lo que es fundamental para el \u00e9xito son los empleados en casi todas las posiciones. Aunque se predice un futuro seguro para la industria de la log\u00edstica, cada vez menos trabajadores se sienten atra\u00eddos por el mundo laboral de la log\u00edstica.<\/h5>\n<p>El principal responsable de esto es la imagen, que hace que haya cada vez menos profesionales cualificados en el mercado laboral. Sin embargo, la industria de la log\u00edstica se est\u00e1 desarrollando actualmente en el contexto de la industria, el mundo laboral y la log\u00edstica 4.0, de modo que la implementaci\u00f3n de las tecnolog\u00edas m\u00e1s recientes y la implementaci\u00f3n de conceptos innovadores mejoran significativamente las condiciones laborales.<\/p>\n<p>La DEKRA Arbeit GmbH ha examinado a continuaci\u00f3n los desaf\u00edos asociados con la log\u00edstica en relaci\u00f3n con el reclutamiento de personal y le muestra c\u00f3mo puede su empresa en el sector de la log\u00edstica superar estos desaf\u00edos.<\/p>\n<h5>\u00bfQu\u00e9 significa log\u00edstica?<\/h5>\n<p>El sector de la log\u00edstica es complejo y una de las industrias m\u00e1s diversas. Las principales tareas en el mundo laboral de la log\u00edstica consisten en la planificaci\u00f3n y coordinaci\u00f3n, el control y la supervisi\u00f3n de los flujos de bienes, la gesti\u00f3n de la informaci\u00f3n relacionada con los bienes y la ejecuci\u00f3n efectiva de todos los procesos necesarios.<\/p>\n<p>Por lo tanto, la industria de la log\u00edstica se ocupa de tareas concretas como el transporte y el env\u00edo, as\u00ed como de garantizar la disponibilidad de mercanc\u00edas. Para muchas empresas en todo el mundo, es fundamental que los bienes est\u00e9n en el lugar correcto en el momento adecuado. Aqu\u00ed tambi\u00e9n, la industria de la log\u00edstica asume la responsabilidad. Al final, una industria de log\u00edstica que funcione bien no solo beneficia a las empresas, sino que tambi\u00e9n los clientes finales y particulares se benefician de una cadena de valor sin interrupciones en pedidos y compras en l\u00ednea.<\/p>\n<p>Para desglosar la complejidad de la industria de la log\u00edstica y superar los desaf\u00edos asociados, el mundo laboral y el <a class=\"bbcode_url\" href=\"https:\/\/www.pressebox.de\/redirect\/ext?tu=https%3A%2F%2Fwww.dekra-arbeit.de%2Fde%2Fstellenmarkt&amp;rp=_7UkF71FfRct5x-JodCAdB1s7dKwRsNte_-petVinUo\" target=\"_blank\" rel=\"noopener\">mercado laboral<\/a> de la log\u00edstica se divide en cuatro \u00e1reas, que a su vez establecen otros enfoques, traen otras tareas, pero siempre trabajan de la mano.<\/p>\n<h5>Las \u00e1reas y campos profesionales de la industria de la log\u00edstica:<\/h5>\n<p><b>Log\u00edstica de aprovisionamiento<\/b>: Al principio de la cadena de valor se encuentra la log\u00edstica de aprovisionamiento, que se encarga de que los materiales, materias primas y componentes sean adquiridos y est\u00e9n disponibles para la producci\u00f3n correspondiente.<\/p>\n<p><b>Log\u00edstica de producci\u00f3n<\/b>: En la log\u00edstica de producci\u00f3n en la industria de la log\u00edstica, se trata de la planificaci\u00f3n, ejecuci\u00f3n y optimizaci\u00f3n de la producci\u00f3n y las rutas de transporte.<\/p>\n<p><b>Log\u00edstica de distribuci\u00f3n<\/b>: La log\u00edstica de distribuci\u00f3n se encarga de la entrega y el env\u00edo confiables de bienes o incluso informaci\u00f3n, asegurando que las mercanc\u00edas lleguen a su destino a tiempo y sin da\u00f1os.<\/p>\n<p><b>Log\u00edstica de eliminaci\u00f3n<\/b>: En casi todos los pasos de la industria de la log\u00edstica, se generan materiales de embalaje y otros desechos. La tarea de eliminarlos y reciclarlos adecuadamente es asumida por la log\u00edstica de eliminaci\u00f3n, que contribuye a la reducci\u00f3n de costos, la minimizaci\u00f3n de emisiones y la protecci\u00f3n del medio ambiente mediante flujos de trabajo continuamente optimizados.<\/p>\n<p>Las oportunidades para una <a class=\"bbcode_url\" href=\"https:\/\/www.pressebox.de\/redirect\/ext?tu=https%3A%2F%2Fwww.dekra-arbeit.de%2Fde%2Fkarriere.html&amp;rp=_7UkF71FfRct5x-JodCAdCfkiO-a-XYg3UYbpyygxMg\" target=\"_blank\" rel=\"noopener\">carrera<\/a> en la industria de la log\u00edstica incluyen, entre otras:<\/p>\n<ul class=\"bbcode_list\">\n<li>Comprador\/a de log\u00edstica<\/li>\n<li>Gerente de log\u00edstica<\/li>\n<li>Gerente de cadena de suministro<\/li>\n<li>Despachador\/a<\/li>\n<li>Controlador\/a de log\u00edstica<\/li>\n<li>Gerente de cuentas clave de log\u00edstica<\/li>\n<li>Director\/a de tr\u00e1fico<\/li>\n<li>Ingeniero\/a de log\u00edstica<\/li>\n<li>Responsable de mercanc\u00edas peligrosas<\/li>\n<li>Especialista en TI de log\u00edstica<\/li>\n<li>Consultor\/a SAP de log\u00edstica<\/li>\n<li>Gerente de comunicaci\u00f3n de log\u00edstica<\/li>\n<\/ul>\n<h5>La industria de la log\u00edstica del futuro<\/h5>\n<p>Despu\u00e9s de la industria automotriz, la industria de la log\u00edstica es el segundo sector econ\u00f3mico m\u00e1s grande. La gesti\u00f3n de bienes y mercanc\u00edas, as\u00ed como el almacenamiento, ha ganado a\u00fan m\u00e1s importancia en los \u00faltimos a\u00f1os. Una mirada a la industria de la log\u00edstica del futuro muestra que tanto el esfuerzo como el trabajo est\u00e1n aumentando. Esto se debe principalmente a la digitalizaci\u00f3n y globalizaci\u00f3n. La planificaci\u00f3n, gesti\u00f3n y ejecuci\u00f3n se vuelven cada vez m\u00e1s importantes en la industria de la log\u00edstica debido a los procesos digitales cada vez m\u00e1s extensos. Una estructura log\u00edstica altamente eficiente y las competencias correspondientes son indispensables para las empresas si desean mantener su competitividad en el sector <a class=\"bbcode_url\" href=\"https:\/\/www.pressebox.de\/redirect\/ext?tu=https%3A%2F%2Fwww.dekra-arbeit.de%2Fde%2Finternational.html&amp;rp=_7UkF71FfRct5x-JodCAdPXARW7WAeqlie47utBn6kg\" target=\"_blank\" rel=\"noopener\">internacional<\/a>. No importa si se trata de log\u00edstica de aprovisionamiento, producci\u00f3n, distribuci\u00f3n o eliminaci\u00f3n: los desaf\u00edos actuales y futuros en la log\u00edstica solo se pueden superar con una base de personal s\u00f3lida.<\/p>\n<h5>\u00bfC\u00f3mo es el mundo laboral de la log\u00edstica?<\/h5>\n<p>No importa si es en el almac\u00e9n, en TI o en el camino: hoy en d\u00eda ya faltan numerosos trabajadores en la industria de la log\u00edstica y muchas empresas tienen dificultades para cubrir vacantes. El tema de la escasez de mano de obra cualificada se presenta como un hilo conductor en todas las \u00e1reas. Seg\u00fan una encuesta de la Asociaci\u00f3n Federal de Log\u00edstica (BVL), el 90% de los encuestados afirm\u00f3 que esto se nota mucho. La mayor\u00eda ve como causa la imagen de la industria de la log\u00edstica, que est\u00e1 marcada por malas condiciones laborales y una remuneraci\u00f3n insuficiente. En particular, m\u00e1s del 50% de las empresas buscan desesperadamente especialistas en TI.<\/p>\n<p>Sin embargo, la industria de la log\u00edstica se ha vuelto extremadamente interesante en los \u00faltimos a\u00f1os debido a una amplia optimizaci\u00f3n, la integraci\u00f3n de tecnolog\u00edas innovadoras para la interconexi\u00f3n y automatizaci\u00f3n de procesos log\u00edsticos, as\u00ed como la creaci\u00f3n de nuevos campos de trabajo y perfiles profesionales. Alrededor de 200 profesiones de formaci\u00f3n y m\u00e1s de 100 programas de estudio relacionados con la industria de la log\u00edstica ofrecen excelentes oportunidades de empleo y carrera. Incluso para los reci\u00e9n llegados, surgen oportunidades interesantes en el mundo laboral relacionado con la log\u00edstica.<\/p>\n<h5>Carrera a trav\u00e9s de la formaci\u00f3n continua<\/h5>\n<p>A menudo, los trabajadores comienzan en un perfil profesional inferior o medio y pueden continuar su exitosa carrera en la industria de la log\u00edstica a trav\u00e9s de la formaci\u00f3n continua. Hoy en d\u00eda, las empresas est\u00e1n especialmente preocupadas por garantizar lugares de trabajo saludables y fomentar a su personal en todos los aspectos. Tambi\u00e9n en lo que respecta al salario, la industria de la log\u00edstica se ha reinventado.<\/p>\n<p>Foto: \u00a9 DEKRA Arbeit GmbH<\/p>\n","protected":false},"excerpt":{"rendered":"<p>La industria de la log\u00edstica es el tercer sector econ\u00f3mico m\u00e1s grande en Alemania y, por lo tanto, una de las fuerzas impulsoras m\u00e1s importantes del<span class=\"excerpt-hellip\"> [\u2026]<\/span><\/p>\n","protected":false},"author":0,"featured_media":8102,"comment_status":"open","ping_status":"open","sticky":false,"template":"","format":"standard","meta":{"_acf_changed":false,"footnotes":""},"categories":[1665,1557,1561],"tags":[],"class_list":["post-61545","post","type-post","status-publish","format-standard","has-post-thumbnail","hentry","category-categories","category-forwarding-logistics","category-regions"],"acf":[],"yoast_head":"<!-- This site is optimized with the Yoast SEO plugin v27.3 - https:\/\/yoast.com\/product\/yoast-seo-wordpress\/ -->\n<title>DEKRA Arbeit GmbH se ocupa de la profesi\u00f3n de log\u00edstica - Loginfo24<\/title>\n<meta name=\"robots\" content=\"index, follow, max-snippet:-1, max-image-preview:large, max-video-preview:-1\" \/>\n<link rel=\"canonical\" href=\"https:\/\/loginfo24.com\/es\/2023\/05\/25\/dekra-arbeit-gmbh-se-ocupa-de-la-profesion-de-logistica\/\" \/>\n<meta property=\"og:locale\" content=\"es_ES\" \/>\n<meta property=\"og:type\" content=\"article\" \/>\n<meta property=\"og:title\" content=\"DEKRA Arbeit GmbH se ocupa de la profesi\u00f3n de log\u00edstica - Loginfo24\" \/>\n<meta property=\"og:description\" content=\"La industria de la log\u00edstica es el tercer sector econ\u00f3mico m\u00e1s grande en Alemania y, por lo tanto, una de las fuerzas impulsoras m\u00e1s importantes del [\u2026]\" \/>\n<meta property=\"og:url\" content=\"https:\/\/loginfo24.com\/es\/2023\/05\/25\/dekra-arbeit-gmbh-se-ocupa-de-la-profesion-de-logistica\/\" \/>\n<meta property=\"og:site_name\" content=\"Loginfo24\" \/>\n<meta property=\"article:publisher\" content=\"https:\/\/www.facebook.com\/people\/Loginfo24\/100057360583332\/\" \/>\n<meta property=\"article:published_time\" content=\"2023-05-25T17:41:01+00:00\" \/>\n<meta property=\"og:image\" content=\"https:\/\/loginfo24.com\/wp-content\/uploads\/sites\/7\/2025\/12\/DEKRA_25.5.23.jpg\" \/>\n\t<meta property=\"og:image:width\" content=\"1290\" \/>\n\t<meta property=\"og:image:height\" content=\"779\" \/>\n\t<meta property=\"og:image:type\" content=\"image\/jpeg\" \/>\n<meta name=\"twitter:card\" content=\"summary_large_image\" \/>\n<meta name=\"twitter:label1\" content=\"Tiempo de lectura\" \/>\n\t<meta name=\"twitter:data1\" content=\"6 minuto\" \/>\n<script type=\"application\/ld+json\" class=\"yoast-schema-graph\">{\"@context\":\"https:\\\/\\\/schema.org\",\"@graph\":[{\"@type\":\"Article\",\"@id\":\"https:\\\/\\\/loginfo24.com\\\/es\\\/2023\\\/05\\\/25\\\/dekra-arbeit-gmbh-se-ocupa-de-la-profesion-de-logistica\\\/#article\",\"isPartOf\":{\"@id\":\"https:\\\/\\\/loginfo24.com\\\/es\\\/2023\\\/05\\\/25\\\/dekra-arbeit-gmbh-se-ocupa-de-la-profesion-de-logistica\\\/\"},\"author\":{\"name\":\"\",\"@id\":\"\"},\"headline\":\"DEKRA Arbeit GmbH se ocupa de la profesi\u00f3n de log\u00edstica\",\"datePublished\":\"2023-05-25T17:41:01+00:00\",\"mainEntityOfPage\":{\"@id\":\"https:\\\/\\\/loginfo24.com\\\/es\\\/2023\\\/05\\\/25\\\/dekra-arbeit-gmbh-se-ocupa-de-la-profesion-de-logistica\\\/\"},\"wordCount\":1222,\"commentCount\":0,\"publisher\":{\"@id\":\"https:\\\/\\\/loginfo24.com\\\/es\\\/#organization\"},\"image\":{\"@id\":\"https:\\\/\\\/loginfo24.com\\\/es\\\/2023\\\/05\\\/25\\\/dekra-arbeit-gmbh-se-ocupa-de-la-profesion-de-logistica\\\/#primaryimage\"},\"thumbnailUrl\":\"https:\\\/\\\/loginfo24.com\\\/wp-content\\\/uploads\\\/sites\\\/7\\\/2025\\\/12\\\/DEKRA_25.5.23.jpg\",\"articleSection\":[\"Categories\",\"Forwarding &amp; Logistics\",\"Regions\"],\"inLanguage\":\"es\",\"potentialAction\":[{\"@type\":\"CommentAction\",\"name\":\"Comment\",\"target\":[\"https:\\\/\\\/loginfo24.com\\\/es\\\/2023\\\/05\\\/25\\\/dekra-arbeit-gmbh-se-ocupa-de-la-profesion-de-logistica\\\/#respond\"]}]},{\"@type\":\"WebPage\",\"@id\":\"https:\\\/\\\/loginfo24.com\\\/es\\\/2023\\\/05\\\/25\\\/dekra-arbeit-gmbh-se-ocupa-de-la-profesion-de-logistica\\\/\",\"url\":\"https:\\\/\\\/loginfo24.com\\\/es\\\/2023\\\/05\\\/25\\\/dekra-arbeit-gmbh-se-ocupa-de-la-profesion-de-logistica\\\/\",\"name\":\"DEKRA Arbeit GmbH se ocupa de la profesi\u00f3n de log\u00edstica - Loginfo24\",\"isPartOf\":{\"@id\":\"https:\\\/\\\/loginfo24.com\\\/es\\\/#website\"},\"primaryImageOfPage\":{\"@id\":\"https:\\\/\\\/loginfo24.com\\\/es\\\/2023\\\/05\\\/25\\\/dekra-arbeit-gmbh-se-ocupa-de-la-profesion-de-logistica\\\/#primaryimage\"},\"image\":{\"@id\":\"https:\\\/\\\/loginfo24.com\\\/es\\\/2023\\\/05\\\/25\\\/dekra-arbeit-gmbh-se-ocupa-de-la-profesion-de-logistica\\\/#primaryimage\"},\"thumbnailUrl\":\"https:\\\/\\\/loginfo24.com\\\/wp-content\\\/uploads\\\/sites\\\/7\\\/2025\\\/12\\\/DEKRA_25.5.23.jpg\",\"datePublished\":\"2023-05-25T17:41:01+00:00\",\"breadcrumb\":{\"@id\":\"https:\\\/\\\/loginfo24.com\\\/es\\\/2023\\\/05\\\/25\\\/dekra-arbeit-gmbh-se-ocupa-de-la-profesion-de-logistica\\\/#breadcrumb\"},\"inLanguage\":\"es\",\"potentialAction\":[{\"@type\":\"ReadAction\",\"target\":[\"https:\\\/\\\/loginfo24.com\\\/es\\\/2023\\\/05\\\/25\\\/dekra-arbeit-gmbh-se-ocupa-de-la-profesion-de-logistica\\\/\"]}]},{\"@type\":\"ImageObject\",\"inLanguage\":\"es\",\"@id\":\"https:\\\/\\\/loginfo24.com\\\/es\\\/2023\\\/05\\\/25\\\/dekra-arbeit-gmbh-se-ocupa-de-la-profesion-de-logistica\\\/#primaryimage\",\"url\":\"https:\\\/\\\/loginfo24.com\\\/wp-content\\\/uploads\\\/sites\\\/7\\\/2025\\\/12\\\/DEKRA_25.5.23.jpg\",\"contentUrl\":\"https:\\\/\\\/loginfo24.com\\\/wp-content\\\/uploads\\\/sites\\\/7\\\/2025\\\/12\\\/DEKRA_25.5.23.jpg\",\"width\":1290,\"height\":779},{\"@type\":\"BreadcrumbList\",\"@id\":\"https:\\\/\\\/loginfo24.com\\\/es\\\/2023\\\/05\\\/25\\\/dekra-arbeit-gmbh-se-ocupa-de-la-profesion-de-logistica\\\/#breadcrumb\",\"itemListElement\":[{\"@type\":\"ListItem\",\"position\":1,\"name\":\"Startseite\",\"item\":\"https:\\\/\\\/loginfo24.com\\\/es\\\/\"},{\"@type\":\"ListItem\",\"position\":2,\"name\":\"DEKRA Arbeit GmbH se ocupa de la profesi\u00f3n de log\u00edstica\"}]},{\"@type\":\"WebSite\",\"@id\":\"https:\\\/\\\/loginfo24.com\\\/es\\\/#website\",\"url\":\"https:\\\/\\\/loginfo24.com\\\/es\\\/\",\"name\":\"Loginfo24\",\"description\":\"Loginfo24 es la plataforma dedicada a la log\u00edstica y las cadenas de suministro con informaci\u00f3n las 24 horas del d\u00eda.\",\"publisher\":{\"@id\":\"https:\\\/\\\/loginfo24.com\\\/es\\\/#organization\"},\"potentialAction\":[{\"@type\":\"SearchAction\",\"target\":{\"@type\":\"EntryPoint\",\"urlTemplate\":\"https:\\\/\\\/loginfo24.com\\\/es\\\/?s={search_term_string}\"},\"query-input\":{\"@type\":\"PropertyValueSpecification\",\"valueRequired\":true,\"valueName\":\"search_term_string\"}}],\"inLanguage\":\"es\"},{\"@type\":\"Organization\",\"@id\":\"https:\\\/\\\/loginfo24.com\\\/es\\\/#organization\",\"name\":\"Grupo Logismedia AG\",\"url\":\"https:\\\/\\\/loginfo24.com\\\/es\\\/\",\"logo\":{\"@type\":\"ImageObject\",\"inLanguage\":\"es\",\"@id\":\"https:\\\/\\\/loginfo24.com\\\/es\\\/#\\\/schema\\\/logo\\\/image\\\/\",\"url\":\"https:\\\/\\\/loginfo24.com\\\/wp-content\\\/uploads\\\/sites\\\/7\\\/2026\\\/01\\\/Logo_LogInfo24.png\",\"contentUrl\":\"https:\\\/\\\/loginfo24.com\\\/wp-content\\\/uploads\\\/sites\\\/7\\\/2026\\\/01\\\/Logo_LogInfo24.png\",\"width\":938,\"height\":351,\"caption\":\"Grupo Logismedia AG\"},\"image\":{\"@id\":\"https:\\\/\\\/loginfo24.com\\\/es\\\/#\\\/schema\\\/logo\\\/image\\\/\"},\"sameAs\":[\"https:\\\/\\\/www.facebook.com\\\/people\\\/Loginfo24\\\/100057360583332\\\/\",\"https:\\\/\\\/www.linkedin.com\\\/company\\\/lofinfo24\\\/\"]}]}<\/script>\n<!-- \/ Yoast SEO plugin. -->","yoast_head_json":{"title":"DEKRA Arbeit GmbH se ocupa de la profesi\u00f3n de log\u00edstica - Loginfo24","robots":{"index":"index","follow":"follow","max-snippet":"max-snippet:-1","max-image-preview":"max-image-preview:large","max-video-preview":"max-video-preview:-1"},"canonical":"https:\/\/loginfo24.com\/es\/2023\/05\/25\/dekra-arbeit-gmbh-se-ocupa-de-la-profesion-de-logistica\/","og_locale":"es_ES","og_type":"article","og_title":"DEKRA Arbeit GmbH se ocupa de la profesi\u00f3n de log\u00edstica - Loginfo24","og_description":"La industria de la log\u00edstica es el tercer sector econ\u00f3mico m\u00e1s grande en Alemania y, por lo tanto, una de las fuerzas impulsoras m\u00e1s importantes del [\u2026]","og_url":"https:\/\/loginfo24.com\/es\/2023\/05\/25\/dekra-arbeit-gmbh-se-ocupa-de-la-profesion-de-logistica\/","og_site_name":"Loginfo24","article_publisher":"https:\/\/www.facebook.com\/people\/Loginfo24\/100057360583332\/","article_published_time":"2023-05-25T17:41:01+00:00","og_image":[{"width":1290,"height":779,"url":"https:\/\/loginfo24.com\/wp-content\/uploads\/sites\/7\/2025\/12\/DEKRA_25.5.23.jpg","type":"image\/jpeg"}],"twitter_card":"summary_large_image","twitter_misc":{"Tiempo de lectura":"6 minuto"},"schema":{"@context":"https:\/\/schema.org","@graph":[{"@type":"Article","@id":"https:\/\/loginfo24.com\/es\/2023\/05\/25\/dekra-arbeit-gmbh-se-ocupa-de-la-profesion-de-logistica\/#article","isPartOf":{"@id":"https:\/\/loginfo24.com\/es\/2023\/05\/25\/dekra-arbeit-gmbh-se-ocupa-de-la-profesion-de-logistica\/"},"author":{"name":"","@id":""},"headline":"DEKRA Arbeit GmbH se ocupa de la profesi\u00f3n de log\u00edstica","datePublished":"2023-05-25T17:41:01+00:00","mainEntityOfPage":{"@id":"https:\/\/loginfo24.com\/es\/2023\/05\/25\/dekra-arbeit-gmbh-se-ocupa-de-la-profesion-de-logistica\/"},"wordCount":1222,"commentCount":0,"publisher":{"@id":"https:\/\/loginfo24.com\/es\/#organization"},"image":{"@id":"https:\/\/loginfo24.com\/es\/2023\/05\/25\/dekra-arbeit-gmbh-se-ocupa-de-la-profesion-de-logistica\/#primaryimage"},"thumbnailUrl":"https:\/\/loginfo24.com\/wp-content\/uploads\/sites\/7\/2025\/12\/DEKRA_25.5.23.jpg","articleSection":["Categories","Forwarding &amp; Logistics","Regions"],"inLanguage":"es","potentialAction":[{"@type":"CommentAction","name":"Comment","target":["https:\/\/loginfo24.com\/es\/2023\/05\/25\/dekra-arbeit-gmbh-se-ocupa-de-la-profesion-de-logistica\/#respond"]}]},{"@type":"WebPage","@id":"https:\/\/loginfo24.com\/es\/2023\/05\/25\/dekra-arbeit-gmbh-se-ocupa-de-la-profesion-de-logistica\/","url":"https:\/\/loginfo24.com\/es\/2023\/05\/25\/dekra-arbeit-gmbh-se-ocupa-de-la-profesion-de-logistica\/","name":"DEKRA Arbeit GmbH se ocupa de la profesi\u00f3n de log\u00edstica - Loginfo24","isPartOf":{"@id":"https:\/\/loginfo24.com\/es\/#website"},"primaryImageOfPage":{"@id":"https:\/\/loginfo24.com\/es\/2023\/05\/25\/dekra-arbeit-gmbh-se-ocupa-de-la-profesion-de-logistica\/#primaryimage"},"image":{"@id":"https:\/\/loginfo24.com\/es\/2023\/05\/25\/dekra-arbeit-gmbh-se-ocupa-de-la-profesion-de-logistica\/#primaryimage"},"thumbnailUrl":"https:\/\/loginfo24.com\/wp-content\/uploads\/sites\/7\/2025\/12\/DEKRA_25.5.23.jpg","datePublished":"2023-05-25T17:41:01+00:00","breadcrumb":{"@id":"https:\/\/loginfo24.com\/es\/2023\/05\/25\/dekra-arbeit-gmbh-se-ocupa-de-la-profesion-de-logistica\/#breadcrumb"},"inLanguage":"es","potentialAction":[{"@type":"ReadAction","target":["https:\/\/loginfo24.com\/es\/2023\/05\/25\/dekra-arbeit-gmbh-se-ocupa-de-la-profesion-de-logistica\/"]}]},{"@type":"ImageObject","inLanguage":"es","@id":"https:\/\/loginfo24.com\/es\/2023\/05\/25\/dekra-arbeit-gmbh-se-ocupa-de-la-profesion-de-logistica\/#primaryimage","url":"https:\/\/loginfo24.com\/wp-content\/uploads\/sites\/7\/2025\/12\/DEKRA_25.5.23.jpg","contentUrl":"https:\/\/loginfo24.com\/wp-content\/uploads\/sites\/7\/2025\/12\/DEKRA_25.5.23.jpg","width":1290,"height":779},{"@type":"BreadcrumbList","@id":"https:\/\/loginfo24.com\/es\/2023\/05\/25\/dekra-arbeit-gmbh-se-ocupa-de-la-profesion-de-logistica\/#breadcrumb","itemListElement":[{"@type":"ListItem","position":1,"name":"Startseite","item":"https:\/\/loginfo24.com\/es\/"},{"@type":"ListItem","position":2,"name":"DEKRA Arbeit GmbH se ocupa de la profesi\u00f3n de log\u00edstica"}]},{"@type":"WebSite","@id":"https:\/\/loginfo24.com\/es\/#website","url":"https:\/\/loginfo24.com\/es\/","name":"Loginfo24","description":"Loginfo24 es la plataforma dedicada a la log\u00edstica y las cadenas de suministro con informaci\u00f3n las 24 horas del d\u00eda.","publisher":{"@id":"https:\/\/loginfo24.com\/es\/#organization"},"potentialAction":[{"@type":"SearchAction","target":{"@type":"EntryPoint","urlTemplate":"https:\/\/loginfo24.com\/es\/?s={search_term_string}"},"query-input":{"@type":"PropertyValueSpecification","valueRequired":true,"valueName":"search_term_string"}}],"inLanguage":"es"},{"@type":"Organization","@id":"https:\/\/loginfo24.com\/es\/#organization","name":"Grupo Logismedia AG","url":"https:\/\/loginfo24.com\/es\/","logo":{"@type":"ImageObject","inLanguage":"es","@id":"https:\/\/loginfo24.com\/es\/#\/schema\/logo\/image\/","url":"https:\/\/loginfo24.com\/wp-content\/uploads\/sites\/7\/2026\/01\/Logo_LogInfo24.png","contentUrl":"https:\/\/loginfo24.com\/wp-content\/uploads\/sites\/7\/2026\/01\/Logo_LogInfo24.png","width":938,"height":351,"caption":"Grupo Logismedia AG"},"image":{"@id":"https:\/\/loginfo24.com\/es\/#\/schema\/logo\/image\/"},"sameAs":["https:\/\/www.facebook.com\/people\/Loginfo24\/100057360583332\/","https:\/\/www.linkedin.com\/company\/lofinfo24\/"]}]}},"_links":{"self":[{"href":"https:\/\/loginfo24.com\/es\/wp-json\/wp\/v2\/posts\/61545","targetHints":{"allow":["GET"]}}],"collection":[{"href":"https:\/\/loginfo24.com\/es\/wp-json\/wp\/v2\/posts"}],"about":[{"href":"https:\/\/loginfo24.com\/es\/wp-json\/wp\/v2\/types\/post"}],"replies":[{"embeddable":true,"href":"https:\/\/loginfo24.com\/es\/wp-json\/wp\/v2\/comments?post=61545"}],"version-history":[{"count":0,"href":"https:\/\/loginfo24.com\/es\/wp-json\/wp\/v2\/posts\/61545\/revisions"}],"wp:featuredmedia":[{"embeddable":true,"href":"https:\/\/loginfo24.com\/es\/wp-json\/wp\/v2\/media\/8102"}],"wp:attachment":[{"href":"https:\/\/loginfo24.com\/es\/wp-json\/wp\/v2\/media?parent=61545"}],"wp:term":[{"taxonomy":"category","embeddable":true,"href":"https:\/\/loginfo24.com\/es\/wp-json\/wp\/v2\/categories?post=61545"},{"taxonomy":"post_tag","embeddable":true,"href":"https:\/\/loginfo24.com\/es\/wp-json\/wp\/v2\/tags?post=61545"}],"curies":[{"name":"wp","href":"https:\/\/api.w.org\/{rel}","templated":true}]}}