{"id":61539,"date":"2023-05-25T19:27:07","date_gmt":"2023-05-25T17:27:07","guid":{"rendered":"https:\/\/blog.brand-architecture.at\/2023\/05\/25\/fiege-con-la-primera-pala-para-el-centro-logistico-en-bulach-suiza\/"},"modified":"2023-05-25T19:27:07","modified_gmt":"2023-05-25T17:27:07","slug":"fiege-con-la-primera-pala-para-el-centro-logistico-en-bulach-suiza","status":"publish","type":"post","link":"https:\/\/loginfo24.com\/es\/2023\/05\/25\/fiege-con-la-primera-pala-para-el-centro-logistico-en-bulach-suiza\/","title":{"rendered":"FIEGE con la primera pala para el centro log\u00edstico en B\u00fclach\/Suiza"},"content":{"rendered":"<h5><strong>Fiege ampl\u00eda su ubicaci\u00f3n en B\u00fclach, Suiza. Muy cerca del aeropuerto de Z\u00farich, se est\u00e1 construyendo un nuevo centro log\u00edstico con 17,000 metros cuadrados de espacio de almacenamiento adicional. La finalizaci\u00f3n est\u00e1 prevista para el verano de 2024.<\/strong><\/h5>\n<p>(Greven\/B\u00fclach) Espacio para el crecimiento: Fiege ha realizado un simb\u00f3lico y tard\u00edo acto de colocaci\u00f3n de la primera pala para su nuevo y moderno centro multiusuario. A partir del verano de 2024, Fiege ofrecer\u00e1 a sus clientes de los sectores de comercio electr\u00f3nico, retail e industria, procesos log\u00edsticos a\u00fan m\u00e1s eficientes y perspectivas de crecimiento flexibles, cerca de Z\u00farich.<\/p>\n<p>Jens Fiege, Co-CEO del grupo Fiege, que dirige la empresa familiar de 150 a\u00f1os junto a su primo Felix Fiege en la quinta generaci\u00f3n, dice: \u00abHemos trabajado con \u00e9xito durante m\u00e1s de 25 a\u00f1os con nuestros clientes y socios en Suiza y nos sentimos muy c\u00f3modos aqu\u00ed. Un agradecimiento especial a la comunidad de B\u00fclach por permitirnos seguir creciendo en esta ubicaci\u00f3n especial. Gracias a la nueva construcci\u00f3n, podemos satisfacer de manera m\u00e1s espec\u00edfica las diversas necesidades de nuestros clientes: el nuevo centro log\u00edstico es un verdadero hito para nuestro negocio en Suiza.\u00bb<\/p>\n<h5>A solo un tiro de piedra del aeropuerto de Z\u00farich<\/h5>\n<p>Martin Heinrich, director de la sucursal de Fiege en B\u00fclach, a\u00f1ade: \u00abEl hecho de que el aeropuerto de Z\u00farich est\u00e9 a solo un tiro de piedra y que la frontera suizo-alemana est\u00e9 cerca, proporciona un acceso \u00f3ptimo al mercado suizo y aumenta la atractividad de la ubicaci\u00f3n.\u00bb Adem\u00e1s, el proyecto se beneficia de que el nuevo centro log\u00edstico se construye adyacente a la ubicaci\u00f3n existente de Fiege. \u00abLos espacios adecuados para nuevos proyectos de construcci\u00f3n son escasos en Suiza. Gracias a la proximidad de los dos centros log\u00edsticos, podemos lograr valiosos efectos de sinergia\u00bb, dice Heinrich.<\/p>\n<p>Mientras que en la planta baja se almacenar\u00e1n principalmente paletas en estanter\u00edas altas, Fiege planea un almac\u00e9n automatizado en el piso superior mediante Autostore. \u00abEste funciona incluso bajo descompresi\u00f3n, por lo que estamos bien protegidos en t\u00e9rminos de seguridad contra incendios\u00bb, explica Heinrich. El centro log\u00edstico contar\u00e1 con una iluminaci\u00f3n LED controlada por demanda y una bomba de calor de aire. Fiege planea producir la mayor parte de la energ\u00eda necesaria mediante un sistema fotovoltaico en el techo.<\/p>\n<h5>Los empleados deben sentirse c\u00f3modos<\/h5>\n<p>Con su dise\u00f1o orientado al futuro y eficiente en energ\u00eda, la propiedad cumple con el estatus de oro de la Sociedad Alemana para la Construcci\u00f3n Sostenible (DGNB). Adem\u00e1s, Fiege otorga gran importancia a las condiciones laborales \u00f3ptimas: \u00abDeseamos que nuestras colegas y colegas disfruten trabajando con nosotros. Por eso, oficinas luminosas y agradables salas de descanso eran imprescindibles. Sin embargo, el verdadero atractivo es, sin duda, la gran terraza en la azotea\u00bb, dice Heinrich. El promotor del centro log\u00edstico es un fondo inmobiliario de Credit Suisse Asset Management, que ha dise\u00f1ado el edificio seg\u00fan las necesidades de Fiege.<\/p>\n<p>Foto: \u00a9 FIEGE \/ <em><strong>Pie de foto<\/strong> (de izq. a der.): Marcel Boccali (Director General y Jefe de Transporte Terrestre Fiege Suiza), Susanne Anker (Desarrollo de Negocios Fiege Suiza), Jens Fiege (Co-CEO del grupo Fiege), Mark Eberli (Alcalde de B\u00fclach), Vinko Castrogiovanni (Director General de la unidad de negocio Fiege Europa del Sur y Alpes), Martin Heinrich (Director de la sucursal de Fiege en B\u00fclach), Kurt Mayer (Gerente General de Goldbeck Rhomberg), Urs Graf (Gerente de Proyecto Desarrollo y Construcci\u00f3n en Credit Suisse)<\/em><\/p>\n","protected":false},"excerpt":{"rendered":"<p>Fiege ampl\u00eda su ubicaci\u00f3n en B\u00fclach, Suiza. Muy cerca del aeropuerto de Z\u00farich, se est\u00e1 construyendo un nuevo centro log\u00edstico con 17,000 metros cuadrados de espacio<span class=\"excerpt-hellip\"> [\u2026]<\/span><\/p>\n","protected":false},"author":0,"featured_media":8104,"comment_status":"open","ping_status":"open","sticky":false,"template":"","format":"standard","meta":{"_acf_changed":false,"footnotes":""},"categories":[1557,1560,1561],"tags":[],"class_list":["post-61539","post","type-post","status-publish","format-standard","has-post-thumbnail","hentry","category-forwarding-logistics","category-intralogistics","category-regions"],"acf":[],"yoast_head":"<!-- This site is optimized with the Yoast SEO plugin v27.3 - https:\/\/yoast.com\/product\/yoast-seo-wordpress\/ -->\n<title>FIEGE con la primera pala para el centro log\u00edstico en B\u00fclach\/Suiza - Loginfo24<\/title>\n<meta name=\"robots\" content=\"index, follow, max-snippet:-1, max-image-preview:large, max-video-preview:-1\" \/>\n<link rel=\"canonical\" href=\"https:\/\/loginfo24.com\/es\/2023\/05\/25\/fiege-con-la-primera-pala-para-el-centro-logistico-en-bulach-suiza\/\" \/>\n<meta property=\"og:locale\" content=\"es_ES\" \/>\n<meta property=\"og:type\" content=\"article\" \/>\n<meta property=\"og:title\" content=\"FIEGE con la primera pala para el centro log\u00edstico en B\u00fclach\/Suiza - Loginfo24\" \/>\n<meta property=\"og:description\" content=\"Fiege ampl\u00eda su ubicaci\u00f3n en B\u00fclach, Suiza. Muy cerca del aeropuerto de Z\u00farich, se est\u00e1 construyendo un nuevo centro log\u00edstico con 17,000 metros cuadrados de espacio [\u2026]\" \/>\n<meta property=\"og:url\" content=\"https:\/\/loginfo24.com\/es\/2023\/05\/25\/fiege-con-la-primera-pala-para-el-centro-logistico-en-bulach-suiza\/\" \/>\n<meta property=\"og:site_name\" content=\"Loginfo24\" \/>\n<meta property=\"article:publisher\" content=\"https:\/\/www.facebook.com\/people\/Loginfo24\/100057360583332\/\" \/>\n<meta property=\"article:published_time\" content=\"2023-05-25T17:27:07+00:00\" \/>\n<meta property=\"og:image\" content=\"https:\/\/loginfo24.com\/wp-content\/uploads\/sites\/7\/2025\/12\/FIEGE_25.5.23.jpg\" \/>\n\t<meta property=\"og:image:width\" content=\"1694\" \/>\n\t<meta property=\"og:image:height\" content=\"870\" \/>\n\t<meta property=\"og:image:type\" content=\"image\/jpeg\" \/>\n<meta name=\"twitter:card\" content=\"summary_large_image\" \/>\n<meta name=\"twitter:label1\" content=\"Tiempo de lectura\" \/>\n\t<meta name=\"twitter:data1\" content=\"3 minuto\" \/>\n<script type=\"application\/ld+json\" class=\"yoast-schema-graph\">{\"@context\":\"https:\\\/\\\/schema.org\",\"@graph\":[{\"@type\":\"Article\",\"@id\":\"https:\\\/\\\/loginfo24.com\\\/es\\\/2023\\\/05\\\/25\\\/fiege-con-la-primera-pala-para-el-centro-logistico-en-bulach-suiza\\\/#article\",\"isPartOf\":{\"@id\":\"https:\\\/\\\/loginfo24.com\\\/es\\\/2023\\\/05\\\/25\\\/fiege-con-la-primera-pala-para-el-centro-logistico-en-bulach-suiza\\\/\"},\"author\":{\"name\":\"\",\"@id\":\"\"},\"headline\":\"FIEGE con la primera pala para el centro log\u00edstico en B\u00fclach\\\/Suiza\",\"datePublished\":\"2023-05-25T17:27:07+00:00\",\"mainEntityOfPage\":{\"@id\":\"https:\\\/\\\/loginfo24.com\\\/es\\\/2023\\\/05\\\/25\\\/fiege-con-la-primera-pala-para-el-centro-logistico-en-bulach-suiza\\\/\"},\"wordCount\":623,\"commentCount\":0,\"publisher\":{\"@id\":\"https:\\\/\\\/loginfo24.com\\\/es\\\/#organization\"},\"image\":{\"@id\":\"https:\\\/\\\/loginfo24.com\\\/es\\\/2023\\\/05\\\/25\\\/fiege-con-la-primera-pala-para-el-centro-logistico-en-bulach-suiza\\\/#primaryimage\"},\"thumbnailUrl\":\"https:\\\/\\\/loginfo24.com\\\/wp-content\\\/uploads\\\/sites\\\/7\\\/2025\\\/12\\\/FIEGE_25.5.23.jpg\",\"articleSection\":[\"Forwarding &amp; Logistics\",\"Intralogistics\",\"Regions\"],\"inLanguage\":\"es\",\"potentialAction\":[{\"@type\":\"CommentAction\",\"name\":\"Comment\",\"target\":[\"https:\\\/\\\/loginfo24.com\\\/es\\\/2023\\\/05\\\/25\\\/fiege-con-la-primera-pala-para-el-centro-logistico-en-bulach-suiza\\\/#respond\"]}]},{\"@type\":\"WebPage\",\"@id\":\"https:\\\/\\\/loginfo24.com\\\/es\\\/2023\\\/05\\\/25\\\/fiege-con-la-primera-pala-para-el-centro-logistico-en-bulach-suiza\\\/\",\"url\":\"https:\\\/\\\/loginfo24.com\\\/es\\\/2023\\\/05\\\/25\\\/fiege-con-la-primera-pala-para-el-centro-logistico-en-bulach-suiza\\\/\",\"name\":\"FIEGE con la primera pala para el centro log\u00edstico en B\u00fclach\\\/Suiza - Loginfo24\",\"isPartOf\":{\"@id\":\"https:\\\/\\\/loginfo24.com\\\/es\\\/#website\"},\"primaryImageOfPage\":{\"@id\":\"https:\\\/\\\/loginfo24.com\\\/es\\\/2023\\\/05\\\/25\\\/fiege-con-la-primera-pala-para-el-centro-logistico-en-bulach-suiza\\\/#primaryimage\"},\"image\":{\"@id\":\"https:\\\/\\\/loginfo24.com\\\/es\\\/2023\\\/05\\\/25\\\/fiege-con-la-primera-pala-para-el-centro-logistico-en-bulach-suiza\\\/#primaryimage\"},\"thumbnailUrl\":\"https:\\\/\\\/loginfo24.com\\\/wp-content\\\/uploads\\\/sites\\\/7\\\/2025\\\/12\\\/FIEGE_25.5.23.jpg\",\"datePublished\":\"2023-05-25T17:27:07+00:00\",\"breadcrumb\":{\"@id\":\"https:\\\/\\\/loginfo24.com\\\/es\\\/2023\\\/05\\\/25\\\/fiege-con-la-primera-pala-para-el-centro-logistico-en-bulach-suiza\\\/#breadcrumb\"},\"inLanguage\":\"es\",\"potentialAction\":[{\"@type\":\"ReadAction\",\"target\":[\"https:\\\/\\\/loginfo24.com\\\/es\\\/2023\\\/05\\\/25\\\/fiege-con-la-primera-pala-para-el-centro-logistico-en-bulach-suiza\\\/\"]}]},{\"@type\":\"ImageObject\",\"inLanguage\":\"es\",\"@id\":\"https:\\\/\\\/loginfo24.com\\\/es\\\/2023\\\/05\\\/25\\\/fiege-con-la-primera-pala-para-el-centro-logistico-en-bulach-suiza\\\/#primaryimage\",\"url\":\"https:\\\/\\\/loginfo24.com\\\/wp-content\\\/uploads\\\/sites\\\/7\\\/2025\\\/12\\\/FIEGE_25.5.23.jpg\",\"contentUrl\":\"https:\\\/\\\/loginfo24.com\\\/wp-content\\\/uploads\\\/sites\\\/7\\\/2025\\\/12\\\/FIEGE_25.5.23.jpg\",\"width\":1694,\"height\":870},{\"@type\":\"BreadcrumbList\",\"@id\":\"https:\\\/\\\/loginfo24.com\\\/es\\\/2023\\\/05\\\/25\\\/fiege-con-la-primera-pala-para-el-centro-logistico-en-bulach-suiza\\\/#breadcrumb\",\"itemListElement\":[{\"@type\":\"ListItem\",\"position\":1,\"name\":\"Startseite\",\"item\":\"https:\\\/\\\/loginfo24.com\\\/es\\\/\"},{\"@type\":\"ListItem\",\"position\":2,\"name\":\"FIEGE con la primera pala para el centro log\u00edstico en B\u00fclach\\\/Suiza\"}]},{\"@type\":\"WebSite\",\"@id\":\"https:\\\/\\\/loginfo24.com\\\/es\\\/#website\",\"url\":\"https:\\\/\\\/loginfo24.com\\\/es\\\/\",\"name\":\"Loginfo24\",\"description\":\"Loginfo24 es la plataforma dedicada a la log\u00edstica y las cadenas de suministro con informaci\u00f3n las 24 horas del d\u00eda.\",\"publisher\":{\"@id\":\"https:\\\/\\\/loginfo24.com\\\/es\\\/#organization\"},\"potentialAction\":[{\"@type\":\"SearchAction\",\"target\":{\"@type\":\"EntryPoint\",\"urlTemplate\":\"https:\\\/\\\/loginfo24.com\\\/es\\\/?s={search_term_string}\"},\"query-input\":{\"@type\":\"PropertyValueSpecification\",\"valueRequired\":true,\"valueName\":\"search_term_string\"}}],\"inLanguage\":\"es\"},{\"@type\":\"Organization\",\"@id\":\"https:\\\/\\\/loginfo24.com\\\/es\\\/#organization\",\"name\":\"Grupo Logismedia AG\",\"url\":\"https:\\\/\\\/loginfo24.com\\\/es\\\/\",\"logo\":{\"@type\":\"ImageObject\",\"inLanguage\":\"es\",\"@id\":\"https:\\\/\\\/loginfo24.com\\\/es\\\/#\\\/schema\\\/logo\\\/image\\\/\",\"url\":\"https:\\\/\\\/loginfo24.com\\\/wp-content\\\/uploads\\\/sites\\\/7\\\/2026\\\/01\\\/Logo_LogInfo24.png\",\"contentUrl\":\"https:\\\/\\\/loginfo24.com\\\/wp-content\\\/uploads\\\/sites\\\/7\\\/2026\\\/01\\\/Logo_LogInfo24.png\",\"width\":938,\"height\":351,\"caption\":\"Grupo Logismedia AG\"},\"image\":{\"@id\":\"https:\\\/\\\/loginfo24.com\\\/es\\\/#\\\/schema\\\/logo\\\/image\\\/\"},\"sameAs\":[\"https:\\\/\\\/www.facebook.com\\\/people\\\/Loginfo24\\\/100057360583332\\\/\",\"https:\\\/\\\/www.linkedin.com\\\/company\\\/lofinfo24\\\/\"]}]}<\/script>\n<!-- \/ Yoast SEO plugin. -->","yoast_head_json":{"title":"FIEGE con la primera pala para el centro log\u00edstico en B\u00fclach\/Suiza - Loginfo24","robots":{"index":"index","follow":"follow","max-snippet":"max-snippet:-1","max-image-preview":"max-image-preview:large","max-video-preview":"max-video-preview:-1"},"canonical":"https:\/\/loginfo24.com\/es\/2023\/05\/25\/fiege-con-la-primera-pala-para-el-centro-logistico-en-bulach-suiza\/","og_locale":"es_ES","og_type":"article","og_title":"FIEGE con la primera pala para el centro log\u00edstico en B\u00fclach\/Suiza - Loginfo24","og_description":"Fiege ampl\u00eda su ubicaci\u00f3n en B\u00fclach, Suiza. Muy cerca del aeropuerto de Z\u00farich, se est\u00e1 construyendo un nuevo centro log\u00edstico con 17,000 metros cuadrados de espacio [\u2026]","og_url":"https:\/\/loginfo24.com\/es\/2023\/05\/25\/fiege-con-la-primera-pala-para-el-centro-logistico-en-bulach-suiza\/","og_site_name":"Loginfo24","article_publisher":"https:\/\/www.facebook.com\/people\/Loginfo24\/100057360583332\/","article_published_time":"2023-05-25T17:27:07+00:00","og_image":[{"width":1694,"height":870,"url":"https:\/\/loginfo24.com\/wp-content\/uploads\/sites\/7\/2025\/12\/FIEGE_25.5.23.jpg","type":"image\/jpeg"}],"twitter_card":"summary_large_image","twitter_misc":{"Tiempo de lectura":"3 minuto"},"schema":{"@context":"https:\/\/schema.org","@graph":[{"@type":"Article","@id":"https:\/\/loginfo24.com\/es\/2023\/05\/25\/fiege-con-la-primera-pala-para-el-centro-logistico-en-bulach-suiza\/#article","isPartOf":{"@id":"https:\/\/loginfo24.com\/es\/2023\/05\/25\/fiege-con-la-primera-pala-para-el-centro-logistico-en-bulach-suiza\/"},"author":{"name":"","@id":""},"headline":"FIEGE con la primera pala para el centro log\u00edstico en B\u00fclach\/Suiza","datePublished":"2023-05-25T17:27:07+00:00","mainEntityOfPage":{"@id":"https:\/\/loginfo24.com\/es\/2023\/05\/25\/fiege-con-la-primera-pala-para-el-centro-logistico-en-bulach-suiza\/"},"wordCount":623,"commentCount":0,"publisher":{"@id":"https:\/\/loginfo24.com\/es\/#organization"},"image":{"@id":"https:\/\/loginfo24.com\/es\/2023\/05\/25\/fiege-con-la-primera-pala-para-el-centro-logistico-en-bulach-suiza\/#primaryimage"},"thumbnailUrl":"https:\/\/loginfo24.com\/wp-content\/uploads\/sites\/7\/2025\/12\/FIEGE_25.5.23.jpg","articleSection":["Forwarding &amp; Logistics","Intralogistics","Regions"],"inLanguage":"es","potentialAction":[{"@type":"CommentAction","name":"Comment","target":["https:\/\/loginfo24.com\/es\/2023\/05\/25\/fiege-con-la-primera-pala-para-el-centro-logistico-en-bulach-suiza\/#respond"]}]},{"@type":"WebPage","@id":"https:\/\/loginfo24.com\/es\/2023\/05\/25\/fiege-con-la-primera-pala-para-el-centro-logistico-en-bulach-suiza\/","url":"https:\/\/loginfo24.com\/es\/2023\/05\/25\/fiege-con-la-primera-pala-para-el-centro-logistico-en-bulach-suiza\/","name":"FIEGE con la primera pala para el centro log\u00edstico en B\u00fclach\/Suiza - Loginfo24","isPartOf":{"@id":"https:\/\/loginfo24.com\/es\/#website"},"primaryImageOfPage":{"@id":"https:\/\/loginfo24.com\/es\/2023\/05\/25\/fiege-con-la-primera-pala-para-el-centro-logistico-en-bulach-suiza\/#primaryimage"},"image":{"@id":"https:\/\/loginfo24.com\/es\/2023\/05\/25\/fiege-con-la-primera-pala-para-el-centro-logistico-en-bulach-suiza\/#primaryimage"},"thumbnailUrl":"https:\/\/loginfo24.com\/wp-content\/uploads\/sites\/7\/2025\/12\/FIEGE_25.5.23.jpg","datePublished":"2023-05-25T17:27:07+00:00","breadcrumb":{"@id":"https:\/\/loginfo24.com\/es\/2023\/05\/25\/fiege-con-la-primera-pala-para-el-centro-logistico-en-bulach-suiza\/#breadcrumb"},"inLanguage":"es","potentialAction":[{"@type":"ReadAction","target":["https:\/\/loginfo24.com\/es\/2023\/05\/25\/fiege-con-la-primera-pala-para-el-centro-logistico-en-bulach-suiza\/"]}]},{"@type":"ImageObject","inLanguage":"es","@id":"https:\/\/loginfo24.com\/es\/2023\/05\/25\/fiege-con-la-primera-pala-para-el-centro-logistico-en-bulach-suiza\/#primaryimage","url":"https:\/\/loginfo24.com\/wp-content\/uploads\/sites\/7\/2025\/12\/FIEGE_25.5.23.jpg","contentUrl":"https:\/\/loginfo24.com\/wp-content\/uploads\/sites\/7\/2025\/12\/FIEGE_25.5.23.jpg","width":1694,"height":870},{"@type":"BreadcrumbList","@id":"https:\/\/loginfo24.com\/es\/2023\/05\/25\/fiege-con-la-primera-pala-para-el-centro-logistico-en-bulach-suiza\/#breadcrumb","itemListElement":[{"@type":"ListItem","position":1,"name":"Startseite","item":"https:\/\/loginfo24.com\/es\/"},{"@type":"ListItem","position":2,"name":"FIEGE con la primera pala para el centro log\u00edstico en B\u00fclach\/Suiza"}]},{"@type":"WebSite","@id":"https:\/\/loginfo24.com\/es\/#website","url":"https:\/\/loginfo24.com\/es\/","name":"Loginfo24","description":"Loginfo24 es la plataforma dedicada a la log\u00edstica y las cadenas de suministro con informaci\u00f3n las 24 horas del d\u00eda.","publisher":{"@id":"https:\/\/loginfo24.com\/es\/#organization"},"potentialAction":[{"@type":"SearchAction","target":{"@type":"EntryPoint","urlTemplate":"https:\/\/loginfo24.com\/es\/?s={search_term_string}"},"query-input":{"@type":"PropertyValueSpecification","valueRequired":true,"valueName":"search_term_string"}}],"inLanguage":"es"},{"@type":"Organization","@id":"https:\/\/loginfo24.com\/es\/#organization","name":"Grupo Logismedia AG","url":"https:\/\/loginfo24.com\/es\/","logo":{"@type":"ImageObject","inLanguage":"es","@id":"https:\/\/loginfo24.com\/es\/#\/schema\/logo\/image\/","url":"https:\/\/loginfo24.com\/wp-content\/uploads\/sites\/7\/2026\/01\/Logo_LogInfo24.png","contentUrl":"https:\/\/loginfo24.com\/wp-content\/uploads\/sites\/7\/2026\/01\/Logo_LogInfo24.png","width":938,"height":351,"caption":"Grupo Logismedia AG"},"image":{"@id":"https:\/\/loginfo24.com\/es\/#\/schema\/logo\/image\/"},"sameAs":["https:\/\/www.facebook.com\/people\/Loginfo24\/100057360583332\/","https:\/\/www.linkedin.com\/company\/lofinfo24\/"]}]}},"_links":{"self":[{"href":"https:\/\/loginfo24.com\/es\/wp-json\/wp\/v2\/posts\/61539","targetHints":{"allow":["GET"]}}],"collection":[{"href":"https:\/\/loginfo24.com\/es\/wp-json\/wp\/v2\/posts"}],"about":[{"href":"https:\/\/loginfo24.com\/es\/wp-json\/wp\/v2\/types\/post"}],"replies":[{"embeddable":true,"href":"https:\/\/loginfo24.com\/es\/wp-json\/wp\/v2\/comments?post=61539"}],"version-history":[{"count":0,"href":"https:\/\/loginfo24.com\/es\/wp-json\/wp\/v2\/posts\/61539\/revisions"}],"wp:featuredmedia":[{"embeddable":true,"href":"https:\/\/loginfo24.com\/es\/wp-json\/wp\/v2\/media\/8104"}],"wp:attachment":[{"href":"https:\/\/loginfo24.com\/es\/wp-json\/wp\/v2\/media?parent=61539"}],"wp:term":[{"taxonomy":"category","embeddable":true,"href":"https:\/\/loginfo24.com\/es\/wp-json\/wp\/v2\/categories?post=61539"},{"taxonomy":"post_tag","embeddable":true,"href":"https:\/\/loginfo24.com\/es\/wp-json\/wp\/v2\/tags?post=61539"}],"curies":[{"name":"wp","href":"https:\/\/api.w.org\/{rel}","templated":true}]}}