{"id":61497,"date":"2023-05-22T17:13:09","date_gmt":"2023-05-22T15:13:09","guid":{"rendered":"https:\/\/blog.brand-architecture.at\/2023\/05\/22\/la-sociedad-portuaria-de-lubeck-presenta-una-nueva-imagen-de-marca\/"},"modified":"2023-05-22T17:13:09","modified_gmt":"2023-05-22T15:13:09","slug":"la-sociedad-portuaria-de-lubeck-presenta-una-nueva-imagen-de-marca","status":"publish","type":"post","link":"https:\/\/loginfo24.com\/es\/2023\/05\/22\/la-sociedad-portuaria-de-lubeck-presenta-una-nueva-imagen-de-marca\/","title":{"rendered":"La Sociedad Portuaria de L\u00fcbeck presenta una nueva imagen de marca"},"content":{"rendered":"<h5>La Sociedad Portuaria de L\u00fcbeck (LHG) cumplir\u00e1 noventa a\u00f1os el pr\u00f3ximo a\u00f1o y ahora ha recibido un nuevo aspecto. En la feria \u00abtransport logistic\u00bb en M\u00fanich, la empresa present\u00f3 recientemente su nuevo atuendo. Colores vibrantes reemplazan el antiguo logo, la caja gris plateada con las tres letras. El dise\u00f1o tambi\u00e9n incluye el lema \u00abYour TransPort\u00bb.<\/h5>\n<p>(L\u00fcbeck) El nuevo logo destaca por su forma clara y sencilla. Sus tres elementos reflejan la trimodalidad de las instalaciones portuarias. En el centro se encuentra el punto de concentraci\u00f3n, rodeado por las flechas indicadoras. Estas representan tanto un barco como manos que cuidan con esmero las mercanc\u00edas de los socios y clientes.<\/p>\n<p>Los colores corporativos actuales de la LHG no son una reinvenci\u00f3n, sino m\u00e1s bien una evoluci\u00f3n din\u00e1mica del aspecto anterior. El tono \u00abPort Orange\u00bb retoma deliberadamente el conocido naranja de la LHG y le da un poco m\u00e1s de profundidad. El naranja es el color de la ropa de trabajo en los terminales, y por lo tanto, una parte inmensamente importante de la identidad del operador portuario. \u00abBaltic Blue\u00bb, el profundo azul del mar, expresa la conexi\u00f3n con el agua.<\/p>\n<h5>La nueva imagen de marca es muy bien recibida<\/h5>\n<p>En los \u00faltimos 90 a\u00f1os, la LHG se ha desarrollado gradualmente hasta convertirse en una moderna empresa de log\u00edstica. Ya sea en la oficina o en el muelle, los empleados enfrentan juntos cada desaf\u00edo y llevan a cabo los m\u00e1s diversos proyectos hasta su finalizaci\u00f3n. El director general Ortwin Harms explica: \u00abEste &#8216;esp\u00edritu de equipo&#8217; lo hemos plasmado en un tipo de canon de valores que acompa\u00f1a a la nueva identidad de marca. Describe la filosof\u00eda de la empresa, c\u00f3mo pensamos y actuamos, y por qu\u00e9 exactamente nos comprometemos.\u00bb La nueva imagen de marca ha sido muy bien recibida, recibiendo elogios tanto en la feria como despu\u00e9s por el \u00abnuevo aspecto fresco\u00bb.<\/p>\n","protected":false},"excerpt":{"rendered":"<p>La Sociedad Portuaria de L\u00fcbeck (LHG) cumplir\u00e1 noventa a\u00f1os el pr\u00f3ximo a\u00f1o y ahora ha recibido un nuevo aspecto. En la feria \u00abtransport logistic\u00bb en M\u00fanich,<span class=\"excerpt-hellip\"> [\u2026]<\/span><\/p>\n","protected":false},"author":0,"featured_media":8123,"comment_status":"open","ping_status":"open","sticky":false,"template":"","format":"standard","meta":{"_acf_changed":false,"footnotes":""},"categories":[1557,1561,1559],"tags":[],"class_list":["post-61497","post","type-post","status-publish","format-standard","has-post-thumbnail","hentry","category-forwarding-logistics","category-regions","category-shipping-ports"],"acf":[],"yoast_head":"<!-- This site is optimized with the Yoast SEO plugin v27.3 - https:\/\/yoast.com\/product\/yoast-seo-wordpress\/ -->\n<title>La Sociedad Portuaria de L\u00fcbeck presenta una nueva imagen de marca - Loginfo24<\/title>\n<meta name=\"robots\" content=\"index, follow, max-snippet:-1, max-image-preview:large, max-video-preview:-1\" \/>\n<link rel=\"canonical\" href=\"https:\/\/loginfo24.com\/es\/2023\/05\/22\/la-sociedad-portuaria-de-lubeck-presenta-una-nueva-imagen-de-marca\/\" \/>\n<meta property=\"og:locale\" content=\"es_ES\" \/>\n<meta property=\"og:type\" content=\"article\" \/>\n<meta property=\"og:title\" content=\"La Sociedad Portuaria de L\u00fcbeck presenta una nueva imagen de marca - Loginfo24\" \/>\n<meta property=\"og:description\" content=\"La Sociedad Portuaria de L\u00fcbeck (LHG) cumplir\u00e1 noventa a\u00f1os el pr\u00f3ximo a\u00f1o y ahora ha recibido un nuevo aspecto. En la feria \u00abtransport logistic\u00bb en M\u00fanich, [\u2026]\" \/>\n<meta property=\"og:url\" content=\"https:\/\/loginfo24.com\/es\/2023\/05\/22\/la-sociedad-portuaria-de-lubeck-presenta-una-nueva-imagen-de-marca\/\" \/>\n<meta property=\"og:site_name\" content=\"Loginfo24\" \/>\n<meta property=\"article:publisher\" content=\"https:\/\/www.facebook.com\/people\/Loginfo24\/100057360583332\/\" \/>\n<meta property=\"article:published_time\" content=\"2023-05-22T15:13:09+00:00\" \/>\n<meta property=\"og:image\" content=\"https:\/\/loginfo24.com\/wp-content\/uploads\/sites\/7\/2025\/12\/LHG_22.5.23.jpg\" \/>\n\t<meta property=\"og:image:width\" content=\"1350\" \/>\n\t<meta property=\"og:image:height\" content=\"750\" \/>\n\t<meta property=\"og:image:type\" content=\"image\/jpeg\" \/>\n<meta name=\"twitter:card\" content=\"summary_large_image\" \/>\n<meta name=\"twitter:label1\" content=\"Tiempo de lectura\" \/>\n\t<meta name=\"twitter:data1\" content=\"2 minuto\" \/>\n<script type=\"application\/ld+json\" class=\"yoast-schema-graph\">{\"@context\":\"https:\\\/\\\/schema.org\",\"@graph\":[{\"@type\":\"Article\",\"@id\":\"https:\\\/\\\/loginfo24.com\\\/es\\\/2023\\\/05\\\/22\\\/la-sociedad-portuaria-de-lubeck-presenta-una-nueva-imagen-de-marca\\\/#article\",\"isPartOf\":{\"@id\":\"https:\\\/\\\/loginfo24.com\\\/es\\\/2023\\\/05\\\/22\\\/la-sociedad-portuaria-de-lubeck-presenta-una-nueva-imagen-de-marca\\\/\"},\"author\":{\"name\":\"\",\"@id\":\"\"},\"headline\":\"La Sociedad Portuaria de L\u00fcbeck presenta una nueva imagen de marca\",\"datePublished\":\"2023-05-22T15:13:09+00:00\",\"mainEntityOfPage\":{\"@id\":\"https:\\\/\\\/loginfo24.com\\\/es\\\/2023\\\/05\\\/22\\\/la-sociedad-portuaria-de-lubeck-presenta-una-nueva-imagen-de-marca\\\/\"},\"wordCount\":346,\"commentCount\":0,\"publisher\":{\"@id\":\"https:\\\/\\\/loginfo24.com\\\/es\\\/#organization\"},\"image\":{\"@id\":\"https:\\\/\\\/loginfo24.com\\\/es\\\/2023\\\/05\\\/22\\\/la-sociedad-portuaria-de-lubeck-presenta-una-nueva-imagen-de-marca\\\/#primaryimage\"},\"thumbnailUrl\":\"https:\\\/\\\/loginfo24.com\\\/wp-content\\\/uploads\\\/sites\\\/7\\\/2025\\\/12\\\/LHG_22.5.23.jpg\",\"articleSection\":[\"Forwarding &amp; Logistics\",\"Regions\",\"Shipping &amp; Ports\"],\"inLanguage\":\"es\",\"potentialAction\":[{\"@type\":\"CommentAction\",\"name\":\"Comment\",\"target\":[\"https:\\\/\\\/loginfo24.com\\\/es\\\/2023\\\/05\\\/22\\\/la-sociedad-portuaria-de-lubeck-presenta-una-nueva-imagen-de-marca\\\/#respond\"]}]},{\"@type\":\"WebPage\",\"@id\":\"https:\\\/\\\/loginfo24.com\\\/es\\\/2023\\\/05\\\/22\\\/la-sociedad-portuaria-de-lubeck-presenta-una-nueva-imagen-de-marca\\\/\",\"url\":\"https:\\\/\\\/loginfo24.com\\\/es\\\/2023\\\/05\\\/22\\\/la-sociedad-portuaria-de-lubeck-presenta-una-nueva-imagen-de-marca\\\/\",\"name\":\"La Sociedad Portuaria de L\u00fcbeck presenta una nueva imagen de marca - Loginfo24\",\"isPartOf\":{\"@id\":\"https:\\\/\\\/loginfo24.com\\\/es\\\/#website\"},\"primaryImageOfPage\":{\"@id\":\"https:\\\/\\\/loginfo24.com\\\/es\\\/2023\\\/05\\\/22\\\/la-sociedad-portuaria-de-lubeck-presenta-una-nueva-imagen-de-marca\\\/#primaryimage\"},\"image\":{\"@id\":\"https:\\\/\\\/loginfo24.com\\\/es\\\/2023\\\/05\\\/22\\\/la-sociedad-portuaria-de-lubeck-presenta-una-nueva-imagen-de-marca\\\/#primaryimage\"},\"thumbnailUrl\":\"https:\\\/\\\/loginfo24.com\\\/wp-content\\\/uploads\\\/sites\\\/7\\\/2025\\\/12\\\/LHG_22.5.23.jpg\",\"datePublished\":\"2023-05-22T15:13:09+00:00\",\"breadcrumb\":{\"@id\":\"https:\\\/\\\/loginfo24.com\\\/es\\\/2023\\\/05\\\/22\\\/la-sociedad-portuaria-de-lubeck-presenta-una-nueva-imagen-de-marca\\\/#breadcrumb\"},\"inLanguage\":\"es\",\"potentialAction\":[{\"@type\":\"ReadAction\",\"target\":[\"https:\\\/\\\/loginfo24.com\\\/es\\\/2023\\\/05\\\/22\\\/la-sociedad-portuaria-de-lubeck-presenta-una-nueva-imagen-de-marca\\\/\"]}]},{\"@type\":\"ImageObject\",\"inLanguage\":\"es\",\"@id\":\"https:\\\/\\\/loginfo24.com\\\/es\\\/2023\\\/05\\\/22\\\/la-sociedad-portuaria-de-lubeck-presenta-una-nueva-imagen-de-marca\\\/#primaryimage\",\"url\":\"https:\\\/\\\/loginfo24.com\\\/wp-content\\\/uploads\\\/sites\\\/7\\\/2025\\\/12\\\/LHG_22.5.23.jpg\",\"contentUrl\":\"https:\\\/\\\/loginfo24.com\\\/wp-content\\\/uploads\\\/sites\\\/7\\\/2025\\\/12\\\/LHG_22.5.23.jpg\",\"width\":1350,\"height\":750},{\"@type\":\"BreadcrumbList\",\"@id\":\"https:\\\/\\\/loginfo24.com\\\/es\\\/2023\\\/05\\\/22\\\/la-sociedad-portuaria-de-lubeck-presenta-una-nueva-imagen-de-marca\\\/#breadcrumb\",\"itemListElement\":[{\"@type\":\"ListItem\",\"position\":1,\"name\":\"Startseite\",\"item\":\"https:\\\/\\\/loginfo24.com\\\/es\\\/\"},{\"@type\":\"ListItem\",\"position\":2,\"name\":\"La Sociedad Portuaria de L\u00fcbeck presenta una nueva imagen de marca\"}]},{\"@type\":\"WebSite\",\"@id\":\"https:\\\/\\\/loginfo24.com\\\/es\\\/#website\",\"url\":\"https:\\\/\\\/loginfo24.com\\\/es\\\/\",\"name\":\"Loginfo24\",\"description\":\"Loginfo24 es la plataforma dedicada a la log\u00edstica y las cadenas de suministro con informaci\u00f3n las 24 horas del d\u00eda.\",\"publisher\":{\"@id\":\"https:\\\/\\\/loginfo24.com\\\/es\\\/#organization\"},\"potentialAction\":[{\"@type\":\"SearchAction\",\"target\":{\"@type\":\"EntryPoint\",\"urlTemplate\":\"https:\\\/\\\/loginfo24.com\\\/es\\\/?s={search_term_string}\"},\"query-input\":{\"@type\":\"PropertyValueSpecification\",\"valueRequired\":true,\"valueName\":\"search_term_string\"}}],\"inLanguage\":\"es\"},{\"@type\":\"Organization\",\"@id\":\"https:\\\/\\\/loginfo24.com\\\/es\\\/#organization\",\"name\":\"Grupo Logismedia AG\",\"url\":\"https:\\\/\\\/loginfo24.com\\\/es\\\/\",\"logo\":{\"@type\":\"ImageObject\",\"inLanguage\":\"es\",\"@id\":\"https:\\\/\\\/loginfo24.com\\\/es\\\/#\\\/schema\\\/logo\\\/image\\\/\",\"url\":\"https:\\\/\\\/loginfo24.com\\\/wp-content\\\/uploads\\\/sites\\\/7\\\/2026\\\/01\\\/Logo_LogInfo24.png\",\"contentUrl\":\"https:\\\/\\\/loginfo24.com\\\/wp-content\\\/uploads\\\/sites\\\/7\\\/2026\\\/01\\\/Logo_LogInfo24.png\",\"width\":938,\"height\":351,\"caption\":\"Grupo Logismedia AG\"},\"image\":{\"@id\":\"https:\\\/\\\/loginfo24.com\\\/es\\\/#\\\/schema\\\/logo\\\/image\\\/\"},\"sameAs\":[\"https:\\\/\\\/www.facebook.com\\\/people\\\/Loginfo24\\\/100057360583332\\\/\",\"https:\\\/\\\/www.linkedin.com\\\/company\\\/lofinfo24\\\/\"]}]}<\/script>\n<!-- \/ Yoast SEO plugin. -->","yoast_head_json":{"title":"La Sociedad Portuaria de L\u00fcbeck presenta una nueva imagen de marca - Loginfo24","robots":{"index":"index","follow":"follow","max-snippet":"max-snippet:-1","max-image-preview":"max-image-preview:large","max-video-preview":"max-video-preview:-1"},"canonical":"https:\/\/loginfo24.com\/es\/2023\/05\/22\/la-sociedad-portuaria-de-lubeck-presenta-una-nueva-imagen-de-marca\/","og_locale":"es_ES","og_type":"article","og_title":"La Sociedad Portuaria de L\u00fcbeck presenta una nueva imagen de marca - Loginfo24","og_description":"La Sociedad Portuaria de L\u00fcbeck (LHG) cumplir\u00e1 noventa a\u00f1os el pr\u00f3ximo a\u00f1o y ahora ha recibido un nuevo aspecto. En la feria \u00abtransport logistic\u00bb en M\u00fanich, [\u2026]","og_url":"https:\/\/loginfo24.com\/es\/2023\/05\/22\/la-sociedad-portuaria-de-lubeck-presenta-una-nueva-imagen-de-marca\/","og_site_name":"Loginfo24","article_publisher":"https:\/\/www.facebook.com\/people\/Loginfo24\/100057360583332\/","article_published_time":"2023-05-22T15:13:09+00:00","og_image":[{"width":1350,"height":750,"url":"https:\/\/loginfo24.com\/wp-content\/uploads\/sites\/7\/2025\/12\/LHG_22.5.23.jpg","type":"image\/jpeg"}],"twitter_card":"summary_large_image","twitter_misc":{"Tiempo de lectura":"2 minuto"},"schema":{"@context":"https:\/\/schema.org","@graph":[{"@type":"Article","@id":"https:\/\/loginfo24.com\/es\/2023\/05\/22\/la-sociedad-portuaria-de-lubeck-presenta-una-nueva-imagen-de-marca\/#article","isPartOf":{"@id":"https:\/\/loginfo24.com\/es\/2023\/05\/22\/la-sociedad-portuaria-de-lubeck-presenta-una-nueva-imagen-de-marca\/"},"author":{"name":"","@id":""},"headline":"La Sociedad Portuaria de L\u00fcbeck presenta una nueva imagen de marca","datePublished":"2023-05-22T15:13:09+00:00","mainEntityOfPage":{"@id":"https:\/\/loginfo24.com\/es\/2023\/05\/22\/la-sociedad-portuaria-de-lubeck-presenta-una-nueva-imagen-de-marca\/"},"wordCount":346,"commentCount":0,"publisher":{"@id":"https:\/\/loginfo24.com\/es\/#organization"},"image":{"@id":"https:\/\/loginfo24.com\/es\/2023\/05\/22\/la-sociedad-portuaria-de-lubeck-presenta-una-nueva-imagen-de-marca\/#primaryimage"},"thumbnailUrl":"https:\/\/loginfo24.com\/wp-content\/uploads\/sites\/7\/2025\/12\/LHG_22.5.23.jpg","articleSection":["Forwarding &amp; Logistics","Regions","Shipping &amp; Ports"],"inLanguage":"es","potentialAction":[{"@type":"CommentAction","name":"Comment","target":["https:\/\/loginfo24.com\/es\/2023\/05\/22\/la-sociedad-portuaria-de-lubeck-presenta-una-nueva-imagen-de-marca\/#respond"]}]},{"@type":"WebPage","@id":"https:\/\/loginfo24.com\/es\/2023\/05\/22\/la-sociedad-portuaria-de-lubeck-presenta-una-nueva-imagen-de-marca\/","url":"https:\/\/loginfo24.com\/es\/2023\/05\/22\/la-sociedad-portuaria-de-lubeck-presenta-una-nueva-imagen-de-marca\/","name":"La Sociedad Portuaria de L\u00fcbeck presenta una nueva imagen de marca - Loginfo24","isPartOf":{"@id":"https:\/\/loginfo24.com\/es\/#website"},"primaryImageOfPage":{"@id":"https:\/\/loginfo24.com\/es\/2023\/05\/22\/la-sociedad-portuaria-de-lubeck-presenta-una-nueva-imagen-de-marca\/#primaryimage"},"image":{"@id":"https:\/\/loginfo24.com\/es\/2023\/05\/22\/la-sociedad-portuaria-de-lubeck-presenta-una-nueva-imagen-de-marca\/#primaryimage"},"thumbnailUrl":"https:\/\/loginfo24.com\/wp-content\/uploads\/sites\/7\/2025\/12\/LHG_22.5.23.jpg","datePublished":"2023-05-22T15:13:09+00:00","breadcrumb":{"@id":"https:\/\/loginfo24.com\/es\/2023\/05\/22\/la-sociedad-portuaria-de-lubeck-presenta-una-nueva-imagen-de-marca\/#breadcrumb"},"inLanguage":"es","potentialAction":[{"@type":"ReadAction","target":["https:\/\/loginfo24.com\/es\/2023\/05\/22\/la-sociedad-portuaria-de-lubeck-presenta-una-nueva-imagen-de-marca\/"]}]},{"@type":"ImageObject","inLanguage":"es","@id":"https:\/\/loginfo24.com\/es\/2023\/05\/22\/la-sociedad-portuaria-de-lubeck-presenta-una-nueva-imagen-de-marca\/#primaryimage","url":"https:\/\/loginfo24.com\/wp-content\/uploads\/sites\/7\/2025\/12\/LHG_22.5.23.jpg","contentUrl":"https:\/\/loginfo24.com\/wp-content\/uploads\/sites\/7\/2025\/12\/LHG_22.5.23.jpg","width":1350,"height":750},{"@type":"BreadcrumbList","@id":"https:\/\/loginfo24.com\/es\/2023\/05\/22\/la-sociedad-portuaria-de-lubeck-presenta-una-nueva-imagen-de-marca\/#breadcrumb","itemListElement":[{"@type":"ListItem","position":1,"name":"Startseite","item":"https:\/\/loginfo24.com\/es\/"},{"@type":"ListItem","position":2,"name":"La Sociedad Portuaria de L\u00fcbeck presenta una nueva imagen de marca"}]},{"@type":"WebSite","@id":"https:\/\/loginfo24.com\/es\/#website","url":"https:\/\/loginfo24.com\/es\/","name":"Loginfo24","description":"Loginfo24 es la plataforma dedicada a la log\u00edstica y las cadenas de suministro con informaci\u00f3n las 24 horas del d\u00eda.","publisher":{"@id":"https:\/\/loginfo24.com\/es\/#organization"},"potentialAction":[{"@type":"SearchAction","target":{"@type":"EntryPoint","urlTemplate":"https:\/\/loginfo24.com\/es\/?s={search_term_string}"},"query-input":{"@type":"PropertyValueSpecification","valueRequired":true,"valueName":"search_term_string"}}],"inLanguage":"es"},{"@type":"Organization","@id":"https:\/\/loginfo24.com\/es\/#organization","name":"Grupo Logismedia AG","url":"https:\/\/loginfo24.com\/es\/","logo":{"@type":"ImageObject","inLanguage":"es","@id":"https:\/\/loginfo24.com\/es\/#\/schema\/logo\/image\/","url":"https:\/\/loginfo24.com\/wp-content\/uploads\/sites\/7\/2026\/01\/Logo_LogInfo24.png","contentUrl":"https:\/\/loginfo24.com\/wp-content\/uploads\/sites\/7\/2026\/01\/Logo_LogInfo24.png","width":938,"height":351,"caption":"Grupo Logismedia AG"},"image":{"@id":"https:\/\/loginfo24.com\/es\/#\/schema\/logo\/image\/"},"sameAs":["https:\/\/www.facebook.com\/people\/Loginfo24\/100057360583332\/","https:\/\/www.linkedin.com\/company\/lofinfo24\/"]}]}},"_links":{"self":[{"href":"https:\/\/loginfo24.com\/es\/wp-json\/wp\/v2\/posts\/61497","targetHints":{"allow":["GET"]}}],"collection":[{"href":"https:\/\/loginfo24.com\/es\/wp-json\/wp\/v2\/posts"}],"about":[{"href":"https:\/\/loginfo24.com\/es\/wp-json\/wp\/v2\/types\/post"}],"replies":[{"embeddable":true,"href":"https:\/\/loginfo24.com\/es\/wp-json\/wp\/v2\/comments?post=61497"}],"version-history":[{"count":0,"href":"https:\/\/loginfo24.com\/es\/wp-json\/wp\/v2\/posts\/61497\/revisions"}],"wp:featuredmedia":[{"embeddable":true,"href":"https:\/\/loginfo24.com\/es\/wp-json\/wp\/v2\/media\/8123"}],"wp:attachment":[{"href":"https:\/\/loginfo24.com\/es\/wp-json\/wp\/v2\/media?parent=61497"}],"wp:term":[{"taxonomy":"category","embeddable":true,"href":"https:\/\/loginfo24.com\/es\/wp-json\/wp\/v2\/categories?post=61497"},{"taxonomy":"post_tag","embeddable":true,"href":"https:\/\/loginfo24.com\/es\/wp-json\/wp\/v2\/tags?post=61497"}],"curies":[{"name":"wp","href":"https:\/\/api.w.org\/{rel}","templated":true}]}}