{"id":61230,"date":"2023-04-18T18:56:31","date_gmt":"2023-04-18T16:56:31","guid":{"rendered":"https:\/\/blog.brand-architecture.at\/2023\/04\/18\/las-ferrocarriles-de-carga-quieren-una-via-alemania-gmbh\/"},"modified":"2023-04-18T18:56:31","modified_gmt":"2023-04-18T16:56:31","slug":"las-ferrocarriles-de-carga-quieren-una-via-alemania-gmbh","status":"publish","type":"post","link":"https:\/\/loginfo24.com\/es\/2023\/04\/18\/las-ferrocarriles-de-carga-quieren-una-via-alemania-gmbh\/","title":{"rendered":"LAS FERROCARRILES DE CARGA quieren una \u00abV\u00eda Alemania GmbH\u00bb"},"content":{"rendered":"<div class=\"row\">\n<div class=\"offset-lg-2 col-lg-8\">\n<h5 class=\"fw-bld mb-3\">En una resoluci\u00f3n, LAS FERROCARRILES DE CARGA presentan una reflexi\u00f3n sobre la definici\u00f3n de la \u00aborientaci\u00f3n hacia el bien com\u00fan\u00bb prevista en el contrato de coalici\u00f3n sem\u00e1foro. De esta definici\u00f3n depende si el operador del 95 por ciento de la infraestructura ferroviaria alemana lleva a cabo el cambio tan necesario o contin\u00faa como hasta ahora.<\/h5>\n<\/div>\n<\/div>\n<div class=\"row\">\n<div class=\"col-lg-8\">\n<p>(Berl\u00edn) La propuesta de LAS FERROCARRILES DE CARGA de agrupar gradualmente todas las empresas de infraestructura del grupo DB en la \u00abV\u00eda Alemania GmbH\u00bb se dirige al Ministro Federal de Transporte y a los pol\u00edticos de transporte de la coalici\u00f3n sem\u00e1foro. La nueva empresa debe poder ampliar la capacidad, mejorar la calidad, fomentar el crecimiento y operar de manera justa en t\u00e9rminos de precios. La discusi\u00f3n debe acelerarse ahora para que la empresa pueda comenzar su trabajo puntualmente el 1 de enero de 2024. \u00abDe la definici\u00f3n de lo que significa &#8216;orientaci\u00f3n hacia el bien com\u00fan&#8217; depende en gran medida si la reestructuraci\u00f3n planificada de las empresas de infraestructura conduce a mejoras reales. La red ferroviaria es un bien com\u00fan y nos pertenece a todos \u2013 por eso &#8216;V\u00eda Alemania'\u00bb, explica Ludolf Kerkeling, presidente del consejo de administraci\u00f3n, al margen de la asamblea de miembros de LAS FERROCARRILES DE CARGA en Fr\u00e1ncfort del Meno.<\/p>\n<p>La \u00abV\u00eda Alemania GmbH\u00bb debe tener una base de trabajo clara con objetivos precisos y un apoyo y control estatal competente para poder trabajar de manera eficiente. Por lo tanto, la resoluci\u00f3n tambi\u00e9n incluye lo que <i>no<\/i> es orientado hacia el bien com\u00fan. \u00abAdvertimos encarecidamente que el mero anuncio de nobles objetivos e intenciones o declaraciones generales sobre la gesti\u00f3n desde el ministerio no son aceptables para nosotros. Alemania ya se ha acercado al borde del colapso de la red ferroviaria en los \u00faltimos a\u00f1os. El Ministerio de Transporte y DB AG deben ahora llevar a cabo el cambio estructural del operador de infraestructura en inter\u00e9s de los clientes. No es posible seguir con la improvisaci\u00f3n de a\u00f1os anteriores\u00bb, dice Kerkeling. Un defecto principal de la anterior DB Netz AG es la obtenci\u00f3n de beneficios como objetivo empresarial, que de facto ha llevado a que la infraestructura se haya recortado, mientras que los precios de las rutas han seguido aumentando \u2013 en promedio <a href=\"https:\/\/die-gueterbahnen.com\/news\/zahl-des-tages\/25.html\">2,5 % p. a.<\/a> Sin embargo, la mera renuncia a la obtenci\u00f3n de beneficios no es suficiente desde la perspectiva de LAS FERROCARRILES DE CARGA. Kerkeling: \u00abLa orientaci\u00f3n al cliente, la inclusi\u00f3n de toda la industria, una pol\u00edtica de personal sostenible y la eficiencia de la operaci\u00f3n son solo algunos de los puntos que los clientes de DB Netz han echado de menos durante a\u00f1os. Nuestro llamado al Ministro Federal de Transporte es: Primero se necesita un balance implacable de por qu\u00e9 la calidad de la infraestructura se ha vuelto tan mala y qu\u00e9 debe cambiar, adem\u00e1s de una financiaci\u00f3n adecuada, en inter\u00e9s de clientes satisfechos. Esperamos sinceramente que usted sea alg\u00fan d\u00eda el ministro que ha cambiado el rumbo.\u00bb<\/p>\n<h5>Jan Elfenhorst nuevo en la junta<\/h5>\n<p>Para LAS FERROCARRILES DE CARGA, tambi\u00e9n hubo elecciones en su asamblea de miembros de hoy: Roger Mahler (Metrans Rail Alemania) fue confirmado en su cargo, Jan Elfenhorst (Lineas Alemania) se une a la junta. Durante los pr\u00f3ximos dos a\u00f1os, impulsar\u00e1n los objetivos de la alianza en la junta de siete miembros.<\/p>\n<p>Foto: \u00a9 LAS FERROCARRILES DE CARGA<\/p>\n<\/div>\n<\/div>\n","protected":false},"excerpt":{"rendered":"<p>En una resoluci\u00f3n, LAS FERROCARRILES DE CARGA presentan una reflexi\u00f3n sobre la definici\u00f3n de la \u00aborientaci\u00f3n hacia el bien com\u00fan\u00bb prevista en el contrato de coalici\u00f3n<span class=\"excerpt-hellip\"> [\u2026]<\/span><\/p>\n","protected":false},"author":0,"featured_media":8241,"comment_status":"open","ping_status":"open","sticky":false,"template":"","format":"standard","meta":{"_acf_changed":false,"footnotes":""},"categories":[1557,1561],"tags":[],"class_list":["post-61230","post","type-post","status-publish","format-standard","has-post-thumbnail","hentry","category-forwarding-logistics","category-regions"],"acf":[],"yoast_head":"<!-- This site is optimized with the Yoast SEO plugin v27.3 - https:\/\/yoast.com\/product\/yoast-seo-wordpress\/ -->\n<title>LAS FERROCARRILES DE CARGA quieren una &quot;V\u00eda Alemania GmbH&quot; - Loginfo24<\/title>\n<meta name=\"robots\" content=\"index, follow, max-snippet:-1, max-image-preview:large, max-video-preview:-1\" \/>\n<link rel=\"canonical\" href=\"https:\/\/loginfo24.com\/es\/2023\/04\/18\/las-ferrocarriles-de-carga-quieren-una-via-alemania-gmbh\/\" \/>\n<meta property=\"og:locale\" content=\"es_ES\" \/>\n<meta property=\"og:type\" content=\"article\" \/>\n<meta property=\"og:title\" content=\"LAS FERROCARRILES DE CARGA quieren una &quot;V\u00eda Alemania GmbH&quot; - Loginfo24\" \/>\n<meta property=\"og:description\" content=\"En una resoluci\u00f3n, LAS FERROCARRILES DE CARGA presentan una reflexi\u00f3n sobre la definici\u00f3n de la \u00aborientaci\u00f3n hacia el bien com\u00fan\u00bb prevista en el contrato de coalici\u00f3n [\u2026]\" \/>\n<meta property=\"og:url\" content=\"https:\/\/loginfo24.com\/es\/2023\/04\/18\/las-ferrocarriles-de-carga-quieren-una-via-alemania-gmbh\/\" \/>\n<meta property=\"og:site_name\" content=\"Loginfo24\" \/>\n<meta property=\"article:publisher\" content=\"https:\/\/www.facebook.com\/people\/Loginfo24\/100057360583332\/\" \/>\n<meta property=\"article:published_time\" content=\"2023-04-18T16:56:31+00:00\" \/>\n<meta property=\"og:image\" content=\"https:\/\/loginfo24.com\/wp-content\/uploads\/sites\/7\/2025\/12\/Gueterbahnen_18.4.23.jpg\" \/>\n\t<meta property=\"og:image:width\" content=\"1339\" \/>\n\t<meta property=\"og:image:height\" content=\"813\" \/>\n\t<meta property=\"og:image:type\" content=\"image\/jpeg\" \/>\n<meta name=\"twitter:card\" content=\"summary_large_image\" \/>\n<meta name=\"twitter:label1\" content=\"Tiempo de lectura\" \/>\n\t<meta name=\"twitter:data1\" content=\"3 minuto\" \/>\n<script type=\"application\/ld+json\" class=\"yoast-schema-graph\">{\"@context\":\"https:\\\/\\\/schema.org\",\"@graph\":[{\"@type\":\"Article\",\"@id\":\"https:\\\/\\\/loginfo24.com\\\/es\\\/2023\\\/04\\\/18\\\/las-ferrocarriles-de-carga-quieren-una-via-alemania-gmbh\\\/#article\",\"isPartOf\":{\"@id\":\"https:\\\/\\\/loginfo24.com\\\/es\\\/2023\\\/04\\\/18\\\/las-ferrocarriles-de-carga-quieren-una-via-alemania-gmbh\\\/\"},\"author\":{\"name\":\"\",\"@id\":\"\"},\"headline\":\"LAS FERROCARRILES DE CARGA quieren una \u00abV\u00eda Alemania GmbH\u00bb\",\"datePublished\":\"2023-04-18T16:56:31+00:00\",\"mainEntityOfPage\":{\"@id\":\"https:\\\/\\\/loginfo24.com\\\/es\\\/2023\\\/04\\\/18\\\/las-ferrocarriles-de-carga-quieren-una-via-alemania-gmbh\\\/\"},\"wordCount\":606,\"commentCount\":0,\"publisher\":{\"@id\":\"https:\\\/\\\/loginfo24.com\\\/es\\\/#organization\"},\"image\":{\"@id\":\"https:\\\/\\\/loginfo24.com\\\/es\\\/2023\\\/04\\\/18\\\/las-ferrocarriles-de-carga-quieren-una-via-alemania-gmbh\\\/#primaryimage\"},\"thumbnailUrl\":\"https:\\\/\\\/loginfo24.com\\\/wp-content\\\/uploads\\\/sites\\\/7\\\/2025\\\/12\\\/Gueterbahnen_18.4.23.jpg\",\"articleSection\":[\"Forwarding &amp; Logistics\",\"Regions\"],\"inLanguage\":\"es\",\"potentialAction\":[{\"@type\":\"CommentAction\",\"name\":\"Comment\",\"target\":[\"https:\\\/\\\/loginfo24.com\\\/es\\\/2023\\\/04\\\/18\\\/las-ferrocarriles-de-carga-quieren-una-via-alemania-gmbh\\\/#respond\"]}]},{\"@type\":\"WebPage\",\"@id\":\"https:\\\/\\\/loginfo24.com\\\/es\\\/2023\\\/04\\\/18\\\/las-ferrocarriles-de-carga-quieren-una-via-alemania-gmbh\\\/\",\"url\":\"https:\\\/\\\/loginfo24.com\\\/es\\\/2023\\\/04\\\/18\\\/las-ferrocarriles-de-carga-quieren-una-via-alemania-gmbh\\\/\",\"name\":\"LAS FERROCARRILES DE CARGA quieren una \\\"V\u00eda Alemania GmbH\\\" - Loginfo24\",\"isPartOf\":{\"@id\":\"https:\\\/\\\/loginfo24.com\\\/es\\\/#website\"},\"primaryImageOfPage\":{\"@id\":\"https:\\\/\\\/loginfo24.com\\\/es\\\/2023\\\/04\\\/18\\\/las-ferrocarriles-de-carga-quieren-una-via-alemania-gmbh\\\/#primaryimage\"},\"image\":{\"@id\":\"https:\\\/\\\/loginfo24.com\\\/es\\\/2023\\\/04\\\/18\\\/las-ferrocarriles-de-carga-quieren-una-via-alemania-gmbh\\\/#primaryimage\"},\"thumbnailUrl\":\"https:\\\/\\\/loginfo24.com\\\/wp-content\\\/uploads\\\/sites\\\/7\\\/2025\\\/12\\\/Gueterbahnen_18.4.23.jpg\",\"datePublished\":\"2023-04-18T16:56:31+00:00\",\"breadcrumb\":{\"@id\":\"https:\\\/\\\/loginfo24.com\\\/es\\\/2023\\\/04\\\/18\\\/las-ferrocarriles-de-carga-quieren-una-via-alemania-gmbh\\\/#breadcrumb\"},\"inLanguage\":\"es\",\"potentialAction\":[{\"@type\":\"ReadAction\",\"target\":[\"https:\\\/\\\/loginfo24.com\\\/es\\\/2023\\\/04\\\/18\\\/las-ferrocarriles-de-carga-quieren-una-via-alemania-gmbh\\\/\"]}]},{\"@type\":\"ImageObject\",\"inLanguage\":\"es\",\"@id\":\"https:\\\/\\\/loginfo24.com\\\/es\\\/2023\\\/04\\\/18\\\/las-ferrocarriles-de-carga-quieren-una-via-alemania-gmbh\\\/#primaryimage\",\"url\":\"https:\\\/\\\/loginfo24.com\\\/wp-content\\\/uploads\\\/sites\\\/7\\\/2025\\\/12\\\/Gueterbahnen_18.4.23.jpg\",\"contentUrl\":\"https:\\\/\\\/loginfo24.com\\\/wp-content\\\/uploads\\\/sites\\\/7\\\/2025\\\/12\\\/Gueterbahnen_18.4.23.jpg\",\"width\":1339,\"height\":813},{\"@type\":\"BreadcrumbList\",\"@id\":\"https:\\\/\\\/loginfo24.com\\\/es\\\/2023\\\/04\\\/18\\\/las-ferrocarriles-de-carga-quieren-una-via-alemania-gmbh\\\/#breadcrumb\",\"itemListElement\":[{\"@type\":\"ListItem\",\"position\":1,\"name\":\"Startseite\",\"item\":\"https:\\\/\\\/loginfo24.com\\\/es\\\/\"},{\"@type\":\"ListItem\",\"position\":2,\"name\":\"LAS FERROCARRILES DE CARGA quieren una \u00abV\u00eda Alemania GmbH\u00bb\"}]},{\"@type\":\"WebSite\",\"@id\":\"https:\\\/\\\/loginfo24.com\\\/es\\\/#website\",\"url\":\"https:\\\/\\\/loginfo24.com\\\/es\\\/\",\"name\":\"Loginfo24\",\"description\":\"Loginfo24 es la plataforma dedicada a la log\u00edstica y las cadenas de suministro con informaci\u00f3n las 24 horas del d\u00eda.\",\"publisher\":{\"@id\":\"https:\\\/\\\/loginfo24.com\\\/es\\\/#organization\"},\"potentialAction\":[{\"@type\":\"SearchAction\",\"target\":{\"@type\":\"EntryPoint\",\"urlTemplate\":\"https:\\\/\\\/loginfo24.com\\\/es\\\/?s={search_term_string}\"},\"query-input\":{\"@type\":\"PropertyValueSpecification\",\"valueRequired\":true,\"valueName\":\"search_term_string\"}}],\"inLanguage\":\"es\"},{\"@type\":\"Organization\",\"@id\":\"https:\\\/\\\/loginfo24.com\\\/es\\\/#organization\",\"name\":\"Grupo Logismedia AG\",\"url\":\"https:\\\/\\\/loginfo24.com\\\/es\\\/\",\"logo\":{\"@type\":\"ImageObject\",\"inLanguage\":\"es\",\"@id\":\"https:\\\/\\\/loginfo24.com\\\/es\\\/#\\\/schema\\\/logo\\\/image\\\/\",\"url\":\"https:\\\/\\\/loginfo24.com\\\/wp-content\\\/uploads\\\/sites\\\/7\\\/2026\\\/01\\\/Logo_LogInfo24.png\",\"contentUrl\":\"https:\\\/\\\/loginfo24.com\\\/wp-content\\\/uploads\\\/sites\\\/7\\\/2026\\\/01\\\/Logo_LogInfo24.png\",\"width\":938,\"height\":351,\"caption\":\"Grupo Logismedia AG\"},\"image\":{\"@id\":\"https:\\\/\\\/loginfo24.com\\\/es\\\/#\\\/schema\\\/logo\\\/image\\\/\"},\"sameAs\":[\"https:\\\/\\\/www.facebook.com\\\/people\\\/Loginfo24\\\/100057360583332\\\/\",\"https:\\\/\\\/www.linkedin.com\\\/company\\\/lofinfo24\\\/\"]}]}<\/script>\n<!-- \/ Yoast SEO plugin. -->","yoast_head_json":{"title":"LAS FERROCARRILES DE CARGA quieren una \"V\u00eda Alemania GmbH\" - Loginfo24","robots":{"index":"index","follow":"follow","max-snippet":"max-snippet:-1","max-image-preview":"max-image-preview:large","max-video-preview":"max-video-preview:-1"},"canonical":"https:\/\/loginfo24.com\/es\/2023\/04\/18\/las-ferrocarriles-de-carga-quieren-una-via-alemania-gmbh\/","og_locale":"es_ES","og_type":"article","og_title":"LAS FERROCARRILES DE CARGA quieren una \"V\u00eda Alemania GmbH\" - Loginfo24","og_description":"En una resoluci\u00f3n, LAS FERROCARRILES DE CARGA presentan una reflexi\u00f3n sobre la definici\u00f3n de la \u00aborientaci\u00f3n hacia el bien com\u00fan\u00bb prevista en el contrato de coalici\u00f3n [\u2026]","og_url":"https:\/\/loginfo24.com\/es\/2023\/04\/18\/las-ferrocarriles-de-carga-quieren-una-via-alemania-gmbh\/","og_site_name":"Loginfo24","article_publisher":"https:\/\/www.facebook.com\/people\/Loginfo24\/100057360583332\/","article_published_time":"2023-04-18T16:56:31+00:00","og_image":[{"width":1339,"height":813,"url":"https:\/\/loginfo24.com\/wp-content\/uploads\/sites\/7\/2025\/12\/Gueterbahnen_18.4.23.jpg","type":"image\/jpeg"}],"twitter_card":"summary_large_image","twitter_misc":{"Tiempo de lectura":"3 minuto"},"schema":{"@context":"https:\/\/schema.org","@graph":[{"@type":"Article","@id":"https:\/\/loginfo24.com\/es\/2023\/04\/18\/las-ferrocarriles-de-carga-quieren-una-via-alemania-gmbh\/#article","isPartOf":{"@id":"https:\/\/loginfo24.com\/es\/2023\/04\/18\/las-ferrocarriles-de-carga-quieren-una-via-alemania-gmbh\/"},"author":{"name":"","@id":""},"headline":"LAS FERROCARRILES DE CARGA quieren una \u00abV\u00eda Alemania GmbH\u00bb","datePublished":"2023-04-18T16:56:31+00:00","mainEntityOfPage":{"@id":"https:\/\/loginfo24.com\/es\/2023\/04\/18\/las-ferrocarriles-de-carga-quieren-una-via-alemania-gmbh\/"},"wordCount":606,"commentCount":0,"publisher":{"@id":"https:\/\/loginfo24.com\/es\/#organization"},"image":{"@id":"https:\/\/loginfo24.com\/es\/2023\/04\/18\/las-ferrocarriles-de-carga-quieren-una-via-alemania-gmbh\/#primaryimage"},"thumbnailUrl":"https:\/\/loginfo24.com\/wp-content\/uploads\/sites\/7\/2025\/12\/Gueterbahnen_18.4.23.jpg","articleSection":["Forwarding &amp; Logistics","Regions"],"inLanguage":"es","potentialAction":[{"@type":"CommentAction","name":"Comment","target":["https:\/\/loginfo24.com\/es\/2023\/04\/18\/las-ferrocarriles-de-carga-quieren-una-via-alemania-gmbh\/#respond"]}]},{"@type":"WebPage","@id":"https:\/\/loginfo24.com\/es\/2023\/04\/18\/las-ferrocarriles-de-carga-quieren-una-via-alemania-gmbh\/","url":"https:\/\/loginfo24.com\/es\/2023\/04\/18\/las-ferrocarriles-de-carga-quieren-una-via-alemania-gmbh\/","name":"LAS FERROCARRILES DE CARGA quieren una \"V\u00eda Alemania GmbH\" - Loginfo24","isPartOf":{"@id":"https:\/\/loginfo24.com\/es\/#website"},"primaryImageOfPage":{"@id":"https:\/\/loginfo24.com\/es\/2023\/04\/18\/las-ferrocarriles-de-carga-quieren-una-via-alemania-gmbh\/#primaryimage"},"image":{"@id":"https:\/\/loginfo24.com\/es\/2023\/04\/18\/las-ferrocarriles-de-carga-quieren-una-via-alemania-gmbh\/#primaryimage"},"thumbnailUrl":"https:\/\/loginfo24.com\/wp-content\/uploads\/sites\/7\/2025\/12\/Gueterbahnen_18.4.23.jpg","datePublished":"2023-04-18T16:56:31+00:00","breadcrumb":{"@id":"https:\/\/loginfo24.com\/es\/2023\/04\/18\/las-ferrocarriles-de-carga-quieren-una-via-alemania-gmbh\/#breadcrumb"},"inLanguage":"es","potentialAction":[{"@type":"ReadAction","target":["https:\/\/loginfo24.com\/es\/2023\/04\/18\/las-ferrocarriles-de-carga-quieren-una-via-alemania-gmbh\/"]}]},{"@type":"ImageObject","inLanguage":"es","@id":"https:\/\/loginfo24.com\/es\/2023\/04\/18\/las-ferrocarriles-de-carga-quieren-una-via-alemania-gmbh\/#primaryimage","url":"https:\/\/loginfo24.com\/wp-content\/uploads\/sites\/7\/2025\/12\/Gueterbahnen_18.4.23.jpg","contentUrl":"https:\/\/loginfo24.com\/wp-content\/uploads\/sites\/7\/2025\/12\/Gueterbahnen_18.4.23.jpg","width":1339,"height":813},{"@type":"BreadcrumbList","@id":"https:\/\/loginfo24.com\/es\/2023\/04\/18\/las-ferrocarriles-de-carga-quieren-una-via-alemania-gmbh\/#breadcrumb","itemListElement":[{"@type":"ListItem","position":1,"name":"Startseite","item":"https:\/\/loginfo24.com\/es\/"},{"@type":"ListItem","position":2,"name":"LAS FERROCARRILES DE CARGA quieren una \u00abV\u00eda Alemania GmbH\u00bb"}]},{"@type":"WebSite","@id":"https:\/\/loginfo24.com\/es\/#website","url":"https:\/\/loginfo24.com\/es\/","name":"Loginfo24","description":"Loginfo24 es la plataforma dedicada a la log\u00edstica y las cadenas de suministro con informaci\u00f3n las 24 horas del d\u00eda.","publisher":{"@id":"https:\/\/loginfo24.com\/es\/#organization"},"potentialAction":[{"@type":"SearchAction","target":{"@type":"EntryPoint","urlTemplate":"https:\/\/loginfo24.com\/es\/?s={search_term_string}"},"query-input":{"@type":"PropertyValueSpecification","valueRequired":true,"valueName":"search_term_string"}}],"inLanguage":"es"},{"@type":"Organization","@id":"https:\/\/loginfo24.com\/es\/#organization","name":"Grupo Logismedia AG","url":"https:\/\/loginfo24.com\/es\/","logo":{"@type":"ImageObject","inLanguage":"es","@id":"https:\/\/loginfo24.com\/es\/#\/schema\/logo\/image\/","url":"https:\/\/loginfo24.com\/wp-content\/uploads\/sites\/7\/2026\/01\/Logo_LogInfo24.png","contentUrl":"https:\/\/loginfo24.com\/wp-content\/uploads\/sites\/7\/2026\/01\/Logo_LogInfo24.png","width":938,"height":351,"caption":"Grupo Logismedia AG"},"image":{"@id":"https:\/\/loginfo24.com\/es\/#\/schema\/logo\/image\/"},"sameAs":["https:\/\/www.facebook.com\/people\/Loginfo24\/100057360583332\/","https:\/\/www.linkedin.com\/company\/lofinfo24\/"]}]}},"_links":{"self":[{"href":"https:\/\/loginfo24.com\/es\/wp-json\/wp\/v2\/posts\/61230","targetHints":{"allow":["GET"]}}],"collection":[{"href":"https:\/\/loginfo24.com\/es\/wp-json\/wp\/v2\/posts"}],"about":[{"href":"https:\/\/loginfo24.com\/es\/wp-json\/wp\/v2\/types\/post"}],"replies":[{"embeddable":true,"href":"https:\/\/loginfo24.com\/es\/wp-json\/wp\/v2\/comments?post=61230"}],"version-history":[{"count":0,"href":"https:\/\/loginfo24.com\/es\/wp-json\/wp\/v2\/posts\/61230\/revisions"}],"wp:featuredmedia":[{"embeddable":true,"href":"https:\/\/loginfo24.com\/es\/wp-json\/wp\/v2\/media\/8241"}],"wp:attachment":[{"href":"https:\/\/loginfo24.com\/es\/wp-json\/wp\/v2\/media?parent=61230"}],"wp:term":[{"taxonomy":"category","embeddable":true,"href":"https:\/\/loginfo24.com\/es\/wp-json\/wp\/v2\/categories?post=61230"},{"taxonomy":"post_tag","embeddable":true,"href":"https:\/\/loginfo24.com\/es\/wp-json\/wp\/v2\/tags?post=61230"}],"curies":[{"name":"wp","href":"https:\/\/api.w.org\/{rel}","templated":true}]}}