{"id":61164,"date":"2023-03-31T20:57:31","date_gmt":"2023-03-31T18:57:31","guid":{"rendered":"https:\/\/blog.brand-architecture.at\/2023\/03\/31\/la-transport-logistic-espera-con-un-gran-programa-complementario\/"},"modified":"2023-03-31T20:57:31","modified_gmt":"2023-03-31T18:57:31","slug":"la-transport-logistic-espera-con-un-gran-programa-complementario","status":"publish","type":"post","link":"https:\/\/loginfo24.com\/es\/2023\/03\/31\/la-transport-logistic-espera-con-un-gran-programa-complementario\/","title":{"rendered":"La \u00abtransport logistic\u00bb espera con un gran programa complementario"},"content":{"rendered":"<div class=\"container press-detail\">\n<div class=\"row\">\n<div class=\"col-sm-8\">\n<h5><strong>M\u00e1s de 50 sesiones en el programa de conferencias, nuevos eventos de expositores cada d\u00eda y, por primera vez, una Campus Plaza para la innovaci\u00f3n y la carrera. Del 9 al 12 de mayo de 2023, la transport logistic en M\u00fanich se presenta con el programa complementario m\u00e1s grande hasta ahora como la feria l\u00edder mundial del sector. Los temas principales para cargadores, proveedores de servicios y proveedores de tecnolog\u00eda son las cadenas de suministro digitalizadas y descarbonizadas. El discurso inaugural ser\u00e1 pronunciado por el director de la feria, Stefan Rummel, junto con el Ministro Federal de Transporte, Dr. Volker Wissing.<\/strong><\/h5>\n<p>(M\u00fanich) El programa complementario de la feria conecta la econom\u00eda, la pol\u00edtica y la investigaci\u00f3n a trav\u00e9s de conferencias de expertos, paneles de discusi\u00f3n y formatos interactivos. Un programa de conferencias de alto nivel re\u00fane el conocimiento de m\u00e1s de 250 ponentes en m\u00e1s de 50 sesiones. La industria y el comercio est\u00e1n representados, entre otros, por Svenja Engler de Zschwimmer &amp; Schwarz, Dr. Nadine Kiratli-Schneider del proveedor Schaeffler, Gerritt H\u00f6ppner-Tietz de hagebau Logistik, D\u00f6rte Maltzahn de Knauf Trans o Georg Staller del fabricante de papel UPM. Entre los proveedores de servicios, Uwe Brinks (DHL), Rolf Habben Jansen (Hapag Lloyd), Sven Flore (SBB), Clemens F\u00f6rst (Rail Cargo), Dr. Udo Lange (FedEx), Dr. Sigrid Evelyn Nikutta (DB), Simone Lode (HHLA Next) y Dr. Tilo Bobel (Maersk) son algunos de los ponentes m\u00e1s destacados.<\/p>\n<h5>Muchos eventos tambi\u00e9n entre los expositores<\/h5>\n<p>En los foros con enfoques en sostenibilidad, infraestructura, digitalizaci\u00f3n y soluciones de cadena de suministro, se cristaliza el conocimiento de los actores clave y los reci\u00e9n llegados. El viernes, un d\u00eda de carrera cierra el programa. Adem\u00e1s, hay m\u00e1s actividad entre los expositores que nunca. La lista de eventos ya incluye m\u00e1s de 40 fechas, con una tendencia en aumento. Desde demostraciones en vivo hasta fiestas en los stands y mini conferencias, hay de todo. Una novedad en el programa complementario es la Campus Plaza en el pabell\u00f3n B2, con conferencias cada 30 minutos y pura interacci\u00f3n. La entrada a las conferencias es posible en cualquier momento y ya est\u00e1 incluida en la entrada a la feria.<\/p>\n<h5>Desaf\u00edos de la explosi\u00f3n de costos y el cambio clim\u00e1tico<\/h5>\n<p>La resiliencia entre la explosi\u00f3n de costos y el cambio clim\u00e1tico es lo que exigen las cadenas de suministro a trav\u00e9s de todos los modos de transporte. A M\u00fanich llegan cargadores de las industrias de materiales de construcci\u00f3n, qu\u00edmica y farmac\u00e9utica, ingenier\u00eda mec\u00e1nica, bienes de consumo y automotriz. Discutir\u00e1n soluciones en el contexto de desarrollos sociales, pol\u00edticos y econ\u00f3micos. Entre los aspectos destacados del programa de conferencias se encuentra la sesi\u00f3n del martes \u00abInfluencia de la geopol\u00edtica en la cadena de suministro\u00bb, con la participaci\u00f3n internacional de la naviera Maersk, el proveedor de log\u00edstica estadounidense Fedex y el fabricante de m\u00e1quinas herramienta Trumpf. El mi\u00e9rcoles, los logistadores alemanes y representantes del Ministerio Federal de Digitalizaci\u00f3n y Transporte discutir\u00e1n la pregunta \u00ab\u00bfC\u00f3mo se puede sincronizar la econom\u00eda mundial y alcanzar los objetivos clim\u00e1ticos?\u00bb<\/p>\n<p>A nivel operativo, el programa de conferencias muestra principalmente con la digitalizaci\u00f3n y descarbonizaci\u00f3n de la cadena de suministro palancas para la sostenibilidad. Adem\u00e1s de la conferencia DVZ marilog, la air cargo Europe, como el encuentro m\u00e1s grande del mundo de la industria de carga a\u00e9rea, tambi\u00e9n se dedica al tema. En las sesiones, el hidr\u00f3geno destaca desde la producci\u00f3n hasta el transporte y su uso en veh\u00edculos, barcos y aviones. Entre otros, el Foro de Transporte Alem\u00e1n (DVF) invita al panel de pol\u00edtica econ\u00f3mica \u00abHidr\u00f3geno y compa\u00f1\u00eda: log\u00edstica para la transici\u00f3n energ\u00e9tica\u00bb. En el transporte ferroviario, ponentes de alto nivel, entre otros de SBB Cargo, DUSS, Hellmann Worldwide Logistics, discuten sobre la reducci\u00f3n de la huella de CO\u2082. El Ministro de Econom\u00eda de Baviera, Christian Bernreiter, tiene un partido local sobre el tema del tr\u00e1nsito por el Brenner.<\/p>\n<h5>Cuatro d\u00edas de pura interacci\u00f3n<\/h5>\n<p>Cuatro d\u00edas, cuatro temas, un escenario, pura interacci\u00f3n. En medio del pabell\u00f3n B2, la transport logistic Campus Plaza ofrece hasta doce presentaciones cortas por d\u00eda y espacio para la interacci\u00f3n. Marcas como VTG, M&amp;M Militzer &amp; M\u00fcnch o el puerto de R\u00f3terdam, as\u00ed como innovadores reci\u00e9n llegados como Neocargo para la conexi\u00f3n digital, pepper como el primer OEM digital o dronamics, la primera aerol\u00ednea de drones del mundo, convierten el stand B2.215\/314 en el punto caliente para la sostenibilidad, propulsiones alternativas, startups y empleos &amp; carrera. Aqu\u00ed se trata, entre otras cosas, de innovaciones centradas en el hidr\u00f3geno y la movilidad el\u00e9ctrica, cadenas de suministro conectadas o la contrataci\u00f3n de personal especializado.<\/p>\n<h5>Diversos temas<\/h5>\n<p>Timocom ofrece en el stand A5\/302 una serie de presentaciones cortas sobre el transporte de mercanc\u00edas por carretera. En el \u00e1rea de infraestructura, el Centro Mar\u00edtimo Alem\u00e1n (DMZ) destaca con presentaciones en el stand B3\/405. Adem\u00e1s, ofrece una conferencia de medio d\u00eda que abarca m\u00faltiples modos de transporte con ponentes destacados de K\u00fchne &amp; Nagel, Airbus y la Asociaci\u00f3n Federal de Transporte de Mercanc\u00edas y Log\u00edstica sobre el tema \u00abTransici\u00f3n energ\u00e9tica en la cadena log\u00edstica\u00bb. Entre otros, los proyectos muestran su estado, incluyendo ALICE-ZEFES (plataformas de veh\u00edculos flexibles de cero emisiones con trenes de potencia modulares que sirven al ecosistema de carga de larga distancia) con casos de negocio sobre cero emisiones en el transporte de carga pesada o la UIRR (Asociaci\u00f3n Internacional de Transporte Combinado) con EDICT (Interoperabilidad de datos mejorada para las partes interesadas del transporte combinado). Adem\u00e1s, compradores de las Naciones Unidas (ONU) informan sobre su proceso de adquisiciones.<\/p>\n<h5>Log\u00edstica en todas sus facetas<\/h5>\n<p>\u00abNuestro programa de conferencias y complementario conecta a los visitantes de la feria con informaci\u00f3n pr\u00e1ctica para la vida laboral diaria\u00bb, dice el Dr. Robert Sch\u00f6nberger, jefe de exposiciones de transport logistic, y a\u00f1ade: \u00abAl mismo tiempo, las innovaciones miran hacia el futuro. La incre\u00edble amplitud y profundidad tem\u00e1tica del programa, que organizamos junto con nuestros socios editoriales, asociaciones y universidades, subraya la importancia de la transport logistic como feria l\u00edder mundial. Un sector de importancia sistem\u00e1tica muestra en M\u00fanich lo que puede hacer y c\u00f3mo asegura nuestro futuro.\u00bb<\/p>\n<p>Foto: \u00a9 transport logistic<\/p>\n<\/div>\n<\/div>\n<\/div>\n","protected":false},"excerpt":{"rendered":"<p>M\u00e1s de 50 sesiones en el programa de conferencias, nuevos eventos de expositores cada d\u00eda y, por primera vez, una Campus Plaza para la innovaci\u00f3n y<span class=\"excerpt-hellip\"> [\u2026]<\/span><\/p>\n","protected":false},"author":0,"featured_media":8273,"comment_status":"open","ping_status":"open","sticky":false,"template":"","format":"standard","meta":{"_acf_changed":false,"footnotes":""},"categories":[1557,1561],"tags":[],"class_list":["post-61164","post","type-post","status-publish","format-standard","has-post-thumbnail","hentry","category-forwarding-logistics","category-regions"],"acf":[],"yoast_head":"<!-- This site is optimized with the Yoast SEO plugin v27.3 - https:\/\/yoast.com\/product\/yoast-seo-wordpress\/ -->\n<title>La &quot;transport logistic&quot; espera con un gran programa complementario - Loginfo24<\/title>\n<meta name=\"robots\" content=\"index, follow, max-snippet:-1, max-image-preview:large, max-video-preview:-1\" \/>\n<link rel=\"canonical\" href=\"https:\/\/loginfo24.com\/es\/2023\/03\/31\/la-transport-logistic-espera-con-un-gran-programa-complementario\/\" \/>\n<meta property=\"og:locale\" content=\"es_ES\" \/>\n<meta property=\"og:type\" content=\"article\" \/>\n<meta property=\"og:title\" content=\"La &quot;transport logistic&quot; espera con un gran programa complementario - Loginfo24\" \/>\n<meta property=\"og:description\" content=\"M\u00e1s de 50 sesiones en el programa de conferencias, nuevos eventos de expositores cada d\u00eda y, por primera vez, una Campus Plaza para la innovaci\u00f3n y [\u2026]\" \/>\n<meta property=\"og:url\" content=\"https:\/\/loginfo24.com\/es\/2023\/03\/31\/la-transport-logistic-espera-con-un-gran-programa-complementario\/\" \/>\n<meta property=\"og:site_name\" content=\"Loginfo24\" \/>\n<meta property=\"article:publisher\" content=\"https:\/\/www.facebook.com\/people\/Loginfo24\/100057360583332\/\" \/>\n<meta property=\"article:published_time\" content=\"2023-03-31T18:57:31+00:00\" \/>\n<meta property=\"og:image\" content=\"https:\/\/loginfo24.com\/wp-content\/uploads\/sites\/7\/2025\/12\/transport_logistic_31.3.23.jpg\" \/>\n\t<meta property=\"og:image:width\" content=\"1245\" \/>\n\t<meta property=\"og:image:height\" content=\"776\" \/>\n\t<meta property=\"og:image:type\" content=\"image\/jpeg\" \/>\n<meta name=\"twitter:card\" content=\"summary_large_image\" \/>\n<meta name=\"twitter:label1\" content=\"Tiempo de lectura\" \/>\n\t<meta name=\"twitter:data1\" content=\"6 minuto\" \/>\n<script type=\"application\/ld+json\" class=\"yoast-schema-graph\">{\"@context\":\"https:\\\/\\\/schema.org\",\"@graph\":[{\"@type\":\"Article\",\"@id\":\"https:\\\/\\\/loginfo24.com\\\/es\\\/2023\\\/03\\\/31\\\/la-transport-logistic-espera-con-un-gran-programa-complementario\\\/#article\",\"isPartOf\":{\"@id\":\"https:\\\/\\\/loginfo24.com\\\/es\\\/2023\\\/03\\\/31\\\/la-transport-logistic-espera-con-un-gran-programa-complementario\\\/\"},\"author\":{\"name\":\"\",\"@id\":\"\"},\"headline\":\"La \u00abtransport logistic\u00bb espera con un gran programa complementario\",\"datePublished\":\"2023-03-31T18:57:31+00:00\",\"mainEntityOfPage\":{\"@id\":\"https:\\\/\\\/loginfo24.com\\\/es\\\/2023\\\/03\\\/31\\\/la-transport-logistic-espera-con-un-gran-programa-complementario\\\/\"},\"wordCount\":1126,\"commentCount\":0,\"publisher\":{\"@id\":\"https:\\\/\\\/loginfo24.com\\\/es\\\/#organization\"},\"image\":{\"@id\":\"https:\\\/\\\/loginfo24.com\\\/es\\\/2023\\\/03\\\/31\\\/la-transport-logistic-espera-con-un-gran-programa-complementario\\\/#primaryimage\"},\"thumbnailUrl\":\"https:\\\/\\\/loginfo24.com\\\/wp-content\\\/uploads\\\/sites\\\/7\\\/2025\\\/12\\\/transport_logistic_31.3.23.jpg\",\"articleSection\":[\"Forwarding &amp; Logistics\",\"Regions\"],\"inLanguage\":\"es\",\"potentialAction\":[{\"@type\":\"CommentAction\",\"name\":\"Comment\",\"target\":[\"https:\\\/\\\/loginfo24.com\\\/es\\\/2023\\\/03\\\/31\\\/la-transport-logistic-espera-con-un-gran-programa-complementario\\\/#respond\"]}]},{\"@type\":\"WebPage\",\"@id\":\"https:\\\/\\\/loginfo24.com\\\/es\\\/2023\\\/03\\\/31\\\/la-transport-logistic-espera-con-un-gran-programa-complementario\\\/\",\"url\":\"https:\\\/\\\/loginfo24.com\\\/es\\\/2023\\\/03\\\/31\\\/la-transport-logistic-espera-con-un-gran-programa-complementario\\\/\",\"name\":\"La \\\"transport logistic\\\" espera con un gran programa complementario - Loginfo24\",\"isPartOf\":{\"@id\":\"https:\\\/\\\/loginfo24.com\\\/es\\\/#website\"},\"primaryImageOfPage\":{\"@id\":\"https:\\\/\\\/loginfo24.com\\\/es\\\/2023\\\/03\\\/31\\\/la-transport-logistic-espera-con-un-gran-programa-complementario\\\/#primaryimage\"},\"image\":{\"@id\":\"https:\\\/\\\/loginfo24.com\\\/es\\\/2023\\\/03\\\/31\\\/la-transport-logistic-espera-con-un-gran-programa-complementario\\\/#primaryimage\"},\"thumbnailUrl\":\"https:\\\/\\\/loginfo24.com\\\/wp-content\\\/uploads\\\/sites\\\/7\\\/2025\\\/12\\\/transport_logistic_31.3.23.jpg\",\"datePublished\":\"2023-03-31T18:57:31+00:00\",\"breadcrumb\":{\"@id\":\"https:\\\/\\\/loginfo24.com\\\/es\\\/2023\\\/03\\\/31\\\/la-transport-logistic-espera-con-un-gran-programa-complementario\\\/#breadcrumb\"},\"inLanguage\":\"es\",\"potentialAction\":[{\"@type\":\"ReadAction\",\"target\":[\"https:\\\/\\\/loginfo24.com\\\/es\\\/2023\\\/03\\\/31\\\/la-transport-logistic-espera-con-un-gran-programa-complementario\\\/\"]}]},{\"@type\":\"ImageObject\",\"inLanguage\":\"es\",\"@id\":\"https:\\\/\\\/loginfo24.com\\\/es\\\/2023\\\/03\\\/31\\\/la-transport-logistic-espera-con-un-gran-programa-complementario\\\/#primaryimage\",\"url\":\"https:\\\/\\\/loginfo24.com\\\/wp-content\\\/uploads\\\/sites\\\/7\\\/2025\\\/12\\\/transport_logistic_31.3.23.jpg\",\"contentUrl\":\"https:\\\/\\\/loginfo24.com\\\/wp-content\\\/uploads\\\/sites\\\/7\\\/2025\\\/12\\\/transport_logistic_31.3.23.jpg\",\"width\":1245,\"height\":776},{\"@type\":\"BreadcrumbList\",\"@id\":\"https:\\\/\\\/loginfo24.com\\\/es\\\/2023\\\/03\\\/31\\\/la-transport-logistic-espera-con-un-gran-programa-complementario\\\/#breadcrumb\",\"itemListElement\":[{\"@type\":\"ListItem\",\"position\":1,\"name\":\"Startseite\",\"item\":\"https:\\\/\\\/loginfo24.com\\\/es\\\/\"},{\"@type\":\"ListItem\",\"position\":2,\"name\":\"La \u00abtransport logistic\u00bb espera con un gran programa complementario\"}]},{\"@type\":\"WebSite\",\"@id\":\"https:\\\/\\\/loginfo24.com\\\/es\\\/#website\",\"url\":\"https:\\\/\\\/loginfo24.com\\\/es\\\/\",\"name\":\"Loginfo24\",\"description\":\"Loginfo24 es la plataforma dedicada a la log\u00edstica y las cadenas de suministro con informaci\u00f3n las 24 horas del d\u00eda.\",\"publisher\":{\"@id\":\"https:\\\/\\\/loginfo24.com\\\/es\\\/#organization\"},\"potentialAction\":[{\"@type\":\"SearchAction\",\"target\":{\"@type\":\"EntryPoint\",\"urlTemplate\":\"https:\\\/\\\/loginfo24.com\\\/es\\\/?s={search_term_string}\"},\"query-input\":{\"@type\":\"PropertyValueSpecification\",\"valueRequired\":true,\"valueName\":\"search_term_string\"}}],\"inLanguage\":\"es\"},{\"@type\":\"Organization\",\"@id\":\"https:\\\/\\\/loginfo24.com\\\/es\\\/#organization\",\"name\":\"Grupo Logismedia AG\",\"url\":\"https:\\\/\\\/loginfo24.com\\\/es\\\/\",\"logo\":{\"@type\":\"ImageObject\",\"inLanguage\":\"es\",\"@id\":\"https:\\\/\\\/loginfo24.com\\\/es\\\/#\\\/schema\\\/logo\\\/image\\\/\",\"url\":\"https:\\\/\\\/loginfo24.com\\\/wp-content\\\/uploads\\\/sites\\\/7\\\/2026\\\/01\\\/Logo_LogInfo24.png\",\"contentUrl\":\"https:\\\/\\\/loginfo24.com\\\/wp-content\\\/uploads\\\/sites\\\/7\\\/2026\\\/01\\\/Logo_LogInfo24.png\",\"width\":938,\"height\":351,\"caption\":\"Grupo Logismedia AG\"},\"image\":{\"@id\":\"https:\\\/\\\/loginfo24.com\\\/es\\\/#\\\/schema\\\/logo\\\/image\\\/\"},\"sameAs\":[\"https:\\\/\\\/www.facebook.com\\\/people\\\/Loginfo24\\\/100057360583332\\\/\",\"https:\\\/\\\/www.linkedin.com\\\/company\\\/lofinfo24\\\/\"]}]}<\/script>\n<!-- \/ Yoast SEO plugin. -->","yoast_head_json":{"title":"La \"transport logistic\" espera con un gran programa complementario - Loginfo24","robots":{"index":"index","follow":"follow","max-snippet":"max-snippet:-1","max-image-preview":"max-image-preview:large","max-video-preview":"max-video-preview:-1"},"canonical":"https:\/\/loginfo24.com\/es\/2023\/03\/31\/la-transport-logistic-espera-con-un-gran-programa-complementario\/","og_locale":"es_ES","og_type":"article","og_title":"La \"transport logistic\" espera con un gran programa complementario - Loginfo24","og_description":"M\u00e1s de 50 sesiones en el programa de conferencias, nuevos eventos de expositores cada d\u00eda y, por primera vez, una Campus Plaza para la innovaci\u00f3n y [\u2026]","og_url":"https:\/\/loginfo24.com\/es\/2023\/03\/31\/la-transport-logistic-espera-con-un-gran-programa-complementario\/","og_site_name":"Loginfo24","article_publisher":"https:\/\/www.facebook.com\/people\/Loginfo24\/100057360583332\/","article_published_time":"2023-03-31T18:57:31+00:00","og_image":[{"width":1245,"height":776,"url":"https:\/\/loginfo24.com\/wp-content\/uploads\/sites\/7\/2025\/12\/transport_logistic_31.3.23.jpg","type":"image\/jpeg"}],"twitter_card":"summary_large_image","twitter_misc":{"Tiempo de lectura":"6 minuto"},"schema":{"@context":"https:\/\/schema.org","@graph":[{"@type":"Article","@id":"https:\/\/loginfo24.com\/es\/2023\/03\/31\/la-transport-logistic-espera-con-un-gran-programa-complementario\/#article","isPartOf":{"@id":"https:\/\/loginfo24.com\/es\/2023\/03\/31\/la-transport-logistic-espera-con-un-gran-programa-complementario\/"},"author":{"name":"","@id":""},"headline":"La \u00abtransport logistic\u00bb espera con un gran programa complementario","datePublished":"2023-03-31T18:57:31+00:00","mainEntityOfPage":{"@id":"https:\/\/loginfo24.com\/es\/2023\/03\/31\/la-transport-logistic-espera-con-un-gran-programa-complementario\/"},"wordCount":1126,"commentCount":0,"publisher":{"@id":"https:\/\/loginfo24.com\/es\/#organization"},"image":{"@id":"https:\/\/loginfo24.com\/es\/2023\/03\/31\/la-transport-logistic-espera-con-un-gran-programa-complementario\/#primaryimage"},"thumbnailUrl":"https:\/\/loginfo24.com\/wp-content\/uploads\/sites\/7\/2025\/12\/transport_logistic_31.3.23.jpg","articleSection":["Forwarding &amp; Logistics","Regions"],"inLanguage":"es","potentialAction":[{"@type":"CommentAction","name":"Comment","target":["https:\/\/loginfo24.com\/es\/2023\/03\/31\/la-transport-logistic-espera-con-un-gran-programa-complementario\/#respond"]}]},{"@type":"WebPage","@id":"https:\/\/loginfo24.com\/es\/2023\/03\/31\/la-transport-logistic-espera-con-un-gran-programa-complementario\/","url":"https:\/\/loginfo24.com\/es\/2023\/03\/31\/la-transport-logistic-espera-con-un-gran-programa-complementario\/","name":"La \"transport logistic\" espera con un gran programa complementario - Loginfo24","isPartOf":{"@id":"https:\/\/loginfo24.com\/es\/#website"},"primaryImageOfPage":{"@id":"https:\/\/loginfo24.com\/es\/2023\/03\/31\/la-transport-logistic-espera-con-un-gran-programa-complementario\/#primaryimage"},"image":{"@id":"https:\/\/loginfo24.com\/es\/2023\/03\/31\/la-transport-logistic-espera-con-un-gran-programa-complementario\/#primaryimage"},"thumbnailUrl":"https:\/\/loginfo24.com\/wp-content\/uploads\/sites\/7\/2025\/12\/transport_logistic_31.3.23.jpg","datePublished":"2023-03-31T18:57:31+00:00","breadcrumb":{"@id":"https:\/\/loginfo24.com\/es\/2023\/03\/31\/la-transport-logistic-espera-con-un-gran-programa-complementario\/#breadcrumb"},"inLanguage":"es","potentialAction":[{"@type":"ReadAction","target":["https:\/\/loginfo24.com\/es\/2023\/03\/31\/la-transport-logistic-espera-con-un-gran-programa-complementario\/"]}]},{"@type":"ImageObject","inLanguage":"es","@id":"https:\/\/loginfo24.com\/es\/2023\/03\/31\/la-transport-logistic-espera-con-un-gran-programa-complementario\/#primaryimage","url":"https:\/\/loginfo24.com\/wp-content\/uploads\/sites\/7\/2025\/12\/transport_logistic_31.3.23.jpg","contentUrl":"https:\/\/loginfo24.com\/wp-content\/uploads\/sites\/7\/2025\/12\/transport_logistic_31.3.23.jpg","width":1245,"height":776},{"@type":"BreadcrumbList","@id":"https:\/\/loginfo24.com\/es\/2023\/03\/31\/la-transport-logistic-espera-con-un-gran-programa-complementario\/#breadcrumb","itemListElement":[{"@type":"ListItem","position":1,"name":"Startseite","item":"https:\/\/loginfo24.com\/es\/"},{"@type":"ListItem","position":2,"name":"La \u00abtransport logistic\u00bb espera con un gran programa complementario"}]},{"@type":"WebSite","@id":"https:\/\/loginfo24.com\/es\/#website","url":"https:\/\/loginfo24.com\/es\/","name":"Loginfo24","description":"Loginfo24 es la plataforma dedicada a la log\u00edstica y las cadenas de suministro con informaci\u00f3n las 24 horas del d\u00eda.","publisher":{"@id":"https:\/\/loginfo24.com\/es\/#organization"},"potentialAction":[{"@type":"SearchAction","target":{"@type":"EntryPoint","urlTemplate":"https:\/\/loginfo24.com\/es\/?s={search_term_string}"},"query-input":{"@type":"PropertyValueSpecification","valueRequired":true,"valueName":"search_term_string"}}],"inLanguage":"es"},{"@type":"Organization","@id":"https:\/\/loginfo24.com\/es\/#organization","name":"Grupo Logismedia AG","url":"https:\/\/loginfo24.com\/es\/","logo":{"@type":"ImageObject","inLanguage":"es","@id":"https:\/\/loginfo24.com\/es\/#\/schema\/logo\/image\/","url":"https:\/\/loginfo24.com\/wp-content\/uploads\/sites\/7\/2026\/01\/Logo_LogInfo24.png","contentUrl":"https:\/\/loginfo24.com\/wp-content\/uploads\/sites\/7\/2026\/01\/Logo_LogInfo24.png","width":938,"height":351,"caption":"Grupo Logismedia AG"},"image":{"@id":"https:\/\/loginfo24.com\/es\/#\/schema\/logo\/image\/"},"sameAs":["https:\/\/www.facebook.com\/people\/Loginfo24\/100057360583332\/","https:\/\/www.linkedin.com\/company\/lofinfo24\/"]}]}},"_links":{"self":[{"href":"https:\/\/loginfo24.com\/es\/wp-json\/wp\/v2\/posts\/61164","targetHints":{"allow":["GET"]}}],"collection":[{"href":"https:\/\/loginfo24.com\/es\/wp-json\/wp\/v2\/posts"}],"about":[{"href":"https:\/\/loginfo24.com\/es\/wp-json\/wp\/v2\/types\/post"}],"replies":[{"embeddable":true,"href":"https:\/\/loginfo24.com\/es\/wp-json\/wp\/v2\/comments?post=61164"}],"version-history":[{"count":0,"href":"https:\/\/loginfo24.com\/es\/wp-json\/wp\/v2\/posts\/61164\/revisions"}],"wp:featuredmedia":[{"embeddable":true,"href":"https:\/\/loginfo24.com\/es\/wp-json\/wp\/v2\/media\/8273"}],"wp:attachment":[{"href":"https:\/\/loginfo24.com\/es\/wp-json\/wp\/v2\/media?parent=61164"}],"wp:term":[{"taxonomy":"category","embeddable":true,"href":"https:\/\/loginfo24.com\/es\/wp-json\/wp\/v2\/categories?post=61164"},{"taxonomy":"post_tag","embeddable":true,"href":"https:\/\/loginfo24.com\/es\/wp-json\/wp\/v2\/tags?post=61164"}],"curies":[{"name":"wp","href":"https:\/\/api.w.org\/{rel}","templated":true}]}}