{"id":60797,"date":"2023-03-02T15:55:15","date_gmt":"2023-03-02T14:55:15","guid":{"rendered":"https:\/\/blog.brand-architecture.at\/2023\/03\/02\/dia-de-la-logistica-2023\/"},"modified":"2023-03-02T15:55:15","modified_gmt":"2023-03-02T14:55:15","slug":"dia-de-la-logistica-2023","status":"publish","type":"post","link":"https:\/\/loginfo24.com\/es\/2023\/03\/02\/dia-de-la-logistica-2023\/","title":{"rendered":"D\u00eda de la Log\u00edstica 2023"},"content":{"rendered":"<h5><strong>Con Amazon, el puerto de Trier y VDO Fleet, el D\u00eda de la Log\u00edstica del 20 de abril de 2023 vuelve a ser apoyado por empresas de renombre en el sector log\u00edstico. Adem\u00e1s, se ha conseguido como patrocinador a Oliver Luksic. El Secretario de Estado Parlamentario del Ministerio Federal de Digitalizaci\u00f3n y Transporte es desde principios de 2022 tambi\u00e9n Coordinador del Gobierno Federal para el Transporte de Mercanc\u00edas y la Log\u00edstica.<\/strong><\/h5>\n<p>(Fr\u00e1ncfort del Meno\/M\u00fanich) Como jornada de acci\u00f3n a nivel europeo, el D\u00eda de la Log\u00edstica ha sido siempre respaldado por numerosos organizadores y socios de renombre del tercer sector econ\u00f3mico m\u00e1s grande de Alemania. Este a\u00f1o, el minorista en l\u00ednea global Amazon, el puerto de Trier y VDO, una marca de la empresa tecnol\u00f3gica global y proveedor l\u00edder de autom\u00f3viles Continental, se comprometen con una asociaci\u00f3n premium. Junto con los m\u00e1s de 80 eventos registrados, quieren resaltar el rendimiento y la diversidad del sector econ\u00f3mico de la log\u00edstica en el d\u00eda de acci\u00f3n.<\/p>\n<p>\u00abAmazon se ha comprometido durante muchos a\u00f1os con sus propios eventos en el D\u00eda de la Log\u00edstica, porque este sector econ\u00f3mico y las personas que trabajan en \u00e9l merecen esta atenci\u00f3n\u00bb, explica Andreas Marschner, Vicepresidente de Amazon Transportation Service. \u00abEl D\u00eda de la Log\u00edstica abre la mirada a todas las personas emocionantes, carreras y tecnolog\u00edas que son imprescindibles para nuestra vida cotidiana.\u00bb<\/p>\n<p>Se prev\u00e9 la participaci\u00f3n activa de representantes de empresas de los socios premium en el almuerzo log\u00edstico, el formato central del D\u00eda de la Log\u00edstica. El almuerzo log\u00edstico se llevar\u00e1 a cabo en la Casa de la Log\u00edstica y la Movilidad (HOLM) en Fr\u00e1ncfort del Meno y se podr\u00e1 seguir en vivo por Internet. Con este evento, ya establecido el a\u00f1o pasado, se ha creado un formato que presenta y discute los desarrollos actuales de la log\u00edstica en mesas redondas y conversaciones individuales, permitiendo que el p\u00fablico interesado participe de manera accesible a trav\u00e9s de la transmisi\u00f3n en l\u00ednea.<\/p>\n<p>\u00abPara el D\u00eda de la Log\u00edstica se organiza un evento de manera altamente profesional y al mismo tiempo descentralizada, para poner en el centro de atenci\u00f3n un sector econ\u00f3mico que merece una mejor posici\u00f3n en la sociedad\u00bb, a\u00f1ade Patrick Schenk, Director de Fleet Solutions y Ventas en el segmento de negocios de Soluciones de Veh\u00edculos Comerciales Conectados en Continental. \u00abComo expertos en cumplimiento en el transporte por carretera y proveedores de la log\u00edstica de transporte, estamos encantados de acompa\u00f1ar el D\u00eda de la Log\u00edstica con nuestra marca VDO Fleet y estamos orgullosos de ser parte de la familia log\u00edstica.\u00bb<\/p>\n<p>Adem\u00e1s de los socios premium, se ha conseguido a Oliver Luksic, Secretario de Estado Parlamentario en el Ministerio Federal de Digitalizaci\u00f3n y Transporte (BMDV) y Coordinador del Gobierno Federal para el Transporte de Mercanc\u00edas y la Log\u00edstica, como patrocinador.<\/p>\n<p>\u00abMe parece genial que cada a\u00f1o, en el D\u00eda de la Log\u00edstica, m\u00e1s de cien empresas abran sus puertas a clases escolares y ciudadanos interesados, mostrando lo que hay detr\u00e1s de uno de los sectores econ\u00f3micos m\u00e1s grandes de Alemania. De esta manera, conocemos los complejos procesos que influyen en nuestra vida cotidiana y que, en el sentido m\u00e1s literal, mueven nuestro pa\u00eds. El D\u00eda de la Log\u00edstica tambi\u00e9n ofrece la oportunidad de obtener una visi\u00f3n del emocionante mundo profesional de la log\u00edstica. Aproveche la oportunidad y eche un vistazo detr\u00e1s de las escenas de la industria log\u00edstica\u00bb, apela Oliver Luksic.<\/p>\n<p>\u00abEstamos muy contentos de poder dar la bienvenida a Oliver Luksic en el D\u00eda de la Log\u00edstica de este a\u00f1o para la &#8216;Pr\u00e1ctica en el Puerto&#8217; en Trier\u00bb, comenta Volker Klassen, Director del puerto de Trier. \u00abTambi\u00e9n los numerosos visitantes que ya se han registrado esperan obtener perspectivas emocionantes sobre lo que sucede diariamente en el puerto, que se ha establecido como un importante centro log\u00edstico para la gran regi\u00f3n de Trier, Eifel, Hunsr\u00fcck, el Sarre y Luxemburgo, asegurando el suministro de alrededor de 1 mill\u00f3n de personas.\u00bb<\/p>\n<p>Los socios ideol\u00f3gicos de la jornada de acci\u00f3n son, como el a\u00f1o pasado, entre otros, la BVL - Asociaci\u00f3n Federal de Log\u00edstica, la Asociaci\u00f3n de Ciudades y Comunas Alemanas, as\u00ed como las iniciativas sectoriales \u00abLos Hacedores de la Econom\u00eda\u00bb y la Iniciativa Logix de Inmuebles Log\u00edsticos. Se ha a\u00f1adido la feria l\u00edder transport logistic, que se llevar\u00e1 a cabo del 9 al 12 de mayo en M\u00fanich.<\/p>\n<p>En el sitio web central www.tag-der-logistik.de, las empresas, universidades, asociaciones o instituciones de investigaci\u00f3n pueden registrarse como organizadores y anunciar sus eventos para el D\u00eda de la Log\u00edstica 2023 de forma gratuita.<\/p>\n<p>Foto: \u00a9 X21de Reiner Freese \/ <strong><em>Pie de foto:<\/em><\/strong><em> En el D\u00eda de la Log\u00edstica a nivel europeo, la log\u00edstica abre sus puertas a los visitantes.<\/em><\/p>\n","protected":false},"excerpt":{"rendered":"<p>Con Amazon, el puerto de Trier y VDO Fleet, el D\u00eda de la Log\u00edstica del 20 de abril de 2023 vuelve a ser apoyado por empresas<span class=\"excerpt-hellip\"> [\u2026]<\/span><\/p>\n","protected":false},"author":0,"featured_media":8420,"comment_status":"open","ping_status":"open","sticky":false,"template":"","format":"standard","meta":{"_acf_changed":false,"footnotes":""},"categories":[1557,1561],"tags":[],"class_list":["post-60797","post","type-post","status-publish","format-standard","has-post-thumbnail","hentry","category-forwarding-logistics","category-regions"],"acf":[],"yoast_head":"<!-- This site is optimized with the Yoast SEO plugin v27.3 - https:\/\/yoast.com\/product\/yoast-seo-wordpress\/ -->\n<title>D\u00eda de la Log\u00edstica 2023 - Loginfo24<\/title>\n<meta name=\"robots\" content=\"index, follow, max-snippet:-1, max-image-preview:large, max-video-preview:-1\" \/>\n<link rel=\"canonical\" href=\"https:\/\/loginfo24.com\/es\/2023\/03\/02\/dia-de-la-logistica-2023\/\" \/>\n<meta property=\"og:locale\" content=\"es_ES\" \/>\n<meta property=\"og:type\" content=\"article\" \/>\n<meta property=\"og:title\" content=\"D\u00eda de la Log\u00edstica 2023 - Loginfo24\" \/>\n<meta property=\"og:description\" content=\"Con Amazon, el puerto de Trier y VDO Fleet, el D\u00eda de la Log\u00edstica del 20 de abril de 2023 vuelve a ser apoyado por empresas [\u2026]\" \/>\n<meta property=\"og:url\" content=\"https:\/\/loginfo24.com\/es\/2023\/03\/02\/dia-de-la-logistica-2023\/\" \/>\n<meta property=\"og:site_name\" content=\"Loginfo24\" \/>\n<meta property=\"article:publisher\" content=\"https:\/\/www.facebook.com\/people\/Loginfo24\/100057360583332\/\" \/>\n<meta property=\"article:published_time\" content=\"2023-03-02T14:55:15+00:00\" \/>\n<meta property=\"og:image\" content=\"https:\/\/loginfo24.com\/wp-content\/uploads\/sites\/7\/2025\/12\/Tag_der_Logistik_02.03.2023.jpg\" \/>\n\t<meta property=\"og:image:width\" content=\"1263\" \/>\n\t<meta property=\"og:image:height\" content=\"897\" \/>\n\t<meta property=\"og:image:type\" content=\"image\/jpeg\" \/>\n<meta name=\"twitter:card\" content=\"summary_large_image\" \/>\n<meta name=\"twitter:label1\" content=\"Tiempo de lectura\" \/>\n\t<meta name=\"twitter:data1\" content=\"4 minuto\" \/>\n<script type=\"application\/ld+json\" class=\"yoast-schema-graph\">{\"@context\":\"https:\\\/\\\/schema.org\",\"@graph\":[{\"@type\":\"Article\",\"@id\":\"https:\\\/\\\/loginfo24.com\\\/es\\\/2023\\\/03\\\/02\\\/dia-de-la-logistica-2023\\\/#article\",\"isPartOf\":{\"@id\":\"https:\\\/\\\/loginfo24.com\\\/es\\\/2023\\\/03\\\/02\\\/dia-de-la-logistica-2023\\\/\"},\"author\":{\"name\":\"\",\"@id\":\"\"},\"headline\":\"D\u00eda de la Log\u00edstica 2023\",\"datePublished\":\"2023-03-02T14:55:15+00:00\",\"mainEntityOfPage\":{\"@id\":\"https:\\\/\\\/loginfo24.com\\\/es\\\/2023\\\/03\\\/02\\\/dia-de-la-logistica-2023\\\/\"},\"wordCount\":882,\"commentCount\":0,\"publisher\":{\"@id\":\"https:\\\/\\\/loginfo24.com\\\/es\\\/#organization\"},\"image\":{\"@id\":\"https:\\\/\\\/loginfo24.com\\\/es\\\/2023\\\/03\\\/02\\\/dia-de-la-logistica-2023\\\/#primaryimage\"},\"thumbnailUrl\":\"https:\\\/\\\/loginfo24.com\\\/wp-content\\\/uploads\\\/sites\\\/7\\\/2025\\\/12\\\/Tag_der_Logistik_02.03.2023.jpg\",\"articleSection\":[\"Forwarding &amp; Logistics\",\"Regions\"],\"inLanguage\":\"es\",\"potentialAction\":[{\"@type\":\"CommentAction\",\"name\":\"Comment\",\"target\":[\"https:\\\/\\\/loginfo24.com\\\/es\\\/2023\\\/03\\\/02\\\/dia-de-la-logistica-2023\\\/#respond\"]}]},{\"@type\":\"WebPage\",\"@id\":\"https:\\\/\\\/loginfo24.com\\\/es\\\/2023\\\/03\\\/02\\\/dia-de-la-logistica-2023\\\/\",\"url\":\"https:\\\/\\\/loginfo24.com\\\/es\\\/2023\\\/03\\\/02\\\/dia-de-la-logistica-2023\\\/\",\"name\":\"D\u00eda de la Log\u00edstica 2023 - Loginfo24\",\"isPartOf\":{\"@id\":\"https:\\\/\\\/loginfo24.com\\\/es\\\/#website\"},\"primaryImageOfPage\":{\"@id\":\"https:\\\/\\\/loginfo24.com\\\/es\\\/2023\\\/03\\\/02\\\/dia-de-la-logistica-2023\\\/#primaryimage\"},\"image\":{\"@id\":\"https:\\\/\\\/loginfo24.com\\\/es\\\/2023\\\/03\\\/02\\\/dia-de-la-logistica-2023\\\/#primaryimage\"},\"thumbnailUrl\":\"https:\\\/\\\/loginfo24.com\\\/wp-content\\\/uploads\\\/sites\\\/7\\\/2025\\\/12\\\/Tag_der_Logistik_02.03.2023.jpg\",\"datePublished\":\"2023-03-02T14:55:15+00:00\",\"breadcrumb\":{\"@id\":\"https:\\\/\\\/loginfo24.com\\\/es\\\/2023\\\/03\\\/02\\\/dia-de-la-logistica-2023\\\/#breadcrumb\"},\"inLanguage\":\"es\",\"potentialAction\":[{\"@type\":\"ReadAction\",\"target\":[\"https:\\\/\\\/loginfo24.com\\\/es\\\/2023\\\/03\\\/02\\\/dia-de-la-logistica-2023\\\/\"]}]},{\"@type\":\"ImageObject\",\"inLanguage\":\"es\",\"@id\":\"https:\\\/\\\/loginfo24.com\\\/es\\\/2023\\\/03\\\/02\\\/dia-de-la-logistica-2023\\\/#primaryimage\",\"url\":\"https:\\\/\\\/loginfo24.com\\\/wp-content\\\/uploads\\\/sites\\\/7\\\/2025\\\/12\\\/Tag_der_Logistik_02.03.2023.jpg\",\"contentUrl\":\"https:\\\/\\\/loginfo24.com\\\/wp-content\\\/uploads\\\/sites\\\/7\\\/2025\\\/12\\\/Tag_der_Logistik_02.03.2023.jpg\",\"width\":1263,\"height\":897},{\"@type\":\"BreadcrumbList\",\"@id\":\"https:\\\/\\\/loginfo24.com\\\/es\\\/2023\\\/03\\\/02\\\/dia-de-la-logistica-2023\\\/#breadcrumb\",\"itemListElement\":[{\"@type\":\"ListItem\",\"position\":1,\"name\":\"Startseite\",\"item\":\"https:\\\/\\\/loginfo24.com\\\/es\\\/\"},{\"@type\":\"ListItem\",\"position\":2,\"name\":\"D\u00eda de la Log\u00edstica 2023\"}]},{\"@type\":\"WebSite\",\"@id\":\"https:\\\/\\\/loginfo24.com\\\/es\\\/#website\",\"url\":\"https:\\\/\\\/loginfo24.com\\\/es\\\/\",\"name\":\"Loginfo24\",\"description\":\"Loginfo24 es la plataforma dedicada a la log\u00edstica y las cadenas de suministro con informaci\u00f3n las 24 horas del d\u00eda.\",\"publisher\":{\"@id\":\"https:\\\/\\\/loginfo24.com\\\/es\\\/#organization\"},\"potentialAction\":[{\"@type\":\"SearchAction\",\"target\":{\"@type\":\"EntryPoint\",\"urlTemplate\":\"https:\\\/\\\/loginfo24.com\\\/es\\\/?s={search_term_string}\"},\"query-input\":{\"@type\":\"PropertyValueSpecification\",\"valueRequired\":true,\"valueName\":\"search_term_string\"}}],\"inLanguage\":\"es\"},{\"@type\":\"Organization\",\"@id\":\"https:\\\/\\\/loginfo24.com\\\/es\\\/#organization\",\"name\":\"Grupo Logismedia AG\",\"url\":\"https:\\\/\\\/loginfo24.com\\\/es\\\/\",\"logo\":{\"@type\":\"ImageObject\",\"inLanguage\":\"es\",\"@id\":\"https:\\\/\\\/loginfo24.com\\\/es\\\/#\\\/schema\\\/logo\\\/image\\\/\",\"url\":\"https:\\\/\\\/loginfo24.com\\\/wp-content\\\/uploads\\\/sites\\\/7\\\/2026\\\/01\\\/Logo_LogInfo24.png\",\"contentUrl\":\"https:\\\/\\\/loginfo24.com\\\/wp-content\\\/uploads\\\/sites\\\/7\\\/2026\\\/01\\\/Logo_LogInfo24.png\",\"width\":938,\"height\":351,\"caption\":\"Grupo Logismedia AG\"},\"image\":{\"@id\":\"https:\\\/\\\/loginfo24.com\\\/es\\\/#\\\/schema\\\/logo\\\/image\\\/\"},\"sameAs\":[\"https:\\\/\\\/www.facebook.com\\\/people\\\/Loginfo24\\\/100057360583332\\\/\",\"https:\\\/\\\/www.linkedin.com\\\/company\\\/lofinfo24\\\/\"]}]}<\/script>\n<!-- \/ Yoast SEO plugin. -->","yoast_head_json":{"title":"D\u00eda de la Log\u00edstica 2023 - Loginfo24","robots":{"index":"index","follow":"follow","max-snippet":"max-snippet:-1","max-image-preview":"max-image-preview:large","max-video-preview":"max-video-preview:-1"},"canonical":"https:\/\/loginfo24.com\/es\/2023\/03\/02\/dia-de-la-logistica-2023\/","og_locale":"es_ES","og_type":"article","og_title":"D\u00eda de la Log\u00edstica 2023 - Loginfo24","og_description":"Con Amazon, el puerto de Trier y VDO Fleet, el D\u00eda de la Log\u00edstica del 20 de abril de 2023 vuelve a ser apoyado por empresas [\u2026]","og_url":"https:\/\/loginfo24.com\/es\/2023\/03\/02\/dia-de-la-logistica-2023\/","og_site_name":"Loginfo24","article_publisher":"https:\/\/www.facebook.com\/people\/Loginfo24\/100057360583332\/","article_published_time":"2023-03-02T14:55:15+00:00","og_image":[{"width":1263,"height":897,"url":"https:\/\/loginfo24.com\/wp-content\/uploads\/sites\/7\/2025\/12\/Tag_der_Logistik_02.03.2023.jpg","type":"image\/jpeg"}],"twitter_card":"summary_large_image","twitter_misc":{"Tiempo de lectura":"4 minuto"},"schema":{"@context":"https:\/\/schema.org","@graph":[{"@type":"Article","@id":"https:\/\/loginfo24.com\/es\/2023\/03\/02\/dia-de-la-logistica-2023\/#article","isPartOf":{"@id":"https:\/\/loginfo24.com\/es\/2023\/03\/02\/dia-de-la-logistica-2023\/"},"author":{"name":"","@id":""},"headline":"D\u00eda de la Log\u00edstica 2023","datePublished":"2023-03-02T14:55:15+00:00","mainEntityOfPage":{"@id":"https:\/\/loginfo24.com\/es\/2023\/03\/02\/dia-de-la-logistica-2023\/"},"wordCount":882,"commentCount":0,"publisher":{"@id":"https:\/\/loginfo24.com\/es\/#organization"},"image":{"@id":"https:\/\/loginfo24.com\/es\/2023\/03\/02\/dia-de-la-logistica-2023\/#primaryimage"},"thumbnailUrl":"https:\/\/loginfo24.com\/wp-content\/uploads\/sites\/7\/2025\/12\/Tag_der_Logistik_02.03.2023.jpg","articleSection":["Forwarding &amp; Logistics","Regions"],"inLanguage":"es","potentialAction":[{"@type":"CommentAction","name":"Comment","target":["https:\/\/loginfo24.com\/es\/2023\/03\/02\/dia-de-la-logistica-2023\/#respond"]}]},{"@type":"WebPage","@id":"https:\/\/loginfo24.com\/es\/2023\/03\/02\/dia-de-la-logistica-2023\/","url":"https:\/\/loginfo24.com\/es\/2023\/03\/02\/dia-de-la-logistica-2023\/","name":"D\u00eda de la Log\u00edstica 2023 - Loginfo24","isPartOf":{"@id":"https:\/\/loginfo24.com\/es\/#website"},"primaryImageOfPage":{"@id":"https:\/\/loginfo24.com\/es\/2023\/03\/02\/dia-de-la-logistica-2023\/#primaryimage"},"image":{"@id":"https:\/\/loginfo24.com\/es\/2023\/03\/02\/dia-de-la-logistica-2023\/#primaryimage"},"thumbnailUrl":"https:\/\/loginfo24.com\/wp-content\/uploads\/sites\/7\/2025\/12\/Tag_der_Logistik_02.03.2023.jpg","datePublished":"2023-03-02T14:55:15+00:00","breadcrumb":{"@id":"https:\/\/loginfo24.com\/es\/2023\/03\/02\/dia-de-la-logistica-2023\/#breadcrumb"},"inLanguage":"es","potentialAction":[{"@type":"ReadAction","target":["https:\/\/loginfo24.com\/es\/2023\/03\/02\/dia-de-la-logistica-2023\/"]}]},{"@type":"ImageObject","inLanguage":"es","@id":"https:\/\/loginfo24.com\/es\/2023\/03\/02\/dia-de-la-logistica-2023\/#primaryimage","url":"https:\/\/loginfo24.com\/wp-content\/uploads\/sites\/7\/2025\/12\/Tag_der_Logistik_02.03.2023.jpg","contentUrl":"https:\/\/loginfo24.com\/wp-content\/uploads\/sites\/7\/2025\/12\/Tag_der_Logistik_02.03.2023.jpg","width":1263,"height":897},{"@type":"BreadcrumbList","@id":"https:\/\/loginfo24.com\/es\/2023\/03\/02\/dia-de-la-logistica-2023\/#breadcrumb","itemListElement":[{"@type":"ListItem","position":1,"name":"Startseite","item":"https:\/\/loginfo24.com\/es\/"},{"@type":"ListItem","position":2,"name":"D\u00eda de la Log\u00edstica 2023"}]},{"@type":"WebSite","@id":"https:\/\/loginfo24.com\/es\/#website","url":"https:\/\/loginfo24.com\/es\/","name":"Loginfo24","description":"Loginfo24 es la plataforma dedicada a la log\u00edstica y las cadenas de suministro con informaci\u00f3n las 24 horas del d\u00eda.","publisher":{"@id":"https:\/\/loginfo24.com\/es\/#organization"},"potentialAction":[{"@type":"SearchAction","target":{"@type":"EntryPoint","urlTemplate":"https:\/\/loginfo24.com\/es\/?s={search_term_string}"},"query-input":{"@type":"PropertyValueSpecification","valueRequired":true,"valueName":"search_term_string"}}],"inLanguage":"es"},{"@type":"Organization","@id":"https:\/\/loginfo24.com\/es\/#organization","name":"Grupo Logismedia AG","url":"https:\/\/loginfo24.com\/es\/","logo":{"@type":"ImageObject","inLanguage":"es","@id":"https:\/\/loginfo24.com\/es\/#\/schema\/logo\/image\/","url":"https:\/\/loginfo24.com\/wp-content\/uploads\/sites\/7\/2026\/01\/Logo_LogInfo24.png","contentUrl":"https:\/\/loginfo24.com\/wp-content\/uploads\/sites\/7\/2026\/01\/Logo_LogInfo24.png","width":938,"height":351,"caption":"Grupo Logismedia AG"},"image":{"@id":"https:\/\/loginfo24.com\/es\/#\/schema\/logo\/image\/"},"sameAs":["https:\/\/www.facebook.com\/people\/Loginfo24\/100057360583332\/","https:\/\/www.linkedin.com\/company\/lofinfo24\/"]}]}},"_links":{"self":[{"href":"https:\/\/loginfo24.com\/es\/wp-json\/wp\/v2\/posts\/60797","targetHints":{"allow":["GET"]}}],"collection":[{"href":"https:\/\/loginfo24.com\/es\/wp-json\/wp\/v2\/posts"}],"about":[{"href":"https:\/\/loginfo24.com\/es\/wp-json\/wp\/v2\/types\/post"}],"replies":[{"embeddable":true,"href":"https:\/\/loginfo24.com\/es\/wp-json\/wp\/v2\/comments?post=60797"}],"version-history":[{"count":0,"href":"https:\/\/loginfo24.com\/es\/wp-json\/wp\/v2\/posts\/60797\/revisions"}],"wp:featuredmedia":[{"embeddable":true,"href":"https:\/\/loginfo24.com\/es\/wp-json\/wp\/v2\/media\/8420"}],"wp:attachment":[{"href":"https:\/\/loginfo24.com\/es\/wp-json\/wp\/v2\/media?parent=60797"}],"wp:term":[{"taxonomy":"category","embeddable":true,"href":"https:\/\/loginfo24.com\/es\/wp-json\/wp\/v2\/categories?post=60797"},{"taxonomy":"post_tag","embeddable":true,"href":"https:\/\/loginfo24.com\/es\/wp-json\/wp\/v2\/tags?post=60797"}],"curies":[{"name":"wp","href":"https:\/\/api.w.org\/{rel}","templated":true}]}}