{"id":60653,"date":"2023-02-21T15:00:40","date_gmt":"2023-02-21T14:00:40","guid":{"rendered":"https:\/\/blog.brand-architecture.at\/2023\/02\/21\/el-coordinador-maritimo-visita-el-puerto-de-rostock\/"},"modified":"2023-02-21T15:00:40","modified_gmt":"2023-02-21T14:00:40","slug":"el-coordinador-maritimo-visita-el-puerto-de-rostock","status":"publish","type":"post","link":"https:\/\/loginfo24.com\/es\/2023\/02\/21\/el-coordinador-maritimo-visita-el-puerto-de-rostock\/","title":{"rendered":"El coordinador mar\u00edtimo visita el puerto de Rostock"},"content":{"rendered":"<h5><strong>El nuevo coordinador del gobierno federal para la econom\u00eda mar\u00edtima y el turismo, Dieter Janecek, se inform\u00f3 hoy durante un recorrido por el puerto junto a Reinhard Meyer, ministro de Econom\u00eda del estado de Mecklemburgo-Pomerania Occidental, el secretario de Estado de Econom\u00eda Jochen Schulte y la direcci\u00f3n del operador portuario ROSTOCK PORT sobre los desarrollos actuales en el mayor puerto universal de Alemania en el mar B\u00e1ltico.<\/strong><\/h5>\n<p>(Rostock) Adem\u00e1s de la actual profundizaci\u00f3n del canal mar\u00edtimo a 16,50 metros y las perspectivas que esto conlleva, se discutieron temas como la expansi\u00f3n de la energ\u00eda e\u00f3lica marina y las oportunidades que surgen para la creaci\u00f3n de valor local en las empresas industriales ubicadas en el puerto, EEW Special Pipe Constructions y Liebherr.<\/p>\n<p>Otro enfoque de las conversaciones fue la transformaci\u00f3n del puerto energ\u00e9tico de Rostock de un sitio de generaci\u00f3n y suministro de energ\u00eda f\u00f3sil a uno basado en hidr\u00f3geno y clim\u00e1ticamente neutro para el este de Alemania.<\/p>\n<p>El puerto energ\u00e9tico de Rostock ya es hoy un punto de transbordo para los componentes de la transici\u00f3n energ\u00e9tica y planea para 2027 la producci\u00f3n e importaci\u00f3n de portadores de energ\u00eda verde en el sitio.<\/p>\n<p>Foto: \u00a9 ROSTOCK PORT - Nordlicht \/ <strong><em>Descripci\u00f3n de la imagen:<\/em><\/strong><em> (de izquierda a derecha) Director general de ROSTOCK PORT, Jens A. Scharner, <\/em><em>ministro de Econom\u00eda del estado de Mecklemburgo-Pomerania Occidental, Reinhard Meyer, coordinador del gobierno federal para la econom\u00eda mar\u00edtima y el turismo, Dieter Janecek, secretario de Estado de Econom\u00eda del estado de Mecklemburgo-Pomerania Occidental, Jochen Schulte y director general de ROSTOCK PORT, Dr. Gernot Tesch.<\/em><\/p>\n","protected":false},"excerpt":{"rendered":"<p>El nuevo coordinador del gobierno federal para la econom\u00eda mar\u00edtima y el turismo, Dieter Janecek, se inform\u00f3 hoy durante un recorrido por el puerto junto a<span class=\"excerpt-hellip\"> [\u2026]<\/span><\/p>\n","protected":false},"author":0,"featured_media":8475,"comment_status":"open","ping_status":"open","sticky":false,"template":"","format":"standard","meta":{"_acf_changed":false,"footnotes":""},"categories":[1561,1559],"tags":[],"class_list":["post-60653","post","type-post","status-publish","format-standard","has-post-thumbnail","hentry","category-regions","category-shipping-ports"],"acf":[],"yoast_head":"<!-- This site is optimized with the Yoast SEO plugin v27.3 - https:\/\/yoast.com\/product\/yoast-seo-wordpress\/ -->\n<title>El coordinador mar\u00edtimo visita el puerto de Rostock - Loginfo24<\/title>\n<meta name=\"robots\" content=\"index, follow, max-snippet:-1, max-image-preview:large, max-video-preview:-1\" \/>\n<link rel=\"canonical\" href=\"https:\/\/loginfo24.com\/es\/2023\/02\/21\/el-coordinador-maritimo-visita-el-puerto-de-rostock\/\" \/>\n<meta property=\"og:locale\" content=\"es_ES\" \/>\n<meta property=\"og:type\" content=\"article\" \/>\n<meta property=\"og:title\" content=\"El coordinador mar\u00edtimo visita el puerto de Rostock - Loginfo24\" \/>\n<meta property=\"og:description\" content=\"El nuevo coordinador del gobierno federal para la econom\u00eda mar\u00edtima y el turismo, Dieter Janecek, se inform\u00f3 hoy durante un recorrido por el puerto junto a [\u2026]\" \/>\n<meta property=\"og:url\" content=\"https:\/\/loginfo24.com\/es\/2023\/02\/21\/el-coordinador-maritimo-visita-el-puerto-de-rostock\/\" \/>\n<meta property=\"og:site_name\" content=\"Loginfo24\" \/>\n<meta property=\"article:publisher\" content=\"https:\/\/www.facebook.com\/people\/Loginfo24\/100057360583332\/\" \/>\n<meta property=\"article:published_time\" content=\"2023-02-21T14:00:40+00:00\" \/>\n<meta property=\"og:image\" content=\"https:\/\/loginfo24.com\/wp-content\/uploads\/sites\/7\/2025\/12\/Rostock_Port_21.02.2023.jpg\" \/>\n\t<meta property=\"og:image:width\" content=\"1328\" \/>\n\t<meta property=\"og:image:height\" content=\"785\" \/>\n\t<meta property=\"og:image:type\" content=\"image\/jpeg\" \/>\n<meta name=\"twitter:card\" content=\"summary_large_image\" \/>\n<meta name=\"twitter:label1\" content=\"Tiempo de lectura\" \/>\n\t<meta name=\"twitter:data1\" content=\"1 minuto\" \/>\n<script type=\"application\/ld+json\" class=\"yoast-schema-graph\">{\"@context\":\"https:\\\/\\\/schema.org\",\"@graph\":[{\"@type\":\"Article\",\"@id\":\"https:\\\/\\\/loginfo24.com\\\/es\\\/2023\\\/02\\\/21\\\/el-coordinador-maritimo-visita-el-puerto-de-rostock\\\/#article\",\"isPartOf\":{\"@id\":\"https:\\\/\\\/loginfo24.com\\\/es\\\/2023\\\/02\\\/21\\\/el-coordinador-maritimo-visita-el-puerto-de-rostock\\\/\"},\"author\":{\"name\":\"\",\"@id\":\"\"},\"headline\":\"El coordinador mar\u00edtimo visita el puerto de Rostock\",\"datePublished\":\"2023-02-21T14:00:40+00:00\",\"mainEntityOfPage\":{\"@id\":\"https:\\\/\\\/loginfo24.com\\\/es\\\/2023\\\/02\\\/21\\\/el-coordinador-maritimo-visita-el-puerto-de-rostock\\\/\"},\"wordCount\":295,\"commentCount\":0,\"publisher\":{\"@id\":\"https:\\\/\\\/loginfo24.com\\\/es\\\/#organization\"},\"image\":{\"@id\":\"https:\\\/\\\/loginfo24.com\\\/es\\\/2023\\\/02\\\/21\\\/el-coordinador-maritimo-visita-el-puerto-de-rostock\\\/#primaryimage\"},\"thumbnailUrl\":\"https:\\\/\\\/loginfo24.com\\\/wp-content\\\/uploads\\\/sites\\\/7\\\/2025\\\/12\\\/Rostock_Port_21.02.2023.jpg\",\"articleSection\":[\"Regions\",\"Shipping &amp; Ports\"],\"inLanguage\":\"es\",\"potentialAction\":[{\"@type\":\"CommentAction\",\"name\":\"Comment\",\"target\":[\"https:\\\/\\\/loginfo24.com\\\/es\\\/2023\\\/02\\\/21\\\/el-coordinador-maritimo-visita-el-puerto-de-rostock\\\/#respond\"]}]},{\"@type\":\"WebPage\",\"@id\":\"https:\\\/\\\/loginfo24.com\\\/es\\\/2023\\\/02\\\/21\\\/el-coordinador-maritimo-visita-el-puerto-de-rostock\\\/\",\"url\":\"https:\\\/\\\/loginfo24.com\\\/es\\\/2023\\\/02\\\/21\\\/el-coordinador-maritimo-visita-el-puerto-de-rostock\\\/\",\"name\":\"El coordinador mar\u00edtimo visita el puerto de Rostock - Loginfo24\",\"isPartOf\":{\"@id\":\"https:\\\/\\\/loginfo24.com\\\/es\\\/#website\"},\"primaryImageOfPage\":{\"@id\":\"https:\\\/\\\/loginfo24.com\\\/es\\\/2023\\\/02\\\/21\\\/el-coordinador-maritimo-visita-el-puerto-de-rostock\\\/#primaryimage\"},\"image\":{\"@id\":\"https:\\\/\\\/loginfo24.com\\\/es\\\/2023\\\/02\\\/21\\\/el-coordinador-maritimo-visita-el-puerto-de-rostock\\\/#primaryimage\"},\"thumbnailUrl\":\"https:\\\/\\\/loginfo24.com\\\/wp-content\\\/uploads\\\/sites\\\/7\\\/2025\\\/12\\\/Rostock_Port_21.02.2023.jpg\",\"datePublished\":\"2023-02-21T14:00:40+00:00\",\"breadcrumb\":{\"@id\":\"https:\\\/\\\/loginfo24.com\\\/es\\\/2023\\\/02\\\/21\\\/el-coordinador-maritimo-visita-el-puerto-de-rostock\\\/#breadcrumb\"},\"inLanguage\":\"es\",\"potentialAction\":[{\"@type\":\"ReadAction\",\"target\":[\"https:\\\/\\\/loginfo24.com\\\/es\\\/2023\\\/02\\\/21\\\/el-coordinador-maritimo-visita-el-puerto-de-rostock\\\/\"]}]},{\"@type\":\"ImageObject\",\"inLanguage\":\"es\",\"@id\":\"https:\\\/\\\/loginfo24.com\\\/es\\\/2023\\\/02\\\/21\\\/el-coordinador-maritimo-visita-el-puerto-de-rostock\\\/#primaryimage\",\"url\":\"https:\\\/\\\/loginfo24.com\\\/wp-content\\\/uploads\\\/sites\\\/7\\\/2025\\\/12\\\/Rostock_Port_21.02.2023.jpg\",\"contentUrl\":\"https:\\\/\\\/loginfo24.com\\\/wp-content\\\/uploads\\\/sites\\\/7\\\/2025\\\/12\\\/Rostock_Port_21.02.2023.jpg\",\"width\":1328,\"height\":785},{\"@type\":\"BreadcrumbList\",\"@id\":\"https:\\\/\\\/loginfo24.com\\\/es\\\/2023\\\/02\\\/21\\\/el-coordinador-maritimo-visita-el-puerto-de-rostock\\\/#breadcrumb\",\"itemListElement\":[{\"@type\":\"ListItem\",\"position\":1,\"name\":\"Startseite\",\"item\":\"https:\\\/\\\/loginfo24.com\\\/es\\\/\"},{\"@type\":\"ListItem\",\"position\":2,\"name\":\"El coordinador mar\u00edtimo visita el puerto de Rostock\"}]},{\"@type\":\"WebSite\",\"@id\":\"https:\\\/\\\/loginfo24.com\\\/es\\\/#website\",\"url\":\"https:\\\/\\\/loginfo24.com\\\/es\\\/\",\"name\":\"Loginfo24\",\"description\":\"Loginfo24 es la plataforma dedicada a la log\u00edstica y las cadenas de suministro con informaci\u00f3n las 24 horas del d\u00eda.\",\"publisher\":{\"@id\":\"https:\\\/\\\/loginfo24.com\\\/es\\\/#organization\"},\"potentialAction\":[{\"@type\":\"SearchAction\",\"target\":{\"@type\":\"EntryPoint\",\"urlTemplate\":\"https:\\\/\\\/loginfo24.com\\\/es\\\/?s={search_term_string}\"},\"query-input\":{\"@type\":\"PropertyValueSpecification\",\"valueRequired\":true,\"valueName\":\"search_term_string\"}}],\"inLanguage\":\"es\"},{\"@type\":\"Organization\",\"@id\":\"https:\\\/\\\/loginfo24.com\\\/es\\\/#organization\",\"name\":\"Grupo Logismedia AG\",\"url\":\"https:\\\/\\\/loginfo24.com\\\/es\\\/\",\"logo\":{\"@type\":\"ImageObject\",\"inLanguage\":\"es\",\"@id\":\"https:\\\/\\\/loginfo24.com\\\/es\\\/#\\\/schema\\\/logo\\\/image\\\/\",\"url\":\"https:\\\/\\\/loginfo24.com\\\/wp-content\\\/uploads\\\/sites\\\/7\\\/2026\\\/01\\\/Logo_LogInfo24.png\",\"contentUrl\":\"https:\\\/\\\/loginfo24.com\\\/wp-content\\\/uploads\\\/sites\\\/7\\\/2026\\\/01\\\/Logo_LogInfo24.png\",\"width\":938,\"height\":351,\"caption\":\"Grupo Logismedia AG\"},\"image\":{\"@id\":\"https:\\\/\\\/loginfo24.com\\\/es\\\/#\\\/schema\\\/logo\\\/image\\\/\"},\"sameAs\":[\"https:\\\/\\\/www.facebook.com\\\/people\\\/Loginfo24\\\/100057360583332\\\/\",\"https:\\\/\\\/www.linkedin.com\\\/company\\\/lofinfo24\\\/\"]}]}<\/script>\n<!-- \/ Yoast SEO plugin. -->","yoast_head_json":{"title":"El coordinador mar\u00edtimo visita el puerto de Rostock - Loginfo24","robots":{"index":"index","follow":"follow","max-snippet":"max-snippet:-1","max-image-preview":"max-image-preview:large","max-video-preview":"max-video-preview:-1"},"canonical":"https:\/\/loginfo24.com\/es\/2023\/02\/21\/el-coordinador-maritimo-visita-el-puerto-de-rostock\/","og_locale":"es_ES","og_type":"article","og_title":"El coordinador mar\u00edtimo visita el puerto de Rostock - Loginfo24","og_description":"El nuevo coordinador del gobierno federal para la econom\u00eda mar\u00edtima y el turismo, Dieter Janecek, se inform\u00f3 hoy durante un recorrido por el puerto junto a [\u2026]","og_url":"https:\/\/loginfo24.com\/es\/2023\/02\/21\/el-coordinador-maritimo-visita-el-puerto-de-rostock\/","og_site_name":"Loginfo24","article_publisher":"https:\/\/www.facebook.com\/people\/Loginfo24\/100057360583332\/","article_published_time":"2023-02-21T14:00:40+00:00","og_image":[{"width":1328,"height":785,"url":"https:\/\/loginfo24.com\/wp-content\/uploads\/sites\/7\/2025\/12\/Rostock_Port_21.02.2023.jpg","type":"image\/jpeg"}],"twitter_card":"summary_large_image","twitter_misc":{"Tiempo de lectura":"1 minuto"},"schema":{"@context":"https:\/\/schema.org","@graph":[{"@type":"Article","@id":"https:\/\/loginfo24.com\/es\/2023\/02\/21\/el-coordinador-maritimo-visita-el-puerto-de-rostock\/#article","isPartOf":{"@id":"https:\/\/loginfo24.com\/es\/2023\/02\/21\/el-coordinador-maritimo-visita-el-puerto-de-rostock\/"},"author":{"name":"","@id":""},"headline":"El coordinador mar\u00edtimo visita el puerto de Rostock","datePublished":"2023-02-21T14:00:40+00:00","mainEntityOfPage":{"@id":"https:\/\/loginfo24.com\/es\/2023\/02\/21\/el-coordinador-maritimo-visita-el-puerto-de-rostock\/"},"wordCount":295,"commentCount":0,"publisher":{"@id":"https:\/\/loginfo24.com\/es\/#organization"},"image":{"@id":"https:\/\/loginfo24.com\/es\/2023\/02\/21\/el-coordinador-maritimo-visita-el-puerto-de-rostock\/#primaryimage"},"thumbnailUrl":"https:\/\/loginfo24.com\/wp-content\/uploads\/sites\/7\/2025\/12\/Rostock_Port_21.02.2023.jpg","articleSection":["Regions","Shipping &amp; Ports"],"inLanguage":"es","potentialAction":[{"@type":"CommentAction","name":"Comment","target":["https:\/\/loginfo24.com\/es\/2023\/02\/21\/el-coordinador-maritimo-visita-el-puerto-de-rostock\/#respond"]}]},{"@type":"WebPage","@id":"https:\/\/loginfo24.com\/es\/2023\/02\/21\/el-coordinador-maritimo-visita-el-puerto-de-rostock\/","url":"https:\/\/loginfo24.com\/es\/2023\/02\/21\/el-coordinador-maritimo-visita-el-puerto-de-rostock\/","name":"El coordinador mar\u00edtimo visita el puerto de Rostock - Loginfo24","isPartOf":{"@id":"https:\/\/loginfo24.com\/es\/#website"},"primaryImageOfPage":{"@id":"https:\/\/loginfo24.com\/es\/2023\/02\/21\/el-coordinador-maritimo-visita-el-puerto-de-rostock\/#primaryimage"},"image":{"@id":"https:\/\/loginfo24.com\/es\/2023\/02\/21\/el-coordinador-maritimo-visita-el-puerto-de-rostock\/#primaryimage"},"thumbnailUrl":"https:\/\/loginfo24.com\/wp-content\/uploads\/sites\/7\/2025\/12\/Rostock_Port_21.02.2023.jpg","datePublished":"2023-02-21T14:00:40+00:00","breadcrumb":{"@id":"https:\/\/loginfo24.com\/es\/2023\/02\/21\/el-coordinador-maritimo-visita-el-puerto-de-rostock\/#breadcrumb"},"inLanguage":"es","potentialAction":[{"@type":"ReadAction","target":["https:\/\/loginfo24.com\/es\/2023\/02\/21\/el-coordinador-maritimo-visita-el-puerto-de-rostock\/"]}]},{"@type":"ImageObject","inLanguage":"es","@id":"https:\/\/loginfo24.com\/es\/2023\/02\/21\/el-coordinador-maritimo-visita-el-puerto-de-rostock\/#primaryimage","url":"https:\/\/loginfo24.com\/wp-content\/uploads\/sites\/7\/2025\/12\/Rostock_Port_21.02.2023.jpg","contentUrl":"https:\/\/loginfo24.com\/wp-content\/uploads\/sites\/7\/2025\/12\/Rostock_Port_21.02.2023.jpg","width":1328,"height":785},{"@type":"BreadcrumbList","@id":"https:\/\/loginfo24.com\/es\/2023\/02\/21\/el-coordinador-maritimo-visita-el-puerto-de-rostock\/#breadcrumb","itemListElement":[{"@type":"ListItem","position":1,"name":"Startseite","item":"https:\/\/loginfo24.com\/es\/"},{"@type":"ListItem","position":2,"name":"El coordinador mar\u00edtimo visita el puerto de Rostock"}]},{"@type":"WebSite","@id":"https:\/\/loginfo24.com\/es\/#website","url":"https:\/\/loginfo24.com\/es\/","name":"Loginfo24","description":"Loginfo24 es la plataforma dedicada a la log\u00edstica y las cadenas de suministro con informaci\u00f3n las 24 horas del d\u00eda.","publisher":{"@id":"https:\/\/loginfo24.com\/es\/#organization"},"potentialAction":[{"@type":"SearchAction","target":{"@type":"EntryPoint","urlTemplate":"https:\/\/loginfo24.com\/es\/?s={search_term_string}"},"query-input":{"@type":"PropertyValueSpecification","valueRequired":true,"valueName":"search_term_string"}}],"inLanguage":"es"},{"@type":"Organization","@id":"https:\/\/loginfo24.com\/es\/#organization","name":"Grupo Logismedia AG","url":"https:\/\/loginfo24.com\/es\/","logo":{"@type":"ImageObject","inLanguage":"es","@id":"https:\/\/loginfo24.com\/es\/#\/schema\/logo\/image\/","url":"https:\/\/loginfo24.com\/wp-content\/uploads\/sites\/7\/2026\/01\/Logo_LogInfo24.png","contentUrl":"https:\/\/loginfo24.com\/wp-content\/uploads\/sites\/7\/2026\/01\/Logo_LogInfo24.png","width":938,"height":351,"caption":"Grupo Logismedia AG"},"image":{"@id":"https:\/\/loginfo24.com\/es\/#\/schema\/logo\/image\/"},"sameAs":["https:\/\/www.facebook.com\/people\/Loginfo24\/100057360583332\/","https:\/\/www.linkedin.com\/company\/lofinfo24\/"]}]}},"_links":{"self":[{"href":"https:\/\/loginfo24.com\/es\/wp-json\/wp\/v2\/posts\/60653","targetHints":{"allow":["GET"]}}],"collection":[{"href":"https:\/\/loginfo24.com\/es\/wp-json\/wp\/v2\/posts"}],"about":[{"href":"https:\/\/loginfo24.com\/es\/wp-json\/wp\/v2\/types\/post"}],"replies":[{"embeddable":true,"href":"https:\/\/loginfo24.com\/es\/wp-json\/wp\/v2\/comments?post=60653"}],"version-history":[{"count":0,"href":"https:\/\/loginfo24.com\/es\/wp-json\/wp\/v2\/posts\/60653\/revisions"}],"wp:featuredmedia":[{"embeddable":true,"href":"https:\/\/loginfo24.com\/es\/wp-json\/wp\/v2\/media\/8475"}],"wp:attachment":[{"href":"https:\/\/loginfo24.com\/es\/wp-json\/wp\/v2\/media?parent=60653"}],"wp:term":[{"taxonomy":"category","embeddable":true,"href":"https:\/\/loginfo24.com\/es\/wp-json\/wp\/v2\/categories?post=60653"},{"taxonomy":"post_tag","embeddable":true,"href":"https:\/\/loginfo24.com\/es\/wp-json\/wp\/v2\/tags?post=60653"}],"curies":[{"name":"wp","href":"https:\/\/api.w.org\/{rel}","templated":true}]}}