{"id":60613,"date":"2023-02-16T16:55:53","date_gmt":"2023-02-16T15:55:53","guid":{"rendered":"https:\/\/blog.brand-architecture.at\/2023\/02\/16\/la-posta-austriaca-da-el-pistoletazo-de-salida-para-la-entrega-sin-emisiones-en-innsbruck\/"},"modified":"2023-02-16T16:55:53","modified_gmt":"2023-02-16T15:55:53","slug":"la-posta-austriaca-da-el-pistoletazo-de-salida-para-la-entrega-sin-emisiones-en-innsbruck","status":"publish","type":"post","link":"https:\/\/loginfo24.com\/es\/2023\/02\/16\/la-posta-austriaca-da-el-pistoletazo-de-salida-para-la-entrega-sin-emisiones-en-innsbruck\/","title":{"rendered":"La Posta austriaca da el pistoletazo de salida para la entrega sin emisiones en Innsbruck"},"content":{"rendered":"<h5><strong>La Posta austriaca ya tiene m\u00e1s de 3.000 veh\u00edculos el\u00e9ctricos en operaci\u00f3n y quiere realizar entregas completamente libres de CO2 en todo el pa\u00eds para 2030. Un primer gran paso lo da ahora en la capital del Tirol, Innsbruck, donde convertir\u00e1 por completo su flota de entrega a movilidad el\u00e9ctrica este a\u00f1o.<\/strong><\/h5>\n<p>(Innsbruck) \u00abEn Innsbruck, estamos sentando una base importante para la entrega libre de CO2 en Tirol con la conversi\u00f3n a movilidad el\u00e9ctrica. No solo adquiriremos 70 veh\u00edculos el\u00e9ctricos adicionales, sino que tambi\u00e9n ampliaremos la infraestructura de carga y las instalaciones fotovoltaicas en nuestros centros log\u00edsticos. En total, la Posta invertir\u00e1 alrededor de 3,3 millones de euros para realizar este a\u00f1o todas las entregas \u2013 cartas, publicidad, paquetes \u2013 en Innsbruck de manera libre de emisiones\u00bb, dice Peter Umundum, director ejecutivo de Paquetes y Log\u00edstica de la Posta austriaca.<\/p>\n<p>\u00abEstoy muy contenta de que Innsbruck sea una de las primeras ciudades de Austria en las que la Posta realizar\u00e1 entregas libres de emisiones. La cat\u00e1strofe clim\u00e1tica, que afecta especialmente a las ciudades en los Alpes, exige acciones de nuestra parte ahora \u2013 la Posta est\u00e1 dando un buen ejemplo aqu\u00ed\u00bb, dice Uschi Schwarzl, concejala de medio ambiente, energ\u00eda y movilidad de Innsbruck.<\/p>\n<p>La Posta ha comenzado ahora los trabajos de conversi\u00f3n: en un total de cuatro bases de entrega \u2013 tres en Innsbruck y una en Vomp \u2013 se instalar\u00e1n m\u00e1s de 60 estaciones de carga para la flota el\u00e9ctrica en los pr\u00f3ximos meses. Este a\u00f1o se adquirir\u00e1n 70 nuevos veh\u00edculos el\u00e9ctricos solo para la entrega en Innsbruck, lo que significa que para finales de a\u00f1o habr\u00e1 casi 100 veh\u00edculos el\u00e9ctricos en operaci\u00f3n.<\/p>\n<p>La entrega de cartas, env\u00edos publicitarios y medios impresos se realizar\u00e1 a trav\u00e9s de tres bases de entrega en Innsbruck, mientras que la entrega de paquetes se llevar\u00e1 a cabo desde el centro log\u00edstico Tirol en Vomp. A diario, en la fase final, alrededor de 130 repartidores realizar\u00e1n entregas libres de CO2, ya sea a pie, en bicicletas el\u00e9ctricas, scooters el\u00e9ctricos o furgonetas el\u00e9ctricas.<\/p>\n<h5><strong>Electricidad de fotovoltaica, segunda vida para bater\u00edas de veh\u00edculos<\/strong><\/h5>\n<p>Con m\u00e1s de 3.000 veh\u00edculos el\u00e9ctricos, incluidos aproximadamente 1.200 bicicletas el\u00e9ctricas, bicicletas de carga el\u00e9ctricas, scooters el\u00e9ctricos y triciclos el\u00e9ctricos, as\u00ed como casi 1.900 furgonetas el\u00e9ctricas, la Posta austriaca ya opera hoy la mayor flota el\u00e9ctrica del pa\u00eds. Para 2030, realizar\u00e1 entregas libres de emisiones de todos los paquetes, cartas, medios impresos y env\u00edos publicitarios en toda Austria. Desde febrero de 2022, solo se est\u00e1n adquiriendo veh\u00edculos el\u00e9ctricos para la entrega, y se espera que se sumen alrededor de 1.000 veh\u00edculos el\u00e9ctricos adicionales cada a\u00f1o.<\/p>\n<p>La Posta ya genera parte de la electricidad necesaria por s\u00ed misma: se han instalado 13 plantas fotovoltaicas en todo el pa\u00eds con una capacidad de aproximadamente 4,3 megavatios pico (MWp). Otros 4,5 MWp est\u00e1n en proceso de realizaci\u00f3n y se prev\u00e9 la expansi\u00f3n de otros 9 MWp. Esto incluye la planta fotovoltaica del centro log\u00edstico Tirol, que actualmente se est\u00e1 ampliando de 500 kilovatios pico (kWp) a casi 2,3 MWp. Solo se compra electricidad verde de Austria.<\/p>\n<p>Los veh\u00edculos el\u00e9ctricos de la Posta no solo han demostrado ser efectivos en el uso diario desde 2011, sino que tambi\u00e9n son ideales para la operaci\u00f3n de arranque y parada, y son muy populares entre los repartidores. El ciclo de vida de un veh\u00edculo el\u00e9ctrico es ya hoy m\u00e1s econ\u00f3mico para la Posta que el uso de un veh\u00edculo equivalente con motor de combusti\u00f3n, adem\u00e1s de tener un desgaste significativamente menor y costos de energ\u00eda m\u00e1s bajos.<\/p>\n<p>La Posta considera todo el ciclo de vida de los veh\u00edculos el\u00e9ctricos y sus bater\u00edas, y utiliza un monitoreo de bater\u00edas basado en software que incluye pron\u00f3sticos de desgaste. Con un enfoque en el uso de segunda vida de las bater\u00edas de veh\u00edculos usadas despu\u00e9s de una actualizaci\u00f3n, reparaci\u00f3n o reciclaje, estas tambi\u00e9n pueden ser utilizadas como almacenamiento de energ\u00eda estacionario.<\/p>\n<p>Foto: \u00a9 \u00d6sterreichische Post AG \/ <strong><em>Pie de foto:<\/em><\/strong><em> Uschi Schwarzl, concejala de medio ambiente, energ\u00eda y movilidad de Innsbruck, y Peter Umundum, director ejecutivo de Paquetes y Log\u00edstica de la Posta austriaca, en el pistoletazo de salida para el \u00abInnsbruck Verde\u00bb.<\/em><\/p>\n","protected":false},"excerpt":{"rendered":"<p>La Posta austriaca ya tiene m\u00e1s de 3.000 veh\u00edculos el\u00e9ctricos en operaci\u00f3n y quiere realizar entregas completamente libres de CO2 en todo el pa\u00eds para 2030.<span class=\"excerpt-hellip\"> [\u2026]<\/span><\/p>\n","protected":false},"author":0,"featured_media":8489,"comment_status":"open","ping_status":"open","sticky":false,"template":"","format":"standard","meta":{"_acf_changed":false,"footnotes":""},"categories":[1665,1557,1561],"tags":[],"class_list":["post-60613","post","type-post","status-publish","format-standard","has-post-thumbnail","hentry","category-categories","category-forwarding-logistics","category-regions"],"acf":[],"yoast_head":"<!-- This site is optimized with the Yoast SEO plugin v27.3 - https:\/\/yoast.com\/product\/yoast-seo-wordpress\/ -->\n<title>La Posta austriaca da el pistoletazo de salida para la entrega sin emisiones en Innsbruck - Loginfo24<\/title>\n<meta name=\"robots\" content=\"index, follow, max-snippet:-1, max-image-preview:large, max-video-preview:-1\" \/>\n<link rel=\"canonical\" href=\"https:\/\/loginfo24.com\/es\/2023\/02\/16\/la-posta-austriaca-da-el-pistoletazo-de-salida-para-la-entrega-sin-emisiones-en-innsbruck\/\" \/>\n<meta property=\"og:locale\" content=\"es_ES\" \/>\n<meta property=\"og:type\" content=\"article\" \/>\n<meta property=\"og:title\" content=\"La Posta austriaca da el pistoletazo de salida para la entrega sin emisiones en Innsbruck - Loginfo24\" \/>\n<meta property=\"og:description\" content=\"La Posta austriaca ya tiene m\u00e1s de 3.000 veh\u00edculos el\u00e9ctricos en operaci\u00f3n y quiere realizar entregas completamente libres de CO2 en todo el pa\u00eds para 2030. [\u2026]\" \/>\n<meta property=\"og:url\" content=\"https:\/\/loginfo24.com\/es\/2023\/02\/16\/la-posta-austriaca-da-el-pistoletazo-de-salida-para-la-entrega-sin-emisiones-en-innsbruck\/\" \/>\n<meta property=\"og:site_name\" content=\"Loginfo24\" \/>\n<meta property=\"article:publisher\" content=\"https:\/\/www.facebook.com\/people\/Loginfo24\/100057360583332\/\" \/>\n<meta property=\"article:published_time\" content=\"2023-02-16T15:55:53+00:00\" \/>\n<meta property=\"og:image\" content=\"https:\/\/loginfo24.com\/wp-content\/uploads\/sites\/7\/2025\/12\/Post_AT_16.02.2023.jpg\" \/>\n\t<meta property=\"og:image:width\" content=\"1131\" \/>\n\t<meta property=\"og:image:height\" content=\"766\" \/>\n\t<meta property=\"og:image:type\" content=\"image\/jpeg\" \/>\n<meta name=\"twitter:card\" content=\"summary_large_image\" \/>\n<meta name=\"twitter:label1\" content=\"Tiempo de lectura\" \/>\n\t<meta name=\"twitter:data1\" content=\"4 minuto\" \/>\n<script type=\"application\/ld+json\" class=\"yoast-schema-graph\">{\"@context\":\"https:\\\/\\\/schema.org\",\"@graph\":[{\"@type\":\"Article\",\"@id\":\"https:\\\/\\\/loginfo24.com\\\/es\\\/2023\\\/02\\\/16\\\/la-posta-austriaca-da-el-pistoletazo-de-salida-para-la-entrega-sin-emisiones-en-innsbruck\\\/#article\",\"isPartOf\":{\"@id\":\"https:\\\/\\\/loginfo24.com\\\/es\\\/2023\\\/02\\\/16\\\/la-posta-austriaca-da-el-pistoletazo-de-salida-para-la-entrega-sin-emisiones-en-innsbruck\\\/\"},\"author\":{\"name\":\"\",\"@id\":\"\"},\"headline\":\"La Posta austriaca da el pistoletazo de salida para la entrega sin emisiones en Innsbruck\",\"datePublished\":\"2023-02-16T15:55:53+00:00\",\"mainEntityOfPage\":{\"@id\":\"https:\\\/\\\/loginfo24.com\\\/es\\\/2023\\\/02\\\/16\\\/la-posta-austriaca-da-el-pistoletazo-de-salida-para-la-entrega-sin-emisiones-en-innsbruck\\\/\"},\"wordCount\":766,\"commentCount\":0,\"publisher\":{\"@id\":\"https:\\\/\\\/loginfo24.com\\\/es\\\/#organization\"},\"image\":{\"@id\":\"https:\\\/\\\/loginfo24.com\\\/es\\\/2023\\\/02\\\/16\\\/la-posta-austriaca-da-el-pistoletazo-de-salida-para-la-entrega-sin-emisiones-en-innsbruck\\\/#primaryimage\"},\"thumbnailUrl\":\"https:\\\/\\\/loginfo24.com\\\/wp-content\\\/uploads\\\/sites\\\/7\\\/2025\\\/12\\\/Post_AT_16.02.2023.jpg\",\"articleSection\":[\"Categories\",\"Forwarding &amp; Logistics\",\"Regions\"],\"inLanguage\":\"es\",\"potentialAction\":[{\"@type\":\"CommentAction\",\"name\":\"Comment\",\"target\":[\"https:\\\/\\\/loginfo24.com\\\/es\\\/2023\\\/02\\\/16\\\/la-posta-austriaca-da-el-pistoletazo-de-salida-para-la-entrega-sin-emisiones-en-innsbruck\\\/#respond\"]}]},{\"@type\":\"WebPage\",\"@id\":\"https:\\\/\\\/loginfo24.com\\\/es\\\/2023\\\/02\\\/16\\\/la-posta-austriaca-da-el-pistoletazo-de-salida-para-la-entrega-sin-emisiones-en-innsbruck\\\/\",\"url\":\"https:\\\/\\\/loginfo24.com\\\/es\\\/2023\\\/02\\\/16\\\/la-posta-austriaca-da-el-pistoletazo-de-salida-para-la-entrega-sin-emisiones-en-innsbruck\\\/\",\"name\":\"La Posta austriaca da el pistoletazo de salida para la entrega sin emisiones en Innsbruck - Loginfo24\",\"isPartOf\":{\"@id\":\"https:\\\/\\\/loginfo24.com\\\/es\\\/#website\"},\"primaryImageOfPage\":{\"@id\":\"https:\\\/\\\/loginfo24.com\\\/es\\\/2023\\\/02\\\/16\\\/la-posta-austriaca-da-el-pistoletazo-de-salida-para-la-entrega-sin-emisiones-en-innsbruck\\\/#primaryimage\"},\"image\":{\"@id\":\"https:\\\/\\\/loginfo24.com\\\/es\\\/2023\\\/02\\\/16\\\/la-posta-austriaca-da-el-pistoletazo-de-salida-para-la-entrega-sin-emisiones-en-innsbruck\\\/#primaryimage\"},\"thumbnailUrl\":\"https:\\\/\\\/loginfo24.com\\\/wp-content\\\/uploads\\\/sites\\\/7\\\/2025\\\/12\\\/Post_AT_16.02.2023.jpg\",\"datePublished\":\"2023-02-16T15:55:53+00:00\",\"breadcrumb\":{\"@id\":\"https:\\\/\\\/loginfo24.com\\\/es\\\/2023\\\/02\\\/16\\\/la-posta-austriaca-da-el-pistoletazo-de-salida-para-la-entrega-sin-emisiones-en-innsbruck\\\/#breadcrumb\"},\"inLanguage\":\"es\",\"potentialAction\":[{\"@type\":\"ReadAction\",\"target\":[\"https:\\\/\\\/loginfo24.com\\\/es\\\/2023\\\/02\\\/16\\\/la-posta-austriaca-da-el-pistoletazo-de-salida-para-la-entrega-sin-emisiones-en-innsbruck\\\/\"]}]},{\"@type\":\"ImageObject\",\"inLanguage\":\"es\",\"@id\":\"https:\\\/\\\/loginfo24.com\\\/es\\\/2023\\\/02\\\/16\\\/la-posta-austriaca-da-el-pistoletazo-de-salida-para-la-entrega-sin-emisiones-en-innsbruck\\\/#primaryimage\",\"url\":\"https:\\\/\\\/loginfo24.com\\\/wp-content\\\/uploads\\\/sites\\\/7\\\/2025\\\/12\\\/Post_AT_16.02.2023.jpg\",\"contentUrl\":\"https:\\\/\\\/loginfo24.com\\\/wp-content\\\/uploads\\\/sites\\\/7\\\/2025\\\/12\\\/Post_AT_16.02.2023.jpg\",\"width\":1131,\"height\":766},{\"@type\":\"BreadcrumbList\",\"@id\":\"https:\\\/\\\/loginfo24.com\\\/es\\\/2023\\\/02\\\/16\\\/la-posta-austriaca-da-el-pistoletazo-de-salida-para-la-entrega-sin-emisiones-en-innsbruck\\\/#breadcrumb\",\"itemListElement\":[{\"@type\":\"ListItem\",\"position\":1,\"name\":\"Startseite\",\"item\":\"https:\\\/\\\/loginfo24.com\\\/es\\\/\"},{\"@type\":\"ListItem\",\"position\":2,\"name\":\"La Posta austriaca da el pistoletazo de salida para la entrega sin emisiones en Innsbruck\"}]},{\"@type\":\"WebSite\",\"@id\":\"https:\\\/\\\/loginfo24.com\\\/es\\\/#website\",\"url\":\"https:\\\/\\\/loginfo24.com\\\/es\\\/\",\"name\":\"Loginfo24\",\"description\":\"Loginfo24 es la plataforma dedicada a la log\u00edstica y las cadenas de suministro con informaci\u00f3n las 24 horas del d\u00eda.\",\"publisher\":{\"@id\":\"https:\\\/\\\/loginfo24.com\\\/es\\\/#organization\"},\"potentialAction\":[{\"@type\":\"SearchAction\",\"target\":{\"@type\":\"EntryPoint\",\"urlTemplate\":\"https:\\\/\\\/loginfo24.com\\\/es\\\/?s={search_term_string}\"},\"query-input\":{\"@type\":\"PropertyValueSpecification\",\"valueRequired\":true,\"valueName\":\"search_term_string\"}}],\"inLanguage\":\"es\"},{\"@type\":\"Organization\",\"@id\":\"https:\\\/\\\/loginfo24.com\\\/es\\\/#organization\",\"name\":\"Grupo Logismedia AG\",\"url\":\"https:\\\/\\\/loginfo24.com\\\/es\\\/\",\"logo\":{\"@type\":\"ImageObject\",\"inLanguage\":\"es\",\"@id\":\"https:\\\/\\\/loginfo24.com\\\/es\\\/#\\\/schema\\\/logo\\\/image\\\/\",\"url\":\"https:\\\/\\\/loginfo24.com\\\/wp-content\\\/uploads\\\/sites\\\/7\\\/2026\\\/01\\\/Logo_LogInfo24.png\",\"contentUrl\":\"https:\\\/\\\/loginfo24.com\\\/wp-content\\\/uploads\\\/sites\\\/7\\\/2026\\\/01\\\/Logo_LogInfo24.png\",\"width\":938,\"height\":351,\"caption\":\"Grupo Logismedia AG\"},\"image\":{\"@id\":\"https:\\\/\\\/loginfo24.com\\\/es\\\/#\\\/schema\\\/logo\\\/image\\\/\"},\"sameAs\":[\"https:\\\/\\\/www.facebook.com\\\/people\\\/Loginfo24\\\/100057360583332\\\/\",\"https:\\\/\\\/www.linkedin.com\\\/company\\\/lofinfo24\\\/\"]}]}<\/script>\n<!-- \/ Yoast SEO plugin. -->","yoast_head_json":{"title":"La Posta austriaca da el pistoletazo de salida para la entrega sin emisiones en Innsbruck - Loginfo24","robots":{"index":"index","follow":"follow","max-snippet":"max-snippet:-1","max-image-preview":"max-image-preview:large","max-video-preview":"max-video-preview:-1"},"canonical":"https:\/\/loginfo24.com\/es\/2023\/02\/16\/la-posta-austriaca-da-el-pistoletazo-de-salida-para-la-entrega-sin-emisiones-en-innsbruck\/","og_locale":"es_ES","og_type":"article","og_title":"La Posta austriaca da el pistoletazo de salida para la entrega sin emisiones en Innsbruck - Loginfo24","og_description":"La Posta austriaca ya tiene m\u00e1s de 3.000 veh\u00edculos el\u00e9ctricos en operaci\u00f3n y quiere realizar entregas completamente libres de CO2 en todo el pa\u00eds para 2030. [\u2026]","og_url":"https:\/\/loginfo24.com\/es\/2023\/02\/16\/la-posta-austriaca-da-el-pistoletazo-de-salida-para-la-entrega-sin-emisiones-en-innsbruck\/","og_site_name":"Loginfo24","article_publisher":"https:\/\/www.facebook.com\/people\/Loginfo24\/100057360583332\/","article_published_time":"2023-02-16T15:55:53+00:00","og_image":[{"width":1131,"height":766,"url":"https:\/\/loginfo24.com\/wp-content\/uploads\/sites\/7\/2025\/12\/Post_AT_16.02.2023.jpg","type":"image\/jpeg"}],"twitter_card":"summary_large_image","twitter_misc":{"Tiempo de lectura":"4 minuto"},"schema":{"@context":"https:\/\/schema.org","@graph":[{"@type":"Article","@id":"https:\/\/loginfo24.com\/es\/2023\/02\/16\/la-posta-austriaca-da-el-pistoletazo-de-salida-para-la-entrega-sin-emisiones-en-innsbruck\/#article","isPartOf":{"@id":"https:\/\/loginfo24.com\/es\/2023\/02\/16\/la-posta-austriaca-da-el-pistoletazo-de-salida-para-la-entrega-sin-emisiones-en-innsbruck\/"},"author":{"name":"","@id":""},"headline":"La Posta austriaca da el pistoletazo de salida para la entrega sin emisiones en Innsbruck","datePublished":"2023-02-16T15:55:53+00:00","mainEntityOfPage":{"@id":"https:\/\/loginfo24.com\/es\/2023\/02\/16\/la-posta-austriaca-da-el-pistoletazo-de-salida-para-la-entrega-sin-emisiones-en-innsbruck\/"},"wordCount":766,"commentCount":0,"publisher":{"@id":"https:\/\/loginfo24.com\/es\/#organization"},"image":{"@id":"https:\/\/loginfo24.com\/es\/2023\/02\/16\/la-posta-austriaca-da-el-pistoletazo-de-salida-para-la-entrega-sin-emisiones-en-innsbruck\/#primaryimage"},"thumbnailUrl":"https:\/\/loginfo24.com\/wp-content\/uploads\/sites\/7\/2025\/12\/Post_AT_16.02.2023.jpg","articleSection":["Categories","Forwarding &amp; Logistics","Regions"],"inLanguage":"es","potentialAction":[{"@type":"CommentAction","name":"Comment","target":["https:\/\/loginfo24.com\/es\/2023\/02\/16\/la-posta-austriaca-da-el-pistoletazo-de-salida-para-la-entrega-sin-emisiones-en-innsbruck\/#respond"]}]},{"@type":"WebPage","@id":"https:\/\/loginfo24.com\/es\/2023\/02\/16\/la-posta-austriaca-da-el-pistoletazo-de-salida-para-la-entrega-sin-emisiones-en-innsbruck\/","url":"https:\/\/loginfo24.com\/es\/2023\/02\/16\/la-posta-austriaca-da-el-pistoletazo-de-salida-para-la-entrega-sin-emisiones-en-innsbruck\/","name":"La Posta austriaca da el pistoletazo de salida para la entrega sin emisiones en Innsbruck - Loginfo24","isPartOf":{"@id":"https:\/\/loginfo24.com\/es\/#website"},"primaryImageOfPage":{"@id":"https:\/\/loginfo24.com\/es\/2023\/02\/16\/la-posta-austriaca-da-el-pistoletazo-de-salida-para-la-entrega-sin-emisiones-en-innsbruck\/#primaryimage"},"image":{"@id":"https:\/\/loginfo24.com\/es\/2023\/02\/16\/la-posta-austriaca-da-el-pistoletazo-de-salida-para-la-entrega-sin-emisiones-en-innsbruck\/#primaryimage"},"thumbnailUrl":"https:\/\/loginfo24.com\/wp-content\/uploads\/sites\/7\/2025\/12\/Post_AT_16.02.2023.jpg","datePublished":"2023-02-16T15:55:53+00:00","breadcrumb":{"@id":"https:\/\/loginfo24.com\/es\/2023\/02\/16\/la-posta-austriaca-da-el-pistoletazo-de-salida-para-la-entrega-sin-emisiones-en-innsbruck\/#breadcrumb"},"inLanguage":"es","potentialAction":[{"@type":"ReadAction","target":["https:\/\/loginfo24.com\/es\/2023\/02\/16\/la-posta-austriaca-da-el-pistoletazo-de-salida-para-la-entrega-sin-emisiones-en-innsbruck\/"]}]},{"@type":"ImageObject","inLanguage":"es","@id":"https:\/\/loginfo24.com\/es\/2023\/02\/16\/la-posta-austriaca-da-el-pistoletazo-de-salida-para-la-entrega-sin-emisiones-en-innsbruck\/#primaryimage","url":"https:\/\/loginfo24.com\/wp-content\/uploads\/sites\/7\/2025\/12\/Post_AT_16.02.2023.jpg","contentUrl":"https:\/\/loginfo24.com\/wp-content\/uploads\/sites\/7\/2025\/12\/Post_AT_16.02.2023.jpg","width":1131,"height":766},{"@type":"BreadcrumbList","@id":"https:\/\/loginfo24.com\/es\/2023\/02\/16\/la-posta-austriaca-da-el-pistoletazo-de-salida-para-la-entrega-sin-emisiones-en-innsbruck\/#breadcrumb","itemListElement":[{"@type":"ListItem","position":1,"name":"Startseite","item":"https:\/\/loginfo24.com\/es\/"},{"@type":"ListItem","position":2,"name":"La Posta austriaca da el pistoletazo de salida para la entrega sin emisiones en Innsbruck"}]},{"@type":"WebSite","@id":"https:\/\/loginfo24.com\/es\/#website","url":"https:\/\/loginfo24.com\/es\/","name":"Loginfo24","description":"Loginfo24 es la plataforma dedicada a la log\u00edstica y las cadenas de suministro con informaci\u00f3n las 24 horas del d\u00eda.","publisher":{"@id":"https:\/\/loginfo24.com\/es\/#organization"},"potentialAction":[{"@type":"SearchAction","target":{"@type":"EntryPoint","urlTemplate":"https:\/\/loginfo24.com\/es\/?s={search_term_string}"},"query-input":{"@type":"PropertyValueSpecification","valueRequired":true,"valueName":"search_term_string"}}],"inLanguage":"es"},{"@type":"Organization","@id":"https:\/\/loginfo24.com\/es\/#organization","name":"Grupo Logismedia AG","url":"https:\/\/loginfo24.com\/es\/","logo":{"@type":"ImageObject","inLanguage":"es","@id":"https:\/\/loginfo24.com\/es\/#\/schema\/logo\/image\/","url":"https:\/\/loginfo24.com\/wp-content\/uploads\/sites\/7\/2026\/01\/Logo_LogInfo24.png","contentUrl":"https:\/\/loginfo24.com\/wp-content\/uploads\/sites\/7\/2026\/01\/Logo_LogInfo24.png","width":938,"height":351,"caption":"Grupo Logismedia AG"},"image":{"@id":"https:\/\/loginfo24.com\/es\/#\/schema\/logo\/image\/"},"sameAs":["https:\/\/www.facebook.com\/people\/Loginfo24\/100057360583332\/","https:\/\/www.linkedin.com\/company\/lofinfo24\/"]}]}},"_links":{"self":[{"href":"https:\/\/loginfo24.com\/es\/wp-json\/wp\/v2\/posts\/60613","targetHints":{"allow":["GET"]}}],"collection":[{"href":"https:\/\/loginfo24.com\/es\/wp-json\/wp\/v2\/posts"}],"about":[{"href":"https:\/\/loginfo24.com\/es\/wp-json\/wp\/v2\/types\/post"}],"replies":[{"embeddable":true,"href":"https:\/\/loginfo24.com\/es\/wp-json\/wp\/v2\/comments?post=60613"}],"version-history":[{"count":0,"href":"https:\/\/loginfo24.com\/es\/wp-json\/wp\/v2\/posts\/60613\/revisions"}],"wp:featuredmedia":[{"embeddable":true,"href":"https:\/\/loginfo24.com\/es\/wp-json\/wp\/v2\/media\/8489"}],"wp:attachment":[{"href":"https:\/\/loginfo24.com\/es\/wp-json\/wp\/v2\/media?parent=60613"}],"wp:term":[{"taxonomy":"category","embeddable":true,"href":"https:\/\/loginfo24.com\/es\/wp-json\/wp\/v2\/categories?post=60613"},{"taxonomy":"post_tag","embeddable":true,"href":"https:\/\/loginfo24.com\/es\/wp-json\/wp\/v2\/tags?post=60613"}],"curies":[{"name":"wp","href":"https:\/\/api.w.org\/{rel}","templated":true}]}}