{"id":59921,"date":"2022-12-13T18:50:28","date_gmt":"2022-12-13T17:50:28","guid":{"rendered":"https:\/\/blog.brand-architecture.at\/2022\/12\/13\/inauguracion-solemne-del-instituto-lamarr-de-aprendizaje-automatico-e-ia\/"},"modified":"2022-12-13T18:50:28","modified_gmt":"2022-12-13T17:50:28","slug":"inauguracion-solemne-del-instituto-lamarr-de-aprendizaje-automatico-e-ia","status":"publish","type":"post","link":"https:\/\/loginfo24.com\/es\/2022\/12\/13\/inauguracion-solemne-del-instituto-lamarr-de-aprendizaje-automatico-e-ia\/","title":{"rendered":"Inauguraci\u00f3n solemne del Instituto Lamarr de Aprendizaje Autom\u00e1tico e IA"},"content":{"rendered":"<h5><strong>En presencia del Primer Ministro de NRW, Hendrik W\u00fcst MdL, y de la Ministra de Ciencia de NRW, Ina Brandes, as\u00ed como de destacados actores de la econom\u00eda y la ciencia, el Instituto Lamarr de Aprendizaje Autom\u00e1tico e Inteligencia Artificial fue inaugurado solemnemente el 29 de septiembre de 2022. Este nuevo instituto de investigaci\u00f3n de \u00e9lite est\u00e1 configurando una nueva generaci\u00f3n de Inteligencia Artificial (IA) que es potente, sostenible, confiable y segura, contribuyendo a resolver desaf\u00edos centrales en la econom\u00eda y la sociedad. El Instituto Lamarr es uno de cinco centros de competencia en IA a nivel universitario en todo el pa\u00eds, que han sido financiados de forma permanente desde el verano como parte de la estrategia de IA del gobierno federal.<\/strong><\/h5>\n<p>(Sankt Augustin) El Primer Ministro Hendrik W\u00fcst MdL: \u00bbRenania del Norte-Westfalia debe convertirse en un centro de investigaci\u00f3n en IA. Con el Instituto Lamarr, estamos un paso m\u00e1s cerca de este objetivo: aqu\u00ed se trabaja en respuestas a preguntas sobre la movilidad del ma\u00f1ana, en procesos de producci\u00f3n innovadores o en el suministro de energ\u00eda inteligente.\u00ab El Primer Ministro a\u00f1adi\u00f3: \u00bbNinguna generaci\u00f3n antes que nosotros ha podido acceder a tanto conocimiento y experiencia como nosotros hoy. Y por eso tenemos todas las oportunidades de encontrar buenas soluciones para las preguntas de nuestro tiempo. Especialmente la Inteligencia Artificial crea nuevas posibilidades aqu\u00ed.\u00ab Desde Renania del Norte-Westfalia, con sedes en Dortmund, Bonn y Sankt Augustin, cient\u00edficos de renombre internacional llevan a cabo investigaci\u00f3n de vanguardia en IA para Alemania, Europa y el mundo. Para ello, el gobierno federal y el estado de Renania del Norte-Westfalia proporcionan conjuntamente alrededor de 126 millones de euros hasta 2028.<\/p>\n<p>Los investigadores presentaron su misi\u00f3n y resultados pr\u00e1cticos de su investigaci\u00f3n al p\u00fablico en la inauguraci\u00f3n del Instituto Lamarr a finales de septiembre en el Castillo de Birlinghoven en Sankt Augustin. Judith Pirscher, secretaria de estado en el Ministerio Federal de Educaci\u00f3n e Investigaci\u00f3n BMBF, enfatiz\u00f3: \u00bbEstoy muy contenta de que hoy podamos celebrar un verdadero hito para la investigaci\u00f3n en IA en Alemania. La situaci\u00f3n actual ha demostrado a qu\u00e9 pueden llevar las dependencias de otros, por lo que nuestro objetivo es la soberan\u00eda tecnol\u00f3gica en IA. Y para ello necesitamos sobre todo expertas y expertos como ustedes.\u00ab<\/p>\n<h5><strong>Asegurar la soberan\u00eda tecnol\u00f3gica \u2013 de manera sostenible, confiable y potente<\/strong><\/h5>\n<p>El objetivo de los investigadores del Instituto Lamarr es establecer nuevos est\u00e1ndares en la investigaci\u00f3n y desarrollo de IA extremadamente potente y al mismo tiempo confiable y sostenible. \u00bbUn enfoque que distingue al Instituto Lamarr es el aprendizaje que preserva los recursos. Estamos trabajando en adaptar modelos aprendidos para arquitecturas de computadoras que ahorran energ\u00eda y desarrollamos m\u00e9todos cuyos modelos requieren muy poca energ\u00eda. Esto requiere, por un lado, profundizar en las subdisciplinas del aprendizaje autom\u00e1tico y, por otro lado, colaboraci\u00f3n interdisciplinaria. Por eso ya tenemos a bordo a numerosos colegas de renombre internacional y otros se unir\u00e1n\u00ab, explic\u00f3 la Prof. Dra. Katharina Morik, una de las cuatro co-directoras del Instituto Lamarr.<\/p>\n<p>El Instituto Lamarr es respaldado por instituciones pioneras en el campo de la Inteligencia Artificial: la TU Dortmund, el Instituto Fraunhofer para Sistemas de An\u00e1lisis e Informaci\u00f3n Inteligente IAIS, la Universidad de Bonn y el Instituto Fraunhofer para Flujo de Materiales y Log\u00edstica IML. La financiaci\u00f3n permanente permite la ocupaci\u00f3n de hasta once nuevas c\u00e1tedras de IA en las dos universidades asociadas y beneficia a 32 c\u00e1tedras ya existentes que se integrar\u00e1n en el nuevo Instituto Lamarr como \u00bbInvestigadores Principales\u00ab con su investigaci\u00f3n. La investigaci\u00f3n de m\u00e1s de 40 c\u00e1tedras de IA ya est\u00e1 siendo apoyada por m\u00e1s de 100 investigadores cient\u00edficos en 2023, quienes adquirir\u00e1n t\u00edtulos acad\u00e9micos y conocimientos especializados en el marco del Instituto Lamarr.<\/p>\n<h5><strong>Excelencia cient\u00edfica, formaci\u00f3n s\u00f3lida y aplicaciones de IA confiables para empresas<\/strong><\/h5>\n<p>La formaci\u00f3n de la pr\u00f3xima generaci\u00f3n de expertos en IA ocupa un lugar central en el Instituto Lamarr \u2013 desde la transmisi\u00f3n de los primeros conocimientos de IA en la escuela, pasando por la formaci\u00f3n cient\u00edfica en las dos universidades asociadas, hasta la formaci\u00f3n continua de profesionales en empresas a trav\u00e9s de los institutos Fraunhofer involucrados. Nombrado en honor a la inventora austriaca-estadounidense Hedy Lamarr, conocida por su trabajo pionero en los precursores de Bluetooth y WLAN, para el nuevo instituto tambi\u00e9n es fundamental la aplicaci\u00f3n pr\u00e1ctica: \u00bbAdem\u00e1s de la investigaci\u00f3n y la formaci\u00f3n s\u00f3lida de la nueva generaci\u00f3n cient\u00edfica, la transferencia a la industria en forma de conocimiento, experiencia y aplicaciones \u00e9ticamente responsables es de gran importancia para nuestro trabajo. Ya se est\u00e1n utilizando nuestros m\u00e9todos de aprendizaje autom\u00e1tico en m\u00e1s de 50 hospitales para la codificaci\u00f3n de diagn\u00f3sticos, ayudan a robots de alta velocidad en log\u00edstica o son parte de un software de an\u00e1lisis de IA l\u00edder a nivel mundial\u00ab, dijo el co-director Prof. Dr. Stefan Wrobel.<\/p>\n<p>La Ministra de Ciencia de NRW, Ina Brandes, a\u00f1adi\u00f3: \u00bbLa sostenibilidad y la \u00e9tica en la IA son temas centrales del nuevo instituto. Son decisivos para que las personas puedan confiar en la IA en su vida cotidiana. Estamos experimentando un desarrollo acelerado en todas las \u00e1reas de la vida a trav\u00e9s del uso de IA. En este sentido, queremos asegurarnos de que no solo ciertos modelos de negocio se beneficien de la IA, sino que tambi\u00e9n se cumplan altos est\u00e1ndares \u00e9ticos y de sostenibilidad.\u00ab<\/p>\n<p>El Instituto Lamarr surge del anterior Centro de Competencia en Aprendizaje Autom\u00e1tico Rhein-Ruhr (ML2R) y est\u00e1 dirigido por la Prof. Dr. Katharina Morik, el Prof. Dr. Stefan Wrobel, el Prof. Dr. Christian Bauckhage y el Prof. Dr. Dr. h. c. Michael ten Hompel.<\/p>\n<p>Foto: \u00a9 Fraunhofer IAIS\/Dirk Baumbach \/ <strong><em>Pie de foto:<\/em><\/strong><em> En la inauguraci\u00f3n solemne del Instituto Lamarr se reunieron destacados actores de la pol\u00edtica, la econom\u00eda y la ciencia. Entre ellos (de izq. a der.) el Prof. Dr. Dr. h. c. Michael Hoch, el Dr. Raoul Klingner, el Prof. Dr. Manfred Bayer, la Ministra de Ciencia de NRW, Ina Brandes, el Primer Ministro de NRW, Hendrik W\u00fcst MdL, el Prof. Dr. Stefan Wrobel, el Prof. Dr. Christian Bauckhage y el Prof. Dr. Dr. h. c. Michael ten Hompel.<\/em><\/p>\n","protected":false},"excerpt":{"rendered":"<p>En presencia del Primer Ministro de NRW, Hendrik W\u00fcst MdL, y de la Ministra de Ciencia de NRW, Ina Brandes, as\u00ed como de destacados actores de<span class=\"excerpt-hellip\"> [\u2026]<\/span><\/p>\n","protected":false},"author":0,"featured_media":8796,"comment_status":"open","ping_status":"open","sticky":false,"template":"","format":"standard","meta":{"_acf_changed":false,"footnotes":""},"categories":[1665,1557,1561],"tags":[],"class_list":["post-59921","post","type-post","status-publish","format-standard","has-post-thumbnail","hentry","category-categories","category-forwarding-logistics","category-regions"],"acf":[],"yoast_head":"<!-- This site is optimized with the Yoast SEO plugin v27.3 - https:\/\/yoast.com\/product\/yoast-seo-wordpress\/ -->\n<title>Inauguraci\u00f3n solemne del Instituto Lamarr de Aprendizaje Autom\u00e1tico e IA - Loginfo24<\/title>\n<meta name=\"robots\" content=\"index, follow, max-snippet:-1, max-image-preview:large, max-video-preview:-1\" \/>\n<link rel=\"canonical\" href=\"https:\/\/loginfo24.com\/es\/2022\/12\/13\/inauguracion-solemne-del-instituto-lamarr-de-aprendizaje-automatico-e-ia\/\" \/>\n<meta property=\"og:locale\" content=\"es_ES\" \/>\n<meta property=\"og:type\" content=\"article\" \/>\n<meta property=\"og:title\" content=\"Inauguraci\u00f3n solemne del Instituto Lamarr de Aprendizaje Autom\u00e1tico e IA - Loginfo24\" \/>\n<meta property=\"og:description\" content=\"En presencia del Primer Ministro de NRW, Hendrik W\u00fcst MdL, y de la Ministra de Ciencia de NRW, Ina Brandes, as\u00ed como de destacados actores de [\u2026]\" \/>\n<meta property=\"og:url\" content=\"https:\/\/loginfo24.com\/es\/2022\/12\/13\/inauguracion-solemne-del-instituto-lamarr-de-aprendizaje-automatico-e-ia\/\" \/>\n<meta property=\"og:site_name\" content=\"Loginfo24\" \/>\n<meta property=\"article:publisher\" content=\"https:\/\/www.facebook.com\/people\/Loginfo24\/100057360583332\/\" \/>\n<meta property=\"article:published_time\" content=\"2022-12-13T17:50:28+00:00\" \/>\n<meta property=\"og:image\" content=\"https:\/\/loginfo24.com\/wp-content\/uploads\/sites\/7\/2025\/12\/Fraunhofer_13.12.2022.jpg\" \/>\n\t<meta property=\"og:image:width\" content=\"717\" \/>\n\t<meta property=\"og:image:height\" content=\"449\" \/>\n\t<meta property=\"og:image:type\" content=\"image\/jpeg\" \/>\n<meta name=\"twitter:card\" content=\"summary_large_image\" \/>\n<meta name=\"twitter:label1\" content=\"Tiempo de lectura\" \/>\n\t<meta name=\"twitter:data1\" content=\"5 minuto\" \/>\n<script type=\"application\/ld+json\" class=\"yoast-schema-graph\">{\"@context\":\"https:\\\/\\\/schema.org\",\"@graph\":[{\"@type\":\"Article\",\"@id\":\"https:\\\/\\\/loginfo24.com\\\/es\\\/2022\\\/12\\\/13\\\/inauguracion-solemne-del-instituto-lamarr-de-aprendizaje-automatico-e-ia\\\/#article\",\"isPartOf\":{\"@id\":\"https:\\\/\\\/loginfo24.com\\\/es\\\/2022\\\/12\\\/13\\\/inauguracion-solemne-del-instituto-lamarr-de-aprendizaje-automatico-e-ia\\\/\"},\"author\":{\"name\":\"\",\"@id\":\"\"},\"headline\":\"Inauguraci\u00f3n solemne del Instituto Lamarr de Aprendizaje Autom\u00e1tico e IA\",\"datePublished\":\"2022-12-13T17:50:28+00:00\",\"mainEntityOfPage\":{\"@id\":\"https:\\\/\\\/loginfo24.com\\\/es\\\/2022\\\/12\\\/13\\\/inauguracion-solemne-del-instituto-lamarr-de-aprendizaje-automatico-e-ia\\\/\"},\"wordCount\":1104,\"commentCount\":0,\"publisher\":{\"@id\":\"https:\\\/\\\/loginfo24.com\\\/es\\\/#organization\"},\"image\":{\"@id\":\"https:\\\/\\\/loginfo24.com\\\/es\\\/2022\\\/12\\\/13\\\/inauguracion-solemne-del-instituto-lamarr-de-aprendizaje-automatico-e-ia\\\/#primaryimage\"},\"thumbnailUrl\":\"https:\\\/\\\/loginfo24.com\\\/wp-content\\\/uploads\\\/sites\\\/7\\\/2025\\\/12\\\/Fraunhofer_13.12.2022.jpg\",\"articleSection\":[\"Categories\",\"Forwarding &amp; Logistics\",\"Regions\"],\"inLanguage\":\"es\",\"potentialAction\":[{\"@type\":\"CommentAction\",\"name\":\"Comment\",\"target\":[\"https:\\\/\\\/loginfo24.com\\\/es\\\/2022\\\/12\\\/13\\\/inauguracion-solemne-del-instituto-lamarr-de-aprendizaje-automatico-e-ia\\\/#respond\"]}]},{\"@type\":\"WebPage\",\"@id\":\"https:\\\/\\\/loginfo24.com\\\/es\\\/2022\\\/12\\\/13\\\/inauguracion-solemne-del-instituto-lamarr-de-aprendizaje-automatico-e-ia\\\/\",\"url\":\"https:\\\/\\\/loginfo24.com\\\/es\\\/2022\\\/12\\\/13\\\/inauguracion-solemne-del-instituto-lamarr-de-aprendizaje-automatico-e-ia\\\/\",\"name\":\"Inauguraci\u00f3n solemne del Instituto Lamarr de Aprendizaje Autom\u00e1tico e IA - Loginfo24\",\"isPartOf\":{\"@id\":\"https:\\\/\\\/loginfo24.com\\\/es\\\/#website\"},\"primaryImageOfPage\":{\"@id\":\"https:\\\/\\\/loginfo24.com\\\/es\\\/2022\\\/12\\\/13\\\/inauguracion-solemne-del-instituto-lamarr-de-aprendizaje-automatico-e-ia\\\/#primaryimage\"},\"image\":{\"@id\":\"https:\\\/\\\/loginfo24.com\\\/es\\\/2022\\\/12\\\/13\\\/inauguracion-solemne-del-instituto-lamarr-de-aprendizaje-automatico-e-ia\\\/#primaryimage\"},\"thumbnailUrl\":\"https:\\\/\\\/loginfo24.com\\\/wp-content\\\/uploads\\\/sites\\\/7\\\/2025\\\/12\\\/Fraunhofer_13.12.2022.jpg\",\"datePublished\":\"2022-12-13T17:50:28+00:00\",\"breadcrumb\":{\"@id\":\"https:\\\/\\\/loginfo24.com\\\/es\\\/2022\\\/12\\\/13\\\/inauguracion-solemne-del-instituto-lamarr-de-aprendizaje-automatico-e-ia\\\/#breadcrumb\"},\"inLanguage\":\"es\",\"potentialAction\":[{\"@type\":\"ReadAction\",\"target\":[\"https:\\\/\\\/loginfo24.com\\\/es\\\/2022\\\/12\\\/13\\\/inauguracion-solemne-del-instituto-lamarr-de-aprendizaje-automatico-e-ia\\\/\"]}]},{\"@type\":\"ImageObject\",\"inLanguage\":\"es\",\"@id\":\"https:\\\/\\\/loginfo24.com\\\/es\\\/2022\\\/12\\\/13\\\/inauguracion-solemne-del-instituto-lamarr-de-aprendizaje-automatico-e-ia\\\/#primaryimage\",\"url\":\"https:\\\/\\\/loginfo24.com\\\/wp-content\\\/uploads\\\/sites\\\/7\\\/2025\\\/12\\\/Fraunhofer_13.12.2022.jpg\",\"contentUrl\":\"https:\\\/\\\/loginfo24.com\\\/wp-content\\\/uploads\\\/sites\\\/7\\\/2025\\\/12\\\/Fraunhofer_13.12.2022.jpg\",\"width\":717,\"height\":449},{\"@type\":\"BreadcrumbList\",\"@id\":\"https:\\\/\\\/loginfo24.com\\\/es\\\/2022\\\/12\\\/13\\\/inauguracion-solemne-del-instituto-lamarr-de-aprendizaje-automatico-e-ia\\\/#breadcrumb\",\"itemListElement\":[{\"@type\":\"ListItem\",\"position\":1,\"name\":\"Startseite\",\"item\":\"https:\\\/\\\/loginfo24.com\\\/es\\\/\"},{\"@type\":\"ListItem\",\"position\":2,\"name\":\"Inauguraci\u00f3n solemne del Instituto Lamarr de Aprendizaje Autom\u00e1tico e IA\"}]},{\"@type\":\"WebSite\",\"@id\":\"https:\\\/\\\/loginfo24.com\\\/es\\\/#website\",\"url\":\"https:\\\/\\\/loginfo24.com\\\/es\\\/\",\"name\":\"Loginfo24\",\"description\":\"Loginfo24 es la plataforma dedicada a la log\u00edstica y las cadenas de suministro con informaci\u00f3n las 24 horas del d\u00eda.\",\"publisher\":{\"@id\":\"https:\\\/\\\/loginfo24.com\\\/es\\\/#organization\"},\"potentialAction\":[{\"@type\":\"SearchAction\",\"target\":{\"@type\":\"EntryPoint\",\"urlTemplate\":\"https:\\\/\\\/loginfo24.com\\\/es\\\/?s={search_term_string}\"},\"query-input\":{\"@type\":\"PropertyValueSpecification\",\"valueRequired\":true,\"valueName\":\"search_term_string\"}}],\"inLanguage\":\"es\"},{\"@type\":\"Organization\",\"@id\":\"https:\\\/\\\/loginfo24.com\\\/es\\\/#organization\",\"name\":\"Grupo Logismedia AG\",\"url\":\"https:\\\/\\\/loginfo24.com\\\/es\\\/\",\"logo\":{\"@type\":\"ImageObject\",\"inLanguage\":\"es\",\"@id\":\"https:\\\/\\\/loginfo24.com\\\/es\\\/#\\\/schema\\\/logo\\\/image\\\/\",\"url\":\"https:\\\/\\\/loginfo24.com\\\/wp-content\\\/uploads\\\/sites\\\/7\\\/2026\\\/01\\\/Logo_LogInfo24.png\",\"contentUrl\":\"https:\\\/\\\/loginfo24.com\\\/wp-content\\\/uploads\\\/sites\\\/7\\\/2026\\\/01\\\/Logo_LogInfo24.png\",\"width\":938,\"height\":351,\"caption\":\"Grupo Logismedia AG\"},\"image\":{\"@id\":\"https:\\\/\\\/loginfo24.com\\\/es\\\/#\\\/schema\\\/logo\\\/image\\\/\"},\"sameAs\":[\"https:\\\/\\\/www.facebook.com\\\/people\\\/Loginfo24\\\/100057360583332\\\/\",\"https:\\\/\\\/www.linkedin.com\\\/company\\\/lofinfo24\\\/\"]}]}<\/script>\n<!-- \/ Yoast SEO plugin. -->","yoast_head_json":{"title":"Inauguraci\u00f3n solemne del Instituto Lamarr de Aprendizaje Autom\u00e1tico e IA - Loginfo24","robots":{"index":"index","follow":"follow","max-snippet":"max-snippet:-1","max-image-preview":"max-image-preview:large","max-video-preview":"max-video-preview:-1"},"canonical":"https:\/\/loginfo24.com\/es\/2022\/12\/13\/inauguracion-solemne-del-instituto-lamarr-de-aprendizaje-automatico-e-ia\/","og_locale":"es_ES","og_type":"article","og_title":"Inauguraci\u00f3n solemne del Instituto Lamarr de Aprendizaje Autom\u00e1tico e IA - Loginfo24","og_description":"En presencia del Primer Ministro de NRW, Hendrik W\u00fcst MdL, y de la Ministra de Ciencia de NRW, Ina Brandes, as\u00ed como de destacados actores de [\u2026]","og_url":"https:\/\/loginfo24.com\/es\/2022\/12\/13\/inauguracion-solemne-del-instituto-lamarr-de-aprendizaje-automatico-e-ia\/","og_site_name":"Loginfo24","article_publisher":"https:\/\/www.facebook.com\/people\/Loginfo24\/100057360583332\/","article_published_time":"2022-12-13T17:50:28+00:00","og_image":[{"width":717,"height":449,"url":"https:\/\/loginfo24.com\/wp-content\/uploads\/sites\/7\/2025\/12\/Fraunhofer_13.12.2022.jpg","type":"image\/jpeg"}],"twitter_card":"summary_large_image","twitter_misc":{"Tiempo de lectura":"5 minuto"},"schema":{"@context":"https:\/\/schema.org","@graph":[{"@type":"Article","@id":"https:\/\/loginfo24.com\/es\/2022\/12\/13\/inauguracion-solemne-del-instituto-lamarr-de-aprendizaje-automatico-e-ia\/#article","isPartOf":{"@id":"https:\/\/loginfo24.com\/es\/2022\/12\/13\/inauguracion-solemne-del-instituto-lamarr-de-aprendizaje-automatico-e-ia\/"},"author":{"name":"","@id":""},"headline":"Inauguraci\u00f3n solemne del Instituto Lamarr de Aprendizaje Autom\u00e1tico e IA","datePublished":"2022-12-13T17:50:28+00:00","mainEntityOfPage":{"@id":"https:\/\/loginfo24.com\/es\/2022\/12\/13\/inauguracion-solemne-del-instituto-lamarr-de-aprendizaje-automatico-e-ia\/"},"wordCount":1104,"commentCount":0,"publisher":{"@id":"https:\/\/loginfo24.com\/es\/#organization"},"image":{"@id":"https:\/\/loginfo24.com\/es\/2022\/12\/13\/inauguracion-solemne-del-instituto-lamarr-de-aprendizaje-automatico-e-ia\/#primaryimage"},"thumbnailUrl":"https:\/\/loginfo24.com\/wp-content\/uploads\/sites\/7\/2025\/12\/Fraunhofer_13.12.2022.jpg","articleSection":["Categories","Forwarding &amp; Logistics","Regions"],"inLanguage":"es","potentialAction":[{"@type":"CommentAction","name":"Comment","target":["https:\/\/loginfo24.com\/es\/2022\/12\/13\/inauguracion-solemne-del-instituto-lamarr-de-aprendizaje-automatico-e-ia\/#respond"]}]},{"@type":"WebPage","@id":"https:\/\/loginfo24.com\/es\/2022\/12\/13\/inauguracion-solemne-del-instituto-lamarr-de-aprendizaje-automatico-e-ia\/","url":"https:\/\/loginfo24.com\/es\/2022\/12\/13\/inauguracion-solemne-del-instituto-lamarr-de-aprendizaje-automatico-e-ia\/","name":"Inauguraci\u00f3n solemne del Instituto Lamarr de Aprendizaje Autom\u00e1tico e IA - Loginfo24","isPartOf":{"@id":"https:\/\/loginfo24.com\/es\/#website"},"primaryImageOfPage":{"@id":"https:\/\/loginfo24.com\/es\/2022\/12\/13\/inauguracion-solemne-del-instituto-lamarr-de-aprendizaje-automatico-e-ia\/#primaryimage"},"image":{"@id":"https:\/\/loginfo24.com\/es\/2022\/12\/13\/inauguracion-solemne-del-instituto-lamarr-de-aprendizaje-automatico-e-ia\/#primaryimage"},"thumbnailUrl":"https:\/\/loginfo24.com\/wp-content\/uploads\/sites\/7\/2025\/12\/Fraunhofer_13.12.2022.jpg","datePublished":"2022-12-13T17:50:28+00:00","breadcrumb":{"@id":"https:\/\/loginfo24.com\/es\/2022\/12\/13\/inauguracion-solemne-del-instituto-lamarr-de-aprendizaje-automatico-e-ia\/#breadcrumb"},"inLanguage":"es","potentialAction":[{"@type":"ReadAction","target":["https:\/\/loginfo24.com\/es\/2022\/12\/13\/inauguracion-solemne-del-instituto-lamarr-de-aprendizaje-automatico-e-ia\/"]}]},{"@type":"ImageObject","inLanguage":"es","@id":"https:\/\/loginfo24.com\/es\/2022\/12\/13\/inauguracion-solemne-del-instituto-lamarr-de-aprendizaje-automatico-e-ia\/#primaryimage","url":"https:\/\/loginfo24.com\/wp-content\/uploads\/sites\/7\/2025\/12\/Fraunhofer_13.12.2022.jpg","contentUrl":"https:\/\/loginfo24.com\/wp-content\/uploads\/sites\/7\/2025\/12\/Fraunhofer_13.12.2022.jpg","width":717,"height":449},{"@type":"BreadcrumbList","@id":"https:\/\/loginfo24.com\/es\/2022\/12\/13\/inauguracion-solemne-del-instituto-lamarr-de-aprendizaje-automatico-e-ia\/#breadcrumb","itemListElement":[{"@type":"ListItem","position":1,"name":"Startseite","item":"https:\/\/loginfo24.com\/es\/"},{"@type":"ListItem","position":2,"name":"Inauguraci\u00f3n solemne del Instituto Lamarr de Aprendizaje Autom\u00e1tico e IA"}]},{"@type":"WebSite","@id":"https:\/\/loginfo24.com\/es\/#website","url":"https:\/\/loginfo24.com\/es\/","name":"Loginfo24","description":"Loginfo24 es la plataforma dedicada a la log\u00edstica y las cadenas de suministro con informaci\u00f3n las 24 horas del d\u00eda.","publisher":{"@id":"https:\/\/loginfo24.com\/es\/#organization"},"potentialAction":[{"@type":"SearchAction","target":{"@type":"EntryPoint","urlTemplate":"https:\/\/loginfo24.com\/es\/?s={search_term_string}"},"query-input":{"@type":"PropertyValueSpecification","valueRequired":true,"valueName":"search_term_string"}}],"inLanguage":"es"},{"@type":"Organization","@id":"https:\/\/loginfo24.com\/es\/#organization","name":"Grupo Logismedia AG","url":"https:\/\/loginfo24.com\/es\/","logo":{"@type":"ImageObject","inLanguage":"es","@id":"https:\/\/loginfo24.com\/es\/#\/schema\/logo\/image\/","url":"https:\/\/loginfo24.com\/wp-content\/uploads\/sites\/7\/2026\/01\/Logo_LogInfo24.png","contentUrl":"https:\/\/loginfo24.com\/wp-content\/uploads\/sites\/7\/2026\/01\/Logo_LogInfo24.png","width":938,"height":351,"caption":"Grupo Logismedia AG"},"image":{"@id":"https:\/\/loginfo24.com\/es\/#\/schema\/logo\/image\/"},"sameAs":["https:\/\/www.facebook.com\/people\/Loginfo24\/100057360583332\/","https:\/\/www.linkedin.com\/company\/lofinfo24\/"]}]}},"_links":{"self":[{"href":"https:\/\/loginfo24.com\/es\/wp-json\/wp\/v2\/posts\/59921","targetHints":{"allow":["GET"]}}],"collection":[{"href":"https:\/\/loginfo24.com\/es\/wp-json\/wp\/v2\/posts"}],"about":[{"href":"https:\/\/loginfo24.com\/es\/wp-json\/wp\/v2\/types\/post"}],"replies":[{"embeddable":true,"href":"https:\/\/loginfo24.com\/es\/wp-json\/wp\/v2\/comments?post=59921"}],"version-history":[{"count":0,"href":"https:\/\/loginfo24.com\/es\/wp-json\/wp\/v2\/posts\/59921\/revisions"}],"wp:featuredmedia":[{"embeddable":true,"href":"https:\/\/loginfo24.com\/es\/wp-json\/wp\/v2\/media\/8796"}],"wp:attachment":[{"href":"https:\/\/loginfo24.com\/es\/wp-json\/wp\/v2\/media?parent=59921"}],"wp:term":[{"taxonomy":"category","embeddable":true,"href":"https:\/\/loginfo24.com\/es\/wp-json\/wp\/v2\/categories?post=59921"},{"taxonomy":"post_tag","embeddable":true,"href":"https:\/\/loginfo24.com\/es\/wp-json\/wp\/v2\/tags?post=59921"}],"curies":[{"name":"wp","href":"https:\/\/api.w.org\/{rel}","templated":true}]}}