{"id":59478,"date":"2022-11-20T18:20:26","date_gmt":"2022-11-20T17:20:26","guid":{"rendered":"https:\/\/blog.brand-architecture.at\/2022\/11\/20\/gebruder-weiss-amplia-su-centro-logistico-en-tiflis\/"},"modified":"2022-11-20T18:20:26","modified_gmt":"2022-11-20T17:20:26","slug":"gebruder-weiss-amplia-su-centro-logistico-en-tiflis","status":"publish","type":"post","link":"https:\/\/loginfo24.com\/es\/2022\/11\/20\/gebruder-weiss-amplia-su-centro-logistico-en-tiflis\/","title":{"rendered":"Gebr\u00fcder Weiss ampl\u00eda su centro log\u00edstico en Tiflis"},"content":{"rendered":"<h5><strong>Diez a\u00f1os despu\u00e9s de su entrada en el mercado en Georgia, Gebr\u00fcder Weiss hace un balance positivo: La ubicaci\u00f3n en Tiflis se ha establecido no solo como un centro clave para el transporte de mercanc\u00edas entre Europa y Asia Central, sino que se est\u00e1 volviendo cada vez m\u00e1s importante como un centro log\u00edstico. Esto se debe a que la industria y el sector de servicios en la regi\u00f3n del C\u00e1ucaso est\u00e1n creciendo, lo que aumenta a\u00fan m\u00e1s la importaci\u00f3n y exportaci\u00f3n de mercanc\u00edas. El producto interno bruto per c\u00e1pita aument\u00f3 aproximadamente un 17 por ciento de 2020 a 2021 despu\u00e9s del a\u00f1o pand\u00e9mico.<\/strong><\/h5>\n<p>(Tiflis \/ Lauterach) En el transporte terrestre, Gebr\u00fcder Weiss ha movido casi 75,000 env\u00edos con un peso total de 311,000 toneladas en Georgia en los \u00faltimos cinco a\u00f1os, con una tendencia en aumento. Este desarrollo se ve favorecido por la creciente importancia del Corredor Medio como ruta alternativa a las conexiones de transporte del norte a trav\u00e9s de Rusia. Gebr\u00fcder Weiss tambi\u00e9n anunci\u00f3 en julio que ampliar\u00eda sus conexiones de transporte desde Europa a trav\u00e9s de Turqu\u00eda, Georgia, Azerbaiy\u00e1n y Kazajist\u00e1n hacia China. En respuesta a las crecientes cantidades de mercanc\u00edas esperadas, la ubicaci\u00f3n de Tiflis se ampliar\u00e1 por segunda vez desde 2019 y recibir\u00e1 mayores \u00e1reas de transbordo y oficinas.<\/p>\n<p>\u00abGebr\u00fcder Weiss Georgia se ha consolidado como un proveedor de log\u00edstica confiable en el mercado durante los \u00faltimos diez a\u00f1os. Con la expansi\u00f3n de la ubicaci\u00f3n, queremos garantizar una calidad constante en nuestros servicios y seguir proporcionando a nuestros clientes suficientes capacidades log\u00edsticas\u00bb, explica Alexander Kharlamov, director nacional de Gebr\u00fcder Weiss Georgia.<\/p>\n<h5><strong><img loading=\"lazy\" decoding=\"async\" class=\"alignnone wp-image-21705 size-large\" src=\"https:\/\/loginfo24.com\/wp-content\/uploads\/sites\/7\/2025\/12\/Gebr_Weiss1_20.11.22.jpg\" alt=\"\" width=\"1024\" height=\"569\" \/><\/strong><\/h5>\n<h5><strong>Diez a\u00f1os de Gebr\u00fcder Weiss Georgia<\/strong><\/h5>\n<p>Tras su entrada en el mercado en 2012, Gebr\u00fcder Weiss experiment\u00f3 un desarrollo din\u00e1mico en este estado del C\u00e1ucaso. Dos a\u00f1os despu\u00e9s de la apertura de su primera oficina en la capital Tiflis, se lanz\u00f3 el centro log\u00edstico. En 2019, se ampliaron las \u00e1reas de transbordo, las \u00e1reas de estacionamiento de camiones y el edificio de oficinas. Un a\u00f1o despu\u00e9s, se a\u00f1adi\u00f3 una conexi\u00f3n ferroviaria. Hoy en d\u00eda, m\u00e1s de 100 empleados organizan conexiones directas entre Europa y Asia, as\u00ed como transportes entre los pa\u00edses de Asia Central para clientes de las industrias textil, de art\u00edculos para el hogar, alta tecnolog\u00eda y automotriz. Los servicios incluyen transporte por carretera y ferroviario, carga a\u00e9rea y mar\u00edtima, despacho de aduanas, log\u00edstica de almacenamiento y cumplimiento electr\u00f3nico.<\/p>\n<p>Foto: \u00a9 Gebr\u00fcder Weiss (Tamara Gonjilashvili) \/ <strong><em>Pie de foto:<\/em><\/strong><em> El equipo de Gebr\u00fcder Weiss en Tiflis mira hacia atr\u00e1s en una historia de \u00e9xito de diez a\u00f1os en Georgia.<\/em><\/p>\n","protected":false},"excerpt":{"rendered":"<p>Diez a\u00f1os despu\u00e9s de su entrada en el mercado en Georgia, Gebr\u00fcder Weiss hace un balance positivo: La ubicaci\u00f3n en Tiflis se ha establecido no solo<span class=\"excerpt-hellip\"> [\u2026]<\/span><\/p>\n","protected":false},"author":0,"featured_media":8973,"comment_status":"open","ping_status":"open","sticky":false,"template":"","format":"standard","meta":{"_acf_changed":false,"footnotes":""},"categories":[1665,1561],"tags":[],"class_list":["post-59478","post","type-post","status-publish","format-standard","has-post-thumbnail","hentry","category-categories","category-regions"],"acf":[],"yoast_head":"<!-- This site is optimized with the Yoast SEO plugin v27.3 - https:\/\/yoast.com\/product\/yoast-seo-wordpress\/ -->\n<title>Gebr\u00fcder Weiss ampl\u00eda su centro log\u00edstico en Tiflis - Loginfo24<\/title>\n<meta name=\"robots\" content=\"index, follow, max-snippet:-1, max-image-preview:large, max-video-preview:-1\" \/>\n<link rel=\"canonical\" href=\"https:\/\/loginfo24.com\/es\/2022\/11\/20\/gebruder-weiss-amplia-su-centro-logistico-en-tiflis\/\" \/>\n<meta property=\"og:locale\" content=\"es_ES\" \/>\n<meta property=\"og:type\" content=\"article\" \/>\n<meta property=\"og:title\" content=\"Gebr\u00fcder Weiss ampl\u00eda su centro log\u00edstico en Tiflis - Loginfo24\" \/>\n<meta property=\"og:description\" content=\"Diez a\u00f1os despu\u00e9s de su entrada en el mercado en Georgia, Gebr\u00fcder Weiss hace un balance positivo: La ubicaci\u00f3n en Tiflis se ha establecido no solo [\u2026]\" \/>\n<meta property=\"og:url\" content=\"https:\/\/loginfo24.com\/es\/2022\/11\/20\/gebruder-weiss-amplia-su-centro-logistico-en-tiflis\/\" \/>\n<meta property=\"og:site_name\" content=\"Loginfo24\" \/>\n<meta property=\"article:publisher\" content=\"https:\/\/www.facebook.com\/people\/Loginfo24\/100057360583332\/\" \/>\n<meta property=\"article:published_time\" content=\"2022-11-20T17:20:26+00:00\" \/>\n<meta property=\"og:image\" content=\"https:\/\/loginfo24.com\/wp-content\/uploads\/sites\/7\/2025\/12\/Gebr_Weiss2_20.11.22.jpg\" \/>\n\t<meta property=\"og:image:width\" content=\"917\" \/>\n\t<meta property=\"og:image:height\" content=\"580\" \/>\n\t<meta property=\"og:image:type\" content=\"image\/jpeg\" \/>\n<meta name=\"twitter:card\" content=\"summary_large_image\" \/>\n<meta name=\"twitter:label1\" content=\"Tiempo de lectura\" \/>\n\t<meta name=\"twitter:data1\" content=\"2 minuto\" \/>\n<script type=\"application\/ld+json\" class=\"yoast-schema-graph\">{\"@context\":\"https:\\\/\\\/schema.org\",\"@graph\":[{\"@type\":\"Article\",\"@id\":\"https:\\\/\\\/loginfo24.com\\\/es\\\/2022\\\/11\\\/20\\\/gebruder-weiss-amplia-su-centro-logistico-en-tiflis\\\/#article\",\"isPartOf\":{\"@id\":\"https:\\\/\\\/loginfo24.com\\\/es\\\/2022\\\/11\\\/20\\\/gebruder-weiss-amplia-su-centro-logistico-en-tiflis\\\/\"},\"author\":{\"name\":\"\",\"@id\":\"\"},\"headline\":\"Gebr\u00fcder Weiss ampl\u00eda su centro log\u00edstico en Tiflis\",\"datePublished\":\"2022-11-20T17:20:26+00:00\",\"mainEntityOfPage\":{\"@id\":\"https:\\\/\\\/loginfo24.com\\\/es\\\/2022\\\/11\\\/20\\\/gebruder-weiss-amplia-su-centro-logistico-en-tiflis\\\/\"},\"wordCount\":489,\"commentCount\":0,\"publisher\":{\"@id\":\"https:\\\/\\\/loginfo24.com\\\/es\\\/#organization\"},\"image\":{\"@id\":\"https:\\\/\\\/loginfo24.com\\\/es\\\/2022\\\/11\\\/20\\\/gebruder-weiss-amplia-su-centro-logistico-en-tiflis\\\/#primaryimage\"},\"thumbnailUrl\":\"https:\\\/\\\/loginfo24.com\\\/wp-content\\\/uploads\\\/sites\\\/7\\\/2025\\\/12\\\/Gebr_Weiss2_20.11.22.jpg\",\"articleSection\":[\"Categories\",\"Regions\"],\"inLanguage\":\"es\",\"potentialAction\":[{\"@type\":\"CommentAction\",\"name\":\"Comment\",\"target\":[\"https:\\\/\\\/loginfo24.com\\\/es\\\/2022\\\/11\\\/20\\\/gebruder-weiss-amplia-su-centro-logistico-en-tiflis\\\/#respond\"]}]},{\"@type\":\"WebPage\",\"@id\":\"https:\\\/\\\/loginfo24.com\\\/es\\\/2022\\\/11\\\/20\\\/gebruder-weiss-amplia-su-centro-logistico-en-tiflis\\\/\",\"url\":\"https:\\\/\\\/loginfo24.com\\\/es\\\/2022\\\/11\\\/20\\\/gebruder-weiss-amplia-su-centro-logistico-en-tiflis\\\/\",\"name\":\"Gebr\u00fcder Weiss ampl\u00eda su centro log\u00edstico en Tiflis - Loginfo24\",\"isPartOf\":{\"@id\":\"https:\\\/\\\/loginfo24.com\\\/es\\\/#website\"},\"primaryImageOfPage\":{\"@id\":\"https:\\\/\\\/loginfo24.com\\\/es\\\/2022\\\/11\\\/20\\\/gebruder-weiss-amplia-su-centro-logistico-en-tiflis\\\/#primaryimage\"},\"image\":{\"@id\":\"https:\\\/\\\/loginfo24.com\\\/es\\\/2022\\\/11\\\/20\\\/gebruder-weiss-amplia-su-centro-logistico-en-tiflis\\\/#primaryimage\"},\"thumbnailUrl\":\"https:\\\/\\\/loginfo24.com\\\/wp-content\\\/uploads\\\/sites\\\/7\\\/2025\\\/12\\\/Gebr_Weiss2_20.11.22.jpg\",\"datePublished\":\"2022-11-20T17:20:26+00:00\",\"breadcrumb\":{\"@id\":\"https:\\\/\\\/loginfo24.com\\\/es\\\/2022\\\/11\\\/20\\\/gebruder-weiss-amplia-su-centro-logistico-en-tiflis\\\/#breadcrumb\"},\"inLanguage\":\"es\",\"potentialAction\":[{\"@type\":\"ReadAction\",\"target\":[\"https:\\\/\\\/loginfo24.com\\\/es\\\/2022\\\/11\\\/20\\\/gebruder-weiss-amplia-su-centro-logistico-en-tiflis\\\/\"]}]},{\"@type\":\"ImageObject\",\"inLanguage\":\"es\",\"@id\":\"https:\\\/\\\/loginfo24.com\\\/es\\\/2022\\\/11\\\/20\\\/gebruder-weiss-amplia-su-centro-logistico-en-tiflis\\\/#primaryimage\",\"url\":\"https:\\\/\\\/loginfo24.com\\\/wp-content\\\/uploads\\\/sites\\\/7\\\/2025\\\/12\\\/Gebr_Weiss2_20.11.22.jpg\",\"contentUrl\":\"https:\\\/\\\/loginfo24.com\\\/wp-content\\\/uploads\\\/sites\\\/7\\\/2025\\\/12\\\/Gebr_Weiss2_20.11.22.jpg\",\"width\":917,\"height\":580},{\"@type\":\"BreadcrumbList\",\"@id\":\"https:\\\/\\\/loginfo24.com\\\/es\\\/2022\\\/11\\\/20\\\/gebruder-weiss-amplia-su-centro-logistico-en-tiflis\\\/#breadcrumb\",\"itemListElement\":[{\"@type\":\"ListItem\",\"position\":1,\"name\":\"Startseite\",\"item\":\"https:\\\/\\\/loginfo24.com\\\/es\\\/\"},{\"@type\":\"ListItem\",\"position\":2,\"name\":\"Gebr\u00fcder Weiss ampl\u00eda su centro log\u00edstico en Tiflis\"}]},{\"@type\":\"WebSite\",\"@id\":\"https:\\\/\\\/loginfo24.com\\\/es\\\/#website\",\"url\":\"https:\\\/\\\/loginfo24.com\\\/es\\\/\",\"name\":\"Loginfo24\",\"description\":\"Loginfo24 es la plataforma dedicada a la log\u00edstica y las cadenas de suministro con informaci\u00f3n las 24 horas del d\u00eda.\",\"publisher\":{\"@id\":\"https:\\\/\\\/loginfo24.com\\\/es\\\/#organization\"},\"potentialAction\":[{\"@type\":\"SearchAction\",\"target\":{\"@type\":\"EntryPoint\",\"urlTemplate\":\"https:\\\/\\\/loginfo24.com\\\/es\\\/?s={search_term_string}\"},\"query-input\":{\"@type\":\"PropertyValueSpecification\",\"valueRequired\":true,\"valueName\":\"search_term_string\"}}],\"inLanguage\":\"es\"},{\"@type\":\"Organization\",\"@id\":\"https:\\\/\\\/loginfo24.com\\\/es\\\/#organization\",\"name\":\"Grupo Logismedia AG\",\"url\":\"https:\\\/\\\/loginfo24.com\\\/es\\\/\",\"logo\":{\"@type\":\"ImageObject\",\"inLanguage\":\"es\",\"@id\":\"https:\\\/\\\/loginfo24.com\\\/es\\\/#\\\/schema\\\/logo\\\/image\\\/\",\"url\":\"https:\\\/\\\/loginfo24.com\\\/wp-content\\\/uploads\\\/sites\\\/7\\\/2026\\\/01\\\/Logo_LogInfo24.png\",\"contentUrl\":\"https:\\\/\\\/loginfo24.com\\\/wp-content\\\/uploads\\\/sites\\\/7\\\/2026\\\/01\\\/Logo_LogInfo24.png\",\"width\":938,\"height\":351,\"caption\":\"Grupo Logismedia AG\"},\"image\":{\"@id\":\"https:\\\/\\\/loginfo24.com\\\/es\\\/#\\\/schema\\\/logo\\\/image\\\/\"},\"sameAs\":[\"https:\\\/\\\/www.facebook.com\\\/people\\\/Loginfo24\\\/100057360583332\\\/\",\"https:\\\/\\\/www.linkedin.com\\\/company\\\/lofinfo24\\\/\"]}]}<\/script>\n<!-- \/ Yoast SEO plugin. -->","yoast_head_json":{"title":"Gebr\u00fcder Weiss ampl\u00eda su centro log\u00edstico en Tiflis - Loginfo24","robots":{"index":"index","follow":"follow","max-snippet":"max-snippet:-1","max-image-preview":"max-image-preview:large","max-video-preview":"max-video-preview:-1"},"canonical":"https:\/\/loginfo24.com\/es\/2022\/11\/20\/gebruder-weiss-amplia-su-centro-logistico-en-tiflis\/","og_locale":"es_ES","og_type":"article","og_title":"Gebr\u00fcder Weiss ampl\u00eda su centro log\u00edstico en Tiflis - Loginfo24","og_description":"Diez a\u00f1os despu\u00e9s de su entrada en el mercado en Georgia, Gebr\u00fcder Weiss hace un balance positivo: La ubicaci\u00f3n en Tiflis se ha establecido no solo [\u2026]","og_url":"https:\/\/loginfo24.com\/es\/2022\/11\/20\/gebruder-weiss-amplia-su-centro-logistico-en-tiflis\/","og_site_name":"Loginfo24","article_publisher":"https:\/\/www.facebook.com\/people\/Loginfo24\/100057360583332\/","article_published_time":"2022-11-20T17:20:26+00:00","og_image":[{"width":917,"height":580,"url":"https:\/\/loginfo24.com\/wp-content\/uploads\/sites\/7\/2025\/12\/Gebr_Weiss2_20.11.22.jpg","type":"image\/jpeg"}],"twitter_card":"summary_large_image","twitter_misc":{"Tiempo de lectura":"2 minuto"},"schema":{"@context":"https:\/\/schema.org","@graph":[{"@type":"Article","@id":"https:\/\/loginfo24.com\/es\/2022\/11\/20\/gebruder-weiss-amplia-su-centro-logistico-en-tiflis\/#article","isPartOf":{"@id":"https:\/\/loginfo24.com\/es\/2022\/11\/20\/gebruder-weiss-amplia-su-centro-logistico-en-tiflis\/"},"author":{"name":"","@id":""},"headline":"Gebr\u00fcder Weiss ampl\u00eda su centro log\u00edstico en Tiflis","datePublished":"2022-11-20T17:20:26+00:00","mainEntityOfPage":{"@id":"https:\/\/loginfo24.com\/es\/2022\/11\/20\/gebruder-weiss-amplia-su-centro-logistico-en-tiflis\/"},"wordCount":489,"commentCount":0,"publisher":{"@id":"https:\/\/loginfo24.com\/es\/#organization"},"image":{"@id":"https:\/\/loginfo24.com\/es\/2022\/11\/20\/gebruder-weiss-amplia-su-centro-logistico-en-tiflis\/#primaryimage"},"thumbnailUrl":"https:\/\/loginfo24.com\/wp-content\/uploads\/sites\/7\/2025\/12\/Gebr_Weiss2_20.11.22.jpg","articleSection":["Categories","Regions"],"inLanguage":"es","potentialAction":[{"@type":"CommentAction","name":"Comment","target":["https:\/\/loginfo24.com\/es\/2022\/11\/20\/gebruder-weiss-amplia-su-centro-logistico-en-tiflis\/#respond"]}]},{"@type":"WebPage","@id":"https:\/\/loginfo24.com\/es\/2022\/11\/20\/gebruder-weiss-amplia-su-centro-logistico-en-tiflis\/","url":"https:\/\/loginfo24.com\/es\/2022\/11\/20\/gebruder-weiss-amplia-su-centro-logistico-en-tiflis\/","name":"Gebr\u00fcder Weiss ampl\u00eda su centro log\u00edstico en Tiflis - Loginfo24","isPartOf":{"@id":"https:\/\/loginfo24.com\/es\/#website"},"primaryImageOfPage":{"@id":"https:\/\/loginfo24.com\/es\/2022\/11\/20\/gebruder-weiss-amplia-su-centro-logistico-en-tiflis\/#primaryimage"},"image":{"@id":"https:\/\/loginfo24.com\/es\/2022\/11\/20\/gebruder-weiss-amplia-su-centro-logistico-en-tiflis\/#primaryimage"},"thumbnailUrl":"https:\/\/loginfo24.com\/wp-content\/uploads\/sites\/7\/2025\/12\/Gebr_Weiss2_20.11.22.jpg","datePublished":"2022-11-20T17:20:26+00:00","breadcrumb":{"@id":"https:\/\/loginfo24.com\/es\/2022\/11\/20\/gebruder-weiss-amplia-su-centro-logistico-en-tiflis\/#breadcrumb"},"inLanguage":"es","potentialAction":[{"@type":"ReadAction","target":["https:\/\/loginfo24.com\/es\/2022\/11\/20\/gebruder-weiss-amplia-su-centro-logistico-en-tiflis\/"]}]},{"@type":"ImageObject","inLanguage":"es","@id":"https:\/\/loginfo24.com\/es\/2022\/11\/20\/gebruder-weiss-amplia-su-centro-logistico-en-tiflis\/#primaryimage","url":"https:\/\/loginfo24.com\/wp-content\/uploads\/sites\/7\/2025\/12\/Gebr_Weiss2_20.11.22.jpg","contentUrl":"https:\/\/loginfo24.com\/wp-content\/uploads\/sites\/7\/2025\/12\/Gebr_Weiss2_20.11.22.jpg","width":917,"height":580},{"@type":"BreadcrumbList","@id":"https:\/\/loginfo24.com\/es\/2022\/11\/20\/gebruder-weiss-amplia-su-centro-logistico-en-tiflis\/#breadcrumb","itemListElement":[{"@type":"ListItem","position":1,"name":"Startseite","item":"https:\/\/loginfo24.com\/es\/"},{"@type":"ListItem","position":2,"name":"Gebr\u00fcder Weiss ampl\u00eda su centro log\u00edstico en Tiflis"}]},{"@type":"WebSite","@id":"https:\/\/loginfo24.com\/es\/#website","url":"https:\/\/loginfo24.com\/es\/","name":"Loginfo24","description":"Loginfo24 es la plataforma dedicada a la log\u00edstica y las cadenas de suministro con informaci\u00f3n las 24 horas del d\u00eda.","publisher":{"@id":"https:\/\/loginfo24.com\/es\/#organization"},"potentialAction":[{"@type":"SearchAction","target":{"@type":"EntryPoint","urlTemplate":"https:\/\/loginfo24.com\/es\/?s={search_term_string}"},"query-input":{"@type":"PropertyValueSpecification","valueRequired":true,"valueName":"search_term_string"}}],"inLanguage":"es"},{"@type":"Organization","@id":"https:\/\/loginfo24.com\/es\/#organization","name":"Grupo Logismedia AG","url":"https:\/\/loginfo24.com\/es\/","logo":{"@type":"ImageObject","inLanguage":"es","@id":"https:\/\/loginfo24.com\/es\/#\/schema\/logo\/image\/","url":"https:\/\/loginfo24.com\/wp-content\/uploads\/sites\/7\/2026\/01\/Logo_LogInfo24.png","contentUrl":"https:\/\/loginfo24.com\/wp-content\/uploads\/sites\/7\/2026\/01\/Logo_LogInfo24.png","width":938,"height":351,"caption":"Grupo Logismedia AG"},"image":{"@id":"https:\/\/loginfo24.com\/es\/#\/schema\/logo\/image\/"},"sameAs":["https:\/\/www.facebook.com\/people\/Loginfo24\/100057360583332\/","https:\/\/www.linkedin.com\/company\/lofinfo24\/"]}]}},"_links":{"self":[{"href":"https:\/\/loginfo24.com\/es\/wp-json\/wp\/v2\/posts\/59478","targetHints":{"allow":["GET"]}}],"collection":[{"href":"https:\/\/loginfo24.com\/es\/wp-json\/wp\/v2\/posts"}],"about":[{"href":"https:\/\/loginfo24.com\/es\/wp-json\/wp\/v2\/types\/post"}],"replies":[{"embeddable":true,"href":"https:\/\/loginfo24.com\/es\/wp-json\/wp\/v2\/comments?post=59478"}],"version-history":[{"count":0,"href":"https:\/\/loginfo24.com\/es\/wp-json\/wp\/v2\/posts\/59478\/revisions"}],"wp:featuredmedia":[{"embeddable":true,"href":"https:\/\/loginfo24.com\/es\/wp-json\/wp\/v2\/media\/8973"}],"wp:attachment":[{"href":"https:\/\/loginfo24.com\/es\/wp-json\/wp\/v2\/media?parent=59478"}],"wp:term":[{"taxonomy":"category","embeddable":true,"href":"https:\/\/loginfo24.com\/es\/wp-json\/wp\/v2\/categories?post=59478"},{"taxonomy":"post_tag","embeddable":true,"href":"https:\/\/loginfo24.com\/es\/wp-json\/wp\/v2\/tags?post=59478"}],"curies":[{"name":"wp","href":"https:\/\/api.w.org\/{rel}","templated":true}]}}