{"id":59366,"date":"2022-11-14T18:29:47","date_gmt":"2022-11-14T17:29:47","guid":{"rendered":"https:\/\/blog.brand-architecture.at\/2022\/11\/14\/terminaltag-enfatiza-la-importancia-del-transporte-combinado\/"},"modified":"2022-11-14T18:29:47","modified_gmt":"2022-11-14T17:29:47","slug":"terminaltag-enfatiza-la-importancia-del-transporte-combinado","status":"publish","type":"post","link":"https:\/\/loginfo24.com\/es\/2022\/11\/14\/terminaltag-enfatiza-la-importancia-del-transporte-combinado\/","title":{"rendered":"TerminalTag enfatiza la importancia del transporte combinado"},"content":{"rendered":"<h5>Una vez al a\u00f1o, el mundo del transporte combinado se re\u00fane en el coraz\u00f3n de Berl\u00edn en el TerminalTag de la Asociaci\u00f3n de Estudios para el Transporte Combinado (SGKV). Como plataforma de red, la SGKV ofrece a los actores de la cadena intermodal la oportunidad de intercambiar ideas intensamente y avanzar juntos en el fortalecimiento de los potenciales del transporte combinado.<\/h5>\n<p>(Berl\u00edn) El r\u00e9cord de participaci\u00f3n de este a\u00f1o en el 7\u00ba TerminalTag subraya la relevancia del tema y la necesidad de intercambio, as\u00ed como la alta importancia de una oportunidad de red para el transporte combinado.<\/p>\n<p>La disrupci\u00f3n de las cadenas de suministro, las capacidades de red insuficientes y las preguntas abiertas sobre el desarrollo dirigido de los sitios de transporte combinado dominan la discusi\u00f3n actual. El enfoque del evento de este a\u00f1o se centr\u00f3, por lo tanto, en el tema urgente de c\u00f3mo se puede aumentar la eficiencia de los recursos existentes en infraestructura y entre los actores mediante medidas de digitalizaci\u00f3n y automatizaci\u00f3n dirigidas.<\/p>\n<p>Michail Stahlhut, director general de HUPAC Intermodal AG y miembro de la junta de la SGKV, ilumin\u00f3 en su discurso principal los requisitos y los potenciales de medidas para contrarrestar las actuales disrupciones de la cadena de transporte intermodal. Qued\u00f3 claro lo que ya es posible en el \u00e1mbito de la digitalizaci\u00f3n de terminales y la planificaci\u00f3n cooperativa, y c\u00f3mo estas medidas pueden ayudar a mitigar las consecuencias de las disrupciones existentes en las cadenas de suministro. El desarrollo de estructuras sostenibles con actores altamente motivados es fundamental para abordar los ambiciosos objetivos clim\u00e1ticos del sector del transporte.<\/p>\n<h5>Notificaci\u00f3n exitosa de la directiva de apoyo al transporte combinado<\/h5>\n<p>El Dr. Rolf Bammerlin, jefe de la secci\u00f3n de transporte de mercanc\u00edas y log\u00edstica en el Ministerio Federal de Transporte (BMDV), mencion\u00f3 el enorme potencial del transporte combinado como un sistema de transporte ecol\u00f3gico que seguir\u00e1 creciendo en los pr\u00f3ximos a\u00f1os. El gobierno federal apoya el desarrollo de manera significativa, especialmente en lo que respecta al aumento de la eficiencia a trav\u00e9s de la digitalizaci\u00f3n y automatizaci\u00f3n de las instalaciones de transbordo. Justo a tiempo para el TerminalTag de este a\u00f1o, el Dr. Bammerlin pudo anunciar la exitosa notificaci\u00f3n de la nueva directiva de apoyo al transporte combinado por parte de la UE. La entrada en vigor se producir\u00e1 a\u00fan este a\u00f1o. El Dr. Bammerlin anim\u00f3 al sector a utilizar y dar forma intensamente a la nueva financiaci\u00f3n para el desarrollo de los sitios de terminales, para seguir siendo competitivos en el futuro. Adem\u00e1s, agradeci\u00f3 a la SGKV y a sus miembros por su compromiso y los argumentos de apoyo dirigidos en el marco del proceso de modificaci\u00f3n.<\/p>\n<h5>Viva discusi\u00f3n en panel<\/h5>\n<p>La animada discusi\u00f3n en panel que sigui\u00f3 a los dos discursos principales, con la participaci\u00f3n adicional de Torben Weck (P&amp;G), David Moosbrugger (K\u00fcnz) y Michael Breuer (Railwatch\/IBS), subray\u00f3 la necesidad de una comunicaci\u00f3n transparente entre los participantes de la cadena de transporte intermodal. Los desaf\u00edos log\u00edsticos han cambiado significativamente en los \u00faltimos a\u00f1os, y por otro lado, el desaf\u00edo de crear m\u00e1s transparencia y, por lo tanto, seguridad en la planificaci\u00f3n en las complejas cadenas de transporte del transporte combinado es un tema constante para los involucrados. Con medidas de digitalizaci\u00f3n, se pueden lograr importantes ganancias de productividad para una mayor seguridad en la planificaci\u00f3n y procesos m\u00e1s eficientes, siempre que la implementaci\u00f3n se realice de manera cooperativa. Los desaf\u00edos del futuro se pueden abordar mejor mediante un mejor uso de los datos existentes. Todos los participantes del panel enfatizaron esto y tambi\u00e9n expresaron su propia motivaci\u00f3n para seguir fortaleciendo soluciones de transporte ecol\u00f3gicas con el transporte combinado.<\/p>\n<h5>Medidas de digitalizaci\u00f3n implementadas<\/h5>\n<p>En la segunda parte de la conferencia, Siemens, catkin y el Fraunhofer IML, en colaboraci\u00f3n con Contargo, presentaron medidas de digitalizaci\u00f3n ya implementadas en la pr\u00e1ctica a lo largo de la cadena de transporte intermodal y en el entorno de los terminales. Desde un control de gr\u00faas m\u00e1s eficiente hasta el reconocimiento de patrones y la detecci\u00f3n de personas, as\u00ed como la conexi\u00f3n automatizada de datos a lo largo de rutas de transporte cambiantes y constelaciones de actores, los ponentes mostraron herramientas pragm\u00e1ticas para aumentar la eficiencia.<\/p>\n<p><img loading=\"lazy\" decoding=\"async\" class=\" wp-image-21624 aligncenter\" src=\"https:\/\/loginfo24.com\/wp-content\/uploads\/sites\/7\/2025\/12\/Textbanner_catkin_Quadrat_Sep-2022-1-300x300.jpg\" alt=\"\" width=\"405\" height=\"405\" \/><\/p>\n<p>Los ejemplos presentados mostraron claramente que con motivaci\u00f3n, comprensi\u00f3n del sistema y pasi\u00f3n por el transporte combinado se pueden aprovechar de inmediato diversas oportunidades de optimizaci\u00f3n.<\/p>\n<p>Con una visi\u00f3n general y una visi\u00f3n de los desaf\u00edos y oportunidades de dise\u00f1o del reglamento europeo eFTI y del DTLF, Heinrich Kerstgens (Rhenus) tambi\u00e9n mostr\u00f3 las condiciones marco futuras para la inminente comunicaci\u00f3n electr\u00f3nica B2A.<\/p>\n<h5>Gran potencial de innovaci\u00f3n<\/h5>\n<p>Los participantes del pitch de innovaci\u00f3n final demostraron una gran cantidad de potencial de innovaci\u00f3n. Seis startups presentaron sus enfoques para procesos m\u00e1s eficientes y transparentes. En una competencia extremadamente re\u00f1ida y de muy alto nivel, finalmente Aaron Spandehra con su soluci\u00f3n driveMybox de Hamburgo se impuso. DriveMybox se basa en la integraci\u00f3n de la log\u00edstica de entrada y salida de camiones en el transporte combinado a trav\u00e9s de una plataforma, independientemente de la ubicaci\u00f3n en el pa\u00eds, lo que simplifica considerablemente el esfuerzo para los actores involucrados.<\/p>\n<p>Foto: \u00a9 SGKV \/ <em><strong>Descripci\u00f3n de la imagen:<\/strong> En la <span id=\"page3R_mcid17\" class=\"markedContent\"><span dir=\"ltr\" role=\"presentation\">sala de turbinas<\/span><\/span> de la planta de energ\u00eda de calefacci\u00f3n de Moabit en Berl\u00edn tuvo lugar el 7\u00ba TerminalTag. Adem\u00e1s de las emocionantes presentaciones, tambi\u00e9n hubo mucho tiempo para hacer networking<\/span><\/em><\/p>\n","protected":false},"excerpt":{"rendered":"<p>Una vez al a\u00f1o, el mundo del transporte combinado se re\u00fane en el coraz\u00f3n de Berl\u00edn en el TerminalTag de la Asociaci\u00f3n de Estudios para el<span class=\"excerpt-hellip\"> [\u2026]<\/span><\/p>\n","protected":false},"author":0,"featured_media":9013,"comment_status":"open","ping_status":"open","sticky":false,"template":"","format":"standard","meta":{"_acf_changed":false,"footnotes":""},"categories":[1665,1557,1561],"tags":[],"class_list":["post-59366","post","type-post","status-publish","format-standard","has-post-thumbnail","hentry","category-categories","category-forwarding-logistics","category-regions"],"acf":[],"yoast_head":"<!-- This site is optimized with the Yoast SEO plugin v27.3 - https:\/\/yoast.com\/product\/yoast-seo-wordpress\/ -->\n<title>TerminalTag enfatiza la importancia del transporte combinado - Loginfo24<\/title>\n<meta name=\"robots\" content=\"index, follow, max-snippet:-1, max-image-preview:large, max-video-preview:-1\" \/>\n<link rel=\"canonical\" href=\"https:\/\/loginfo24.com\/es\/2022\/11\/14\/terminaltag-enfatiza-la-importancia-del-transporte-combinado\/\" \/>\n<meta property=\"og:locale\" content=\"es_ES\" \/>\n<meta property=\"og:type\" content=\"article\" \/>\n<meta property=\"og:title\" content=\"TerminalTag enfatiza la importancia del transporte combinado - Loginfo24\" \/>\n<meta property=\"og:description\" content=\"Una vez al a\u00f1o, el mundo del transporte combinado se re\u00fane en el coraz\u00f3n de Berl\u00edn en el TerminalTag de la Asociaci\u00f3n de Estudios para el [\u2026]\" \/>\n<meta property=\"og:url\" content=\"https:\/\/loginfo24.com\/es\/2022\/11\/14\/terminaltag-enfatiza-la-importancia-del-transporte-combinado\/\" \/>\n<meta property=\"og:site_name\" content=\"Loginfo24\" \/>\n<meta property=\"article:publisher\" content=\"https:\/\/www.facebook.com\/people\/Loginfo24\/100057360583332\/\" \/>\n<meta property=\"article:published_time\" content=\"2022-11-14T17:29:47+00:00\" \/>\n<meta property=\"og:image\" content=\"https:\/\/loginfo24.com\/wp-content\/uploads\/sites\/7\/2025\/12\/SGKV_14.11.22.jpg\" \/>\n\t<meta property=\"og:image:width\" content=\"1444\" \/>\n\t<meta property=\"og:image:height\" content=\"797\" \/>\n\t<meta property=\"og:image:type\" content=\"image\/jpeg\" \/>\n<meta name=\"twitter:card\" content=\"summary_large_image\" \/>\n<meta name=\"twitter:label1\" content=\"Tiempo de lectura\" \/>\n\t<meta name=\"twitter:data1\" content=\"5 minuto\" \/>\n<script type=\"application\/ld+json\" class=\"yoast-schema-graph\">{\"@context\":\"https:\\\/\\\/schema.org\",\"@graph\":[{\"@type\":\"Article\",\"@id\":\"https:\\\/\\\/loginfo24.com\\\/es\\\/2022\\\/11\\\/14\\\/terminaltag-enfatiza-la-importancia-del-transporte-combinado\\\/#article\",\"isPartOf\":{\"@id\":\"https:\\\/\\\/loginfo24.com\\\/es\\\/2022\\\/11\\\/14\\\/terminaltag-enfatiza-la-importancia-del-transporte-combinado\\\/\"},\"author\":{\"name\":\"\",\"@id\":\"\"},\"headline\":\"TerminalTag enfatiza la importancia del transporte combinado\",\"datePublished\":\"2022-11-14T17:29:47+00:00\",\"mainEntityOfPage\":{\"@id\":\"https:\\\/\\\/loginfo24.com\\\/es\\\/2022\\\/11\\\/14\\\/terminaltag-enfatiza-la-importancia-del-transporte-combinado\\\/\"},\"wordCount\":990,\"commentCount\":0,\"publisher\":{\"@id\":\"https:\\\/\\\/loginfo24.com\\\/es\\\/#organization\"},\"image\":{\"@id\":\"https:\\\/\\\/loginfo24.com\\\/es\\\/2022\\\/11\\\/14\\\/terminaltag-enfatiza-la-importancia-del-transporte-combinado\\\/#primaryimage\"},\"thumbnailUrl\":\"https:\\\/\\\/loginfo24.com\\\/wp-content\\\/uploads\\\/sites\\\/7\\\/2025\\\/12\\\/SGKV_14.11.22.jpg\",\"articleSection\":[\"Categories\",\"Forwarding &amp; Logistics\",\"Regions\"],\"inLanguage\":\"es\",\"potentialAction\":[{\"@type\":\"CommentAction\",\"name\":\"Comment\",\"target\":[\"https:\\\/\\\/loginfo24.com\\\/es\\\/2022\\\/11\\\/14\\\/terminaltag-enfatiza-la-importancia-del-transporte-combinado\\\/#respond\"]}]},{\"@type\":\"WebPage\",\"@id\":\"https:\\\/\\\/loginfo24.com\\\/es\\\/2022\\\/11\\\/14\\\/terminaltag-enfatiza-la-importancia-del-transporte-combinado\\\/\",\"url\":\"https:\\\/\\\/loginfo24.com\\\/es\\\/2022\\\/11\\\/14\\\/terminaltag-enfatiza-la-importancia-del-transporte-combinado\\\/\",\"name\":\"TerminalTag enfatiza la importancia del transporte combinado - Loginfo24\",\"isPartOf\":{\"@id\":\"https:\\\/\\\/loginfo24.com\\\/es\\\/#website\"},\"primaryImageOfPage\":{\"@id\":\"https:\\\/\\\/loginfo24.com\\\/es\\\/2022\\\/11\\\/14\\\/terminaltag-enfatiza-la-importancia-del-transporte-combinado\\\/#primaryimage\"},\"image\":{\"@id\":\"https:\\\/\\\/loginfo24.com\\\/es\\\/2022\\\/11\\\/14\\\/terminaltag-enfatiza-la-importancia-del-transporte-combinado\\\/#primaryimage\"},\"thumbnailUrl\":\"https:\\\/\\\/loginfo24.com\\\/wp-content\\\/uploads\\\/sites\\\/7\\\/2025\\\/12\\\/SGKV_14.11.22.jpg\",\"datePublished\":\"2022-11-14T17:29:47+00:00\",\"breadcrumb\":{\"@id\":\"https:\\\/\\\/loginfo24.com\\\/es\\\/2022\\\/11\\\/14\\\/terminaltag-enfatiza-la-importancia-del-transporte-combinado\\\/#breadcrumb\"},\"inLanguage\":\"es\",\"potentialAction\":[{\"@type\":\"ReadAction\",\"target\":[\"https:\\\/\\\/loginfo24.com\\\/es\\\/2022\\\/11\\\/14\\\/terminaltag-enfatiza-la-importancia-del-transporte-combinado\\\/\"]}]},{\"@type\":\"ImageObject\",\"inLanguage\":\"es\",\"@id\":\"https:\\\/\\\/loginfo24.com\\\/es\\\/2022\\\/11\\\/14\\\/terminaltag-enfatiza-la-importancia-del-transporte-combinado\\\/#primaryimage\",\"url\":\"https:\\\/\\\/loginfo24.com\\\/wp-content\\\/uploads\\\/sites\\\/7\\\/2025\\\/12\\\/SGKV_14.11.22.jpg\",\"contentUrl\":\"https:\\\/\\\/loginfo24.com\\\/wp-content\\\/uploads\\\/sites\\\/7\\\/2025\\\/12\\\/SGKV_14.11.22.jpg\",\"width\":1444,\"height\":797},{\"@type\":\"BreadcrumbList\",\"@id\":\"https:\\\/\\\/loginfo24.com\\\/es\\\/2022\\\/11\\\/14\\\/terminaltag-enfatiza-la-importancia-del-transporte-combinado\\\/#breadcrumb\",\"itemListElement\":[{\"@type\":\"ListItem\",\"position\":1,\"name\":\"Startseite\",\"item\":\"https:\\\/\\\/loginfo24.com\\\/es\\\/\"},{\"@type\":\"ListItem\",\"position\":2,\"name\":\"TerminalTag enfatiza la importancia del transporte combinado\"}]},{\"@type\":\"WebSite\",\"@id\":\"https:\\\/\\\/loginfo24.com\\\/es\\\/#website\",\"url\":\"https:\\\/\\\/loginfo24.com\\\/es\\\/\",\"name\":\"Loginfo24\",\"description\":\"Loginfo24 es la plataforma dedicada a la log\u00edstica y las cadenas de suministro con informaci\u00f3n las 24 horas del d\u00eda.\",\"publisher\":{\"@id\":\"https:\\\/\\\/loginfo24.com\\\/es\\\/#organization\"},\"potentialAction\":[{\"@type\":\"SearchAction\",\"target\":{\"@type\":\"EntryPoint\",\"urlTemplate\":\"https:\\\/\\\/loginfo24.com\\\/es\\\/?s={search_term_string}\"},\"query-input\":{\"@type\":\"PropertyValueSpecification\",\"valueRequired\":true,\"valueName\":\"search_term_string\"}}],\"inLanguage\":\"es\"},{\"@type\":\"Organization\",\"@id\":\"https:\\\/\\\/loginfo24.com\\\/es\\\/#organization\",\"name\":\"Grupo Logismedia AG\",\"url\":\"https:\\\/\\\/loginfo24.com\\\/es\\\/\",\"logo\":{\"@type\":\"ImageObject\",\"inLanguage\":\"es\",\"@id\":\"https:\\\/\\\/loginfo24.com\\\/es\\\/#\\\/schema\\\/logo\\\/image\\\/\",\"url\":\"https:\\\/\\\/loginfo24.com\\\/wp-content\\\/uploads\\\/sites\\\/7\\\/2026\\\/01\\\/Logo_LogInfo24.png\",\"contentUrl\":\"https:\\\/\\\/loginfo24.com\\\/wp-content\\\/uploads\\\/sites\\\/7\\\/2026\\\/01\\\/Logo_LogInfo24.png\",\"width\":938,\"height\":351,\"caption\":\"Grupo Logismedia AG\"},\"image\":{\"@id\":\"https:\\\/\\\/loginfo24.com\\\/es\\\/#\\\/schema\\\/logo\\\/image\\\/\"},\"sameAs\":[\"https:\\\/\\\/www.facebook.com\\\/people\\\/Loginfo24\\\/100057360583332\\\/\",\"https:\\\/\\\/www.linkedin.com\\\/company\\\/lofinfo24\\\/\"]}]}<\/script>\n<!-- \/ Yoast SEO plugin. -->","yoast_head_json":{"title":"TerminalTag enfatiza la importancia del transporte combinado - Loginfo24","robots":{"index":"index","follow":"follow","max-snippet":"max-snippet:-1","max-image-preview":"max-image-preview:large","max-video-preview":"max-video-preview:-1"},"canonical":"https:\/\/loginfo24.com\/es\/2022\/11\/14\/terminaltag-enfatiza-la-importancia-del-transporte-combinado\/","og_locale":"es_ES","og_type":"article","og_title":"TerminalTag enfatiza la importancia del transporte combinado - Loginfo24","og_description":"Una vez al a\u00f1o, el mundo del transporte combinado se re\u00fane en el coraz\u00f3n de Berl\u00edn en el TerminalTag de la Asociaci\u00f3n de Estudios para el [\u2026]","og_url":"https:\/\/loginfo24.com\/es\/2022\/11\/14\/terminaltag-enfatiza-la-importancia-del-transporte-combinado\/","og_site_name":"Loginfo24","article_publisher":"https:\/\/www.facebook.com\/people\/Loginfo24\/100057360583332\/","article_published_time":"2022-11-14T17:29:47+00:00","og_image":[{"width":1444,"height":797,"url":"https:\/\/loginfo24.com\/wp-content\/uploads\/sites\/7\/2025\/12\/SGKV_14.11.22.jpg","type":"image\/jpeg"}],"twitter_card":"summary_large_image","twitter_misc":{"Tiempo de lectura":"5 minuto"},"schema":{"@context":"https:\/\/schema.org","@graph":[{"@type":"Article","@id":"https:\/\/loginfo24.com\/es\/2022\/11\/14\/terminaltag-enfatiza-la-importancia-del-transporte-combinado\/#article","isPartOf":{"@id":"https:\/\/loginfo24.com\/es\/2022\/11\/14\/terminaltag-enfatiza-la-importancia-del-transporte-combinado\/"},"author":{"name":"","@id":""},"headline":"TerminalTag enfatiza la importancia del transporte combinado","datePublished":"2022-11-14T17:29:47+00:00","mainEntityOfPage":{"@id":"https:\/\/loginfo24.com\/es\/2022\/11\/14\/terminaltag-enfatiza-la-importancia-del-transporte-combinado\/"},"wordCount":990,"commentCount":0,"publisher":{"@id":"https:\/\/loginfo24.com\/es\/#organization"},"image":{"@id":"https:\/\/loginfo24.com\/es\/2022\/11\/14\/terminaltag-enfatiza-la-importancia-del-transporte-combinado\/#primaryimage"},"thumbnailUrl":"https:\/\/loginfo24.com\/wp-content\/uploads\/sites\/7\/2025\/12\/SGKV_14.11.22.jpg","articleSection":["Categories","Forwarding &amp; Logistics","Regions"],"inLanguage":"es","potentialAction":[{"@type":"CommentAction","name":"Comment","target":["https:\/\/loginfo24.com\/es\/2022\/11\/14\/terminaltag-enfatiza-la-importancia-del-transporte-combinado\/#respond"]}]},{"@type":"WebPage","@id":"https:\/\/loginfo24.com\/es\/2022\/11\/14\/terminaltag-enfatiza-la-importancia-del-transporte-combinado\/","url":"https:\/\/loginfo24.com\/es\/2022\/11\/14\/terminaltag-enfatiza-la-importancia-del-transporte-combinado\/","name":"TerminalTag enfatiza la importancia del transporte combinado - Loginfo24","isPartOf":{"@id":"https:\/\/loginfo24.com\/es\/#website"},"primaryImageOfPage":{"@id":"https:\/\/loginfo24.com\/es\/2022\/11\/14\/terminaltag-enfatiza-la-importancia-del-transporte-combinado\/#primaryimage"},"image":{"@id":"https:\/\/loginfo24.com\/es\/2022\/11\/14\/terminaltag-enfatiza-la-importancia-del-transporte-combinado\/#primaryimage"},"thumbnailUrl":"https:\/\/loginfo24.com\/wp-content\/uploads\/sites\/7\/2025\/12\/SGKV_14.11.22.jpg","datePublished":"2022-11-14T17:29:47+00:00","breadcrumb":{"@id":"https:\/\/loginfo24.com\/es\/2022\/11\/14\/terminaltag-enfatiza-la-importancia-del-transporte-combinado\/#breadcrumb"},"inLanguage":"es","potentialAction":[{"@type":"ReadAction","target":["https:\/\/loginfo24.com\/es\/2022\/11\/14\/terminaltag-enfatiza-la-importancia-del-transporte-combinado\/"]}]},{"@type":"ImageObject","inLanguage":"es","@id":"https:\/\/loginfo24.com\/es\/2022\/11\/14\/terminaltag-enfatiza-la-importancia-del-transporte-combinado\/#primaryimage","url":"https:\/\/loginfo24.com\/wp-content\/uploads\/sites\/7\/2025\/12\/SGKV_14.11.22.jpg","contentUrl":"https:\/\/loginfo24.com\/wp-content\/uploads\/sites\/7\/2025\/12\/SGKV_14.11.22.jpg","width":1444,"height":797},{"@type":"BreadcrumbList","@id":"https:\/\/loginfo24.com\/es\/2022\/11\/14\/terminaltag-enfatiza-la-importancia-del-transporte-combinado\/#breadcrumb","itemListElement":[{"@type":"ListItem","position":1,"name":"Startseite","item":"https:\/\/loginfo24.com\/es\/"},{"@type":"ListItem","position":2,"name":"TerminalTag enfatiza la importancia del transporte combinado"}]},{"@type":"WebSite","@id":"https:\/\/loginfo24.com\/es\/#website","url":"https:\/\/loginfo24.com\/es\/","name":"Loginfo24","description":"Loginfo24 es la plataforma dedicada a la log\u00edstica y las cadenas de suministro con informaci\u00f3n las 24 horas del d\u00eda.","publisher":{"@id":"https:\/\/loginfo24.com\/es\/#organization"},"potentialAction":[{"@type":"SearchAction","target":{"@type":"EntryPoint","urlTemplate":"https:\/\/loginfo24.com\/es\/?s={search_term_string}"},"query-input":{"@type":"PropertyValueSpecification","valueRequired":true,"valueName":"search_term_string"}}],"inLanguage":"es"},{"@type":"Organization","@id":"https:\/\/loginfo24.com\/es\/#organization","name":"Grupo Logismedia AG","url":"https:\/\/loginfo24.com\/es\/","logo":{"@type":"ImageObject","inLanguage":"es","@id":"https:\/\/loginfo24.com\/es\/#\/schema\/logo\/image\/","url":"https:\/\/loginfo24.com\/wp-content\/uploads\/sites\/7\/2026\/01\/Logo_LogInfo24.png","contentUrl":"https:\/\/loginfo24.com\/wp-content\/uploads\/sites\/7\/2026\/01\/Logo_LogInfo24.png","width":938,"height":351,"caption":"Grupo Logismedia AG"},"image":{"@id":"https:\/\/loginfo24.com\/es\/#\/schema\/logo\/image\/"},"sameAs":["https:\/\/www.facebook.com\/people\/Loginfo24\/100057360583332\/","https:\/\/www.linkedin.com\/company\/lofinfo24\/"]}]}},"_links":{"self":[{"href":"https:\/\/loginfo24.com\/es\/wp-json\/wp\/v2\/posts\/59366","targetHints":{"allow":["GET"]}}],"collection":[{"href":"https:\/\/loginfo24.com\/es\/wp-json\/wp\/v2\/posts"}],"about":[{"href":"https:\/\/loginfo24.com\/es\/wp-json\/wp\/v2\/types\/post"}],"replies":[{"embeddable":true,"href":"https:\/\/loginfo24.com\/es\/wp-json\/wp\/v2\/comments?post=59366"}],"version-history":[{"count":0,"href":"https:\/\/loginfo24.com\/es\/wp-json\/wp\/v2\/posts\/59366\/revisions"}],"wp:featuredmedia":[{"embeddable":true,"href":"https:\/\/loginfo24.com\/es\/wp-json\/wp\/v2\/media\/9013"}],"wp:attachment":[{"href":"https:\/\/loginfo24.com\/es\/wp-json\/wp\/v2\/media?parent=59366"}],"wp:term":[{"taxonomy":"category","embeddable":true,"href":"https:\/\/loginfo24.com\/es\/wp-json\/wp\/v2\/categories?post=59366"},{"taxonomy":"post_tag","embeddable":true,"href":"https:\/\/loginfo24.com\/es\/wp-json\/wp\/v2\/tags?post=59366"}],"curies":[{"name":"wp","href":"https:\/\/api.w.org\/{rel}","templated":true}]}}