{"id":59282,"date":"2022-11-06T10:43:58","date_gmt":"2022-11-06T09:43:58","guid":{"rendered":"https:\/\/blog.brand-architecture.at\/2022\/11\/06\/gebruder-weiss-se-convierte-en-socio-patrocinador-de-la-dav-en-bremen\/"},"modified":"2022-11-06T10:43:58","modified_gmt":"2022-11-06T09:43:58","slug":"gebruder-weiss-se-convierte-en-socio-patrocinador-de-la-dav-en-bremen","status":"publish","type":"post","link":"https:\/\/loginfo24.com\/es\/2022\/11\/06\/gebruder-weiss-se-convierte-en-socio-patrocinador-de-la-dav-en-bremen\/","title":{"rendered":"Gebr\u00fcder Weiss se convierte en socio patrocinador de la DAV en Bremen"},"content":{"rendered":"<h5>El proveedor internacional de transporte y log\u00edstica Gebr\u00fcder Weiss es el nuevo patrocinador oficial de la Academia Alemana de Comercio Exterior y Transporte (DAV) en Bremen. La asociaci\u00f3n, inicialmente prevista para tres a\u00f1os, se sell\u00f3 el 2 de noviembre en el campus de la DAV. Como socio patrocinador activo, Gebr\u00fcder Weiss participar\u00e1 en temas pr\u00e1cticos en el programa de estudios de la DAV y apoyar\u00e1 a los estudiantes en sus trabajos de semestre y de fin de carrera.<\/h5>\n<p>(Lauterach\/Bremen) En el marco de la asociaci\u00f3n, expertos de Gebr\u00fcder Weiss entran en contacto con j\u00f3venes que ya han adquirido experiencia laboral antes de comenzar sus estudios y desean profundizar sus conocimientos en log\u00edstica. \u00abPrecisamente estas personas queremos entusiasmar para que se incorporen a nuestra empresa, mostr\u00e1ndoles con tareas pr\u00e1cticas cu\u00e1n vers\u00e1til es el negocio de la log\u00edstica\u00bb, explica Lothar Thoma, director general de Air &amp; Sea en Gebr\u00fcder Weiss. Como ejemplo, mencion\u00f3 temas centrales de la empresa como la gesti\u00f3n de la cadena de suministro, la digitalizaci\u00f3n de las cadenas de suministro y la sostenibilidad en la log\u00edstica.<\/p>\n<p>\u00abDamos una c\u00e1lida bienvenida a Gebr\u00fcder Weiss en el c\u00edrculo de patrocinadores de la DAV. Gracias a nuestras empresas asociadas, nuestros contenidos educativos se mantienen actualizados, y nuestros estudiantes pueden prepararse de manera ideal para su futura carrera profesional\u00bb, dice Thomas Zink, director de estudios de la DAV.<\/p>\n<h5>Evento inaugural sobre el tema \u00abMovilidad del futuro\u00bb<\/h5>\n<p>Para el evento inaugural en una sala de seminarios dise\u00f1ada por Gebr\u00fcder Weiss sobre el tema \u00abMovilidad del futuro\u00bb, llegaron a Bremen representantes de alto nivel de la empresa. Entre ellos, Lothar Thoma, Johannes Trautmann, gerente nacional de Air &amp; Sea en Alemania, y Werner Dettenthaler, director general de transporte terrestre en Alemania. Para Gebr\u00fcder Weiss, la asociaci\u00f3n de patrocinio tambi\u00e9n es un juego en casa. En la red mundial de Air &amp; Sea, la ubicaci\u00f3n de Bremen, con 68 empleados, juega un papel importante.<\/p>\n<p>Foto: \u00a9 DAV\/Jan Meier \/ <em><strong>Descripci\u00f3n de la imagen: <\/strong> En el inicio de la asociaci\u00f3n de patrocinio, se re\u00fanen representantes de la DAV y de Gebr\u00fcder Weiss en un aula reci\u00e9n dise\u00f1ada en el campus de la DAV (de izq. a der.): Werner Dettenthaler, director general de transporte terrestre en Alemania en Gebr\u00fcder Weiss, Thomas Zink, director de estudios de la DAV, Lothar Thoma, director general de Air &amp; Sea en Gebr\u00fcder Weiss, y Johannes Trautmann, gerente nacional de Air &amp; Sea en Alemania en Gebr\u00fcder Weiss<\/em><\/p>\n","protected":false},"excerpt":{"rendered":"<p>El proveedor internacional de transporte y log\u00edstica Gebr\u00fcder Weiss es el nuevo patrocinador oficial de la Academia Alemana de Comercio Exterior y Transporte (DAV) en Bremen.<span class=\"excerpt-hellip\"> [\u2026]<\/span><\/p>\n","protected":false},"author":0,"featured_media":9046,"comment_status":"open","ping_status":"open","sticky":false,"template":"","format":"standard","meta":{"_acf_changed":false,"footnotes":""},"categories":[1557,1561],"tags":[],"class_list":["post-59282","post","type-post","status-publish","format-standard","has-post-thumbnail","hentry","category-forwarding-logistics","category-regions"],"acf":[],"yoast_head":"<!-- This site is optimized with the Yoast SEO plugin v27.3 - https:\/\/yoast.com\/product\/yoast-seo-wordpress\/ -->\n<title>Gebr\u00fcder Weiss se convierte en socio patrocinador de la DAV en Bremen - Loginfo24<\/title>\n<meta name=\"robots\" content=\"index, follow, max-snippet:-1, max-image-preview:large, max-video-preview:-1\" \/>\n<link rel=\"canonical\" href=\"https:\/\/loginfo24.com\/es\/2022\/11\/06\/gebruder-weiss-se-convierte-en-socio-patrocinador-de-la-dav-en-bremen\/\" \/>\n<meta property=\"og:locale\" content=\"es_ES\" \/>\n<meta property=\"og:type\" content=\"article\" \/>\n<meta property=\"og:title\" content=\"Gebr\u00fcder Weiss se convierte en socio patrocinador de la DAV en Bremen - Loginfo24\" \/>\n<meta property=\"og:description\" content=\"El proveedor internacional de transporte y log\u00edstica Gebr\u00fcder Weiss es el nuevo patrocinador oficial de la Academia Alemana de Comercio Exterior y Transporte (DAV) en Bremen. [\u2026]\" \/>\n<meta property=\"og:url\" content=\"https:\/\/loginfo24.com\/es\/2022\/11\/06\/gebruder-weiss-se-convierte-en-socio-patrocinador-de-la-dav-en-bremen\/\" \/>\n<meta property=\"og:site_name\" content=\"Loginfo24\" \/>\n<meta property=\"article:publisher\" content=\"https:\/\/www.facebook.com\/people\/Loginfo24\/100057360583332\/\" \/>\n<meta property=\"article:published_time\" content=\"2022-11-06T09:43:58+00:00\" \/>\n<meta property=\"og:image\" content=\"https:\/\/loginfo24.com\/wp-content\/uploads\/sites\/7\/2025\/12\/Gebr_Weiss_6.11.22.jpg\" \/>\n\t<meta property=\"og:image:width\" content=\"1281\" \/>\n\t<meta property=\"og:image:height\" content=\"766\" \/>\n\t<meta property=\"og:image:type\" content=\"image\/jpeg\" \/>\n<meta name=\"twitter:card\" content=\"summary_large_image\" \/>\n<meta name=\"twitter:label1\" content=\"Tiempo de lectura\" \/>\n\t<meta name=\"twitter:data1\" content=\"2 minuto\" \/>\n<script type=\"application\/ld+json\" class=\"yoast-schema-graph\">{\"@context\":\"https:\\\/\\\/schema.org\",\"@graph\":[{\"@type\":\"Article\",\"@id\":\"https:\\\/\\\/loginfo24.com\\\/es\\\/2022\\\/11\\\/06\\\/gebruder-weiss-se-convierte-en-socio-patrocinador-de-la-dav-en-bremen\\\/#article\",\"isPartOf\":{\"@id\":\"https:\\\/\\\/loginfo24.com\\\/es\\\/2022\\\/11\\\/06\\\/gebruder-weiss-se-convierte-en-socio-patrocinador-de-la-dav-en-bremen\\\/\"},\"author\":{\"name\":\"\",\"@id\":\"\"},\"headline\":\"Gebr\u00fcder Weiss se convierte en socio patrocinador de la DAV en Bremen\",\"datePublished\":\"2022-11-06T09:43:58+00:00\",\"mainEntityOfPage\":{\"@id\":\"https:\\\/\\\/loginfo24.com\\\/es\\\/2022\\\/11\\\/06\\\/gebruder-weiss-se-convierte-en-socio-patrocinador-de-la-dav-en-bremen\\\/\"},\"wordCount\":453,\"commentCount\":0,\"publisher\":{\"@id\":\"https:\\\/\\\/loginfo24.com\\\/es\\\/#organization\"},\"image\":{\"@id\":\"https:\\\/\\\/loginfo24.com\\\/es\\\/2022\\\/11\\\/06\\\/gebruder-weiss-se-convierte-en-socio-patrocinador-de-la-dav-en-bremen\\\/#primaryimage\"},\"thumbnailUrl\":\"https:\\\/\\\/loginfo24.com\\\/wp-content\\\/uploads\\\/sites\\\/7\\\/2025\\\/12\\\/Gebr_Weiss_6.11.22.jpg\",\"articleSection\":[\"Forwarding &amp; Logistics\",\"Regions\"],\"inLanguage\":\"es\",\"potentialAction\":[{\"@type\":\"CommentAction\",\"name\":\"Comment\",\"target\":[\"https:\\\/\\\/loginfo24.com\\\/es\\\/2022\\\/11\\\/06\\\/gebruder-weiss-se-convierte-en-socio-patrocinador-de-la-dav-en-bremen\\\/#respond\"]}]},{\"@type\":\"WebPage\",\"@id\":\"https:\\\/\\\/loginfo24.com\\\/es\\\/2022\\\/11\\\/06\\\/gebruder-weiss-se-convierte-en-socio-patrocinador-de-la-dav-en-bremen\\\/\",\"url\":\"https:\\\/\\\/loginfo24.com\\\/es\\\/2022\\\/11\\\/06\\\/gebruder-weiss-se-convierte-en-socio-patrocinador-de-la-dav-en-bremen\\\/\",\"name\":\"Gebr\u00fcder Weiss se convierte en socio patrocinador de la DAV en Bremen - Loginfo24\",\"isPartOf\":{\"@id\":\"https:\\\/\\\/loginfo24.com\\\/es\\\/#website\"},\"primaryImageOfPage\":{\"@id\":\"https:\\\/\\\/loginfo24.com\\\/es\\\/2022\\\/11\\\/06\\\/gebruder-weiss-se-convierte-en-socio-patrocinador-de-la-dav-en-bremen\\\/#primaryimage\"},\"image\":{\"@id\":\"https:\\\/\\\/loginfo24.com\\\/es\\\/2022\\\/11\\\/06\\\/gebruder-weiss-se-convierte-en-socio-patrocinador-de-la-dav-en-bremen\\\/#primaryimage\"},\"thumbnailUrl\":\"https:\\\/\\\/loginfo24.com\\\/wp-content\\\/uploads\\\/sites\\\/7\\\/2025\\\/12\\\/Gebr_Weiss_6.11.22.jpg\",\"datePublished\":\"2022-11-06T09:43:58+00:00\",\"breadcrumb\":{\"@id\":\"https:\\\/\\\/loginfo24.com\\\/es\\\/2022\\\/11\\\/06\\\/gebruder-weiss-se-convierte-en-socio-patrocinador-de-la-dav-en-bremen\\\/#breadcrumb\"},\"inLanguage\":\"es\",\"potentialAction\":[{\"@type\":\"ReadAction\",\"target\":[\"https:\\\/\\\/loginfo24.com\\\/es\\\/2022\\\/11\\\/06\\\/gebruder-weiss-se-convierte-en-socio-patrocinador-de-la-dav-en-bremen\\\/\"]}]},{\"@type\":\"ImageObject\",\"inLanguage\":\"es\",\"@id\":\"https:\\\/\\\/loginfo24.com\\\/es\\\/2022\\\/11\\\/06\\\/gebruder-weiss-se-convierte-en-socio-patrocinador-de-la-dav-en-bremen\\\/#primaryimage\",\"url\":\"https:\\\/\\\/loginfo24.com\\\/wp-content\\\/uploads\\\/sites\\\/7\\\/2025\\\/12\\\/Gebr_Weiss_6.11.22.jpg\",\"contentUrl\":\"https:\\\/\\\/loginfo24.com\\\/wp-content\\\/uploads\\\/sites\\\/7\\\/2025\\\/12\\\/Gebr_Weiss_6.11.22.jpg\",\"width\":1281,\"height\":766},{\"@type\":\"BreadcrumbList\",\"@id\":\"https:\\\/\\\/loginfo24.com\\\/es\\\/2022\\\/11\\\/06\\\/gebruder-weiss-se-convierte-en-socio-patrocinador-de-la-dav-en-bremen\\\/#breadcrumb\",\"itemListElement\":[{\"@type\":\"ListItem\",\"position\":1,\"name\":\"Startseite\",\"item\":\"https:\\\/\\\/loginfo24.com\\\/es\\\/\"},{\"@type\":\"ListItem\",\"position\":2,\"name\":\"Gebr\u00fcder Weiss se convierte en socio patrocinador de la DAV en Bremen\"}]},{\"@type\":\"WebSite\",\"@id\":\"https:\\\/\\\/loginfo24.com\\\/es\\\/#website\",\"url\":\"https:\\\/\\\/loginfo24.com\\\/es\\\/\",\"name\":\"Loginfo24\",\"description\":\"Loginfo24 es la plataforma dedicada a la log\u00edstica y las cadenas de suministro con informaci\u00f3n las 24 horas del d\u00eda.\",\"publisher\":{\"@id\":\"https:\\\/\\\/loginfo24.com\\\/es\\\/#organization\"},\"potentialAction\":[{\"@type\":\"SearchAction\",\"target\":{\"@type\":\"EntryPoint\",\"urlTemplate\":\"https:\\\/\\\/loginfo24.com\\\/es\\\/?s={search_term_string}\"},\"query-input\":{\"@type\":\"PropertyValueSpecification\",\"valueRequired\":true,\"valueName\":\"search_term_string\"}}],\"inLanguage\":\"es\"},{\"@type\":\"Organization\",\"@id\":\"https:\\\/\\\/loginfo24.com\\\/es\\\/#organization\",\"name\":\"Grupo Logismedia AG\",\"url\":\"https:\\\/\\\/loginfo24.com\\\/es\\\/\",\"logo\":{\"@type\":\"ImageObject\",\"inLanguage\":\"es\",\"@id\":\"https:\\\/\\\/loginfo24.com\\\/es\\\/#\\\/schema\\\/logo\\\/image\\\/\",\"url\":\"https:\\\/\\\/loginfo24.com\\\/wp-content\\\/uploads\\\/sites\\\/7\\\/2026\\\/01\\\/Logo_LogInfo24.png\",\"contentUrl\":\"https:\\\/\\\/loginfo24.com\\\/wp-content\\\/uploads\\\/sites\\\/7\\\/2026\\\/01\\\/Logo_LogInfo24.png\",\"width\":938,\"height\":351,\"caption\":\"Grupo Logismedia AG\"},\"image\":{\"@id\":\"https:\\\/\\\/loginfo24.com\\\/es\\\/#\\\/schema\\\/logo\\\/image\\\/\"},\"sameAs\":[\"https:\\\/\\\/www.facebook.com\\\/people\\\/Loginfo24\\\/100057360583332\\\/\",\"https:\\\/\\\/www.linkedin.com\\\/company\\\/lofinfo24\\\/\"]}]}<\/script>\n<!-- \/ Yoast SEO plugin. -->","yoast_head_json":{"title":"Gebr\u00fcder Weiss se convierte en socio patrocinador de la DAV en Bremen - Loginfo24","robots":{"index":"index","follow":"follow","max-snippet":"max-snippet:-1","max-image-preview":"max-image-preview:large","max-video-preview":"max-video-preview:-1"},"canonical":"https:\/\/loginfo24.com\/es\/2022\/11\/06\/gebruder-weiss-se-convierte-en-socio-patrocinador-de-la-dav-en-bremen\/","og_locale":"es_ES","og_type":"article","og_title":"Gebr\u00fcder Weiss se convierte en socio patrocinador de la DAV en Bremen - Loginfo24","og_description":"El proveedor internacional de transporte y log\u00edstica Gebr\u00fcder Weiss es el nuevo patrocinador oficial de la Academia Alemana de Comercio Exterior y Transporte (DAV) en Bremen. [\u2026]","og_url":"https:\/\/loginfo24.com\/es\/2022\/11\/06\/gebruder-weiss-se-convierte-en-socio-patrocinador-de-la-dav-en-bremen\/","og_site_name":"Loginfo24","article_publisher":"https:\/\/www.facebook.com\/people\/Loginfo24\/100057360583332\/","article_published_time":"2022-11-06T09:43:58+00:00","og_image":[{"width":1281,"height":766,"url":"https:\/\/loginfo24.com\/wp-content\/uploads\/sites\/7\/2025\/12\/Gebr_Weiss_6.11.22.jpg","type":"image\/jpeg"}],"twitter_card":"summary_large_image","twitter_misc":{"Tiempo de lectura":"2 minuto"},"schema":{"@context":"https:\/\/schema.org","@graph":[{"@type":"Article","@id":"https:\/\/loginfo24.com\/es\/2022\/11\/06\/gebruder-weiss-se-convierte-en-socio-patrocinador-de-la-dav-en-bremen\/#article","isPartOf":{"@id":"https:\/\/loginfo24.com\/es\/2022\/11\/06\/gebruder-weiss-se-convierte-en-socio-patrocinador-de-la-dav-en-bremen\/"},"author":{"name":"","@id":""},"headline":"Gebr\u00fcder Weiss se convierte en socio patrocinador de la DAV en Bremen","datePublished":"2022-11-06T09:43:58+00:00","mainEntityOfPage":{"@id":"https:\/\/loginfo24.com\/es\/2022\/11\/06\/gebruder-weiss-se-convierte-en-socio-patrocinador-de-la-dav-en-bremen\/"},"wordCount":453,"commentCount":0,"publisher":{"@id":"https:\/\/loginfo24.com\/es\/#organization"},"image":{"@id":"https:\/\/loginfo24.com\/es\/2022\/11\/06\/gebruder-weiss-se-convierte-en-socio-patrocinador-de-la-dav-en-bremen\/#primaryimage"},"thumbnailUrl":"https:\/\/loginfo24.com\/wp-content\/uploads\/sites\/7\/2025\/12\/Gebr_Weiss_6.11.22.jpg","articleSection":["Forwarding &amp; Logistics","Regions"],"inLanguage":"es","potentialAction":[{"@type":"CommentAction","name":"Comment","target":["https:\/\/loginfo24.com\/es\/2022\/11\/06\/gebruder-weiss-se-convierte-en-socio-patrocinador-de-la-dav-en-bremen\/#respond"]}]},{"@type":"WebPage","@id":"https:\/\/loginfo24.com\/es\/2022\/11\/06\/gebruder-weiss-se-convierte-en-socio-patrocinador-de-la-dav-en-bremen\/","url":"https:\/\/loginfo24.com\/es\/2022\/11\/06\/gebruder-weiss-se-convierte-en-socio-patrocinador-de-la-dav-en-bremen\/","name":"Gebr\u00fcder Weiss se convierte en socio patrocinador de la DAV en Bremen - Loginfo24","isPartOf":{"@id":"https:\/\/loginfo24.com\/es\/#website"},"primaryImageOfPage":{"@id":"https:\/\/loginfo24.com\/es\/2022\/11\/06\/gebruder-weiss-se-convierte-en-socio-patrocinador-de-la-dav-en-bremen\/#primaryimage"},"image":{"@id":"https:\/\/loginfo24.com\/es\/2022\/11\/06\/gebruder-weiss-se-convierte-en-socio-patrocinador-de-la-dav-en-bremen\/#primaryimage"},"thumbnailUrl":"https:\/\/loginfo24.com\/wp-content\/uploads\/sites\/7\/2025\/12\/Gebr_Weiss_6.11.22.jpg","datePublished":"2022-11-06T09:43:58+00:00","breadcrumb":{"@id":"https:\/\/loginfo24.com\/es\/2022\/11\/06\/gebruder-weiss-se-convierte-en-socio-patrocinador-de-la-dav-en-bremen\/#breadcrumb"},"inLanguage":"es","potentialAction":[{"@type":"ReadAction","target":["https:\/\/loginfo24.com\/es\/2022\/11\/06\/gebruder-weiss-se-convierte-en-socio-patrocinador-de-la-dav-en-bremen\/"]}]},{"@type":"ImageObject","inLanguage":"es","@id":"https:\/\/loginfo24.com\/es\/2022\/11\/06\/gebruder-weiss-se-convierte-en-socio-patrocinador-de-la-dav-en-bremen\/#primaryimage","url":"https:\/\/loginfo24.com\/wp-content\/uploads\/sites\/7\/2025\/12\/Gebr_Weiss_6.11.22.jpg","contentUrl":"https:\/\/loginfo24.com\/wp-content\/uploads\/sites\/7\/2025\/12\/Gebr_Weiss_6.11.22.jpg","width":1281,"height":766},{"@type":"BreadcrumbList","@id":"https:\/\/loginfo24.com\/es\/2022\/11\/06\/gebruder-weiss-se-convierte-en-socio-patrocinador-de-la-dav-en-bremen\/#breadcrumb","itemListElement":[{"@type":"ListItem","position":1,"name":"Startseite","item":"https:\/\/loginfo24.com\/es\/"},{"@type":"ListItem","position":2,"name":"Gebr\u00fcder Weiss se convierte en socio patrocinador de la DAV en Bremen"}]},{"@type":"WebSite","@id":"https:\/\/loginfo24.com\/es\/#website","url":"https:\/\/loginfo24.com\/es\/","name":"Loginfo24","description":"Loginfo24 es la plataforma dedicada a la log\u00edstica y las cadenas de suministro con informaci\u00f3n las 24 horas del d\u00eda.","publisher":{"@id":"https:\/\/loginfo24.com\/es\/#organization"},"potentialAction":[{"@type":"SearchAction","target":{"@type":"EntryPoint","urlTemplate":"https:\/\/loginfo24.com\/es\/?s={search_term_string}"},"query-input":{"@type":"PropertyValueSpecification","valueRequired":true,"valueName":"search_term_string"}}],"inLanguage":"es"},{"@type":"Organization","@id":"https:\/\/loginfo24.com\/es\/#organization","name":"Grupo Logismedia AG","url":"https:\/\/loginfo24.com\/es\/","logo":{"@type":"ImageObject","inLanguage":"es","@id":"https:\/\/loginfo24.com\/es\/#\/schema\/logo\/image\/","url":"https:\/\/loginfo24.com\/wp-content\/uploads\/sites\/7\/2026\/01\/Logo_LogInfo24.png","contentUrl":"https:\/\/loginfo24.com\/wp-content\/uploads\/sites\/7\/2026\/01\/Logo_LogInfo24.png","width":938,"height":351,"caption":"Grupo Logismedia AG"},"image":{"@id":"https:\/\/loginfo24.com\/es\/#\/schema\/logo\/image\/"},"sameAs":["https:\/\/www.facebook.com\/people\/Loginfo24\/100057360583332\/","https:\/\/www.linkedin.com\/company\/lofinfo24\/"]}]}},"_links":{"self":[{"href":"https:\/\/loginfo24.com\/es\/wp-json\/wp\/v2\/posts\/59282","targetHints":{"allow":["GET"]}}],"collection":[{"href":"https:\/\/loginfo24.com\/es\/wp-json\/wp\/v2\/posts"}],"about":[{"href":"https:\/\/loginfo24.com\/es\/wp-json\/wp\/v2\/types\/post"}],"replies":[{"embeddable":true,"href":"https:\/\/loginfo24.com\/es\/wp-json\/wp\/v2\/comments?post=59282"}],"version-history":[{"count":0,"href":"https:\/\/loginfo24.com\/es\/wp-json\/wp\/v2\/posts\/59282\/revisions"}],"wp:featuredmedia":[{"embeddable":true,"href":"https:\/\/loginfo24.com\/es\/wp-json\/wp\/v2\/media\/9046"}],"wp:attachment":[{"href":"https:\/\/loginfo24.com\/es\/wp-json\/wp\/v2\/media?parent=59282"}],"wp:term":[{"taxonomy":"category","embeddable":true,"href":"https:\/\/loginfo24.com\/es\/wp-json\/wp\/v2\/categories?post=59282"},{"taxonomy":"post_tag","embeddable":true,"href":"https:\/\/loginfo24.com\/es\/wp-json\/wp\/v2\/tags?post=59282"}],"curies":[{"name":"wp","href":"https:\/\/api.w.org\/{rel}","templated":true}]}}