{"id":59081,"date":"2022-10-21T14:53:00","date_gmt":"2022-10-21T12:53:00","guid":{"rendered":"https:\/\/blog.brand-architecture.at\/2022\/10\/21\/ralf-heersma-plattner-es-nombrado-director-general-en-grieshaber\/"},"modified":"2022-10-21T14:53:00","modified_gmt":"2022-10-21T12:53:00","slug":"ralf-heersma-plattner-es-nombrado-director-general-en-grieshaber","status":"publish","type":"post","link":"https:\/\/loginfo24.com\/es\/2022\/10\/21\/ralf-heersma-plattner-es-nombrado-director-general-en-grieshaber\/","title":{"rendered":"Ralf Heersma-Plattner es nombrado director general en Grieshaber"},"content":{"rendered":"<h5>Ralf Heersma-Plattner (51) fue nombrado nuevo director general de Transporte y Expedici\u00f3n en Grieshaber Logistik GmbH a partir del 1 de septiembre de 2022. Con esto, la empresa, que el a\u00f1o pasado alcanz\u00f3 por primera vez la marca de 100 millones de euros en ingresos, contin\u00faa con su curso de crecimiento constante.<\/h5>\n<p>(Weingarten) Heersma-Plattner comenz\u00f3 su carrera profesional en la regi\u00f3n: complet\u00f3 una formaci\u00f3n como agente de expedici\u00f3n en C.E Noerpel GmbH en Ravensburg, donde r\u00e1pidamente asumi\u00f3 responsabilidades, siendo su \u00faltimo cargo el de jefe de expedici\u00f3n. Posteriormente, el especialista en transporte trabaj\u00f3 en puestos de liderazgo en grandes empresas de expedici\u00f3n internacionales como Dachser, Andreas Schmid y Hellmann en diversas ubicaciones en Alemania, y ahora regresa a su regi\u00f3n natal.<\/p>\n<h5>Regreso a la regi\u00f3n natal<\/h5>\n<p>\u00abEstoy emocionado de poder impulsar el \u00e1rea de negocio de Transporte y Expedici\u00f3n en Grieshaber con mis a\u00f1os de experiencia\u00bb, enfatiza el gerente de log\u00edstica. El amplio portafolio de servicios abarca el transporte terrestre con una flota propia de alto rendimiento, as\u00ed como el transporte mar\u00edtimo y a\u00e9reo. Esta estrategia de crecimiento seguir\u00e1 siendo objeto de inversi\u00f3n: adem\u00e1s de un nuevo sistema de gesti\u00f3n de transporte, se incluye un nuevo almac\u00e9n de mercanc\u00edas que se pondr\u00e1 en funcionamiento en el cuarto trimestre en la ubicaci\u00f3n de Weingarten. \u00abCon esto, estamos consolidando nuestra fuerte posici\u00f3n en el mercado en la regi\u00f3n de Bodensee-Oberschwaben\u00bb, reafirma el director general. Al mismo tiempo, Grieshaber opera a nivel nacional con sus otros sitios de expedici\u00f3n en Kerpen, Mettmann, D\u00fcsseldorf y Hamburgo como proveedor de servicios log\u00edsticos al lado de sus clientes.<\/p>\n<h5>Direcci\u00f3n completa<\/h5>\n<p>Con Heersma-Plattner, la direcci\u00f3n de la empresa est\u00e1 ahora completa: Roland Futterer (61) sigue siendo responsable de Finanzas, Personal y Servicios; Gregor Schnell (42) contin\u00faa a cargo de Log\u00edstica y Gesti\u00f3n de la Cadena de Suministro.<\/p>\n<p>Foto: \u00a9 Greishaber<\/p>\n","protected":false},"excerpt":{"rendered":"<p>Ralf Heersma-Plattner (51) fue nombrado nuevo director general de Transporte y Expedici\u00f3n en Grieshaber Logistik GmbH a partir del 1 de septiembre de 2022. Con esto,<span class=\"excerpt-hellip\"> [\u2026]<\/span><\/p>\n","protected":false},"author":0,"featured_media":9129,"comment_status":"open","ping_status":"open","sticky":false,"template":"","format":"standard","meta":{"_acf_changed":false,"footnotes":""},"categories":[1557,1556,1561],"tags":[],"class_list":["post-59081","post","type-post","status-publish","format-standard","has-post-thumbnail","hentry","category-forwarding-logistics","category-intermodal-road","category-regions"],"acf":[],"yoast_head":"<!-- This site is optimized with the Yoast SEO plugin v27.3 - https:\/\/yoast.com\/product\/yoast-seo-wordpress\/ -->\n<title>Ralf Heersma-Plattner es nombrado director general en Grieshaber - Loginfo24<\/title>\n<meta name=\"robots\" content=\"index, follow, max-snippet:-1, max-image-preview:large, max-video-preview:-1\" \/>\n<link rel=\"canonical\" href=\"https:\/\/loginfo24.com\/es\/2022\/10\/21\/ralf-heersma-plattner-es-nombrado-director-general-en-grieshaber\/\" \/>\n<meta property=\"og:locale\" content=\"es_ES\" \/>\n<meta property=\"og:type\" content=\"article\" \/>\n<meta property=\"og:title\" content=\"Ralf Heersma-Plattner es nombrado director general en Grieshaber - Loginfo24\" \/>\n<meta property=\"og:description\" content=\"Ralf Heersma-Plattner (51) fue nombrado nuevo director general de Transporte y Expedici\u00f3n en Grieshaber Logistik GmbH a partir del 1 de septiembre de 2022. Con esto, [\u2026]\" \/>\n<meta property=\"og:url\" content=\"https:\/\/loginfo24.com\/es\/2022\/10\/21\/ralf-heersma-plattner-es-nombrado-director-general-en-grieshaber\/\" \/>\n<meta property=\"og:site_name\" content=\"Loginfo24\" \/>\n<meta property=\"article:publisher\" content=\"https:\/\/www.facebook.com\/people\/Loginfo24\/100057360583332\/\" \/>\n<meta property=\"article:published_time\" content=\"2022-10-21T12:53:00+00:00\" \/>\n<meta property=\"og:image\" content=\"https:\/\/loginfo24.com\/wp-content\/uploads\/sites\/7\/2025\/12\/Grieshaber_21.10.22.jpg\" \/>\n\t<meta property=\"og:image:width\" content=\"1265\" \/>\n\t<meta property=\"og:image:height\" content=\"869\" \/>\n\t<meta property=\"og:image:type\" content=\"image\/jpeg\" \/>\n<meta name=\"twitter:card\" content=\"summary_large_image\" \/>\n<meta name=\"twitter:label1\" content=\"Tiempo de lectura\" \/>\n\t<meta name=\"twitter:data1\" content=\"2 minuto\" \/>\n<script type=\"application\/ld+json\" class=\"yoast-schema-graph\">{\"@context\":\"https:\\\/\\\/schema.org\",\"@graph\":[{\"@type\":\"Article\",\"@id\":\"https:\\\/\\\/loginfo24.com\\\/es\\\/2022\\\/10\\\/21\\\/ralf-heersma-plattner-es-nombrado-director-general-en-grieshaber\\\/#article\",\"isPartOf\":{\"@id\":\"https:\\\/\\\/loginfo24.com\\\/es\\\/2022\\\/10\\\/21\\\/ralf-heersma-plattner-es-nombrado-director-general-en-grieshaber\\\/\"},\"author\":{\"name\":\"\",\"@id\":\"\"},\"headline\":\"Ralf Heersma-Plattner es nombrado director general en Grieshaber\",\"datePublished\":\"2022-10-21T12:53:00+00:00\",\"mainEntityOfPage\":{\"@id\":\"https:\\\/\\\/loginfo24.com\\\/es\\\/2022\\\/10\\\/21\\\/ralf-heersma-plattner-es-nombrado-director-general-en-grieshaber\\\/\"},\"wordCount\":337,\"commentCount\":0,\"publisher\":{\"@id\":\"https:\\\/\\\/loginfo24.com\\\/es\\\/#organization\"},\"image\":{\"@id\":\"https:\\\/\\\/loginfo24.com\\\/es\\\/2022\\\/10\\\/21\\\/ralf-heersma-plattner-es-nombrado-director-general-en-grieshaber\\\/#primaryimage\"},\"thumbnailUrl\":\"https:\\\/\\\/loginfo24.com\\\/wp-content\\\/uploads\\\/sites\\\/7\\\/2025\\\/12\\\/Grieshaber_21.10.22.jpg\",\"articleSection\":[\"Forwarding &amp; Logistics\",\"Intermodal \\\/ Road\",\"Regions\"],\"inLanguage\":\"es\",\"potentialAction\":[{\"@type\":\"CommentAction\",\"name\":\"Comment\",\"target\":[\"https:\\\/\\\/loginfo24.com\\\/es\\\/2022\\\/10\\\/21\\\/ralf-heersma-plattner-es-nombrado-director-general-en-grieshaber\\\/#respond\"]}]},{\"@type\":\"WebPage\",\"@id\":\"https:\\\/\\\/loginfo24.com\\\/es\\\/2022\\\/10\\\/21\\\/ralf-heersma-plattner-es-nombrado-director-general-en-grieshaber\\\/\",\"url\":\"https:\\\/\\\/loginfo24.com\\\/es\\\/2022\\\/10\\\/21\\\/ralf-heersma-plattner-es-nombrado-director-general-en-grieshaber\\\/\",\"name\":\"Ralf Heersma-Plattner es nombrado director general en Grieshaber - Loginfo24\",\"isPartOf\":{\"@id\":\"https:\\\/\\\/loginfo24.com\\\/es\\\/#website\"},\"primaryImageOfPage\":{\"@id\":\"https:\\\/\\\/loginfo24.com\\\/es\\\/2022\\\/10\\\/21\\\/ralf-heersma-plattner-es-nombrado-director-general-en-grieshaber\\\/#primaryimage\"},\"image\":{\"@id\":\"https:\\\/\\\/loginfo24.com\\\/es\\\/2022\\\/10\\\/21\\\/ralf-heersma-plattner-es-nombrado-director-general-en-grieshaber\\\/#primaryimage\"},\"thumbnailUrl\":\"https:\\\/\\\/loginfo24.com\\\/wp-content\\\/uploads\\\/sites\\\/7\\\/2025\\\/12\\\/Grieshaber_21.10.22.jpg\",\"datePublished\":\"2022-10-21T12:53:00+00:00\",\"breadcrumb\":{\"@id\":\"https:\\\/\\\/loginfo24.com\\\/es\\\/2022\\\/10\\\/21\\\/ralf-heersma-plattner-es-nombrado-director-general-en-grieshaber\\\/#breadcrumb\"},\"inLanguage\":\"es\",\"potentialAction\":[{\"@type\":\"ReadAction\",\"target\":[\"https:\\\/\\\/loginfo24.com\\\/es\\\/2022\\\/10\\\/21\\\/ralf-heersma-plattner-es-nombrado-director-general-en-grieshaber\\\/\"]}]},{\"@type\":\"ImageObject\",\"inLanguage\":\"es\",\"@id\":\"https:\\\/\\\/loginfo24.com\\\/es\\\/2022\\\/10\\\/21\\\/ralf-heersma-plattner-es-nombrado-director-general-en-grieshaber\\\/#primaryimage\",\"url\":\"https:\\\/\\\/loginfo24.com\\\/wp-content\\\/uploads\\\/sites\\\/7\\\/2025\\\/12\\\/Grieshaber_21.10.22.jpg\",\"contentUrl\":\"https:\\\/\\\/loginfo24.com\\\/wp-content\\\/uploads\\\/sites\\\/7\\\/2025\\\/12\\\/Grieshaber_21.10.22.jpg\",\"width\":1265,\"height\":869},{\"@type\":\"BreadcrumbList\",\"@id\":\"https:\\\/\\\/loginfo24.com\\\/es\\\/2022\\\/10\\\/21\\\/ralf-heersma-plattner-es-nombrado-director-general-en-grieshaber\\\/#breadcrumb\",\"itemListElement\":[{\"@type\":\"ListItem\",\"position\":1,\"name\":\"Startseite\",\"item\":\"https:\\\/\\\/loginfo24.com\\\/es\\\/\"},{\"@type\":\"ListItem\",\"position\":2,\"name\":\"Ralf Heersma-Plattner es nombrado director general en Grieshaber\"}]},{\"@type\":\"WebSite\",\"@id\":\"https:\\\/\\\/loginfo24.com\\\/es\\\/#website\",\"url\":\"https:\\\/\\\/loginfo24.com\\\/es\\\/\",\"name\":\"Loginfo24\",\"description\":\"Loginfo24 es la plataforma dedicada a la log\u00edstica y las cadenas de suministro con informaci\u00f3n las 24 horas del d\u00eda.\",\"publisher\":{\"@id\":\"https:\\\/\\\/loginfo24.com\\\/es\\\/#organization\"},\"potentialAction\":[{\"@type\":\"SearchAction\",\"target\":{\"@type\":\"EntryPoint\",\"urlTemplate\":\"https:\\\/\\\/loginfo24.com\\\/es\\\/?s={search_term_string}\"},\"query-input\":{\"@type\":\"PropertyValueSpecification\",\"valueRequired\":true,\"valueName\":\"search_term_string\"}}],\"inLanguage\":\"es\"},{\"@type\":\"Organization\",\"@id\":\"https:\\\/\\\/loginfo24.com\\\/es\\\/#organization\",\"name\":\"Grupo Logismedia AG\",\"url\":\"https:\\\/\\\/loginfo24.com\\\/es\\\/\",\"logo\":{\"@type\":\"ImageObject\",\"inLanguage\":\"es\",\"@id\":\"https:\\\/\\\/loginfo24.com\\\/es\\\/#\\\/schema\\\/logo\\\/image\\\/\",\"url\":\"https:\\\/\\\/loginfo24.com\\\/wp-content\\\/uploads\\\/sites\\\/7\\\/2026\\\/01\\\/Logo_LogInfo24.png\",\"contentUrl\":\"https:\\\/\\\/loginfo24.com\\\/wp-content\\\/uploads\\\/sites\\\/7\\\/2026\\\/01\\\/Logo_LogInfo24.png\",\"width\":938,\"height\":351,\"caption\":\"Grupo Logismedia AG\"},\"image\":{\"@id\":\"https:\\\/\\\/loginfo24.com\\\/es\\\/#\\\/schema\\\/logo\\\/image\\\/\"},\"sameAs\":[\"https:\\\/\\\/www.facebook.com\\\/people\\\/Loginfo24\\\/100057360583332\\\/\",\"https:\\\/\\\/www.linkedin.com\\\/company\\\/lofinfo24\\\/\"]}]}<\/script>\n<!-- \/ Yoast SEO plugin. -->","yoast_head_json":{"title":"Ralf Heersma-Plattner es nombrado director general en Grieshaber - Loginfo24","robots":{"index":"index","follow":"follow","max-snippet":"max-snippet:-1","max-image-preview":"max-image-preview:large","max-video-preview":"max-video-preview:-1"},"canonical":"https:\/\/loginfo24.com\/es\/2022\/10\/21\/ralf-heersma-plattner-es-nombrado-director-general-en-grieshaber\/","og_locale":"es_ES","og_type":"article","og_title":"Ralf Heersma-Plattner es nombrado director general en Grieshaber - Loginfo24","og_description":"Ralf Heersma-Plattner (51) fue nombrado nuevo director general de Transporte y Expedici\u00f3n en Grieshaber Logistik GmbH a partir del 1 de septiembre de 2022. Con esto, [\u2026]","og_url":"https:\/\/loginfo24.com\/es\/2022\/10\/21\/ralf-heersma-plattner-es-nombrado-director-general-en-grieshaber\/","og_site_name":"Loginfo24","article_publisher":"https:\/\/www.facebook.com\/people\/Loginfo24\/100057360583332\/","article_published_time":"2022-10-21T12:53:00+00:00","og_image":[{"width":1265,"height":869,"url":"https:\/\/loginfo24.com\/wp-content\/uploads\/sites\/7\/2025\/12\/Grieshaber_21.10.22.jpg","type":"image\/jpeg"}],"twitter_card":"summary_large_image","twitter_misc":{"Tiempo de lectura":"2 minuto"},"schema":{"@context":"https:\/\/schema.org","@graph":[{"@type":"Article","@id":"https:\/\/loginfo24.com\/es\/2022\/10\/21\/ralf-heersma-plattner-es-nombrado-director-general-en-grieshaber\/#article","isPartOf":{"@id":"https:\/\/loginfo24.com\/es\/2022\/10\/21\/ralf-heersma-plattner-es-nombrado-director-general-en-grieshaber\/"},"author":{"name":"","@id":""},"headline":"Ralf Heersma-Plattner es nombrado director general en Grieshaber","datePublished":"2022-10-21T12:53:00+00:00","mainEntityOfPage":{"@id":"https:\/\/loginfo24.com\/es\/2022\/10\/21\/ralf-heersma-plattner-es-nombrado-director-general-en-grieshaber\/"},"wordCount":337,"commentCount":0,"publisher":{"@id":"https:\/\/loginfo24.com\/es\/#organization"},"image":{"@id":"https:\/\/loginfo24.com\/es\/2022\/10\/21\/ralf-heersma-plattner-es-nombrado-director-general-en-grieshaber\/#primaryimage"},"thumbnailUrl":"https:\/\/loginfo24.com\/wp-content\/uploads\/sites\/7\/2025\/12\/Grieshaber_21.10.22.jpg","articleSection":["Forwarding &amp; Logistics","Intermodal \/ Road","Regions"],"inLanguage":"es","potentialAction":[{"@type":"CommentAction","name":"Comment","target":["https:\/\/loginfo24.com\/es\/2022\/10\/21\/ralf-heersma-plattner-es-nombrado-director-general-en-grieshaber\/#respond"]}]},{"@type":"WebPage","@id":"https:\/\/loginfo24.com\/es\/2022\/10\/21\/ralf-heersma-plattner-es-nombrado-director-general-en-grieshaber\/","url":"https:\/\/loginfo24.com\/es\/2022\/10\/21\/ralf-heersma-plattner-es-nombrado-director-general-en-grieshaber\/","name":"Ralf Heersma-Plattner es nombrado director general en Grieshaber - Loginfo24","isPartOf":{"@id":"https:\/\/loginfo24.com\/es\/#website"},"primaryImageOfPage":{"@id":"https:\/\/loginfo24.com\/es\/2022\/10\/21\/ralf-heersma-plattner-es-nombrado-director-general-en-grieshaber\/#primaryimage"},"image":{"@id":"https:\/\/loginfo24.com\/es\/2022\/10\/21\/ralf-heersma-plattner-es-nombrado-director-general-en-grieshaber\/#primaryimage"},"thumbnailUrl":"https:\/\/loginfo24.com\/wp-content\/uploads\/sites\/7\/2025\/12\/Grieshaber_21.10.22.jpg","datePublished":"2022-10-21T12:53:00+00:00","breadcrumb":{"@id":"https:\/\/loginfo24.com\/es\/2022\/10\/21\/ralf-heersma-plattner-es-nombrado-director-general-en-grieshaber\/#breadcrumb"},"inLanguage":"es","potentialAction":[{"@type":"ReadAction","target":["https:\/\/loginfo24.com\/es\/2022\/10\/21\/ralf-heersma-plattner-es-nombrado-director-general-en-grieshaber\/"]}]},{"@type":"ImageObject","inLanguage":"es","@id":"https:\/\/loginfo24.com\/es\/2022\/10\/21\/ralf-heersma-plattner-es-nombrado-director-general-en-grieshaber\/#primaryimage","url":"https:\/\/loginfo24.com\/wp-content\/uploads\/sites\/7\/2025\/12\/Grieshaber_21.10.22.jpg","contentUrl":"https:\/\/loginfo24.com\/wp-content\/uploads\/sites\/7\/2025\/12\/Grieshaber_21.10.22.jpg","width":1265,"height":869},{"@type":"BreadcrumbList","@id":"https:\/\/loginfo24.com\/es\/2022\/10\/21\/ralf-heersma-plattner-es-nombrado-director-general-en-grieshaber\/#breadcrumb","itemListElement":[{"@type":"ListItem","position":1,"name":"Startseite","item":"https:\/\/loginfo24.com\/es\/"},{"@type":"ListItem","position":2,"name":"Ralf Heersma-Plattner es nombrado director general en Grieshaber"}]},{"@type":"WebSite","@id":"https:\/\/loginfo24.com\/es\/#website","url":"https:\/\/loginfo24.com\/es\/","name":"Loginfo24","description":"Loginfo24 es la plataforma dedicada a la log\u00edstica y las cadenas de suministro con informaci\u00f3n las 24 horas del d\u00eda.","publisher":{"@id":"https:\/\/loginfo24.com\/es\/#organization"},"potentialAction":[{"@type":"SearchAction","target":{"@type":"EntryPoint","urlTemplate":"https:\/\/loginfo24.com\/es\/?s={search_term_string}"},"query-input":{"@type":"PropertyValueSpecification","valueRequired":true,"valueName":"search_term_string"}}],"inLanguage":"es"},{"@type":"Organization","@id":"https:\/\/loginfo24.com\/es\/#organization","name":"Grupo Logismedia AG","url":"https:\/\/loginfo24.com\/es\/","logo":{"@type":"ImageObject","inLanguage":"es","@id":"https:\/\/loginfo24.com\/es\/#\/schema\/logo\/image\/","url":"https:\/\/loginfo24.com\/wp-content\/uploads\/sites\/7\/2026\/01\/Logo_LogInfo24.png","contentUrl":"https:\/\/loginfo24.com\/wp-content\/uploads\/sites\/7\/2026\/01\/Logo_LogInfo24.png","width":938,"height":351,"caption":"Grupo Logismedia AG"},"image":{"@id":"https:\/\/loginfo24.com\/es\/#\/schema\/logo\/image\/"},"sameAs":["https:\/\/www.facebook.com\/people\/Loginfo24\/100057360583332\/","https:\/\/www.linkedin.com\/company\/lofinfo24\/"]}]}},"_links":{"self":[{"href":"https:\/\/loginfo24.com\/es\/wp-json\/wp\/v2\/posts\/59081","targetHints":{"allow":["GET"]}}],"collection":[{"href":"https:\/\/loginfo24.com\/es\/wp-json\/wp\/v2\/posts"}],"about":[{"href":"https:\/\/loginfo24.com\/es\/wp-json\/wp\/v2\/types\/post"}],"replies":[{"embeddable":true,"href":"https:\/\/loginfo24.com\/es\/wp-json\/wp\/v2\/comments?post=59081"}],"version-history":[{"count":0,"href":"https:\/\/loginfo24.com\/es\/wp-json\/wp\/v2\/posts\/59081\/revisions"}],"wp:featuredmedia":[{"embeddable":true,"href":"https:\/\/loginfo24.com\/es\/wp-json\/wp\/v2\/media\/9129"}],"wp:attachment":[{"href":"https:\/\/loginfo24.com\/es\/wp-json\/wp\/v2\/media?parent=59081"}],"wp:term":[{"taxonomy":"category","embeddable":true,"href":"https:\/\/loginfo24.com\/es\/wp-json\/wp\/v2\/categories?post=59081"},{"taxonomy":"post_tag","embeddable":true,"href":"https:\/\/loginfo24.com\/es\/wp-json\/wp\/v2\/tags?post=59081"}],"curies":[{"name":"wp","href":"https:\/\/api.w.org\/{rel}","templated":true}]}}