{"id":58671,"date":"2022-09-25T19:55:10","date_gmt":"2022-09-25T17:55:10","guid":{"rendered":"https:\/\/blog.brand-architecture.at\/2022\/09\/25\/rheincargo-la-grua-del-puerto-en-neuss-sera-desmantelada-y-reciclada\/"},"modified":"2022-09-25T19:55:10","modified_gmt":"2022-09-25T17:55:10","slug":"rheincargo-la-grua-del-puerto-en-neuss-sera-desmantelada-y-reciclada","status":"publish","type":"post","link":"https:\/\/loginfo24.com\/es\/2022\/09\/25\/rheincargo-la-grua-del-puerto-en-neuss-sera-desmantelada-y-reciclada\/","title":{"rendered":"RheinCargo: La gr\u00faa del puerto en Neuss ser\u00e1 desmantelada y reciclada"},"content":{"rendered":"<h5><strong>Conservar recursos y proteger el medio ambiente: este principio es defendido por el proveedor de log\u00edstica RheinCargo con sus soluciones de transporte y manipulaci\u00f3n flexibles a trav\u00e9s de la v\u00eda y en el puerto interior. Tambi\u00e9n en el tema del reciclaje, la empresa sigue caminos sostenibles, como demuestra el \u00faltimo ejemplo: una gr\u00faa obsoleta en el puerto de Neuss ha sido desmantelada y reintegrada al ciclo de productos para la producci\u00f3n de acero.<\/strong><\/h5>\n<p>(Neuss) La buena pieza ya ten\u00eda algunos a\u00f1os: la gr\u00faa 20 en el muelle 4 del puerto de Neuss fue construida en 1975 y, desde entonces, ha manejado millones de toneladas de piensos y acero. Sin embargo, los requisitos de manipulaci\u00f3n se han vuelto significativamente m\u00e1s complejos. \u00abDada la necesidad de mantenimiento recurrente, hemos decidido desmantelar la gr\u00faa y reemplazarla por una nueva instalaci\u00f3n de cintas transportadoras\u00bb, explica Lukas Klippel, jefe del \u00e1rea portuaria.<\/p>\n<p>En el lugar, el coloso fue desmantelado por una empresa local y reintegrado a la econom\u00eda circular. El acero es el material m\u00e1s reciclado en Alemania. La reutilizaci\u00f3n ahorra, en comparaci\u00f3n con la producci\u00f3n a partir de minerales, una gran cantidad de emisiones de CO2. Investigadores del Instituto Fraunhofer han descubierto que la industria del acero ahorra 4,3 toneladas de CO2 en la producci\u00f3n al utilizar una tonelada de chatarra reciclada de acero inoxidable (fuente: Center for Economics of Materials CEM).<\/p>\n<p>En lugar de la gr\u00faa 20, se ha instalado ahora una cinta transportadora. Esta est\u00e1 conectada a otras dos instalaciones de gr\u00faas que, al igual que la gr\u00faa desmantelada, se operaban de forma aislada hasta ahora. \u00abEn lugar de soluciones aisladas, el sistema ahora opera de manera integrada, lo que tambi\u00e9n proporciona una seguridad en caso de fallos\u00bb, dice Lukas Klippel.<\/p>\n<p>Foto: \u00a9 RheinCargo \/ <strong><em>Descripci\u00f3n de la imagen:<\/em><\/strong><em> En el muelle 4 de Neuss, la gr\u00faa 20 fue desmantelada y la chatarra de acero fue reintegrada al ciclo de productos.<\/em><\/p>\n","protected":false},"excerpt":{"rendered":"<p>Conservar recursos y proteger el medio ambiente: este principio es defendido por el proveedor de log\u00edstica RheinCargo con sus soluciones de transporte y manipulaci\u00f3n flexibles a<span class=\"excerpt-hellip\"> [\u2026]<\/span><\/p>\n","protected":false},"author":0,"featured_media":9298,"comment_status":"open","ping_status":"open","sticky":false,"template":"","format":"standard","meta":{"_acf_changed":false,"footnotes":""},"categories":[1665,1557,1561],"tags":[],"class_list":["post-58671","post","type-post","status-publish","format-standard","has-post-thumbnail","hentry","category-categories","category-forwarding-logistics","category-regions"],"acf":[],"yoast_head":"<!-- This site is optimized with the Yoast SEO plugin v27.3 - https:\/\/yoast.com\/product\/yoast-seo-wordpress\/ -->\n<title>RheinCargo: La gr\u00faa del puerto en Neuss ser\u00e1 desmantelada y reciclada - Loginfo24<\/title>\n<meta name=\"robots\" content=\"index, follow, max-snippet:-1, max-image-preview:large, max-video-preview:-1\" \/>\n<link rel=\"canonical\" href=\"https:\/\/loginfo24.com\/es\/2022\/09\/25\/rheincargo-la-grua-del-puerto-en-neuss-sera-desmantelada-y-reciclada\/\" \/>\n<meta property=\"og:locale\" content=\"es_ES\" \/>\n<meta property=\"og:type\" content=\"article\" \/>\n<meta property=\"og:title\" content=\"RheinCargo: La gr\u00faa del puerto en Neuss ser\u00e1 desmantelada y reciclada - Loginfo24\" \/>\n<meta property=\"og:description\" content=\"Conservar recursos y proteger el medio ambiente: este principio es defendido por el proveedor de log\u00edstica RheinCargo con sus soluciones de transporte y manipulaci\u00f3n flexibles a [\u2026]\" \/>\n<meta property=\"og:url\" content=\"https:\/\/loginfo24.com\/es\/2022\/09\/25\/rheincargo-la-grua-del-puerto-en-neuss-sera-desmantelada-y-reciclada\/\" \/>\n<meta property=\"og:site_name\" content=\"Loginfo24\" \/>\n<meta property=\"article:publisher\" content=\"https:\/\/www.facebook.com\/people\/Loginfo24\/100057360583332\/\" \/>\n<meta property=\"article:published_time\" content=\"2022-09-25T17:55:10+00:00\" \/>\n<meta property=\"og:image\" content=\"https:\/\/loginfo24.com\/wp-content\/uploads\/sites\/7\/2025\/12\/RheinCargo_25.09.2022.jpg\" \/>\n\t<meta property=\"og:image:width\" content=\"913\" \/>\n\t<meta property=\"og:image:height\" content=\"661\" \/>\n\t<meta property=\"og:image:type\" content=\"image\/jpeg\" \/>\n<meta name=\"twitter:card\" content=\"summary_large_image\" \/>\n<meta name=\"twitter:label1\" content=\"Tiempo de lectura\" \/>\n\t<meta name=\"twitter:data1\" content=\"2 minuto\" \/>\n<script type=\"application\/ld+json\" class=\"yoast-schema-graph\">{\"@context\":\"https:\\\/\\\/schema.org\",\"@graph\":[{\"@type\":\"Article\",\"@id\":\"https:\\\/\\\/loginfo24.com\\\/es\\\/2022\\\/09\\\/25\\\/rheincargo-la-grua-del-puerto-en-neuss-sera-desmantelada-y-reciclada\\\/#article\",\"isPartOf\":{\"@id\":\"https:\\\/\\\/loginfo24.com\\\/es\\\/2022\\\/09\\\/25\\\/rheincargo-la-grua-del-puerto-en-neuss-sera-desmantelada-y-reciclada\\\/\"},\"author\":{\"name\":\"\",\"@id\":\"\"},\"headline\":\"RheinCargo: La gr\u00faa del puerto en Neuss ser\u00e1 desmantelada y reciclada\",\"datePublished\":\"2022-09-25T17:55:10+00:00\",\"mainEntityOfPage\":{\"@id\":\"https:\\\/\\\/loginfo24.com\\\/es\\\/2022\\\/09\\\/25\\\/rheincargo-la-grua-del-puerto-en-neuss-sera-desmantelada-y-reciclada\\\/\"},\"wordCount\":348,\"commentCount\":0,\"publisher\":{\"@id\":\"https:\\\/\\\/loginfo24.com\\\/es\\\/#organization\"},\"image\":{\"@id\":\"https:\\\/\\\/loginfo24.com\\\/es\\\/2022\\\/09\\\/25\\\/rheincargo-la-grua-del-puerto-en-neuss-sera-desmantelada-y-reciclada\\\/#primaryimage\"},\"thumbnailUrl\":\"https:\\\/\\\/loginfo24.com\\\/wp-content\\\/uploads\\\/sites\\\/7\\\/2025\\\/12\\\/RheinCargo_25.09.2022.jpg\",\"articleSection\":[\"Categories\",\"Forwarding &amp; Logistics\",\"Regions\"],\"inLanguage\":\"es\",\"potentialAction\":[{\"@type\":\"CommentAction\",\"name\":\"Comment\",\"target\":[\"https:\\\/\\\/loginfo24.com\\\/es\\\/2022\\\/09\\\/25\\\/rheincargo-la-grua-del-puerto-en-neuss-sera-desmantelada-y-reciclada\\\/#respond\"]}]},{\"@type\":\"WebPage\",\"@id\":\"https:\\\/\\\/loginfo24.com\\\/es\\\/2022\\\/09\\\/25\\\/rheincargo-la-grua-del-puerto-en-neuss-sera-desmantelada-y-reciclada\\\/\",\"url\":\"https:\\\/\\\/loginfo24.com\\\/es\\\/2022\\\/09\\\/25\\\/rheincargo-la-grua-del-puerto-en-neuss-sera-desmantelada-y-reciclada\\\/\",\"name\":\"RheinCargo: La gr\u00faa del puerto en Neuss ser\u00e1 desmantelada y reciclada - Loginfo24\",\"isPartOf\":{\"@id\":\"https:\\\/\\\/loginfo24.com\\\/es\\\/#website\"},\"primaryImageOfPage\":{\"@id\":\"https:\\\/\\\/loginfo24.com\\\/es\\\/2022\\\/09\\\/25\\\/rheincargo-la-grua-del-puerto-en-neuss-sera-desmantelada-y-reciclada\\\/#primaryimage\"},\"image\":{\"@id\":\"https:\\\/\\\/loginfo24.com\\\/es\\\/2022\\\/09\\\/25\\\/rheincargo-la-grua-del-puerto-en-neuss-sera-desmantelada-y-reciclada\\\/#primaryimage\"},\"thumbnailUrl\":\"https:\\\/\\\/loginfo24.com\\\/wp-content\\\/uploads\\\/sites\\\/7\\\/2025\\\/12\\\/RheinCargo_25.09.2022.jpg\",\"datePublished\":\"2022-09-25T17:55:10+00:00\",\"breadcrumb\":{\"@id\":\"https:\\\/\\\/loginfo24.com\\\/es\\\/2022\\\/09\\\/25\\\/rheincargo-la-grua-del-puerto-en-neuss-sera-desmantelada-y-reciclada\\\/#breadcrumb\"},\"inLanguage\":\"es\",\"potentialAction\":[{\"@type\":\"ReadAction\",\"target\":[\"https:\\\/\\\/loginfo24.com\\\/es\\\/2022\\\/09\\\/25\\\/rheincargo-la-grua-del-puerto-en-neuss-sera-desmantelada-y-reciclada\\\/\"]}]},{\"@type\":\"ImageObject\",\"inLanguage\":\"es\",\"@id\":\"https:\\\/\\\/loginfo24.com\\\/es\\\/2022\\\/09\\\/25\\\/rheincargo-la-grua-del-puerto-en-neuss-sera-desmantelada-y-reciclada\\\/#primaryimage\",\"url\":\"https:\\\/\\\/loginfo24.com\\\/wp-content\\\/uploads\\\/sites\\\/7\\\/2025\\\/12\\\/RheinCargo_25.09.2022.jpg\",\"contentUrl\":\"https:\\\/\\\/loginfo24.com\\\/wp-content\\\/uploads\\\/sites\\\/7\\\/2025\\\/12\\\/RheinCargo_25.09.2022.jpg\",\"width\":913,\"height\":661},{\"@type\":\"BreadcrumbList\",\"@id\":\"https:\\\/\\\/loginfo24.com\\\/es\\\/2022\\\/09\\\/25\\\/rheincargo-la-grua-del-puerto-en-neuss-sera-desmantelada-y-reciclada\\\/#breadcrumb\",\"itemListElement\":[{\"@type\":\"ListItem\",\"position\":1,\"name\":\"Startseite\",\"item\":\"https:\\\/\\\/loginfo24.com\\\/es\\\/\"},{\"@type\":\"ListItem\",\"position\":2,\"name\":\"RheinCargo: La gr\u00faa del puerto en Neuss ser\u00e1 desmantelada y reciclada\"}]},{\"@type\":\"WebSite\",\"@id\":\"https:\\\/\\\/loginfo24.com\\\/es\\\/#website\",\"url\":\"https:\\\/\\\/loginfo24.com\\\/es\\\/\",\"name\":\"Loginfo24\",\"description\":\"Loginfo24 es la plataforma dedicada a la log\u00edstica y las cadenas de suministro con informaci\u00f3n las 24 horas del d\u00eda.\",\"publisher\":{\"@id\":\"https:\\\/\\\/loginfo24.com\\\/es\\\/#organization\"},\"potentialAction\":[{\"@type\":\"SearchAction\",\"target\":{\"@type\":\"EntryPoint\",\"urlTemplate\":\"https:\\\/\\\/loginfo24.com\\\/es\\\/?s={search_term_string}\"},\"query-input\":{\"@type\":\"PropertyValueSpecification\",\"valueRequired\":true,\"valueName\":\"search_term_string\"}}],\"inLanguage\":\"es\"},{\"@type\":\"Organization\",\"@id\":\"https:\\\/\\\/loginfo24.com\\\/es\\\/#organization\",\"name\":\"Grupo Logismedia AG\",\"url\":\"https:\\\/\\\/loginfo24.com\\\/es\\\/\",\"logo\":{\"@type\":\"ImageObject\",\"inLanguage\":\"es\",\"@id\":\"https:\\\/\\\/loginfo24.com\\\/es\\\/#\\\/schema\\\/logo\\\/image\\\/\",\"url\":\"https:\\\/\\\/loginfo24.com\\\/wp-content\\\/uploads\\\/sites\\\/7\\\/2026\\\/01\\\/Logo_LogInfo24.png\",\"contentUrl\":\"https:\\\/\\\/loginfo24.com\\\/wp-content\\\/uploads\\\/sites\\\/7\\\/2026\\\/01\\\/Logo_LogInfo24.png\",\"width\":938,\"height\":351,\"caption\":\"Grupo Logismedia AG\"},\"image\":{\"@id\":\"https:\\\/\\\/loginfo24.com\\\/es\\\/#\\\/schema\\\/logo\\\/image\\\/\"},\"sameAs\":[\"https:\\\/\\\/www.facebook.com\\\/people\\\/Loginfo24\\\/100057360583332\\\/\",\"https:\\\/\\\/www.linkedin.com\\\/company\\\/lofinfo24\\\/\"]}]}<\/script>\n<!-- \/ Yoast SEO plugin. -->","yoast_head_json":{"title":"RheinCargo: La gr\u00faa del puerto en Neuss ser\u00e1 desmantelada y reciclada - Loginfo24","robots":{"index":"index","follow":"follow","max-snippet":"max-snippet:-1","max-image-preview":"max-image-preview:large","max-video-preview":"max-video-preview:-1"},"canonical":"https:\/\/loginfo24.com\/es\/2022\/09\/25\/rheincargo-la-grua-del-puerto-en-neuss-sera-desmantelada-y-reciclada\/","og_locale":"es_ES","og_type":"article","og_title":"RheinCargo: La gr\u00faa del puerto en Neuss ser\u00e1 desmantelada y reciclada - Loginfo24","og_description":"Conservar recursos y proteger el medio ambiente: este principio es defendido por el proveedor de log\u00edstica RheinCargo con sus soluciones de transporte y manipulaci\u00f3n flexibles a [\u2026]","og_url":"https:\/\/loginfo24.com\/es\/2022\/09\/25\/rheincargo-la-grua-del-puerto-en-neuss-sera-desmantelada-y-reciclada\/","og_site_name":"Loginfo24","article_publisher":"https:\/\/www.facebook.com\/people\/Loginfo24\/100057360583332\/","article_published_time":"2022-09-25T17:55:10+00:00","og_image":[{"width":913,"height":661,"url":"https:\/\/loginfo24.com\/wp-content\/uploads\/sites\/7\/2025\/12\/RheinCargo_25.09.2022.jpg","type":"image\/jpeg"}],"twitter_card":"summary_large_image","twitter_misc":{"Tiempo de lectura":"2 minuto"},"schema":{"@context":"https:\/\/schema.org","@graph":[{"@type":"Article","@id":"https:\/\/loginfo24.com\/es\/2022\/09\/25\/rheincargo-la-grua-del-puerto-en-neuss-sera-desmantelada-y-reciclada\/#article","isPartOf":{"@id":"https:\/\/loginfo24.com\/es\/2022\/09\/25\/rheincargo-la-grua-del-puerto-en-neuss-sera-desmantelada-y-reciclada\/"},"author":{"name":"","@id":""},"headline":"RheinCargo: La gr\u00faa del puerto en Neuss ser\u00e1 desmantelada y reciclada","datePublished":"2022-09-25T17:55:10+00:00","mainEntityOfPage":{"@id":"https:\/\/loginfo24.com\/es\/2022\/09\/25\/rheincargo-la-grua-del-puerto-en-neuss-sera-desmantelada-y-reciclada\/"},"wordCount":348,"commentCount":0,"publisher":{"@id":"https:\/\/loginfo24.com\/es\/#organization"},"image":{"@id":"https:\/\/loginfo24.com\/es\/2022\/09\/25\/rheincargo-la-grua-del-puerto-en-neuss-sera-desmantelada-y-reciclada\/#primaryimage"},"thumbnailUrl":"https:\/\/loginfo24.com\/wp-content\/uploads\/sites\/7\/2025\/12\/RheinCargo_25.09.2022.jpg","articleSection":["Categories","Forwarding &amp; Logistics","Regions"],"inLanguage":"es","potentialAction":[{"@type":"CommentAction","name":"Comment","target":["https:\/\/loginfo24.com\/es\/2022\/09\/25\/rheincargo-la-grua-del-puerto-en-neuss-sera-desmantelada-y-reciclada\/#respond"]}]},{"@type":"WebPage","@id":"https:\/\/loginfo24.com\/es\/2022\/09\/25\/rheincargo-la-grua-del-puerto-en-neuss-sera-desmantelada-y-reciclada\/","url":"https:\/\/loginfo24.com\/es\/2022\/09\/25\/rheincargo-la-grua-del-puerto-en-neuss-sera-desmantelada-y-reciclada\/","name":"RheinCargo: La gr\u00faa del puerto en Neuss ser\u00e1 desmantelada y reciclada - Loginfo24","isPartOf":{"@id":"https:\/\/loginfo24.com\/es\/#website"},"primaryImageOfPage":{"@id":"https:\/\/loginfo24.com\/es\/2022\/09\/25\/rheincargo-la-grua-del-puerto-en-neuss-sera-desmantelada-y-reciclada\/#primaryimage"},"image":{"@id":"https:\/\/loginfo24.com\/es\/2022\/09\/25\/rheincargo-la-grua-del-puerto-en-neuss-sera-desmantelada-y-reciclada\/#primaryimage"},"thumbnailUrl":"https:\/\/loginfo24.com\/wp-content\/uploads\/sites\/7\/2025\/12\/RheinCargo_25.09.2022.jpg","datePublished":"2022-09-25T17:55:10+00:00","breadcrumb":{"@id":"https:\/\/loginfo24.com\/es\/2022\/09\/25\/rheincargo-la-grua-del-puerto-en-neuss-sera-desmantelada-y-reciclada\/#breadcrumb"},"inLanguage":"es","potentialAction":[{"@type":"ReadAction","target":["https:\/\/loginfo24.com\/es\/2022\/09\/25\/rheincargo-la-grua-del-puerto-en-neuss-sera-desmantelada-y-reciclada\/"]}]},{"@type":"ImageObject","inLanguage":"es","@id":"https:\/\/loginfo24.com\/es\/2022\/09\/25\/rheincargo-la-grua-del-puerto-en-neuss-sera-desmantelada-y-reciclada\/#primaryimage","url":"https:\/\/loginfo24.com\/wp-content\/uploads\/sites\/7\/2025\/12\/RheinCargo_25.09.2022.jpg","contentUrl":"https:\/\/loginfo24.com\/wp-content\/uploads\/sites\/7\/2025\/12\/RheinCargo_25.09.2022.jpg","width":913,"height":661},{"@type":"BreadcrumbList","@id":"https:\/\/loginfo24.com\/es\/2022\/09\/25\/rheincargo-la-grua-del-puerto-en-neuss-sera-desmantelada-y-reciclada\/#breadcrumb","itemListElement":[{"@type":"ListItem","position":1,"name":"Startseite","item":"https:\/\/loginfo24.com\/es\/"},{"@type":"ListItem","position":2,"name":"RheinCargo: La gr\u00faa del puerto en Neuss ser\u00e1 desmantelada y reciclada"}]},{"@type":"WebSite","@id":"https:\/\/loginfo24.com\/es\/#website","url":"https:\/\/loginfo24.com\/es\/","name":"Loginfo24","description":"Loginfo24 es la plataforma dedicada a la log\u00edstica y las cadenas de suministro con informaci\u00f3n las 24 horas del d\u00eda.","publisher":{"@id":"https:\/\/loginfo24.com\/es\/#organization"},"potentialAction":[{"@type":"SearchAction","target":{"@type":"EntryPoint","urlTemplate":"https:\/\/loginfo24.com\/es\/?s={search_term_string}"},"query-input":{"@type":"PropertyValueSpecification","valueRequired":true,"valueName":"search_term_string"}}],"inLanguage":"es"},{"@type":"Organization","@id":"https:\/\/loginfo24.com\/es\/#organization","name":"Grupo Logismedia AG","url":"https:\/\/loginfo24.com\/es\/","logo":{"@type":"ImageObject","inLanguage":"es","@id":"https:\/\/loginfo24.com\/es\/#\/schema\/logo\/image\/","url":"https:\/\/loginfo24.com\/wp-content\/uploads\/sites\/7\/2026\/01\/Logo_LogInfo24.png","contentUrl":"https:\/\/loginfo24.com\/wp-content\/uploads\/sites\/7\/2026\/01\/Logo_LogInfo24.png","width":938,"height":351,"caption":"Grupo Logismedia AG"},"image":{"@id":"https:\/\/loginfo24.com\/es\/#\/schema\/logo\/image\/"},"sameAs":["https:\/\/www.facebook.com\/people\/Loginfo24\/100057360583332\/","https:\/\/www.linkedin.com\/company\/lofinfo24\/"]}]}},"_links":{"self":[{"href":"https:\/\/loginfo24.com\/es\/wp-json\/wp\/v2\/posts\/58671","targetHints":{"allow":["GET"]}}],"collection":[{"href":"https:\/\/loginfo24.com\/es\/wp-json\/wp\/v2\/posts"}],"about":[{"href":"https:\/\/loginfo24.com\/es\/wp-json\/wp\/v2\/types\/post"}],"replies":[{"embeddable":true,"href":"https:\/\/loginfo24.com\/es\/wp-json\/wp\/v2\/comments?post=58671"}],"version-history":[{"count":0,"href":"https:\/\/loginfo24.com\/es\/wp-json\/wp\/v2\/posts\/58671\/revisions"}],"wp:featuredmedia":[{"embeddable":true,"href":"https:\/\/loginfo24.com\/es\/wp-json\/wp\/v2\/media\/9298"}],"wp:attachment":[{"href":"https:\/\/loginfo24.com\/es\/wp-json\/wp\/v2\/media?parent=58671"}],"wp:term":[{"taxonomy":"category","embeddable":true,"href":"https:\/\/loginfo24.com\/es\/wp-json\/wp\/v2\/categories?post=58671"},{"taxonomy":"post_tag","embeddable":true,"href":"https:\/\/loginfo24.com\/es\/wp-json\/wp\/v2\/tags?post=58671"}],"curies":[{"name":"wp","href":"https:\/\/api.w.org\/{rel}","templated":true}]}}